{"id":820,"date":"2021-10-05T07:07:00","date_gmt":"2021-10-05T07:07:00","guid":{"rendered":"https:\/\/www.persecution.com\/es\/historias\/?p=820"},"modified":"2022-10-28T15:01:00","modified_gmt":"2022-10-28T15:01:00","slug":"yousuf-bhat-martirizado-en-el-valle-de-cachemira-india","status":"publish","type":"post","link":"https:\/\/www.persecution.com\/es\/historias\/yousuf-bhat-martirizado-en-el-valle-de-cachemira-india\/","title":{"rendered":"Yousuf Bhat martirizado en el valle de Cachemira, India"},"content":{"rendered":"<div class=\"wp-block-image\">\n<figure class=\"alignright size-large is-resized\"><img loading=\"lazy\" decoding=\"async\" src=\"https:\/\/assets.persecution.com\/es\/historias\/wp-content\/uploads\/2021\/06\/CoverImage_Yousef-794x1024.jpg\" alt=\"man sits outside \" class=\"wp-image-825\" width=\"224\" height=\"289\" \/><\/figure>\n<\/div>\n\n\n<p>Cuatro hombres armados enmascarados irrumpieron en la casa de Mohammad Yousuf Bhat la noche del 1 de julio de 2015, empujaron a su esposa a un lado y exigieron hablar con \u00e9l.<\/p>\n\n\n\n<p>Despu\u00e9s de que dio un paso adelante, los hombres armados escoltaron al hombre de 43 a\u00f1os, padre de tres hijos, afuera de su casa en el Valle de Cachemira y le dispararon siete veces, mat\u00e1ndolo.<\/p>\n\n\n\n<p>Aquellos que trabajaban con Yousuf lo describen como un creyente intr\u00e9pido, audaz y apasionado que \u00abno se callaba acerca de Cristo\u00bb.<\/p>\n\n\n\n<p>Al final, su fe inquebrantable y evangelizar a los musulmanes de Cachemira en el norte de la India lo llevaron a la muerte. Desde que dej\u00f3 el islam en 1999, Yousuf sab\u00eda que su vida podr\u00eda terminar de esta manera.<\/p>\n\n\n\n<h3 class=\"wp-block-heading\">COMPARTIENDO SU TESTIMONIO<\/h3>\n\n\n\n<p>A pesar de que la India es casi 81% hind\u00fa, el territorio de Jammu y Cachemira es predominantemente musulm\u00e1n. En el valle de Cachemira, el 97% de los casi 7 millones de residentes son musulmanes. Los militantes isl\u00e1micos de la regi\u00f3n han creado una zona de guerra en la que tanto soldados del gobierno como civiles son atacados por varios grupos radicales.<\/p>\n\n\n\n<p>Los aldeanos, en especial los cristianos, se han sentido ansiosos desde el asesinato de Yousuf. Incluso tienen miedo de hablar de eso.<\/p>\n\n\n\n<p>Antes de su muerte, Yousuf habl\u00f3 de los esfuerzos de los islamistas para detener la propagaci\u00f3n del cristianismo y el miedo que esto causaba entre los cristianos.<\/p>\n\n\n\n<p>\u00abEn Cachemira, podemos ver que los l\u00edderes isl\u00e1micos han iniciado un movimiento para aplastar a los creyentes en el valle de Cachemira, pero este libro [la <a href=\"https:\/\/www.persecution.com\/es\/biblias\/?utm_campaign=bibles_es&amp;utm_source=ESSTORIES\">Biblia<\/a>] cambi\u00f3 mi vida \u2014dijo\u2014. Quiero compartir mi testimonio de lo que sucedi\u00f3\u00bb.<\/p>\n\n\n\n<p>A pesar de los peligros, Yousuf comparti\u00f3 audazmente su fe de grandes maneras. Ayud\u00f3 a crear un movimiento de discipulado entre los musulmanes conversos y distribuy\u00f3 miles de <a href=\"https:\/\/www.persecution.com\/es\/biblias\/?utm_campaign=bibles_es&amp;utm_source=ESSTORIES\">Biblias<\/a> y ejemplares de la pel\u00edcula\u00a0<em>JES\u00daS<\/em>. \u00abSer\u00eda justo decir que los musulmanes han sido receptivos al evangelio en Cachemira \u2014dijo un obrero de VOM\u2014. La iglesia est\u00e1 creciendo, y Yousuf era visto por muchos como el l\u00edder de la iglesia de Cachemira\u00bb.<\/p>\n\n\n\n<figure class=\"wp-block-image alignwide size-large\"><img loading=\"lazy\" decoding=\"async\" width=\"1024\" height=\"796\" src=\"https:\/\/assets.persecution.com\/es\/historias\/wp-content\/uploads\/2021\/06\/Muslim-Prayer-WS_Yousef-1024x796.jpg\" alt=\"group of hindu people bowing in  prayer \" class=\"wp-image-826\" srcset=\"https:\/\/assets.persecution.com\/es\/historias\/wp-content\/uploads\/2021\/06\/Muslim-Prayer-WS_Yousef-1024x796.jpg 1024w, https:\/\/assets.persecution.com\/es\/historias\/wp-content\/uploads\/2021\/06\/Muslim-Prayer-WS_Yousef-300x233.jpg 300w, https:\/\/assets.persecution.com\/es\/historias\/wp-content\/uploads\/2021\/06\/Muslim-Prayer-WS_Yousef-768x597.jpg 768w, https:\/\/assets.persecution.com\/es\/historias\/wp-content\/uploads\/2021\/06\/Muslim-Prayer-WS_Yousef-1536x1193.jpg 1536w, https:\/\/assets.persecution.com\/es\/historias\/wp-content\/uploads\/2021\/06\/Muslim-Prayer-WS_Yousef-2048x1591.jpg 2048w\" sizes=\"auto, (max-width: 1024px) 100vw, 1024px\" \/><\/figure>\n\n\n\n<p>Despu\u00e9s de un gran terremoto en la regi\u00f3n [en 2005], Yousuf trabaj\u00f3 con otros para proporcionar atenci\u00f3n m\u00e9dica y dental en los campamentos de socorro. Tambi\u00e9n ayud\u00f3 a distribuir l\u00e1mparas solares a las personas que no ten\u00edan electricidad y les llev\u00f3 agua potable a miles de personas.<\/p>\n\n\n\n<p>Tales actos sacrificiales de servicio fueron un reflejo de su profunda fe desde que encontr\u00f3 a Dios a trav\u00e9s de las Escrituras y dej\u00f3 el islam. La vida no fue f\u00e1cil despu\u00e9s de que se volvi\u00f3 a Cristo, pero sent\u00eda la presencia de Dios.<\/p>\n\n\n\n<p>\u00abMi familia fue muy perseguida \u2014dijo\u2014. Mi hijo fue torturado. Mi hija tambi\u00e9n fue torturada por diferentes personas. Por supuesto, somos perseguidos en [el] cuerpo, pero por dentro recibimos mucha paz\u00bb.<\/p>\n\n\n\n<p>Yousuf estaba agradecido por c\u00f3mo estas experiencias aumentaban su fe y lo ayudaban a experimentar la paz de Dios. Citando Mateo 5:10, dijo que la persecuci\u00f3n era una bendici\u00f3n.<\/p>\n\n\n\n<p>Antes de su muerte, Yousuf sab\u00eda que hab\u00eda planes para matarlo. Sin embargo, perdon\u00f3 a aquellos que persiguieron a su familia y planearon su muerte.<\/p>\n\n\n\n<p>\u00abDios los bendiga \u2014dijo\u2014. Nuestra oraci\u00f3n es que Dios abra sus \u201cojos espirituales\u201d. As\u00ed que estamos orando por ellos\u00bb.<\/p>\n\n\n\n<h3 class=\"wp-block-heading\">UNA OBRAINCONCLUSA<\/h3>\n\n\n\n<p>Conocido por ayudar a los pobres y vulnerables, Yousuf era muy respetado en el valle. Incluso era respetado por algunos de los grupos militantes, quienes enviaron representantes a su familia despu\u00e9s de su muerte para confirmar que ellos no lo hab\u00edan matado y que, de hecho, lo apreciaban.<\/p>\n\n\n\n<p>\u00ab\u00c9l era mi brazo derecho, un hombre y ap\u00f3stol incre\u00edble \u2014dijo el obrero\u2014. Comenzamos las primeras iglesias caseras de Cachemira. Estaba lleno del Esp\u00edritu y era un gran evangelista\u00bb.<\/p>\n\n\n\n<p>La semana antes de ser asesinado, Yousuf visit\u00f3 trece de las iglesias caseras que \u00e9l y otros hab\u00edan comenzado, desafiando a cada grupo a permanecer fiel. Tambi\u00e9n les pidi\u00f3 que continuaran su trabajo en caso de que algo le sucediera.<\/p>\n\n\n<div class=\"wp-block-image\">\n<figure class=\"alignright size-large is-resized\"><img loading=\"lazy\" decoding=\"async\" src=\"https:\/\/assets.persecution.com\/es\/historias\/wp-content\/uploads\/2021\/06\/Pic-4_pub_Yousef-1024x701.jpg\" alt=\"Man sits and shares the bible with another man\" class=\"wp-image-823\" width=\"404\" height=\"276\" srcset=\"https:\/\/assets.persecution.com\/es\/historias\/wp-content\/uploads\/2021\/06\/Pic-4_pub_Yousef-1024x701.jpg 1024w, https:\/\/assets.persecution.com\/es\/historias\/wp-content\/uploads\/2021\/06\/Pic-4_pub_Yousef-300x205.jpg 300w, https:\/\/assets.persecution.com\/es\/historias\/wp-content\/uploads\/2021\/06\/Pic-4_pub_Yousef-768x525.jpg 768w, https:\/\/assets.persecution.com\/es\/historias\/wp-content\/uploads\/2021\/06\/Pic-4_pub_Yousef.jpg 1026w\" sizes=\"auto, (max-width: 404px) 100vw, 404px\" \/><\/figure>\n<\/div>\n\n\n<p>\u00abMuchos de los creyentes me dijeron que sent\u00edan que \u00e9l sab\u00eda que su tiempo estaba cerca\u00bb, dijo un colaborador de VOM.<\/p>\n\n\n\n<p>Antes de morir, Yousuf comparti\u00f3 su visi\u00f3n de las cosas que le gustar\u00eda que sucedieran en caso de que lo mataran. Inclu\u00edan el establecimiento de un centro de capacitaci\u00f3n laboral y de evangelizaci\u00f3n para cristianos conversos del islam, el deseo de que cada joven musulm\u00e1n que estudia el Cor\u00e1n tambi\u00e9n escuche el evangelio, el establecimiento de un centro para adictos a las drogas y el alcohol para abordar los profundos problemas de adicci\u00f3n de la regi\u00f3n y el deseo de que cada hogar reciba la Palabra de Dios en urdu, el idioma local.<\/p>\n\n\n\n<p>Finalmente, Yousuf quer\u00eda que los gastos b\u00e1sicos de subsistencia y las cuotas de educaci\u00f3n de su familia fueran cubiertas si algo le suced\u00eda. De acuerdo con nuestro papel de cuidar a las familias de los m\u00e1rtires, VOM ha cumplido este \u00faltimo deseo.<\/p>\n\n\n\n<p>El objetivo general de Yousuf, dijo una vez, era que Cachemira llegara a conocer a Cristo.<\/p>\n\n\n\n<p>\u00abEsta no es una religi\u00f3n que podamos ver; es una libertad \u2014dijo\u2014. [Jes\u00fas] me saca de las tinieblas y me lleva a la luz del Se\u00f1or. Estamos orando para que haya adoraci\u00f3n abierta al Se\u00f1or. Esta es la principal carga en nuestro coraz\u00f3n. Mi oraci\u00f3n es que deseo ver tantos creyentes en el Valle de Cachemira como estrellas veo todas las noches. Dios, danos poder y victoria en Cachemira\u00bb.<\/p>\n","protected":false},"excerpt":{"rendered":"<p>Cuatro hombres armados enmascarados irrumpieron en la casa de Mohammad Yousuf Bhat la noche del 1 de julio de 2015, empujaron a su esposa a un lado y exigieron hablar con \u00e9l. Despu\u00e9s de que dio un paso adelante, los hombres armados escoltaron al hombre de 43 a\u00f1os, padre de tres hijos, afuera de su casa en el Valle de Cachemira y le dispararon siete veces, mat\u00e1ndolo. Aquellos que trabajaban con Yousuf lo describen como un creyente intr\u00e9pido, audaz y apasionado que \u00abno se callaba acerca de Cristo\u00bb. Al final, su fe inquebrantable y evangelizar a los musulmanes de Cachemira en el norte de la India lo llevaron a la muerte. Desde que dej\u00f3 el islam en 1999, Yousuf sab\u00eda que su vida podr\u00eda terminar de esta manera. COMPARTIENDO SU TESTIMONIO A pesar de que la India es casi 81% hind\u00fa, el territorio de Jammu y Cachemira es predominantemente musulm\u00e1n. En el valle de Cachemira, el 97% de los casi 7 millones de residentes son musulmanes. Los militantes isl\u00e1micos de la regi\u00f3n han creado una zona de guerra en la que tanto soldados del gobierno como civiles son atacados por varios grupos radicales. Los aldeanos, en especial los cristianos, se<\/p>\n","protected":false},"author":12,"featured_media":824,"comment_status":"closed","ping_status":"closed","sticky":false,"template":"","format":"standard","meta":{"footnotes":""},"categories":[6],"tags":[28],"class_list":["post-820","post","type-post","status-publish","format-standard","has-post-thumbnail","hentry","category-historia","tag-india","","tg-column-two"],"yoast_head":"<!-- This site is optimized with the Yoast SEO plugin v27.5 - https:\/\/yoast.com\/product\/yoast-seo-wordpress\/ -->\n<title>Yousuf Bhat martirizado en el valle de Cachemira, India - Historias<\/title>\n<meta name=\"description\" content=\"Cuatro hombres armados enmascarados irrumpieron en la casa de Mohammad Yousuf Bhat la noche del 1 de julio de 2015, empujaron a su esposa a un lado y exigieron hablar con \u00e9l.\" \/>\n<meta name=\"robots\" content=\"index, follow, max-snippet:-1, max-image-preview:large, max-video-preview:-1\" \/>\n<link rel=\"canonical\" href=\"https:\/\/www.persecution.com\/es\/historias\/yousuf-bhat-martirizado-en-el-valle-de-cachemira-india\/\" \/>\n<meta property=\"og:locale\" content=\"es_MX\" \/>\n<meta property=\"og:type\" content=\"article\" \/>\n<meta property=\"og:title\" content=\"Yousuf Bhat martirizado en el valle de Cachemira, India - Historias\" \/>\n<meta property=\"og:description\" content=\"Cuatro hombres armados enmascarados irrumpieron en la casa de Mohammad Yousuf Bhat la noche del 1 de julio de 2015, empujaron a su esposa a un lado y exigieron hablar con \u00e9l.\" \/>\n<meta property=\"og:url\" content=\"https:\/\/www.persecution.com\/es\/historias\/yousuf-bhat-martirizado-en-el-valle-de-cachemira-india\/\" \/>\n<meta property=\"og:site_name\" content=\"Historias\" \/>\n<meta property=\"article:published_time\" content=\"2021-10-05T07:07:00+00:00\" \/>\n<meta property=\"article:modified_time\" content=\"2022-10-28T15:01:00+00:00\" \/>\n<meta property=\"og:image\" content=\"https:\/\/assets.persecution.com\/es\/historias\/wp-content\/uploads\/2021\/06\/Yousef_Screen-Grabs_04_pub_Yousef.jpg\" \/>\n\t<meta property=\"og:image:width\" content=\"2063\" \/>\n\t<meta property=\"og:image:height\" content=\"1157\" \/>\n\t<meta property=\"og:image:type\" content=\"image\/jpeg\" \/>\n<meta name=\"author\" content=\"E Valenzuela\" \/>\n<meta name=\"twitter:card\" content=\"summary_large_image\" \/>\n<meta name=\"twitter:label1\" content=\"Escrito por\" \/>\n\t<meta name=\"twitter:data1\" content=\"E Valenzuela\" \/>\n\t<meta name=\"twitter:label2\" content=\"Tiempo de lectura\" \/>\n\t<meta name=\"twitter:data2\" content=\"5 minutos\" \/>\n<script type=\"application\/ld+json\" class=\"yoast-schema-graph\">{\"@context\":\"https:\\\/\\\/schema.org\",\"@graph\":[{\"@type\":\"Article\",\"@id\":\"https:\\\/\\\/www.persecution.com\\\/es\\\/historias\\\/yousuf-bhat-martirizado-en-el-valle-de-cachemira-india\\\/#article\",\"isPartOf\":{\"@id\":\"https:\\\/\\\/www.persecution.com\\\/es\\\/historias\\\/yousuf-bhat-martirizado-en-el-valle-de-cachemira-india\\\/\"},\"author\":{\"name\":\"E Valenzuela\",\"@id\":\"https:\\\/\\\/www.persecution.com\\\/es\\\/historias\\\/#\\\/schema\\\/person\\\/ae000ea52969cef1249f5afb05ccb961\"},\"headline\":\"Yousuf Bhat martirizado en el valle de Cachemira, India\",\"datePublished\":\"2021-10-05T07:07:00+00:00\",\"dateModified\":\"2022-10-28T15:01:00+00:00\",\"mainEntityOfPage\":{\"@id\":\"https:\\\/\\\/www.persecution.com\\\/es\\\/historias\\\/yousuf-bhat-martirizado-en-el-valle-de-cachemira-india\\\/\"},\"wordCount\":972,\"image\":{\"@id\":\"https:\\\/\\\/www.persecution.com\\\/es\\\/historias\\\/yousuf-bhat-martirizado-en-el-valle-de-cachemira-india\\\/#primaryimage\"},\"thumbnailUrl\":\"https:\\\/\\\/www.persecution.com\\\/es\\\/historias\\\/wp-content\\\/uploads\\\/2021\\\/06\\\/Yousef_Screen-Grabs_04_pub_Yousef.jpg\",\"keywords\":[\"India\"],\"articleSection\":[\"Historia\"],\"inLanguage\":\"es\"},{\"@type\":\"WebPage\",\"@id\":\"https:\\\/\\\/www.persecution.com\\\/es\\\/historias\\\/yousuf-bhat-martirizado-en-el-valle-de-cachemira-india\\\/\",\"url\":\"https:\\\/\\\/www.persecution.com\\\/es\\\/historias\\\/yousuf-bhat-martirizado-en-el-valle-de-cachemira-india\\\/\",\"name\":\"Yousuf Bhat martirizado en el valle de Cachemira, India - Historias\",\"isPartOf\":{\"@id\":\"https:\\\/\\\/www.persecution.com\\\/es\\\/historias\\\/#website\"},\"primaryImageOfPage\":{\"@id\":\"https:\\\/\\\/www.persecution.com\\\/es\\\/historias\\\/yousuf-bhat-martirizado-en-el-valle-de-cachemira-india\\\/#primaryimage\"},\"image\":{\"@id\":\"https:\\\/\\\/www.persecution.com\\\/es\\\/historias\\\/yousuf-bhat-martirizado-en-el-valle-de-cachemira-india\\\/#primaryimage\"},\"thumbnailUrl\":\"https:\\\/\\\/www.persecution.com\\\/es\\\/historias\\\/wp-content\\\/uploads\\\/2021\\\/06\\\/Yousef_Screen-Grabs_04_pub_Yousef.jpg\",\"datePublished\":\"2021-10-05T07:07:00+00:00\",\"dateModified\":\"2022-10-28T15:01:00+00:00\",\"author\":{\"@id\":\"https:\\\/\\\/www.persecution.com\\\/es\\\/historias\\\/#\\\/schema\\\/person\\\/ae000ea52969cef1249f5afb05ccb961\"},\"description\":\"Cuatro hombres armados enmascarados irrumpieron en la casa de Mohammad Yousuf Bhat la noche del 1 de julio de 2015, empujaron a su esposa a un lado y exigieron hablar con \u00e9l.\",\"breadcrumb\":{\"@id\":\"https:\\\/\\\/www.persecution.com\\\/es\\\/historias\\\/yousuf-bhat-martirizado-en-el-valle-de-cachemira-india\\\/#breadcrumb\"},\"inLanguage\":\"es\",\"potentialAction\":[{\"@type\":\"ReadAction\",\"target\":[\"https:\\\/\\\/www.persecution.com\\\/es\\\/historias\\\/yousuf-bhat-martirizado-en-el-valle-de-cachemira-india\\\/\"]}]},{\"@type\":\"ImageObject\",\"inLanguage\":\"es\",\"@id\":\"https:\\\/\\\/www.persecution.com\\\/es\\\/historias\\\/yousuf-bhat-martirizado-en-el-valle-de-cachemira-india\\\/#primaryimage\",\"url\":\"https:\\\/\\\/www.persecution.com\\\/es\\\/historias\\\/wp-content\\\/uploads\\\/2021\\\/06\\\/Yousef_Screen-Grabs_04_pub_Yousef.jpg\",\"contentUrl\":\"https:\\\/\\\/www.persecution.com\\\/es\\\/historias\\\/wp-content\\\/uploads\\\/2021\\\/06\\\/Yousef_Screen-Grabs_04_pub_Yousef.jpg\",\"width\":2063,\"height\":1157,\"caption\":\"Man stands outside\"},{\"@type\":\"BreadcrumbList\",\"@id\":\"https:\\\/\\\/www.persecution.com\\\/es\\\/historias\\\/yousuf-bhat-martirizado-en-el-valle-de-cachemira-india\\\/#breadcrumb\",\"itemListElement\":[{\"@type\":\"ListItem\",\"position\":1,\"name\":\"Inicio\",\"item\":\"https:\\\/\\\/www.persecution.com\\\/es\\\/historias\\\/\"},{\"@type\":\"ListItem\",\"position\":2,\"name\":\"Yousuf Bhat martirizado en el valle de Cachemira, India\"}]},{\"@type\":\"WebSite\",\"@id\":\"https:\\\/\\\/www.persecution.com\\\/es\\\/historias\\\/#website\",\"url\":\"https:\\\/\\\/www.persecution.com\\\/es\\\/historias\\\/\",\"name\":\"Historias\",\"description\":\"La Voz de los M\u00e1rtires\",\"potentialAction\":[{\"@type\":\"SearchAction\",\"target\":{\"@type\":\"EntryPoint\",\"urlTemplate\":\"https:\\\/\\\/www.persecution.com\\\/es\\\/historias\\\/?s={search_term_string}\"},\"query-input\":{\"@type\":\"PropertyValueSpecification\",\"valueRequired\":true,\"valueName\":\"search_term_string\"}}],\"inLanguage\":\"es\"},{\"@type\":\"Person\",\"@id\":\"https:\\\/\\\/www.persecution.com\\\/es\\\/historias\\\/#\\\/schema\\\/person\\\/ae000ea52969cef1249f5afb05ccb961\",\"name\":\"E Valenzuela\",\"image\":{\"@type\":\"ImageObject\",\"inLanguage\":\"es\",\"@id\":\"https:\\\/\\\/secure.gravatar.com\\\/avatar\\\/72e02a942ef259240205425b9749482f07b1b2fb64225b038b4531b157d191a7?s=96&d=mm&r=g\",\"url\":\"https:\\\/\\\/secure.gravatar.com\\\/avatar\\\/72e02a942ef259240205425b9749482f07b1b2fb64225b038b4531b157d191a7?s=96&d=mm&r=g\",\"contentUrl\":\"https:\\\/\\\/secure.gravatar.com\\\/avatar\\\/72e02a942ef259240205425b9749482f07b1b2fb64225b038b4531b157d191a7?s=96&d=mm&r=g\",\"caption\":\"E Valenzuela\"},\"url\":\"https:\\\/\\\/www.persecution.com\\\/es\\\/historias\\\/author\\\/evalenzuelavom-org\\\/\"}]}<\/script>\n<!-- \/ Yoast SEO plugin. -->","yoast_head_json":{"title":"Yousuf Bhat martirizado en el valle de Cachemira, India - Historias","description":"Cuatro hombres armados enmascarados irrumpieron en la casa de Mohammad Yousuf Bhat la noche del 1 de julio de 2015, empujaron a su esposa a un lado y exigieron hablar con \u00e9l.","robots":{"index":"index","follow":"follow","max-snippet":"max-snippet:-1","max-image-preview":"max-image-preview:large","max-video-preview":"max-video-preview:-1"},"canonical":"https:\/\/www.persecution.com\/es\/historias\/yousuf-bhat-martirizado-en-el-valle-de-cachemira-india\/","og_locale":"es_MX","og_type":"article","og_title":"Yousuf Bhat martirizado en el valle de Cachemira, India - Historias","og_description":"Cuatro hombres armados enmascarados irrumpieron en la casa de Mohammad Yousuf Bhat la noche del 1 de julio de 2015, empujaron a su esposa a un lado y exigieron hablar con \u00e9l.","og_url":"https:\/\/www.persecution.com\/es\/historias\/yousuf-bhat-martirizado-en-el-valle-de-cachemira-india\/","og_site_name":"Historias","article_published_time":"2021-10-05T07:07:00+00:00","article_modified_time":"2022-10-28T15:01:00+00:00","og_image":[{"width":2063,"height":1157,"url":"https:\/\/assets.persecution.com\/es\/historias\/wp-content\/uploads\/2021\/06\/Yousef_Screen-Grabs_04_pub_Yousef.jpg","type":"image\/jpeg"}],"author":"E Valenzuela","twitter_card":"summary_large_image","twitter_misc":{"Escrito por":"E Valenzuela","Tiempo de lectura":"5 minutos"},"schema":{"@context":"https:\/\/schema.org","@graph":[{"@type":"Article","@id":"https:\/\/www.persecution.com\/es\/historias\/yousuf-bhat-martirizado-en-el-valle-de-cachemira-india\/#article","isPartOf":{"@id":"https:\/\/www.persecution.com\/es\/historias\/yousuf-bhat-martirizado-en-el-valle-de-cachemira-india\/"},"author":{"name":"E Valenzuela","@id":"https:\/\/www.persecution.com\/es\/historias\/#\/schema\/person\/ae000ea52969cef1249f5afb05ccb961"},"headline":"Yousuf Bhat martirizado en el valle de Cachemira, India","datePublished":"2021-10-05T07:07:00+00:00","dateModified":"2022-10-28T15:01:00+00:00","mainEntityOfPage":{"@id":"https:\/\/www.persecution.com\/es\/historias\/yousuf-bhat-martirizado-en-el-valle-de-cachemira-india\/"},"wordCount":972,"image":{"@id":"https:\/\/www.persecution.com\/es\/historias\/yousuf-bhat-martirizado-en-el-valle-de-cachemira-india\/#primaryimage"},"thumbnailUrl":"https:\/\/assets.persecution.com\/es\/historias\/wp-content\/uploads\/2021\/06\/Yousef_Screen-Grabs_04_pub_Yousef.jpg","keywords":["India"],"articleSection":["Historia"],"inLanguage":"es"},{"@type":"WebPage","@id":"https:\/\/www.persecution.com\/es\/historias\/yousuf-bhat-martirizado-en-el-valle-de-cachemira-india\/","url":"https:\/\/www.persecution.com\/es\/historias\/yousuf-bhat-martirizado-en-el-valle-de-cachemira-india\/","name":"Yousuf Bhat martirizado en el valle de Cachemira, India - Historias","isPartOf":{"@id":"https:\/\/www.persecution.com\/es\/historias\/#website"},"primaryImageOfPage":{"@id":"https:\/\/www.persecution.com\/es\/historias\/yousuf-bhat-martirizado-en-el-valle-de-cachemira-india\/#primaryimage"},"image":{"@id":"https:\/\/www.persecution.com\/es\/historias\/yousuf-bhat-martirizado-en-el-valle-de-cachemira-india\/#primaryimage"},"thumbnailUrl":"https:\/\/assets.persecution.com\/es\/historias\/wp-content\/uploads\/2021\/06\/Yousef_Screen-Grabs_04_pub_Yousef.jpg","datePublished":"2021-10-05T07:07:00+00:00","dateModified":"2022-10-28T15:01:00+00:00","author":{"@id":"https:\/\/www.persecution.com\/es\/historias\/#\/schema\/person\/ae000ea52969cef1249f5afb05ccb961"},"description":"Cuatro hombres armados enmascarados irrumpieron en la casa de Mohammad Yousuf Bhat la noche del 1 de julio de 2015, empujaron a su esposa a un lado y exigieron hablar con \u00e9l.","breadcrumb":{"@id":"https:\/\/www.persecution.com\/es\/historias\/yousuf-bhat-martirizado-en-el-valle-de-cachemira-india\/#breadcrumb"},"inLanguage":"es","potentialAction":[{"@type":"ReadAction","target":["https:\/\/www.persecution.com\/es\/historias\/yousuf-bhat-martirizado-en-el-valle-de-cachemira-india\/"]}]},{"@type":"ImageObject","inLanguage":"es","@id":"https:\/\/www.persecution.com\/es\/historias\/yousuf-bhat-martirizado-en-el-valle-de-cachemira-india\/#primaryimage","url":"https:\/\/assets.persecution.com\/es\/historias\/wp-content\/uploads\/2021\/06\/Yousef_Screen-Grabs_04_pub_Yousef.jpg","contentUrl":"https:\/\/assets.persecution.com\/es\/historias\/wp-content\/uploads\/2021\/06\/Yousef_Screen-Grabs_04_pub_Yousef.jpg","width":2063,"height":1157,"caption":"Man stands outside"},{"@type":"BreadcrumbList","@id":"https:\/\/www.persecution.com\/es\/historias\/yousuf-bhat-martirizado-en-el-valle-de-cachemira-india\/#breadcrumb","itemListElement":[{"@type":"ListItem","position":1,"name":"Inicio","item":"https:\/\/www.persecution.com\/es\/historias\/"},{"@type":"ListItem","position":2,"name":"Yousuf Bhat martirizado en el valle de Cachemira, India"}]},{"@type":"WebSite","@id":"https:\/\/www.persecution.com\/es\/historias\/#website","url":"https:\/\/www.persecution.com\/es\/historias\/","name":"Historias","description":"La Voz de los M\u00e1rtires","potentialAction":[{"@type":"SearchAction","target":{"@type":"EntryPoint","urlTemplate":"https:\/\/www.persecution.com\/es\/historias\/?s={search_term_string}"},"query-input":{"@type":"PropertyValueSpecification","valueRequired":true,"valueName":"search_term_string"}}],"inLanguage":"es"},{"@type":"Person","@id":"https:\/\/www.persecution.com\/es\/historias\/#\/schema\/person\/ae000ea52969cef1249f5afb05ccb961","name":"E Valenzuela","image":{"@type":"ImageObject","inLanguage":"es","@id":"https:\/\/secure.gravatar.com\/avatar\/72e02a942ef259240205425b9749482f07b1b2fb64225b038b4531b157d191a7?s=96&d=mm&r=g","url":"https:\/\/secure.gravatar.com\/avatar\/72e02a942ef259240205425b9749482f07b1b2fb64225b038b4531b157d191a7?s=96&d=mm&r=g","contentUrl":"https:\/\/secure.gravatar.com\/avatar\/72e02a942ef259240205425b9749482f07b1b2fb64225b038b4531b157d191a7?s=96&d=mm&r=g","caption":"E Valenzuela"},"url":"https:\/\/www.persecution.com\/es\/historias\/author\/evalenzuelavom-org\/"}]}},"_links":{"self":[{"href":"https:\/\/www.persecution.com\/es\/historias\/wp-json\/wp\/v2\/posts\/820","targetHints":{"allow":["GET"]}}],"collection":[{"href":"https:\/\/www.persecution.com\/es\/historias\/wp-json\/wp\/v2\/posts"}],"about":[{"href":"https:\/\/www.persecution.com\/es\/historias\/wp-json\/wp\/v2\/types\/post"}],"author":[{"embeddable":true,"href":"https:\/\/www.persecution.com\/es\/historias\/wp-json\/wp\/v2\/users\/12"}],"replies":[{"embeddable":true,"href":"https:\/\/www.persecution.com\/es\/historias\/wp-json\/wp\/v2\/comments?post=820"}],"version-history":[{"count":3,"href":"https:\/\/www.persecution.com\/es\/historias\/wp-json\/wp\/v2\/posts\/820\/revisions"}],"predecessor-version":[{"id":4357,"href":"https:\/\/www.persecution.com\/es\/historias\/wp-json\/wp\/v2\/posts\/820\/revisions\/4357"}],"wp:featuredmedia":[{"embeddable":true,"href":"https:\/\/www.persecution.com\/es\/historias\/wp-json\/wp\/v2\/media\/824"}],"wp:attachment":[{"href":"https:\/\/www.persecution.com\/es\/historias\/wp-json\/wp\/v2\/media?parent=820"}],"wp:term":[{"taxonomy":"category","embeddable":true,"href":"https:\/\/www.persecution.com\/es\/historias\/wp-json\/wp\/v2\/categories?post=820"},{"taxonomy":"post_tag","embeddable":true,"href":"https:\/\/www.persecution.com\/es\/historias\/wp-json\/wp\/v2\/tags?post=820"}],"curies":[{"name":"wp","href":"https:\/\/api.w.org\/{rel}","templated":true}]}}