{"id":817,"date":"2021-06-10T07:07:01","date_gmt":"2021-06-10T07:07:01","guid":{"rendered":"https:\/\/www.persecution.com\/es\/historias\/hopeful-update-for-imprisoned-christians-awaiting-trial\/"},"modified":"2022-06-16T19:22:05","modified_gmt":"2022-06-16T19:22:05","slug":"una-noticia-esperanzadora-para-los-cristianos-encarcelados-en-espera-de-juicio","status":"publish","type":"post","link":"https:\/\/www.persecution.com\/es\/historias\/una-noticia-esperanzadora-para-los-cristianos-encarcelados-en-espera-de-juicio\/","title":{"rendered":"Una noticia esperanzadora para los cristianos encarcelados en espera de juicio"},"content":{"rendered":"<p>Varios cristianos que fueron arrestados a principios de este a\u00f1o han visto recientemente un giro positivo en su caso. Estos cristianos est\u00e1n actualmente detenidos en <a href=\"https:\/\/www.persecution.com\/es\/guiadeoracionglobal\/somalia\/?_source_code=WBPGGPG20B\">Somalilandia<\/a>, una zona semiaut\u00f3noma de <a href=\"https:\/\/www.persecution.com\/es\/guiadeoracionglobal\/somalia\/?_source_code=WBPGGPG20B\">Somalia<\/a>. Fueron arrestados a principios de este a\u00f1o y originalmente acusados de difundir el cristianismo. Sin embargo, despu\u00e9s de varios d\u00edas en el tribunal, el fiscal acus\u00f3 a los cristianos de condenar el islam, lo cual conlleva una sentencia de muerte para los musulmanes que deciden seguir a Cristo. Sin embargo, el juez ha decretado ahora que el caso se decidir\u00e1 de acuerdo con el derecho internacional en lugar de la ley shar\u00eda, lo cual es m\u00e1s favorable para los cristianos. Oremos por que Dios trabaje en el coraz\u00f3n del juez y libere a estos hermanos y hermanas en Cristo. Oremos por que la fe de los que est\u00e1n encarcelados pueda permanecer fuerte mientras est\u00e1n en la c\u00e1rcel y por que puedan compartir el amor de Cristo con otros presos, as\u00ed como con los funcionarios de la prisi\u00f3n y de los tribunales.<\/p>\n<p><a href=\"https:\/\/www.persecution.com\/es\/guiadeoracionglobal\/somalia\/?_source_code=WBPGGPG20B\">Haz clic aqu\u00ed<\/a> para informarte sobre la persecuci\u00f3n de los cristianos en <a href=\"https:\/\/www.persecution.com\/es\/guiadeoracionglobal\/somalia\/?_source_code=WBPGGPG20B\">Somalia<\/a> y saber c\u00f3mo orar.<\/p>\n","protected":false},"excerpt":{"rendered":"<p>Varios cristianos que fueron arrestados a principios de este a\u00f1o han visto recientemente un giro positivo en su caso. Estos cristianos est\u00e1n actualmente detenidos en Somalilandia, una zona semiaut\u00f3noma de Somalia. Fueron arrestados a principios de este a\u00f1o y originalmente acusados de difundir el cristianismo. Sin embargo, despu\u00e9s de varios d\u00edas en el tribunal, el fiscal acus\u00f3 a los cristianos de condenar el islam, lo cual conlleva una sentencia de muerte para los musulmanes que deciden seguir a Cristo. Sin embargo, el juez ha decretado ahora que el caso se decidir\u00e1 de acuerdo con el derecho internacional en lugar de la ley shar\u00eda, lo cual es m\u00e1s favorable para los cristianos. Oremos por que Dios trabaje en el coraz\u00f3n del juez y libere a estos hermanos y hermanas en Cristo. Oremos por que la fe de los que est\u00e1n encarcelados pueda permanecer fuerte mientras est\u00e1n en la c\u00e1rcel y por que puedan compartir el amor de Cristo con otros presos, as\u00ed como con los funcionarios de la prisi\u00f3n y de los tribunales. Haz clic aqu\u00ed para informarte sobre la persecuci\u00f3n de los cristianos en Somalia y saber c\u00f3mo orar.<\/p>\n","protected":false},"author":12,"featured_media":181,"comment_status":"closed","ping_status":"closed","sticky":false,"template":"","format":"standard","meta":{"footnotes":""},"categories":[79],"tags":[54],"class_list":["post-817","post","type-post","status-publish","format-standard","has-post-thumbnail","hentry","category-oracion","tag-somalia","","tg-column-two"],"yoast_head":"<!-- This site is optimized with the Yoast SEO plugin v27.4 - https:\/\/yoast.com\/product\/yoast-seo-wordpress\/ -->\n<title>Una noticia esperanzadora para los cristianos encarcelados en espera de juicio - Historias<\/title>\n<meta name=\"description\" content=\"Varios cristianos que fueron arrestados y actualmente est\u00e1n detenidos en Somalilandia, una zona semiaut\u00f3noma de Somalia.\" \/>\n<meta name=\"robots\" content=\"index, follow, max-snippet:-1, max-image-preview:large, max-video-preview:-1\" \/>\n<link rel=\"canonical\" href=\"https:\/\/www.persecution.com\/es\/historias\/una-noticia-esperanzadora-para-los-cristianos-encarcelados-en-espera-de-juicio\/\" \/>\n<meta property=\"og:locale\" content=\"es_MX\" \/>\n<meta property=\"og:type\" content=\"article\" \/>\n<meta property=\"og:title\" content=\"Una noticia esperanzadora para los cristianos encarcelados en espera de juicio - Historias\" \/>\n<meta property=\"og:description\" content=\"Varios cristianos que fueron arrestados y actualmente est\u00e1n detenidos en Somalilandia, una zona semiaut\u00f3noma de Somalia.\" \/>\n<meta property=\"og:url\" content=\"https:\/\/www.persecution.com\/es\/historias\/una-noticia-esperanzadora-para-los-cristianos-encarcelados-en-espera-de-juicio\/\" \/>\n<meta property=\"og:site_name\" content=\"Historias\" \/>\n<meta property=\"article:published_time\" content=\"2021-06-10T07:07:01+00:00\" \/>\n<meta property=\"article:modified_time\" content=\"2022-06-16T19:22:05+00:00\" \/>\n<meta property=\"og:image\" content=\"https:\/\/assets.persecution.com\/es\/historias\/wp-content\/uploads\/2021\/05\/VOM-Stories-iCommit-PlaceholderV2.jpg\" \/>\n\t<meta property=\"og:image:width\" content=\"978\" \/>\n\t<meta property=\"og:image:height\" content=\"640\" \/>\n\t<meta property=\"og:image:type\" content=\"image\/jpeg\" \/>\n<meta name=\"author\" content=\"E Valenzuela\" \/>\n<meta name=\"twitter:card\" content=\"summary_large_image\" \/>\n<meta name=\"twitter:label1\" content=\"Escrito por\" \/>\n\t<meta name=\"twitter:data1\" content=\"E Valenzuela\" \/>\n\t<meta name=\"twitter:label2\" content=\"Tiempo de lectura\" \/>\n\t<meta name=\"twitter:data2\" content=\"1 minuto\" \/>\n<script type=\"application\/ld+json\" class=\"yoast-schema-graph\">{\"@context\":\"https:\\\/\\\/schema.org\",\"@graph\":[{\"@type\":\"Article\",\"@id\":\"https:\\\/\\\/www.persecution.com\\\/es\\\/historias\\\/una-noticia-esperanzadora-para-los-cristianos-encarcelados-en-espera-de-juicio\\\/#article\",\"isPartOf\":{\"@id\":\"https:\\\/\\\/www.persecution.com\\\/es\\\/historias\\\/una-noticia-esperanzadora-para-los-cristianos-encarcelados-en-espera-de-juicio\\\/\"},\"author\":{\"name\":\"E Valenzuela\",\"@id\":\"https:\\\/\\\/www.persecution.com\\\/es\\\/historias\\\/#\\\/schema\\\/person\\\/ae000ea52969cef1249f5afb05ccb961\"},\"headline\":\"Una noticia esperanzadora para los cristianos encarcelados en espera de juicio\",\"datePublished\":\"2021-06-10T07:07:01+00:00\",\"dateModified\":\"2022-06-16T19:22:05+00:00\",\"mainEntityOfPage\":{\"@id\":\"https:\\\/\\\/www.persecution.com\\\/es\\\/historias\\\/una-noticia-esperanzadora-para-los-cristianos-encarcelados-en-espera-de-juicio\\\/\"},\"wordCount\":215,\"image\":{\"@id\":\"https:\\\/\\\/www.persecution.com\\\/es\\\/historias\\\/una-noticia-esperanzadora-para-los-cristianos-encarcelados-en-espera-de-juicio\\\/#primaryimage\"},\"thumbnailUrl\":\"https:\\\/\\\/www.persecution.com\\\/es\\\/historias\\\/wp-content\\\/uploads\\\/2021\\\/05\\\/VOM-Stories-iCommit-PlaceholderV2.jpg\",\"keywords\":[\"Somalia\"],\"articleSection\":[\"Oraci\u00f3n\"],\"inLanguage\":\"es\"},{\"@type\":\"WebPage\",\"@id\":\"https:\\\/\\\/www.persecution.com\\\/es\\\/historias\\\/una-noticia-esperanzadora-para-los-cristianos-encarcelados-en-espera-de-juicio\\\/\",\"url\":\"https:\\\/\\\/www.persecution.com\\\/es\\\/historias\\\/una-noticia-esperanzadora-para-los-cristianos-encarcelados-en-espera-de-juicio\\\/\",\"name\":\"Una noticia esperanzadora para los cristianos encarcelados en espera de juicio - Historias\",\"isPartOf\":{\"@id\":\"https:\\\/\\\/www.persecution.com\\\/es\\\/historias\\\/#website\"},\"primaryImageOfPage\":{\"@id\":\"https:\\\/\\\/www.persecution.com\\\/es\\\/historias\\\/una-noticia-esperanzadora-para-los-cristianos-encarcelados-en-espera-de-juicio\\\/#primaryimage\"},\"image\":{\"@id\":\"https:\\\/\\\/www.persecution.com\\\/es\\\/historias\\\/una-noticia-esperanzadora-para-los-cristianos-encarcelados-en-espera-de-juicio\\\/#primaryimage\"},\"thumbnailUrl\":\"https:\\\/\\\/www.persecution.com\\\/es\\\/historias\\\/wp-content\\\/uploads\\\/2021\\\/05\\\/VOM-Stories-iCommit-PlaceholderV2.jpg\",\"datePublished\":\"2021-06-10T07:07:01+00:00\",\"dateModified\":\"2022-06-16T19:22:05+00:00\",\"author\":{\"@id\":\"https:\\\/\\\/www.persecution.com\\\/es\\\/historias\\\/#\\\/schema\\\/person\\\/ae000ea52969cef1249f5afb05ccb961\"},\"description\":\"Varios cristianos que fueron arrestados y actualmente est\u00e1n detenidos en Somalilandia, una zona semiaut\u00f3noma de Somalia.\",\"breadcrumb\":{\"@id\":\"https:\\\/\\\/www.persecution.com\\\/es\\\/historias\\\/una-noticia-esperanzadora-para-los-cristianos-encarcelados-en-espera-de-juicio\\\/#breadcrumb\"},\"inLanguage\":\"es\",\"potentialAction\":[{\"@type\":\"ReadAction\",\"target\":[\"https:\\\/\\\/www.persecution.com\\\/es\\\/historias\\\/una-noticia-esperanzadora-para-los-cristianos-encarcelados-en-espera-de-juicio\\\/\"]}]},{\"@type\":\"ImageObject\",\"inLanguage\":\"es\",\"@id\":\"https:\\\/\\\/www.persecution.com\\\/es\\\/historias\\\/una-noticia-esperanzadora-para-los-cristianos-encarcelados-en-espera-de-juicio\\\/#primaryimage\",\"url\":\"https:\\\/\\\/www.persecution.com\\\/es\\\/historias\\\/wp-content\\\/uploads\\\/2021\\\/05\\\/VOM-Stories-iCommit-PlaceholderV2.jpg\",\"contentUrl\":\"https:\\\/\\\/www.persecution.com\\\/es\\\/historias\\\/wp-content\\\/uploads\\\/2021\\\/05\\\/VOM-Stories-iCommit-PlaceholderV2.jpg\",\"width\":978,\"height\":640},{\"@type\":\"BreadcrumbList\",\"@id\":\"https:\\\/\\\/www.persecution.com\\\/es\\\/historias\\\/una-noticia-esperanzadora-para-los-cristianos-encarcelados-en-espera-de-juicio\\\/#breadcrumb\",\"itemListElement\":[{\"@type\":\"ListItem\",\"position\":1,\"name\":\"Inicio\",\"item\":\"https:\\\/\\\/www.persecution.com\\\/es\\\/historias\\\/\"},{\"@type\":\"ListItem\",\"position\":2,\"name\":\"Una noticia esperanzadora para los cristianos encarcelados en espera de juicio\"}]},{\"@type\":\"WebSite\",\"@id\":\"https:\\\/\\\/www.persecution.com\\\/es\\\/historias\\\/#website\",\"url\":\"https:\\\/\\\/www.persecution.com\\\/es\\\/historias\\\/\",\"name\":\"Historias\",\"description\":\"La Voz de los M\u00e1rtires\",\"potentialAction\":[{\"@type\":\"SearchAction\",\"target\":{\"@type\":\"EntryPoint\",\"urlTemplate\":\"https:\\\/\\\/www.persecution.com\\\/es\\\/historias\\\/?s={search_term_string}\"},\"query-input\":{\"@type\":\"PropertyValueSpecification\",\"valueRequired\":true,\"valueName\":\"search_term_string\"}}],\"inLanguage\":\"es\"},{\"@type\":\"Person\",\"@id\":\"https:\\\/\\\/www.persecution.com\\\/es\\\/historias\\\/#\\\/schema\\\/person\\\/ae000ea52969cef1249f5afb05ccb961\",\"name\":\"E Valenzuela\",\"image\":{\"@type\":\"ImageObject\",\"inLanguage\":\"es\",\"@id\":\"https:\\\/\\\/secure.gravatar.com\\\/avatar\\\/72e02a942ef259240205425b9749482f07b1b2fb64225b038b4531b157d191a7?s=96&d=mm&r=g\",\"url\":\"https:\\\/\\\/secure.gravatar.com\\\/avatar\\\/72e02a942ef259240205425b9749482f07b1b2fb64225b038b4531b157d191a7?s=96&d=mm&r=g\",\"contentUrl\":\"https:\\\/\\\/secure.gravatar.com\\\/avatar\\\/72e02a942ef259240205425b9749482f07b1b2fb64225b038b4531b157d191a7?s=96&d=mm&r=g\",\"caption\":\"E Valenzuela\"},\"url\":\"https:\\\/\\\/www.persecution.com\\\/es\\\/historias\\\/author\\\/evalenzuelavom-org\\\/\"}]}<\/script>\n<!-- \/ Yoast SEO plugin. -->","yoast_head_json":{"title":"Una noticia esperanzadora para los cristianos encarcelados en espera de juicio - Historias","description":"Varios cristianos que fueron arrestados y actualmente est\u00e1n detenidos en Somalilandia, una zona semiaut\u00f3noma de Somalia.","robots":{"index":"index","follow":"follow","max-snippet":"max-snippet:-1","max-image-preview":"max-image-preview:large","max-video-preview":"max-video-preview:-1"},"canonical":"https:\/\/www.persecution.com\/es\/historias\/una-noticia-esperanzadora-para-los-cristianos-encarcelados-en-espera-de-juicio\/","og_locale":"es_MX","og_type":"article","og_title":"Una noticia esperanzadora para los cristianos encarcelados en espera de juicio - Historias","og_description":"Varios cristianos que fueron arrestados y actualmente est\u00e1n detenidos en Somalilandia, una zona semiaut\u00f3noma de Somalia.","og_url":"https:\/\/www.persecution.com\/es\/historias\/una-noticia-esperanzadora-para-los-cristianos-encarcelados-en-espera-de-juicio\/","og_site_name":"Historias","article_published_time":"2021-06-10T07:07:01+00:00","article_modified_time":"2022-06-16T19:22:05+00:00","og_image":[{"width":978,"height":640,"url":"https:\/\/assets.persecution.com\/es\/historias\/wp-content\/uploads\/2021\/05\/VOM-Stories-iCommit-PlaceholderV2.jpg","type":"image\/jpeg"}],"author":"E Valenzuela","twitter_card":"summary_large_image","twitter_misc":{"Escrito por":"E Valenzuela","Tiempo de lectura":"1 minuto"},"schema":{"@context":"https:\/\/schema.org","@graph":[{"@type":"Article","@id":"https:\/\/www.persecution.com\/es\/historias\/una-noticia-esperanzadora-para-los-cristianos-encarcelados-en-espera-de-juicio\/#article","isPartOf":{"@id":"https:\/\/www.persecution.com\/es\/historias\/una-noticia-esperanzadora-para-los-cristianos-encarcelados-en-espera-de-juicio\/"},"author":{"name":"E Valenzuela","@id":"https:\/\/www.persecution.com\/es\/historias\/#\/schema\/person\/ae000ea52969cef1249f5afb05ccb961"},"headline":"Una noticia esperanzadora para los cristianos encarcelados en espera de juicio","datePublished":"2021-06-10T07:07:01+00:00","dateModified":"2022-06-16T19:22:05+00:00","mainEntityOfPage":{"@id":"https:\/\/www.persecution.com\/es\/historias\/una-noticia-esperanzadora-para-los-cristianos-encarcelados-en-espera-de-juicio\/"},"wordCount":215,"image":{"@id":"https:\/\/www.persecution.com\/es\/historias\/una-noticia-esperanzadora-para-los-cristianos-encarcelados-en-espera-de-juicio\/#primaryimage"},"thumbnailUrl":"https:\/\/assets.persecution.com\/es\/historias\/wp-content\/uploads\/2021\/05\/VOM-Stories-iCommit-PlaceholderV2.jpg","keywords":["Somalia"],"articleSection":["Oraci\u00f3n"],"inLanguage":"es"},{"@type":"WebPage","@id":"https:\/\/www.persecution.com\/es\/historias\/una-noticia-esperanzadora-para-los-cristianos-encarcelados-en-espera-de-juicio\/","url":"https:\/\/www.persecution.com\/es\/historias\/una-noticia-esperanzadora-para-los-cristianos-encarcelados-en-espera-de-juicio\/","name":"Una noticia esperanzadora para los cristianos encarcelados en espera de juicio - Historias","isPartOf":{"@id":"https:\/\/www.persecution.com\/es\/historias\/#website"},"primaryImageOfPage":{"@id":"https:\/\/www.persecution.com\/es\/historias\/una-noticia-esperanzadora-para-los-cristianos-encarcelados-en-espera-de-juicio\/#primaryimage"},"image":{"@id":"https:\/\/www.persecution.com\/es\/historias\/una-noticia-esperanzadora-para-los-cristianos-encarcelados-en-espera-de-juicio\/#primaryimage"},"thumbnailUrl":"https:\/\/assets.persecution.com\/es\/historias\/wp-content\/uploads\/2021\/05\/VOM-Stories-iCommit-PlaceholderV2.jpg","datePublished":"2021-06-10T07:07:01+00:00","dateModified":"2022-06-16T19:22:05+00:00","author":{"@id":"https:\/\/www.persecution.com\/es\/historias\/#\/schema\/person\/ae000ea52969cef1249f5afb05ccb961"},"description":"Varios cristianos que fueron arrestados y actualmente est\u00e1n detenidos en Somalilandia, una zona semiaut\u00f3noma de Somalia.","breadcrumb":{"@id":"https:\/\/www.persecution.com\/es\/historias\/una-noticia-esperanzadora-para-los-cristianos-encarcelados-en-espera-de-juicio\/#breadcrumb"},"inLanguage":"es","potentialAction":[{"@type":"ReadAction","target":["https:\/\/www.persecution.com\/es\/historias\/una-noticia-esperanzadora-para-los-cristianos-encarcelados-en-espera-de-juicio\/"]}]},{"@type":"ImageObject","inLanguage":"es","@id":"https:\/\/www.persecution.com\/es\/historias\/una-noticia-esperanzadora-para-los-cristianos-encarcelados-en-espera-de-juicio\/#primaryimage","url":"https:\/\/assets.persecution.com\/es\/historias\/wp-content\/uploads\/2021\/05\/VOM-Stories-iCommit-PlaceholderV2.jpg","contentUrl":"https:\/\/assets.persecution.com\/es\/historias\/wp-content\/uploads\/2021\/05\/VOM-Stories-iCommit-PlaceholderV2.jpg","width":978,"height":640},{"@type":"BreadcrumbList","@id":"https:\/\/www.persecution.com\/es\/historias\/una-noticia-esperanzadora-para-los-cristianos-encarcelados-en-espera-de-juicio\/#breadcrumb","itemListElement":[{"@type":"ListItem","position":1,"name":"Inicio","item":"https:\/\/www.persecution.com\/es\/historias\/"},{"@type":"ListItem","position":2,"name":"Una noticia esperanzadora para los cristianos encarcelados en espera de juicio"}]},{"@type":"WebSite","@id":"https:\/\/www.persecution.com\/es\/historias\/#website","url":"https:\/\/www.persecution.com\/es\/historias\/","name":"Historias","description":"La Voz de los M\u00e1rtires","potentialAction":[{"@type":"SearchAction","target":{"@type":"EntryPoint","urlTemplate":"https:\/\/www.persecution.com\/es\/historias\/?s={search_term_string}"},"query-input":{"@type":"PropertyValueSpecification","valueRequired":true,"valueName":"search_term_string"}}],"inLanguage":"es"},{"@type":"Person","@id":"https:\/\/www.persecution.com\/es\/historias\/#\/schema\/person\/ae000ea52969cef1249f5afb05ccb961","name":"E Valenzuela","image":{"@type":"ImageObject","inLanguage":"es","@id":"https:\/\/secure.gravatar.com\/avatar\/72e02a942ef259240205425b9749482f07b1b2fb64225b038b4531b157d191a7?s=96&d=mm&r=g","url":"https:\/\/secure.gravatar.com\/avatar\/72e02a942ef259240205425b9749482f07b1b2fb64225b038b4531b157d191a7?s=96&d=mm&r=g","contentUrl":"https:\/\/secure.gravatar.com\/avatar\/72e02a942ef259240205425b9749482f07b1b2fb64225b038b4531b157d191a7?s=96&d=mm&r=g","caption":"E Valenzuela"},"url":"https:\/\/www.persecution.com\/es\/historias\/author\/evalenzuelavom-org\/"}]}},"_links":{"self":[{"href":"https:\/\/www.persecution.com\/es\/historias\/wp-json\/wp\/v2\/posts\/817","targetHints":{"allow":["GET"]}}],"collection":[{"href":"https:\/\/www.persecution.com\/es\/historias\/wp-json\/wp\/v2\/posts"}],"about":[{"href":"https:\/\/www.persecution.com\/es\/historias\/wp-json\/wp\/v2\/types\/post"}],"author":[{"embeddable":true,"href":"https:\/\/www.persecution.com\/es\/historias\/wp-json\/wp\/v2\/users\/12"}],"replies":[{"embeddable":true,"href":"https:\/\/www.persecution.com\/es\/historias\/wp-json\/wp\/v2\/comments?post=817"}],"version-history":[{"count":1,"href":"https:\/\/www.persecution.com\/es\/historias\/wp-json\/wp\/v2\/posts\/817\/revisions"}],"predecessor-version":[{"id":3877,"href":"https:\/\/www.persecution.com\/es\/historias\/wp-json\/wp\/v2\/posts\/817\/revisions\/3877"}],"wp:featuredmedia":[{"embeddable":true,"href":"https:\/\/www.persecution.com\/es\/historias\/wp-json\/wp\/v2\/media\/181"}],"wp:attachment":[{"href":"https:\/\/www.persecution.com\/es\/historias\/wp-json\/wp\/v2\/media?parent=817"}],"wp:term":[{"taxonomy":"category","embeddable":true,"href":"https:\/\/www.persecution.com\/es\/historias\/wp-json\/wp\/v2\/categories?post=817"},{"taxonomy":"post_tag","embeddable":true,"href":"https:\/\/www.persecution.com\/es\/historias\/wp-json\/wp\/v2\/tags?post=817"}],"curies":[{"name":"wp","href":"https:\/\/api.w.org\/{rel}","templated":true}]}}