{"id":706,"date":"2021-06-23T19:08:14","date_gmt":"2021-06-23T19:08:14","guid":{"rendered":"https:\/\/www.persecution.com\/es\/historias\/?p=706"},"modified":"2022-04-08T22:35:56","modified_gmt":"2022-04-08T22:35:56","slug":"el-odio-hacia-los-musulmanes-eliminado-de-los-corazones-de-dos-cristianas-paquistanies","status":"publish","type":"post","link":"https:\/\/www.persecution.com\/es\/historias\/el-odio-hacia-los-musulmanes-eliminado-de-los-corazones-de-dos-cristianas-paquistanies\/","title":{"rendered":"El odio hacia los musulmanes, eliminado de los corazones de dos cristianas paquistan\u00edes"},"content":{"rendered":"\n<p>Tanto Anam como Rania han sufrido mucho debido a su fe cristiana, pero su trabajo entre los cristianos perseguidos ha tra\u00eddo una sanidad inesperada del odio profundamente arraigado.<\/p>\n\n\n\n<p>Como parte de la minor\u00eda cristiana de <a href=\"https:\/\/www.persecution.com\/es\/guiadeoracionglobal\/pakistan\/\">Pakist\u00e1n<\/a>, Anam experiment\u00f3 persecuci\u00f3n y acoso a lo largo de su vida. Y durante gran parte de ese tiempo tuvo un odio comprensible contra sus perseguidores.<\/p>\n\n\n\n<p>\u00abComenc\u00e9 a odiar a los musulmanes despu\u00e9s de la muerte de mi t\u00edo\u00bb, dijo.<\/p>\n\n\n\n<p>Anam admiraba a su t\u00edo \u00abNaimat\u00bb, un maestro de escuela inteligente que siempre la hab\u00eda alentado en sus estudios. Compart\u00edan amor por la poes\u00eda, y Anam esperaba ser como \u00e9l cuando creciera.<\/p>\n\n\n\n<p>Naimat, el \u00fanico maestro cristiano de su escuela, trataba de defender los mejores intereses de sus estudiantes. Cuando sus colegas musulmanes enviaban a los estudiantes a hacer mandados personales, Naimat interven\u00eda y les dec\u00eda a los estudiantes que usaran su tiempo sabiamente en sus estudios. Despu\u00e9s de que finalmente fue ascendido al puesto de director de la escuela debido a su trabajo ejemplar, los colegas de Naimat se pusieron profundamente celosos. Lo odiaban tanto, de hecho, que contrataron a un sicario para matarlo, y le dijeron al asesino que Naimat hab\u00eda blasfemado contra el profeta Mahoma.<\/p>\n\n\n\n<p>El 6 de enero de 1992, el asesino a sueldo apu\u00f1al\u00f3 a Naimat hasta la muerte cuando sal\u00eda de su oficina. Anam, quien ten\u00eda 11 a\u00f1os en ese momento, culp\u00f3 a todos los musulmanes por la muerte de su t\u00edo.<\/p>\n\n\n\n<p>Despu\u00e9s de graduarse de la escuela, Anam comenz\u00f3 a buscar un trabajo para ayudar a mantener a su familia.\u00a0Los cristianos <a href=\"https:\/\/www.persecution.com\/es\/guiadeoracionglobal\/pakistan\/\">paquistan\u00edes<\/a> a menudo tienen dificultades financieras debido a las limitadas oportunidades laborales y educativas, y el \u00fanico trabajo que Anam pudo encontrar fue en una agencia de viajes propiedad de un musulm\u00e1n. Aunque necesitaba el trabajo, renunci\u00f3 en su primer d\u00eda de trabajo cuando el due\u00f1o intent\u00f3 abusar de ella. La opini\u00f3n que ten\u00eda Anam sobre los musulmanes fue confirmada.<\/p>\n\n\n\n<p>\u00abLlegu\u00e9 a saber muchas cosas sobre la persecuci\u00f3n y la blasfemia, y c\u00f3mo los cristianos <a href=\"https:\/\/www.persecution.com\/es\/guiadeoracionglobal\/pakistan\/\">paquistan\u00edes<\/a> llevan esta cruz\u00bb, dijo. Despu\u00e9s de meses de desempleo, Anam fue contratada como gerente de oficina para un grupo que ayudaba a los cristianos perseguidos. Su nuevo trabajo cumpli\u00f3 su deseo de hacer algo para ayudar a los creyentes perseguidos en <a href=\"https:\/\/www.persecution.com\/es\/guiadeoracionglobal\/pakistan\/\">Pakist\u00e1n<\/a>.<\/p>\n\n\n\n<p>A trav\u00e9s de su trabajo con cristianos perseguidos, Anam tambi\u00e9n experiment\u00f3 un sorprendente cambio de coraz\u00f3n hacia los musulmanes. Cuando comenz\u00f3 a entender que la persecuci\u00f3n es algo esperado por aquellos que siguen a Cristo, dej\u00f3 de odiar a sus perseguidores. Dej\u00f3 de culpar a todos los musulmanes por la muerte de su t\u00edo, y reemplaz\u00f3 ese resentimiento con pasi\u00f3n por su trabajo y el deseo de ver a los musulmanes llegar a conocer a Cristo.<\/p>\n\n\n\n<p>\u00abMe encanta mi trabajo \u2014dijo\u2014, aunque a veces es como un peque\u00f1o gorri\u00f3n que trata de extinguir un incendio forestal con agua en su pico [&#8230;] Yo soy como ese gorri\u00f3n\u00bb.<\/p>\n\n\n\n<p>Anam ha servido a creyentes perseguidos durante m\u00e1s de 16 a\u00f1os, y su jefe se refiere a ella como la \u00abcara, los ojos y los o\u00eddos\u00bb de la oficina. Recientemente se cas\u00f3, despu\u00e9s de resistirse a la idea durante a\u00f1os porque tem\u00eda que un esposo iba a querer que dejara de trabajar.<\/p>\n\n\n\n<p>\u00abGracias a Dios, encontr\u00e9 un buen esposo que nunca me detiene de seguir mi pasi\u00f3n \u2014dijo\u2014. Trabajar para la iglesia perseguida no es mi trabajo, es mi pasi\u00f3n. Siempre recuerdo este vers\u00edculo: \u201cY todo lo que hag\u00e1is, hacedlo de coraz\u00f3n, como para el Se\u00f1or y no para los hombres\u201d [Colosenses 3:23]\u00bb.<\/p>\n\n\n\n<p>Una de las compa\u00f1eras de trabajo de Anam, Rania, tambi\u00e9n ha enfrentado muchas dificultades como cristiana en <a href=\"https:\/\/www.persecution.com\/es\/guiadeoracionglobal\/pakistan\/\">Pakist\u00e1n<\/a> a pesar de su corta edad. Su padre, quien fue acosado continuamente por compa\u00f1eros de trabajo musulmanes, muri\u00f3 de un ataque al coraz\u00f3n cuando Rania ten\u00eda 4 a\u00f1os, y dej\u00f3 a su madre para cuidar de Rania y sus seis hermanos mayores.<\/p>\n\n\n\n<p>Aunque la familia ten\u00eda el derecho legal de permanecer cinco a\u00f1os en su vivienda proporcionada por el empleador despu\u00e9s de la muerte del padre de Rania, sus vecinos persuadieron a la gerencia para que los desalojara. Se opon\u00edan a la clase de escuela dominical que se reun\u00eda en casa de Rania cada semana.<\/p>\n\n\n\n<p>Despu\u00e9s de que la familia se asent\u00f3 en otra peque\u00f1a casa, sus vecinos musulmanes nuevamente comenzaron a acosarlos debido a sus reuniones semanales de oraci\u00f3n. Entonces, la noche del 23 de abril de 2007, alguien prendi\u00f3 fuego a su casa. Escaparon con vida, pero perdieron todo: certificados de nacimiento, tarjetas de identificaci\u00f3n, la investigaci\u00f3n de tesis de su hermano mayor y el uniforme escolar de Rania.<\/p>\n\n\n\n<p>Durante los a\u00f1os siguientes, dos de sus hermanos mayores completaron los requisitos para sus t\u00edtulos de licenciatura, pero les negaron los diplomas por ser cristianos.<\/p>\n\n\n\n<p>Hoy en d\u00eda, Rania trabaja como contadora en la oficina con Anam. \u00abEntiendo su misi\u00f3n \u2014dijo sobre la organizaci\u00f3n cristiana\u2014. No puedo expresar con palabras mis sentimientos de lo feliz que estoy de estar sirviendo aqu\u00ed\u00bb.<\/p>\n\n\n\n<p>Estas dos mujeres han soportado circunstancias dif\u00edciles debido a su identidad cristiana. Pero en lugar de permanecer llenas de odio, est\u00e1n siendo transformadas por Cristo. Hoy pueden decir con sinceridad que aman a los musulmanes.<\/p>\n\n\n\n<p>Debido a sus experiencias personales son profundamente emp\u00e1ticas con los creyentes que entran por sus puertas. Muchos se encuentran en los puntos m\u00e1s bajos de su vida por haber sufrido ataques traum\u00e1ticos y perdido hogares o seres queridos.<\/p>\n\n\n\n<p>Al igual que muchos otros que sirven a sus hermanos y hermanas perseguidos, Anam y Rania est\u00e1n permitiendo que el Se\u00f1or use las cosas \u00abmalas\u00bb de sus vidas para Su gloria eterna.<\/p>\n","protected":false},"excerpt":{"rendered":"<p>Tanto Anam como Rania han sufrido mucho debido a su fe cristiana, pero su trabajo entre los cristianos perseguidos ha tra\u00eddo una sanidad inesperada del odio profundamente arraigado. Como parte de la minor\u00eda cristiana de Pakist\u00e1n, Anam experiment\u00f3 persecuci\u00f3n y acoso a lo largo de su vida. Y durante gran parte de ese tiempo tuvo un odio comprensible contra sus perseguidores. \u00abComenc\u00e9 a odiar a los musulmanes despu\u00e9s de la muerte de mi t\u00edo\u00bb, dijo. Anam admiraba a su t\u00edo \u00abNaimat\u00bb, un maestro de escuela inteligente que siempre la hab\u00eda alentado en sus estudios. Compart\u00edan amor por la poes\u00eda, y Anam esperaba ser como \u00e9l cuando creciera. Naimat, el \u00fanico maestro cristiano de su escuela, trataba de defender los mejores intereses de sus estudiantes. Cuando sus colegas musulmanes enviaban a los estudiantes a hacer mandados personales, Naimat interven\u00eda y les dec\u00eda a los estudiantes que usaran su tiempo sabiamente en sus estudios. Despu\u00e9s de que finalmente fue ascendido al puesto de director de la escuela debido a su trabajo ejemplar, los colegas de Naimat se pusieron profundamente celosos. Lo odiaban tanto, de hecho, que contrataron a un sicario para matarlo, y le dijeron al asesino que Naimat hab\u00eda blasfemado contra<\/p>\n","protected":false},"author":12,"featured_media":713,"comment_status":"closed","ping_status":"closed","sticky":false,"template":"","format":"standard","meta":{"footnotes":""},"categories":[6],"tags":[50],"class_list":["post-706","post","type-post","status-publish","format-standard","has-post-thumbnail","hentry","category-historia","tag-pakistan","","tg-column-two"],"yoast_head":"<!-- This site is optimized with the Yoast SEO plugin v27.4 - https:\/\/yoast.com\/product\/yoast-seo-wordpress\/ -->\n<title>El odio hacia los musulmanes, eliminado de los corazones de dos cristianas paquistan\u00edes - Historias<\/title>\n<meta name=\"description\" content=\"A trav\u00e9s de su trabajo con cristianos perseguidos, Anam tambi\u00e9n experiment\u00f3 un sorprendente cambio de coraz\u00f3n hacia los musulmanes.\" \/>\n<meta name=\"robots\" content=\"index, follow, max-snippet:-1, max-image-preview:large, max-video-preview:-1\" \/>\n<link rel=\"canonical\" href=\"https:\/\/www.persecution.com\/es\/historias\/el-odio-hacia-los-musulmanes-eliminado-de-los-corazones-de-dos-cristianas-paquistanies\/\" \/>\n<meta property=\"og:locale\" content=\"es_MX\" \/>\n<meta property=\"og:type\" content=\"article\" \/>\n<meta property=\"og:title\" content=\"El odio hacia los musulmanes, eliminado de los corazones de dos cristianas paquistan\u00edes - Historias\" \/>\n<meta property=\"og:description\" content=\"A trav\u00e9s de su trabajo con cristianos perseguidos, Anam tambi\u00e9n experiment\u00f3 un sorprendente cambio de coraz\u00f3n hacia los musulmanes.\" \/>\n<meta property=\"og:url\" content=\"https:\/\/www.persecution.com\/es\/historias\/el-odio-hacia-los-musulmanes-eliminado-de-los-corazones-de-dos-cristianas-paquistanies\/\" \/>\n<meta property=\"og:site_name\" content=\"Historias\" \/>\n<meta property=\"article:published_time\" content=\"2021-06-23T19:08:14+00:00\" \/>\n<meta property=\"article:modified_time\" content=\"2022-04-08T22:35:56+00:00\" \/>\n<meta property=\"og:image\" content=\"https:\/\/assets.persecution.com\/es\/historias\/wp-content\/uploads\/2021\/06\/CUS1610DD_0009_pub_AnamRaina.jpg\" \/>\n\t<meta property=\"og:image:width\" content=\"1800\" \/>\n\t<meta property=\"og:image:height\" content=\"1144\" \/>\n\t<meta property=\"og:image:type\" content=\"image\/jpeg\" \/>\n<meta name=\"author\" content=\"E Valenzuela\" \/>\n<meta name=\"twitter:card\" content=\"summary_large_image\" \/>\n<meta name=\"twitter:label1\" content=\"Escrito por\" \/>\n\t<meta name=\"twitter:data1\" content=\"E Valenzuela\" \/>\n\t<meta name=\"twitter:label2\" content=\"Tiempo de lectura\" \/>\n\t<meta name=\"twitter:data2\" content=\"5 minutos\" \/>\n<script type=\"application\/ld+json\" class=\"yoast-schema-graph\">{\"@context\":\"https:\\\/\\\/schema.org\",\"@graph\":[{\"@type\":\"Article\",\"@id\":\"https:\\\/\\\/www.persecution.com\\\/es\\\/historias\\\/el-odio-hacia-los-musulmanes-eliminado-de-los-corazones-de-dos-cristianas-paquistanies\\\/#article\",\"isPartOf\":{\"@id\":\"https:\\\/\\\/www.persecution.com\\\/es\\\/historias\\\/el-odio-hacia-los-musulmanes-eliminado-de-los-corazones-de-dos-cristianas-paquistanies\\\/\"},\"author\":{\"name\":\"E Valenzuela\",\"@id\":\"https:\\\/\\\/www.persecution.com\\\/es\\\/historias\\\/#\\\/schema\\\/person\\\/ae000ea52969cef1249f5afb05ccb961\"},\"headline\":\"El odio hacia los musulmanes, eliminado de los corazones de dos cristianas paquistan\u00edes\",\"datePublished\":\"2021-06-23T19:08:14+00:00\",\"dateModified\":\"2022-04-08T22:35:56+00:00\",\"mainEntityOfPage\":{\"@id\":\"https:\\\/\\\/www.persecution.com\\\/es\\\/historias\\\/el-odio-hacia-los-musulmanes-eliminado-de-los-corazones-de-dos-cristianas-paquistanies\\\/\"},\"wordCount\":1023,\"image\":{\"@id\":\"https:\\\/\\\/www.persecution.com\\\/es\\\/historias\\\/el-odio-hacia-los-musulmanes-eliminado-de-los-corazones-de-dos-cristianas-paquistanies\\\/#primaryimage\"},\"thumbnailUrl\":\"https:\\\/\\\/www.persecution.com\\\/es\\\/historias\\\/wp-content\\\/uploads\\\/2021\\\/06\\\/CUS1610DD_0009_pub_AnamRaina.jpg\",\"keywords\":[\"Pakistan\"],\"articleSection\":[\"Historia\"],\"inLanguage\":\"es\"},{\"@type\":\"WebPage\",\"@id\":\"https:\\\/\\\/www.persecution.com\\\/es\\\/historias\\\/el-odio-hacia-los-musulmanes-eliminado-de-los-corazones-de-dos-cristianas-paquistanies\\\/\",\"url\":\"https:\\\/\\\/www.persecution.com\\\/es\\\/historias\\\/el-odio-hacia-los-musulmanes-eliminado-de-los-corazones-de-dos-cristianas-paquistanies\\\/\",\"name\":\"El odio hacia los musulmanes, eliminado de los corazones de dos cristianas paquistan\u00edes - Historias\",\"isPartOf\":{\"@id\":\"https:\\\/\\\/www.persecution.com\\\/es\\\/historias\\\/#website\"},\"primaryImageOfPage\":{\"@id\":\"https:\\\/\\\/www.persecution.com\\\/es\\\/historias\\\/el-odio-hacia-los-musulmanes-eliminado-de-los-corazones-de-dos-cristianas-paquistanies\\\/#primaryimage\"},\"image\":{\"@id\":\"https:\\\/\\\/www.persecution.com\\\/es\\\/historias\\\/el-odio-hacia-los-musulmanes-eliminado-de-los-corazones-de-dos-cristianas-paquistanies\\\/#primaryimage\"},\"thumbnailUrl\":\"https:\\\/\\\/www.persecution.com\\\/es\\\/historias\\\/wp-content\\\/uploads\\\/2021\\\/06\\\/CUS1610DD_0009_pub_AnamRaina.jpg\",\"datePublished\":\"2021-06-23T19:08:14+00:00\",\"dateModified\":\"2022-04-08T22:35:56+00:00\",\"author\":{\"@id\":\"https:\\\/\\\/www.persecution.com\\\/es\\\/historias\\\/#\\\/schema\\\/person\\\/ae000ea52969cef1249f5afb05ccb961\"},\"description\":\"A trav\u00e9s de su trabajo con cristianos perseguidos, Anam tambi\u00e9n experiment\u00f3 un sorprendente cambio de coraz\u00f3n hacia los musulmanes.\",\"breadcrumb\":{\"@id\":\"https:\\\/\\\/www.persecution.com\\\/es\\\/historias\\\/el-odio-hacia-los-musulmanes-eliminado-de-los-corazones-de-dos-cristianas-paquistanies\\\/#breadcrumb\"},\"inLanguage\":\"es\",\"potentialAction\":[{\"@type\":\"ReadAction\",\"target\":[\"https:\\\/\\\/www.persecution.com\\\/es\\\/historias\\\/el-odio-hacia-los-musulmanes-eliminado-de-los-corazones-de-dos-cristianas-paquistanies\\\/\"]}]},{\"@type\":\"ImageObject\",\"inLanguage\":\"es\",\"@id\":\"https:\\\/\\\/www.persecution.com\\\/es\\\/historias\\\/el-odio-hacia-los-musulmanes-eliminado-de-los-corazones-de-dos-cristianas-paquistanies\\\/#primaryimage\",\"url\":\"https:\\\/\\\/www.persecution.com\\\/es\\\/historias\\\/wp-content\\\/uploads\\\/2021\\\/06\\\/CUS1610DD_0009_pub_AnamRaina.jpg\",\"contentUrl\":\"https:\\\/\\\/www.persecution.com\\\/es\\\/historias\\\/wp-content\\\/uploads\\\/2021\\\/06\\\/CUS1610DD_0009_pub_AnamRaina.jpg\",\"width\":1800,\"height\":1144,\"caption\":\"Two women stand talking about and reading the bible and smiling\"},{\"@type\":\"BreadcrumbList\",\"@id\":\"https:\\\/\\\/www.persecution.com\\\/es\\\/historias\\\/el-odio-hacia-los-musulmanes-eliminado-de-los-corazones-de-dos-cristianas-paquistanies\\\/#breadcrumb\",\"itemListElement\":[{\"@type\":\"ListItem\",\"position\":1,\"name\":\"Inicio\",\"item\":\"https:\\\/\\\/www.persecution.com\\\/es\\\/historias\\\/\"},{\"@type\":\"ListItem\",\"position\":2,\"name\":\"El odio hacia los musulmanes, eliminado de los corazones de dos cristianas paquistan\u00edes\"}]},{\"@type\":\"WebSite\",\"@id\":\"https:\\\/\\\/www.persecution.com\\\/es\\\/historias\\\/#website\",\"url\":\"https:\\\/\\\/www.persecution.com\\\/es\\\/historias\\\/\",\"name\":\"Historias\",\"description\":\"La Voz de los M\u00e1rtires\",\"potentialAction\":[{\"@type\":\"SearchAction\",\"target\":{\"@type\":\"EntryPoint\",\"urlTemplate\":\"https:\\\/\\\/www.persecution.com\\\/es\\\/historias\\\/?s={search_term_string}\"},\"query-input\":{\"@type\":\"PropertyValueSpecification\",\"valueRequired\":true,\"valueName\":\"search_term_string\"}}],\"inLanguage\":\"es\"},{\"@type\":\"Person\",\"@id\":\"https:\\\/\\\/www.persecution.com\\\/es\\\/historias\\\/#\\\/schema\\\/person\\\/ae000ea52969cef1249f5afb05ccb961\",\"name\":\"E Valenzuela\",\"image\":{\"@type\":\"ImageObject\",\"inLanguage\":\"es\",\"@id\":\"https:\\\/\\\/secure.gravatar.com\\\/avatar\\\/72e02a942ef259240205425b9749482f07b1b2fb64225b038b4531b157d191a7?s=96&d=mm&r=g\",\"url\":\"https:\\\/\\\/secure.gravatar.com\\\/avatar\\\/72e02a942ef259240205425b9749482f07b1b2fb64225b038b4531b157d191a7?s=96&d=mm&r=g\",\"contentUrl\":\"https:\\\/\\\/secure.gravatar.com\\\/avatar\\\/72e02a942ef259240205425b9749482f07b1b2fb64225b038b4531b157d191a7?s=96&d=mm&r=g\",\"caption\":\"E Valenzuela\"},\"url\":\"https:\\\/\\\/www.persecution.com\\\/es\\\/historias\\\/author\\\/evalenzuelavom-org\\\/\"}]}<\/script>\n<!-- \/ Yoast SEO plugin. -->","yoast_head_json":{"title":"El odio hacia los musulmanes, eliminado de los corazones de dos cristianas paquistan\u00edes - Historias","description":"A trav\u00e9s de su trabajo con cristianos perseguidos, Anam tambi\u00e9n experiment\u00f3 un sorprendente cambio de coraz\u00f3n hacia los musulmanes.","robots":{"index":"index","follow":"follow","max-snippet":"max-snippet:-1","max-image-preview":"max-image-preview:large","max-video-preview":"max-video-preview:-1"},"canonical":"https:\/\/www.persecution.com\/es\/historias\/el-odio-hacia-los-musulmanes-eliminado-de-los-corazones-de-dos-cristianas-paquistanies\/","og_locale":"es_MX","og_type":"article","og_title":"El odio hacia los musulmanes, eliminado de los corazones de dos cristianas paquistan\u00edes - Historias","og_description":"A trav\u00e9s de su trabajo con cristianos perseguidos, Anam tambi\u00e9n experiment\u00f3 un sorprendente cambio de coraz\u00f3n hacia los musulmanes.","og_url":"https:\/\/www.persecution.com\/es\/historias\/el-odio-hacia-los-musulmanes-eliminado-de-los-corazones-de-dos-cristianas-paquistanies\/","og_site_name":"Historias","article_published_time":"2021-06-23T19:08:14+00:00","article_modified_time":"2022-04-08T22:35:56+00:00","og_image":[{"width":1800,"height":1144,"url":"https:\/\/assets.persecution.com\/es\/historias\/wp-content\/uploads\/2021\/06\/CUS1610DD_0009_pub_AnamRaina.jpg","type":"image\/jpeg"}],"author":"E Valenzuela","twitter_card":"summary_large_image","twitter_misc":{"Escrito por":"E Valenzuela","Tiempo de lectura":"5 minutos"},"schema":{"@context":"https:\/\/schema.org","@graph":[{"@type":"Article","@id":"https:\/\/www.persecution.com\/es\/historias\/el-odio-hacia-los-musulmanes-eliminado-de-los-corazones-de-dos-cristianas-paquistanies\/#article","isPartOf":{"@id":"https:\/\/www.persecution.com\/es\/historias\/el-odio-hacia-los-musulmanes-eliminado-de-los-corazones-de-dos-cristianas-paquistanies\/"},"author":{"name":"E Valenzuela","@id":"https:\/\/www.persecution.com\/es\/historias\/#\/schema\/person\/ae000ea52969cef1249f5afb05ccb961"},"headline":"El odio hacia los musulmanes, eliminado de los corazones de dos cristianas paquistan\u00edes","datePublished":"2021-06-23T19:08:14+00:00","dateModified":"2022-04-08T22:35:56+00:00","mainEntityOfPage":{"@id":"https:\/\/www.persecution.com\/es\/historias\/el-odio-hacia-los-musulmanes-eliminado-de-los-corazones-de-dos-cristianas-paquistanies\/"},"wordCount":1023,"image":{"@id":"https:\/\/www.persecution.com\/es\/historias\/el-odio-hacia-los-musulmanes-eliminado-de-los-corazones-de-dos-cristianas-paquistanies\/#primaryimage"},"thumbnailUrl":"https:\/\/assets.persecution.com\/es\/historias\/wp-content\/uploads\/2021\/06\/CUS1610DD_0009_pub_AnamRaina.jpg","keywords":["Pakistan"],"articleSection":["Historia"],"inLanguage":"es"},{"@type":"WebPage","@id":"https:\/\/www.persecution.com\/es\/historias\/el-odio-hacia-los-musulmanes-eliminado-de-los-corazones-de-dos-cristianas-paquistanies\/","url":"https:\/\/www.persecution.com\/es\/historias\/el-odio-hacia-los-musulmanes-eliminado-de-los-corazones-de-dos-cristianas-paquistanies\/","name":"El odio hacia los musulmanes, eliminado de los corazones de dos cristianas paquistan\u00edes - Historias","isPartOf":{"@id":"https:\/\/www.persecution.com\/es\/historias\/#website"},"primaryImageOfPage":{"@id":"https:\/\/www.persecution.com\/es\/historias\/el-odio-hacia-los-musulmanes-eliminado-de-los-corazones-de-dos-cristianas-paquistanies\/#primaryimage"},"image":{"@id":"https:\/\/www.persecution.com\/es\/historias\/el-odio-hacia-los-musulmanes-eliminado-de-los-corazones-de-dos-cristianas-paquistanies\/#primaryimage"},"thumbnailUrl":"https:\/\/assets.persecution.com\/es\/historias\/wp-content\/uploads\/2021\/06\/CUS1610DD_0009_pub_AnamRaina.jpg","datePublished":"2021-06-23T19:08:14+00:00","dateModified":"2022-04-08T22:35:56+00:00","author":{"@id":"https:\/\/www.persecution.com\/es\/historias\/#\/schema\/person\/ae000ea52969cef1249f5afb05ccb961"},"description":"A trav\u00e9s de su trabajo con cristianos perseguidos, Anam tambi\u00e9n experiment\u00f3 un sorprendente cambio de coraz\u00f3n hacia los musulmanes.","breadcrumb":{"@id":"https:\/\/www.persecution.com\/es\/historias\/el-odio-hacia-los-musulmanes-eliminado-de-los-corazones-de-dos-cristianas-paquistanies\/#breadcrumb"},"inLanguage":"es","potentialAction":[{"@type":"ReadAction","target":["https:\/\/www.persecution.com\/es\/historias\/el-odio-hacia-los-musulmanes-eliminado-de-los-corazones-de-dos-cristianas-paquistanies\/"]}]},{"@type":"ImageObject","inLanguage":"es","@id":"https:\/\/www.persecution.com\/es\/historias\/el-odio-hacia-los-musulmanes-eliminado-de-los-corazones-de-dos-cristianas-paquistanies\/#primaryimage","url":"https:\/\/assets.persecution.com\/es\/historias\/wp-content\/uploads\/2021\/06\/CUS1610DD_0009_pub_AnamRaina.jpg","contentUrl":"https:\/\/assets.persecution.com\/es\/historias\/wp-content\/uploads\/2021\/06\/CUS1610DD_0009_pub_AnamRaina.jpg","width":1800,"height":1144,"caption":"Two women stand talking about and reading the bible and smiling"},{"@type":"BreadcrumbList","@id":"https:\/\/www.persecution.com\/es\/historias\/el-odio-hacia-los-musulmanes-eliminado-de-los-corazones-de-dos-cristianas-paquistanies\/#breadcrumb","itemListElement":[{"@type":"ListItem","position":1,"name":"Inicio","item":"https:\/\/www.persecution.com\/es\/historias\/"},{"@type":"ListItem","position":2,"name":"El odio hacia los musulmanes, eliminado de los corazones de dos cristianas paquistan\u00edes"}]},{"@type":"WebSite","@id":"https:\/\/www.persecution.com\/es\/historias\/#website","url":"https:\/\/www.persecution.com\/es\/historias\/","name":"Historias","description":"La Voz de los M\u00e1rtires","potentialAction":[{"@type":"SearchAction","target":{"@type":"EntryPoint","urlTemplate":"https:\/\/www.persecution.com\/es\/historias\/?s={search_term_string}"},"query-input":{"@type":"PropertyValueSpecification","valueRequired":true,"valueName":"search_term_string"}}],"inLanguage":"es"},{"@type":"Person","@id":"https:\/\/www.persecution.com\/es\/historias\/#\/schema\/person\/ae000ea52969cef1249f5afb05ccb961","name":"E Valenzuela","image":{"@type":"ImageObject","inLanguage":"es","@id":"https:\/\/secure.gravatar.com\/avatar\/72e02a942ef259240205425b9749482f07b1b2fb64225b038b4531b157d191a7?s=96&d=mm&r=g","url":"https:\/\/secure.gravatar.com\/avatar\/72e02a942ef259240205425b9749482f07b1b2fb64225b038b4531b157d191a7?s=96&d=mm&r=g","contentUrl":"https:\/\/secure.gravatar.com\/avatar\/72e02a942ef259240205425b9749482f07b1b2fb64225b038b4531b157d191a7?s=96&d=mm&r=g","caption":"E Valenzuela"},"url":"https:\/\/www.persecution.com\/es\/historias\/author\/evalenzuelavom-org\/"}]}},"_links":{"self":[{"href":"https:\/\/www.persecution.com\/es\/historias\/wp-json\/wp\/v2\/posts\/706","targetHints":{"allow":["GET"]}}],"collection":[{"href":"https:\/\/www.persecution.com\/es\/historias\/wp-json\/wp\/v2\/posts"}],"about":[{"href":"https:\/\/www.persecution.com\/es\/historias\/wp-json\/wp\/v2\/types\/post"}],"author":[{"embeddable":true,"href":"https:\/\/www.persecution.com\/es\/historias\/wp-json\/wp\/v2\/users\/12"}],"replies":[{"embeddable":true,"href":"https:\/\/www.persecution.com\/es\/historias\/wp-json\/wp\/v2\/comments?post=706"}],"version-history":[{"count":1,"href":"https:\/\/www.persecution.com\/es\/historias\/wp-json\/wp\/v2\/posts\/706\/revisions"}],"predecessor-version":[{"id":3821,"href":"https:\/\/www.persecution.com\/es\/historias\/wp-json\/wp\/v2\/posts\/706\/revisions\/3821"}],"wp:featuredmedia":[{"embeddable":true,"href":"https:\/\/www.persecution.com\/es\/historias\/wp-json\/wp\/v2\/media\/713"}],"wp:attachment":[{"href":"https:\/\/www.persecution.com\/es\/historias\/wp-json\/wp\/v2\/media?parent=706"}],"wp:term":[{"taxonomy":"category","embeddable":true,"href":"https:\/\/www.persecution.com\/es\/historias\/wp-json\/wp\/v2\/categories?post=706"},{"taxonomy":"post_tag","embeddable":true,"href":"https:\/\/www.persecution.com\/es\/historias\/wp-json\/wp\/v2\/tags?post=706"}],"curies":[{"name":"wp","href":"https:\/\/api.w.org\/{rel}","templated":true}]}}