{"id":622,"date":"2021-06-23T19:08:15","date_gmt":"2021-06-23T19:08:15","guid":{"rendered":"https:\/\/www.persecution.com\/es\/historias\/?p=622"},"modified":"2022-03-02T16:34:58","modified_gmt":"2022-03-02T16:34:58","slug":"exprisionero-en-eritrea-comparte-su-testimonio","status":"publish","type":"post","link":"https:\/\/www.persecution.com\/es\/historias\/exprisionero-en-eritrea-comparte-su-testimonio\/","title":{"rendered":"Estar en prisi\u00f3n en Eritrea como creyente: Hablar de Cristo tras las rejas\ufffc"},"content":{"rendered":"\n<p><em><em>El Dr. Berhane pas\u00f3 11 meses en prisi\u00f3n en <a href=\"https:\/\/www.persecution.com\/es\/guiadeoracionglobal\/eritrea\/\">Eritrea<\/a> debido a su testimonio cristiano. Lo siguiente ha sido editado y extra\u00eddo de una entrevista del Dr. Berhane con el presentador de VOM Radio, Todd Nettleton.<\/em><\/em><\/p>\n\n\n\n<p>Me encontraba trabajando en el hospital cuando un d\u00eda vino la polic\u00eda secreta y me arrest\u00f3, y me envi\u00f3 a prisi\u00f3n, y estuve all\u00ed 11 meses. <\/p>\n\n\n\n<p>En ese entonces (cuando fui arrestado), yo era un nuevo creyente, pero a\u00fan as\u00ed cre\u00eda que mi futuro estaba en manos de Dios. Quer\u00eda usar la oportunidad para compartir el amor de Dios a los guardias de la prisi\u00f3n, a mis compa\u00f1eros prisioneros, los reclusos, y Dios abri\u00f3 esta oportunidad. Todos los d\u00edas aplaud\u00eda y los prisioneros se acercaban y les compart\u00eda el evangelio.<\/p>\n\n\n\n<p>Cuando est\u00e1s en prisi\u00f3n lo que ves es acoso; todos te gritan, los prisioneros pelean entre ellos y los guardias no son amables contigo. Pero, si puedes mantener esta paz interna, es gracias a Jes\u00fas. Quieres compartirle esa paz a los guardias y a los prisioneros. Algunas veces, ves a personas siendo tocadas por eso y quieren escuchar m\u00e1s al respecto. De modo que esto me anima para hacer m\u00e1s y m\u00e1s. Algunas personas oraron e invitaron a Jesucristo a entrar en su coraz\u00f3n.<\/p>\n\n\n\n<p>Cuando est\u00e1s en esta prisi\u00f3n, no es como una prisi\u00f3n en Occidente. A la mayor\u00eda nunca se les ha acusado (de un delito). Un d\u00eda llaman a 5 o 6 (o), 20 personas y las ejecutan. Nadie sabe cu\u00e1ndo va a ser ejecutado.<\/p>\n\n\n\n<p>Recuerdo que una noche dos hombres vinieron a mi cama y tomaron prestada mi <a href=\"https:\/\/www.persecution.com\/es\/biblias\/?utm_campaign=bibles_es&#038;utm_source=ESSTORIES\">Biblia<\/a>, y leyeron juntos y oraron. A la ma\u00f1ana siguiente uno de ellos fue ejecutado. As\u00ed que, cuando ves a esas personas prepararse para enfrentar la eternidad, aprecias estar all\u00ed. Ese era el prop\u00f3sito de Dios. Mucha gente or\u00f3 justo antes de morir, as\u00ed que esa es realmente una buena oportunidad.<\/p>\n\n\n\n<p>Hay veces que sientes que Dios te ha olvidado; especialmente cuando ves que te arrebatan estas 20 a 30 personas. Est\u00e1s cerca. Te conviertes en familia en la prisi\u00f3n. Comemos juntos, nos re\u00edmos juntos, y de repente el guardia de la prisi\u00f3n viene con una lista de nombres y solo esperas. Quiz\u00e1 seas uno de ellos, pero no lo eres, sino tus amigos que forman parte del grupo (s\u00ed). Te sientes mal, pero siempre, la Escritura me anim\u00f3<\/p>\n\n\n\n<p><img loading=\"lazy\" decoding=\"async\" width=\"1766\" height=\"1648\" class=\"wp-image-627\" style=\"width: 250px\" src=\"https:\/\/assets.persecution.com\/es\/historias\/wp-content\/uploads\/2021\/06\/Eritrea-Map-Feb2017_pub_Behrane.jpg\" alt=\"Map of Eritrea\" srcset=\"https:\/\/assets.persecution.com\/es\/historias\/wp-content\/uploads\/2021\/06\/Eritrea-Map-Feb2017_pub_Behrane.jpg 1766w, https:\/\/assets.persecution.com\/es\/historias\/wp-content\/uploads\/2021\/06\/Eritrea-Map-Feb2017_pub_Behrane-300x280.jpg 300w, https:\/\/assets.persecution.com\/es\/historias\/wp-content\/uploads\/2021\/06\/Eritrea-Map-Feb2017_pub_Behrane-1024x956.jpg 1024w, https:\/\/assets.persecution.com\/es\/historias\/wp-content\/uploads\/2021\/06\/Eritrea-Map-Feb2017_pub_Behrane-768x717.jpg 768w, https:\/\/assets.persecution.com\/es\/historias\/wp-content\/uploads\/2021\/06\/Eritrea-Map-Feb2017_pub_Behrane-1536x1433.jpg 1536w\" sizes=\"auto, (max-width: 1766px) 100vw, 1766px\" \/>Recuerdo una vez que estaba un poco perturbado. Cuando busqu\u00e9 en la Escritura el libro de los Salmos: \u00abAunque ande en valle de sombra de muerte [\u2026] t\u00fa estar\u00e1s conmigo\u00bb. Sent\u00ed que este es el valle de la muerte. Se los compart\u00ed a los prisioneros, les dije: &#8220;Este es el lugar donde estamos, pero eso no es todo, Dios est\u00e1 con nosotros&#8221;. De modo que mucha gente fue consolada, y puedes ver el poder de la Escritura para ese tiempo oscuro.<\/p>\n\n\n\n<p>Tuve que esconderla mi <a href=\"https:\/\/www.persecution.com\/es\/biblias\/?utm_campaign=bibles_es&#038;utm_source=ESSTORIES\">Biblia<\/a>. A veces hay (un) cateo; se llevaron mi Biblia, pero tuve que meter otra de nuevo de contrabando. En 11 meses, tres veces tuve que meter una <a href=\"https:\/\/www.persecution.com\/es\/biblias\/?utm_campaign=bibles_es&#038;utm_source=ESSTORIES\">Biblia<\/a> de contrabando, as\u00ed que tres veces se llevaron mi <a href=\"https:\/\/www.persecution.com\/es\/biblias\/?utm_campaign=bibles_es&#038;utm_source=ESSTORIES\">Biblia<\/a>.<\/p>\n\n\n\n<p>Conozco a tres [prisioneros en <a href=\"https:\/\/www.persecution.com\/es\/guiadeoracionglobal\/eritrea\/\">Eritrea<\/a>: el Dr. Kiflu Gebremeskel, Kidane Weldou y Haile Nayzgi]; de hecho, el Dr. Kiflu fue mi compa\u00f1ero de oraci\u00f3n. El pastor Kidane tambi\u00e9n es pastor y lo conoc\u00ed desde joven. Tambi\u00e9n conozco muy bien a Haile. Hay m\u00e1s libertad dentro de la prisi\u00f3n que fuera. Una vez que est\u00e1s all\u00ed, ya est\u00e1s all\u00ed; no tienes miedo al encarcelamiento. La gente se siente m\u00e1s libre para adorar dentro de la prisi\u00f3n que afuera.<\/p>\n","protected":false},"excerpt":{"rendered":"<p>El Dr. Berhane pas\u00f3 11 meses en prisi\u00f3n en Eritrea debido a su testimonio cristiano. Lo siguiente ha sido editado y extra\u00eddo de una entrevista del Dr. Berhane con el presentador de VOM Radio, Todd Nettleton. Me encontraba trabajando en el hospital cuando un d\u00eda vino la polic\u00eda secreta y me arrest\u00f3, y me envi\u00f3 a prisi\u00f3n, y estuve all\u00ed 11 meses. En ese entonces (cuando fui arrestado), yo era un nuevo creyente, pero a\u00fan as\u00ed cre\u00eda que mi futuro estaba en manos de Dios. Quer\u00eda usar la oportunidad para compartir el amor de Dios a los guardias de la prisi\u00f3n, a mis compa\u00f1eros prisioneros, los reclusos, y Dios abri\u00f3 esta oportunidad. Todos los d\u00edas aplaud\u00eda y los prisioneros se acercaban y les compart\u00eda el evangelio. Cuando est\u00e1s en prisi\u00f3n lo que ves es acoso; todos te gritan, los prisioneros pelean entre ellos y los guardias no son amables contigo. Pero, si puedes mantener esta paz interna, es gracias a Jes\u00fas. Quieres compartirle esa paz a los guardias y a los prisioneros. Algunas veces, ves a personas siendo tocadas por eso y quieren escuchar m\u00e1s al respecto. De modo que esto me anima para hacer m\u00e1s y m\u00e1s. Algunas personas<\/p>\n","protected":false},"author":4,"featured_media":1984,"comment_status":"closed","ping_status":"closed","sticky":false,"template":"","format":"standard","meta":{"footnotes":""},"categories":[6],"tags":[26],"class_list":["post-622","post","type-post","status-publish","format-standard","has-post-thumbnail","hentry","category-historia","tag-eritrea","","tg-column-two"],"yoast_head":"<!-- This site is optimized with the Yoast SEO plugin v27.5 - https:\/\/yoast.com\/product\/yoast-seo-wordpress\/ -->\n<title>Estar en prisi\u00f3n en Eritrea como creyente: Hablar de Cristo tras las rejas\ufffc - Historias<\/title>\n<meta name=\"description\" content=\"El Dr. Berhane pas\u00f3 11 meses en prisi\u00f3n en Eritrea debido a su testimonio cristiano. Permaneci\u00f3 fiel Dios y a su obra.\" \/>\n<meta name=\"robots\" content=\"index, follow, max-snippet:-1, max-image-preview:large, max-video-preview:-1\" \/>\n<link rel=\"canonical\" href=\"https:\/\/www.persecution.com\/es\/historias\/exprisionero-en-eritrea-comparte-su-testimonio\/\" \/>\n<meta property=\"og:locale\" content=\"es_MX\" \/>\n<meta property=\"og:type\" content=\"article\" \/>\n<meta property=\"og:title\" content=\"Estar en prisi\u00f3n en Eritrea como creyente: Hablar de Cristo tras las rejas\ufffc - Historias\" \/>\n<meta property=\"og:description\" content=\"El Dr. Berhane pas\u00f3 11 meses en prisi\u00f3n en Eritrea debido a su testimonio cristiano. Permaneci\u00f3 fiel Dios y a su obra.\" \/>\n<meta property=\"og:url\" content=\"https:\/\/www.persecution.com\/es\/historias\/exprisionero-en-eritrea-comparte-su-testimonio\/\" \/>\n<meta property=\"og:site_name\" content=\"Historias\" \/>\n<meta property=\"article:published_time\" content=\"2021-06-23T19:08:15+00:00\" \/>\n<meta property=\"article:modified_time\" content=\"2022-03-02T16:34:58+00:00\" \/>\n<meta property=\"og:image\" content=\"https:\/\/assets.persecution.com\/es\/historias\/wp-content\/uploads\/2021\/06\/DSCF0286_pub_Berhane-1-scaled-1.jpg\" \/>\n\t<meta property=\"og:image:width\" content=\"2560\" \/>\n\t<meta property=\"og:image:height\" content=\"1781\" \/>\n\t<meta property=\"og:image:type\" content=\"image\/jpeg\" \/>\n<meta name=\"author\" content=\"vomtechsupport@ncol.com\" \/>\n<meta name=\"twitter:card\" content=\"summary_large_image\" \/>\n<meta name=\"twitter:label1\" content=\"Escrito por\" \/>\n\t<meta name=\"twitter:data1\" content=\"vomtechsupport@ncol.com\" \/>\n\t<meta name=\"twitter:label2\" content=\"Tiempo de lectura\" \/>\n\t<meta name=\"twitter:data2\" content=\"3 minutos\" \/>\n<script type=\"application\/ld+json\" class=\"yoast-schema-graph\">{\"@context\":\"https:\\\/\\\/schema.org\",\"@graph\":[{\"@type\":\"Article\",\"@id\":\"https:\\\/\\\/www.persecution.com\\\/es\\\/historias\\\/exprisionero-en-eritrea-comparte-su-testimonio\\\/#article\",\"isPartOf\":{\"@id\":\"https:\\\/\\\/www.persecution.com\\\/es\\\/historias\\\/exprisionero-en-eritrea-comparte-su-testimonio\\\/\"},\"author\":{\"name\":\"vomtechsupport@ncol.com\",\"@id\":\"https:\\\/\\\/www.persecution.com\\\/es\\\/historias\\\/#\\\/schema\\\/person\\\/84a330c40fa81a990a92a431cd1d79fa\"},\"headline\":\"Estar en prisi\u00f3n en Eritrea como creyente: Hablar de Cristo tras las rejas\ufffc\",\"datePublished\":\"2021-06-23T19:08:15+00:00\",\"dateModified\":\"2022-03-02T16:34:58+00:00\",\"mainEntityOfPage\":{\"@id\":\"https:\\\/\\\/www.persecution.com\\\/es\\\/historias\\\/exprisionero-en-eritrea-comparte-su-testimonio\\\/\"},\"wordCount\":646,\"image\":{\"@id\":\"https:\\\/\\\/www.persecution.com\\\/es\\\/historias\\\/exprisionero-en-eritrea-comparte-su-testimonio\\\/#primaryimage\"},\"thumbnailUrl\":\"https:\\\/\\\/www.persecution.com\\\/es\\\/historias\\\/wp-content\\\/uploads\\\/2021\\\/06\\\/DSCF0286_pub_Berhane-1-scaled-1.jpg\",\"keywords\":[\"Eritrea\"],\"articleSection\":[\"Historia\"],\"inLanguage\":\"es\"},{\"@type\":\"WebPage\",\"@id\":\"https:\\\/\\\/www.persecution.com\\\/es\\\/historias\\\/exprisionero-en-eritrea-comparte-su-testimonio\\\/\",\"url\":\"https:\\\/\\\/www.persecution.com\\\/es\\\/historias\\\/exprisionero-en-eritrea-comparte-su-testimonio\\\/\",\"name\":\"Estar en prisi\u00f3n en Eritrea como creyente: Hablar de Cristo tras las rejas\ufffc - Historias\",\"isPartOf\":{\"@id\":\"https:\\\/\\\/www.persecution.com\\\/es\\\/historias\\\/#website\"},\"primaryImageOfPage\":{\"@id\":\"https:\\\/\\\/www.persecution.com\\\/es\\\/historias\\\/exprisionero-en-eritrea-comparte-su-testimonio\\\/#primaryimage\"},\"image\":{\"@id\":\"https:\\\/\\\/www.persecution.com\\\/es\\\/historias\\\/exprisionero-en-eritrea-comparte-su-testimonio\\\/#primaryimage\"},\"thumbnailUrl\":\"https:\\\/\\\/www.persecution.com\\\/es\\\/historias\\\/wp-content\\\/uploads\\\/2021\\\/06\\\/DSCF0286_pub_Berhane-1-scaled-1.jpg\",\"datePublished\":\"2021-06-23T19:08:15+00:00\",\"dateModified\":\"2022-03-02T16:34:58+00:00\",\"author\":{\"@id\":\"https:\\\/\\\/www.persecution.com\\\/es\\\/historias\\\/#\\\/schema\\\/person\\\/84a330c40fa81a990a92a431cd1d79fa\"},\"description\":\"El Dr. Berhane pas\u00f3 11 meses en prisi\u00f3n en Eritrea debido a su testimonio cristiano. Permaneci\u00f3 fiel Dios y a su obra.\",\"breadcrumb\":{\"@id\":\"https:\\\/\\\/www.persecution.com\\\/es\\\/historias\\\/exprisionero-en-eritrea-comparte-su-testimonio\\\/#breadcrumb\"},\"inLanguage\":\"es\",\"potentialAction\":[{\"@type\":\"ReadAction\",\"target\":[\"https:\\\/\\\/www.persecution.com\\\/es\\\/historias\\\/exprisionero-en-eritrea-comparte-su-testimonio\\\/\"]}]},{\"@type\":\"ImageObject\",\"inLanguage\":\"es\",\"@id\":\"https:\\\/\\\/www.persecution.com\\\/es\\\/historias\\\/exprisionero-en-eritrea-comparte-su-testimonio\\\/#primaryimage\",\"url\":\"https:\\\/\\\/www.persecution.com\\\/es\\\/historias\\\/wp-content\\\/uploads\\\/2021\\\/06\\\/DSCF0286_pub_Berhane-1-scaled-1.jpg\",\"contentUrl\":\"https:\\\/\\\/www.persecution.com\\\/es\\\/historias\\\/wp-content\\\/uploads\\\/2021\\\/06\\\/DSCF0286_pub_Berhane-1-scaled-1.jpg\",\"width\":2560,\"height\":1781,\"caption\":\"young Eritrean girls sitting together\"},{\"@type\":\"BreadcrumbList\",\"@id\":\"https:\\\/\\\/www.persecution.com\\\/es\\\/historias\\\/exprisionero-en-eritrea-comparte-su-testimonio\\\/#breadcrumb\",\"itemListElement\":[{\"@type\":\"ListItem\",\"position\":1,\"name\":\"Inicio\",\"item\":\"https:\\\/\\\/www.persecution.com\\\/es\\\/historias\\\/\"},{\"@type\":\"ListItem\",\"position\":2,\"name\":\"Estar en prisi\u00f3n en Eritrea como creyente: Hablar de Cristo tras las rejas\ufffc\"}]},{\"@type\":\"WebSite\",\"@id\":\"https:\\\/\\\/www.persecution.com\\\/es\\\/historias\\\/#website\",\"url\":\"https:\\\/\\\/www.persecution.com\\\/es\\\/historias\\\/\",\"name\":\"Historias\",\"description\":\"La Voz de los M\u00e1rtires\",\"potentialAction\":[{\"@type\":\"SearchAction\",\"target\":{\"@type\":\"EntryPoint\",\"urlTemplate\":\"https:\\\/\\\/www.persecution.com\\\/es\\\/historias\\\/?s={search_term_string}\"},\"query-input\":{\"@type\":\"PropertyValueSpecification\",\"valueRequired\":true,\"valueName\":\"search_term_string\"}}],\"inLanguage\":\"es\"},{\"@type\":\"Person\",\"@id\":\"https:\\\/\\\/www.persecution.com\\\/es\\\/historias\\\/#\\\/schema\\\/person\\\/84a330c40fa81a990a92a431cd1d79fa\",\"name\":\"vomtechsupport@ncol.com\",\"image\":{\"@type\":\"ImageObject\",\"inLanguage\":\"es\",\"@id\":\"https:\\\/\\\/secure.gravatar.com\\\/avatar\\\/56abf41aaad92dceb4cfa25e0a29cb1f744b86aceb206be3435e6e45da62f65a?s=96&d=mm&r=g\",\"url\":\"https:\\\/\\\/secure.gravatar.com\\\/avatar\\\/56abf41aaad92dceb4cfa25e0a29cb1f744b86aceb206be3435e6e45da62f65a?s=96&d=mm&r=g\",\"contentUrl\":\"https:\\\/\\\/secure.gravatar.com\\\/avatar\\\/56abf41aaad92dceb4cfa25e0a29cb1f744b86aceb206be3435e6e45da62f65a?s=96&d=mm&r=g\",\"caption\":\"vomtechsupport@ncol.com\"},\"url\":\"https:\\\/\\\/www.persecution.com\\\/es\\\/historias\\\/author\\\/vomtechsupportncol-com\\\/\"}]}<\/script>\n<!-- \/ Yoast SEO plugin. -->","yoast_head_json":{"title":"Estar en prisi\u00f3n en Eritrea como creyente: Hablar de Cristo tras las rejas\ufffc - Historias","description":"El Dr. Berhane pas\u00f3 11 meses en prisi\u00f3n en Eritrea debido a su testimonio cristiano. Permaneci\u00f3 fiel Dios y a su obra.","robots":{"index":"index","follow":"follow","max-snippet":"max-snippet:-1","max-image-preview":"max-image-preview:large","max-video-preview":"max-video-preview:-1"},"canonical":"https:\/\/www.persecution.com\/es\/historias\/exprisionero-en-eritrea-comparte-su-testimonio\/","og_locale":"es_MX","og_type":"article","og_title":"Estar en prisi\u00f3n en Eritrea como creyente: Hablar de Cristo tras las rejas\ufffc - Historias","og_description":"El Dr. Berhane pas\u00f3 11 meses en prisi\u00f3n en Eritrea debido a su testimonio cristiano. Permaneci\u00f3 fiel Dios y a su obra.","og_url":"https:\/\/www.persecution.com\/es\/historias\/exprisionero-en-eritrea-comparte-su-testimonio\/","og_site_name":"Historias","article_published_time":"2021-06-23T19:08:15+00:00","article_modified_time":"2022-03-02T16:34:58+00:00","og_image":[{"width":2560,"height":1781,"url":"https:\/\/assets.persecution.com\/es\/historias\/wp-content\/uploads\/2021\/06\/DSCF0286_pub_Berhane-1-scaled-1.jpg","type":"image\/jpeg"}],"author":"vomtechsupport@ncol.com","twitter_card":"summary_large_image","twitter_misc":{"Escrito por":"vomtechsupport@ncol.com","Tiempo de lectura":"3 minutos"},"schema":{"@context":"https:\/\/schema.org","@graph":[{"@type":"Article","@id":"https:\/\/www.persecution.com\/es\/historias\/exprisionero-en-eritrea-comparte-su-testimonio\/#article","isPartOf":{"@id":"https:\/\/www.persecution.com\/es\/historias\/exprisionero-en-eritrea-comparte-su-testimonio\/"},"author":{"name":"vomtechsupport@ncol.com","@id":"https:\/\/www.persecution.com\/es\/historias\/#\/schema\/person\/84a330c40fa81a990a92a431cd1d79fa"},"headline":"Estar en prisi\u00f3n en Eritrea como creyente: Hablar de Cristo tras las rejas\ufffc","datePublished":"2021-06-23T19:08:15+00:00","dateModified":"2022-03-02T16:34:58+00:00","mainEntityOfPage":{"@id":"https:\/\/www.persecution.com\/es\/historias\/exprisionero-en-eritrea-comparte-su-testimonio\/"},"wordCount":646,"image":{"@id":"https:\/\/www.persecution.com\/es\/historias\/exprisionero-en-eritrea-comparte-su-testimonio\/#primaryimage"},"thumbnailUrl":"https:\/\/assets.persecution.com\/es\/historias\/wp-content\/uploads\/2021\/06\/DSCF0286_pub_Berhane-1-scaled-1.jpg","keywords":["Eritrea"],"articleSection":["Historia"],"inLanguage":"es"},{"@type":"WebPage","@id":"https:\/\/www.persecution.com\/es\/historias\/exprisionero-en-eritrea-comparte-su-testimonio\/","url":"https:\/\/www.persecution.com\/es\/historias\/exprisionero-en-eritrea-comparte-su-testimonio\/","name":"Estar en prisi\u00f3n en Eritrea como creyente: Hablar de Cristo tras las rejas\ufffc - Historias","isPartOf":{"@id":"https:\/\/www.persecution.com\/es\/historias\/#website"},"primaryImageOfPage":{"@id":"https:\/\/www.persecution.com\/es\/historias\/exprisionero-en-eritrea-comparte-su-testimonio\/#primaryimage"},"image":{"@id":"https:\/\/www.persecution.com\/es\/historias\/exprisionero-en-eritrea-comparte-su-testimonio\/#primaryimage"},"thumbnailUrl":"https:\/\/assets.persecution.com\/es\/historias\/wp-content\/uploads\/2021\/06\/DSCF0286_pub_Berhane-1-scaled-1.jpg","datePublished":"2021-06-23T19:08:15+00:00","dateModified":"2022-03-02T16:34:58+00:00","author":{"@id":"https:\/\/www.persecution.com\/es\/historias\/#\/schema\/person\/84a330c40fa81a990a92a431cd1d79fa"},"description":"El Dr. Berhane pas\u00f3 11 meses en prisi\u00f3n en Eritrea debido a su testimonio cristiano. Permaneci\u00f3 fiel Dios y a su obra.","breadcrumb":{"@id":"https:\/\/www.persecution.com\/es\/historias\/exprisionero-en-eritrea-comparte-su-testimonio\/#breadcrumb"},"inLanguage":"es","potentialAction":[{"@type":"ReadAction","target":["https:\/\/www.persecution.com\/es\/historias\/exprisionero-en-eritrea-comparte-su-testimonio\/"]}]},{"@type":"ImageObject","inLanguage":"es","@id":"https:\/\/www.persecution.com\/es\/historias\/exprisionero-en-eritrea-comparte-su-testimonio\/#primaryimage","url":"https:\/\/assets.persecution.com\/es\/historias\/wp-content\/uploads\/2021\/06\/DSCF0286_pub_Berhane-1-scaled-1.jpg","contentUrl":"https:\/\/assets.persecution.com\/es\/historias\/wp-content\/uploads\/2021\/06\/DSCF0286_pub_Berhane-1-scaled-1.jpg","width":2560,"height":1781,"caption":"young Eritrean girls sitting together"},{"@type":"BreadcrumbList","@id":"https:\/\/www.persecution.com\/es\/historias\/exprisionero-en-eritrea-comparte-su-testimonio\/#breadcrumb","itemListElement":[{"@type":"ListItem","position":1,"name":"Inicio","item":"https:\/\/www.persecution.com\/es\/historias\/"},{"@type":"ListItem","position":2,"name":"Estar en prisi\u00f3n en Eritrea como creyente: Hablar de Cristo tras las rejas\ufffc"}]},{"@type":"WebSite","@id":"https:\/\/www.persecution.com\/es\/historias\/#website","url":"https:\/\/www.persecution.com\/es\/historias\/","name":"Historias","description":"La Voz de los M\u00e1rtires","potentialAction":[{"@type":"SearchAction","target":{"@type":"EntryPoint","urlTemplate":"https:\/\/www.persecution.com\/es\/historias\/?s={search_term_string}"},"query-input":{"@type":"PropertyValueSpecification","valueRequired":true,"valueName":"search_term_string"}}],"inLanguage":"es"},{"@type":"Person","@id":"https:\/\/www.persecution.com\/es\/historias\/#\/schema\/person\/84a330c40fa81a990a92a431cd1d79fa","name":"vomtechsupport@ncol.com","image":{"@type":"ImageObject","inLanguage":"es","@id":"https:\/\/secure.gravatar.com\/avatar\/56abf41aaad92dceb4cfa25e0a29cb1f744b86aceb206be3435e6e45da62f65a?s=96&d=mm&r=g","url":"https:\/\/secure.gravatar.com\/avatar\/56abf41aaad92dceb4cfa25e0a29cb1f744b86aceb206be3435e6e45da62f65a?s=96&d=mm&r=g","contentUrl":"https:\/\/secure.gravatar.com\/avatar\/56abf41aaad92dceb4cfa25e0a29cb1f744b86aceb206be3435e6e45da62f65a?s=96&d=mm&r=g","caption":"vomtechsupport@ncol.com"},"url":"https:\/\/www.persecution.com\/es\/historias\/author\/vomtechsupportncol-com\/"}]}},"_links":{"self":[{"href":"https:\/\/www.persecution.com\/es\/historias\/wp-json\/wp\/v2\/posts\/622","targetHints":{"allow":["GET"]}}],"collection":[{"href":"https:\/\/www.persecution.com\/es\/historias\/wp-json\/wp\/v2\/posts"}],"about":[{"href":"https:\/\/www.persecution.com\/es\/historias\/wp-json\/wp\/v2\/types\/post"}],"author":[{"embeddable":true,"href":"https:\/\/www.persecution.com\/es\/historias\/wp-json\/wp\/v2\/users\/4"}],"replies":[{"embeddable":true,"href":"https:\/\/www.persecution.com\/es\/historias\/wp-json\/wp\/v2\/comments?post=622"}],"version-history":[{"count":1,"href":"https:\/\/www.persecution.com\/es\/historias\/wp-json\/wp\/v2\/posts\/622\/revisions"}],"predecessor-version":[{"id":3675,"href":"https:\/\/www.persecution.com\/es\/historias\/wp-json\/wp\/v2\/posts\/622\/revisions\/3675"}],"wp:featuredmedia":[{"embeddable":true,"href":"https:\/\/www.persecution.com\/es\/historias\/wp-json\/wp\/v2\/media\/1984"}],"wp:attachment":[{"href":"https:\/\/www.persecution.com\/es\/historias\/wp-json\/wp\/v2\/media?parent=622"}],"wp:term":[{"taxonomy":"category","embeddable":true,"href":"https:\/\/www.persecution.com\/es\/historias\/wp-json\/wp\/v2\/categories?post=622"},{"taxonomy":"post_tag","embeddable":true,"href":"https:\/\/www.persecution.com\/es\/historias\/wp-json\/wp\/v2\/tags?post=622"}],"curies":[{"name":"wp","href":"https:\/\/api.w.org\/{rel}","templated":true}]}}