{"id":5851,"date":"2026-09-04T09:00:00","date_gmt":"2026-09-04T09:00:00","guid":{"rendered":"https:\/\/www.persecution.com\/es\/historias\/?p=5851"},"modified":"2026-09-04T14:20:09","modified_gmt":"2026-09-04T14:20:09","slug":"mazos-excavadoras-y-encarcelamientos-no-detendran-el-evangelio","status":"publish","type":"post","link":"https:\/\/www.persecution.com\/es\/historias\/mazos-excavadoras-y-encarcelamientos-no-detendran-el-evangelio\/","title":{"rendered":"Mazos, excavadoras y encarcelamientos no detendr\u00e1n el Evangelio"},"content":{"rendered":"\n<p class=\"wp-block-paragraph\">En <a href=\"https:\/\/www.persecution.com\/es\/guiadeoracionglobal\/cuba\/?_source_code=WP26GPG2\">Cuba<\/a>, las autoridades llegan sin previo aviso.<\/p>\n\n\n\n<p class=\"wp-block-paragraph\">El 10 de marzo de 2020, un grupo de hombres con mazos apareci\u00f3 en la iglesia del pastor David a las 9 de la ma\u00f1ana. \u201cQuer\u00edan demoler la iglesia y todo lo que hab\u00eda dentro \u2014relat\u00f3\u2014 y [ellos] comenzaron a destruirla con sus mazos de m\u00e1s de 11 kilos. Llegaron a esa hora cuando la iglesia estaba cerrada, esperando que nadie tratara de detenerlos\u201d.<\/p>\n\n\n\n<p class=\"wp-block-paragraph\">Cuando el pastor y otros l\u00edderes de la iglesia se enteraron, corrieron al sitio y lograron detener al grupo antes de que el techo colapsara. David miraba at\u00f3nito el edificio de la iglesia destruido. \u201cImaginen la tristeza que todos ten\u00edamos \u2014explic\u00f3\u2014, despu\u00e9s de muchos a\u00f1os de sacrificio para poder construir una humilde iglesia y c\u00f3mo la hab\u00edan demolido injustamente\u201d.<\/p>\n\n\n\n<p class=\"wp-block-paragraph\">Hace d\u00e9cadas, el l\u00edder revolucionario de <a href=\"https:\/\/www.persecution.com\/es\/guiadeoracionglobal\/cuba\/?_source_code=WP26GPG2\">Cuba<\/a>, Fidel Castro, estableci\u00f3 un gobierno comunista ateo y prometi\u00f3 expulsar la religi\u00f3n de la isla. Pero los l\u00edderes de la iglesia cubana dicen que ha sucedido lo contrario. \u201cHan pasado m\u00e1s de 60 a\u00f1os desde que [Fidel] dijo eso \u2014dijo un l\u00edder de la iglesia\u2014, pero hay cristianos en <a href=\"https:\/\/www.persecution.com\/es\/guiadeoracionglobal\/cuba\/?_source_code=WP26GPG2\">Cuba<\/a>, en muchas escuelas, en c\u00edrculos carcelarios secretos y en cada municipio de <a href=\"https:\/\/www.persecution.com\/es\/guiadeoracionglobal\/cuba\/?_source_code=WP26GPG2\">Cuba<\/a>. De este a oeste, de norte a sur, <a href=\"https:\/\/www.persecution.com\/es\/guiadeoracionglobal\/cuba\/?_source_code=WP26GPG2\">Cuba<\/a> est\u00e1 llena del Evangelio\u201d.<\/p>\n\n\n\n<figure class=\"wp-block-image size-large\"><img loading=\"lazy\" decoding=\"async\" width=\"1024\" height=\"683\" src=\"https:\/\/assets.persecution.com\/es\/historias\/wp-content\/uploads\/2026\/09\/1111-1024x683.jpg\" alt=\"\" class=\"wp-image-5854\" srcset=\"https:\/\/assets.persecution.com\/es\/historias\/wp-content\/uploads\/2026\/09\/1111-1024x683.jpg 1024w, https:\/\/assets.persecution.com\/es\/historias\/wp-content\/uploads\/2026\/09\/1111-300x200.jpg 300w, https:\/\/assets.persecution.com\/es\/historias\/wp-content\/uploads\/2026\/09\/1111-768x512.jpg 768w, https:\/\/assets.persecution.com\/es\/historias\/wp-content\/uploads\/2026\/09\/1111-1536x1024.jpg 1536w, https:\/\/assets.persecution.com\/es\/historias\/wp-content\/uploads\/2026\/09\/1111-2048x1365.jpg 2048w\" sizes=\"auto, (max-width: 1024px) 100vw, 1024px\" \/><\/figure>\n\n\n\n<blockquote style=\"background-image:var(--wp--preset--gradient--electric-grass);\" class=\"wp-block-quote has-black-color has-text-color has-link-color wp-elements-1 is-layout-flow wp-block-quote-is-layout-flow has-background\">\n<p class=\"has-black-color has-text-color has-link-color wp-elements-2 wp-block-paragraph\">&#8220;Los pastores en Cuba est\u00e1n comprometidos a predicar el Evangelio y a cuidar a los seguidores de Cristo a pesar de la opresi\u00f3n comunista&#8221;.<\/p>\n<\/blockquote>\n\n\n\n<p class=\"wp-block-paragraph\">Sin embargo, a medida que aumenta el conocimiento del Evangelio en <a href=\"https:\/\/www.persecution.com\/es\/guiadeoracionglobal\/cuba\/?_source_code=WP26GPG2\">Cuba<\/a>, lo hace tambi\u00e9n el escrutinio del Gobierno. Despu\u00e9s de 17 a\u00f1os de adorar juntos, la iglesia del pastor Faustino, de cien miembros, enfrent\u00f3 en 2021 la misma oposici\u00f3n que la iglesia de David; el Gobierno envi\u00f3 una excavadora para que arrasara completamente con el edificio de la iglesia. Aunque el edificio fue destruido, los miembros de la iglesia continuaron reuni\u00e9ndose cada d\u00eda bajo un techo temporal, con la esperanza de persuadir al Gobierno de cambiar su decisi\u00f3n. Los oficiales de seguridad se enfrentaron a los cristianos diariamente, presion\u00e1ndolos para que se fueran, pero los miembros de la iglesia permanecieron fieles a pesar de que m\u00e1s que nada com\u00edan c\u00e1scaras de arroz.<\/p>\n\n\n\n<p class=\"wp-block-paragraph\">Otros pastores cubanos han enfrentado presiones a\u00fan mayores. Dos han estado encarcelados durante m\u00e1s de un a\u00f1o, y al parecer uno ha sido torturado y tratado como un \u201ccriminal contrarrevolucionario \u201c. Aun as\u00ed, los esfuerzos del Partido Comunista para aplastar iglesias en <a href=\"https:\/\/www.persecution.com\/es\/guiadeoracionglobal\/cuba\/?_source_code=WP26GPG2\">Cuba<\/a> con mazos, excavadoras y encarcelamientos contin\u00faan fracasando.<\/p>\n\n\n\n<p class=\"wp-block-paragraph\">Solo queda el techo del edificio de la iglesia del pastor David, pero los creyentes siguen reuni\u00e9ndose para adorar. Se re\u00fanen en cocheras y cocinas, en campos y debajo de \u00e1rboles. Y bautizan a los nuevos creyentes en el abrevadero que ellos limpian. \u201cA pesar de todo \u2014se\u00f1al\u00f3 David\u2014, la congregaci\u00f3n crece m\u00e1s y m\u00e1s\u201d.<\/p>\n\n\n\n<p class=\"wp-block-paragraph\">Otra pastora, una viuda que lucha por mantener a sus dos hijos adolescentes, desaf\u00eda a las autoridades que la presionan para que detenga sus actividades en la iglesia. \u201cYo exijo que muestren qu\u00e9 ley he violado\u201d, dijo. Dado que las autoridades nunca han citado una ley espec\u00edfica, ella contin\u00faa su trabajo ministerial.<\/p>\n\n\n\n<p class=\"wp-block-paragraph\">Los cristianos cubanos, al igual que esta fiel pastora, piden oraci\u00f3n para que ellos sigan firmes en su fe.<\/p>\n\n\n\n<blockquote style=\"background-image:var(--wp--preset--gradient--electric-grass);\" class=\"wp-block-quote has-black-color has-text-color has-link-color wp-elements-3 is-layout-flow wp-block-quote-is-layout-flow has-background\">\n<p class=\"has-black-color has-text-color has-link-color wp-elements-4 wp-block-paragraph\">&#8220;Cristianos cubanos contin\u00faan con sus servicios de adoraci\u00f3n despu\u00e9s de que las autoridades casi destruyeron el edificio de su iglesia&#8221;.<\/p>\n<\/blockquote>\n\n\n\n<p class=\"wp-block-paragraph\">Un alto funcionario de la ONU le dijo a un pastor que \u00e9l pod\u00eda hablar con el papa, con el presidente de los Estados Unidos y con el l\u00edder de <a href=\"https:\/\/www.persecution.com\/es\/guiadeoracionglobal\/cuba\/?_source_code=WP26GPG2\">Cuba<\/a> en nombre de los cristianos cubanos. \u201c\u00bfQu\u00e9 le gustar\u00eda que les dijera que hagan por la iglesia en <a href=\"https:\/\/www.persecution.com\/es\/guiadeoracionglobal\/cuba\/?_source_code=WP26GPG2\">Cuba<\/a>?\u201d, pregunt\u00f3 el funcionario de la ONU.<\/p>\n\n\n\n<p class=\"wp-block-paragraph\">El pastor respondi\u00f3 que no quieren nada de ellos. \u201cNo pedimos que se elimine la persecuci\u00f3n \u2014le dijo\u2014. Solo queremos que la iglesia ore para que permanezcamos fieles.\u201d<\/p>\n\n\n\n<p class=\"wp-block-paragraph\"><\/p>\n","protected":false},"excerpt":{"rendered":"<p>En Cuba, las autoridades llegan sin previo aviso.<\/p>\n<p>El 10 de marzo de 2020, un grupo de hombres con mazos apareci\u00f3 en la iglesia del pastor David a las 9 de la ma\u00f1ana. \u201cQuer\u00edan demoler la iglesia y todo lo que hab\u00eda dentro \u2014relat\u00f3\u2014 y [ellos] comenzaron a destruirla con sus mazos de m\u00e1s de 11 kilos. Llegaron a esa hora cuando la iglesia estaba cerrada, esperando que nadie tratara de detenerlos\u201d.<\/p>\n","protected":false},"author":12,"featured_media":5852,"comment_status":"closed","ping_status":"closed","sticky":false,"template":"","format":"standard","meta":{"footnotes":""},"categories":[6,79],"tags":[23],"class_list":["post-5851","post","type-post","status-publish","format-standard","has-post-thumbnail","hentry","category-historia","category-oracion","tag-cuba","","tg-column-two"],"yoast_head":"<!-- This site is optimized with the Yoast SEO plugin v28.4 - https:\/\/yoast.com\/product\/yoast-seo-wordpress\/ -->\n<title>Mazos, excavadoras y encarcelamientos no detendr\u00e1n el Evangelio - Historias<\/title>\n<meta name=\"description\" content=\"En Cuba, las autoridades llegan sin previo aviso.El 10 de marzo de 2020, un grupo de hombres con mazos apareci\u00f3 en la iglesia del pastor David a las 9 de la ma\u00f1ana. \u201cQuer\u00edan demoler la iglesia y todo lo que hab\u00eda dentro \u2014relat\u00f3\u2014 y [ellos] comenzaron a destruirla con sus mazos de m\u00e1s de 11 kilos. Llegaron a esa hora cuando la iglesia estaba cerrada, esperando que nadie tratara de detenerlos\u201d.Cuando el pastor y otros l\u00edderes de la iglesia se enteraron, corrieron al sitio y lograron detener al grupo antes de que el techo colapsara. David miraba at\u00f3nito el edificio de la iglesia destruido. \u201cImaginen la tristeza que todos ten\u00edamos \u2014explic\u00f3\u2014, despu\u00e9s de muchos a\u00f1os de sacrificio para poder construir una humilde iglesia y c\u00f3mo la hab\u00edan demolido injustamente\u201d.\" \/>\n<meta name=\"robots\" content=\"index, follow, max-snippet:-1, max-image-preview:large, max-video-preview:-1\" \/>\n<link rel=\"canonical\" href=\"https:\/\/www.persecution.com\/es\/historias\/mazos-excavadoras-y-encarcelamientos-no-detendran-el-evangelio\/\" \/>\n<meta property=\"og:locale\" content=\"es_MX\" \/>\n<meta property=\"og:type\" content=\"article\" \/>\n<meta property=\"og:title\" content=\"Mazos, excavadoras y encarcelamientos no detendr\u00e1n el Evangelio - Historias\" \/>\n<meta property=\"og:description\" content=\"En Cuba, las autoridades llegan sin previo aviso.El 10 de marzo de 2020, un grupo de hombres con mazos apareci\u00f3 en la iglesia del pastor David a las 9 de la ma\u00f1ana. \u201cQuer\u00edan demoler la iglesia y todo lo que hab\u00eda dentro \u2014relat\u00f3\u2014 y [ellos] comenzaron a destruirla con sus mazos de m\u00e1s de 11 kilos. Llegaron a esa hora cuando la iglesia estaba cerrada, esperando que nadie tratara de detenerlos\u201d.Cuando el pastor y otros l\u00edderes de la iglesia se enteraron, corrieron al sitio y lograron detener al grupo antes de que el techo colapsara. David miraba at\u00f3nito el edificio de la iglesia destruido. \u201cImaginen la tristeza que todos ten\u00edamos \u2014explic\u00f3\u2014, despu\u00e9s de muchos a\u00f1os de sacrificio para poder construir una humilde iglesia y c\u00f3mo la hab\u00edan demolido injustamente\u201d.\" \/>\n<meta property=\"og:url\" content=\"https:\/\/www.persecution.com\/es\/historias\/mazos-excavadoras-y-encarcelamientos-no-detendran-el-evangelio\/\" \/>\n<meta property=\"og:site_name\" content=\"Historias\" \/>\n<meta property=\"article:published_time\" content=\"2026-09-04T09:00:00+00:00\" \/>\n<meta property=\"article:modified_time\" content=\"2026-09-04T14:20:09+00:00\" \/>\n<meta property=\"og:image\" content=\"https:\/\/assets.persecution.com\/es\/historias\/wp-content\/uploads\/2026\/08\/CUS202205AY_0023_angled-low_res-scale-4_00x-gigapixel-scaled.jpg\" \/>\n\t<meta property=\"og:image:width\" content=\"2560\" \/>\n\t<meta property=\"og:image:height\" content=\"1572\" \/>\n\t<meta property=\"og:image:type\" content=\"image\/jpeg\" \/>\n<meta name=\"author\" content=\"E Valenzuela\" \/>\n<meta name=\"twitter:card\" content=\"summary_large_image\" \/>\n<meta name=\"twitter:label1\" content=\"Escrito por\" \/>\n\t<meta name=\"twitter:data1\" content=\"E Valenzuela\" \/>\n\t<meta name=\"twitter:label2\" content=\"Tiempo de lectura\" \/>\n\t<meta name=\"twitter:data2\" content=\"4 minutos\" \/>\n<script type=\"application\/ld+json\" class=\"yoast-schema-graph\">{\"@context\":\"https:\\\/\\\/schema.org\",\"@graph\":[{\"@type\":\"Article\",\"@id\":\"https:\\\/\\\/www.persecution.com\\\/es\\\/historias\\\/mazos-excavadoras-y-encarcelamientos-no-detendran-el-evangelio\\\/#article\",\"isPartOf\":{\"@id\":\"https:\\\/\\\/www.persecution.com\\\/es\\\/historias\\\/mazos-excavadoras-y-encarcelamientos-no-detendran-el-evangelio\\\/\"},\"author\":{\"name\":\"E Valenzuela\",\"@id\":\"https:\\\/\\\/www.persecution.com\\\/es\\\/historias\\\/#\\\/schema\\\/person\\\/ae000ea52969cef1249f5afb05ccb961\"},\"headline\":\"Mazos, excavadoras y encarcelamientos no detendr\u00e1n el Evangelio\",\"datePublished\":\"2026-09-04T09:00:00+00:00\",\"dateModified\":\"2026-09-04T14:20:09+00:00\",\"mainEntityOfPage\":{\"@id\":\"https:\\\/\\\/www.persecution.com\\\/es\\\/historias\\\/mazos-excavadoras-y-encarcelamientos-no-detendran-el-evangelio\\\/\"},\"wordCount\":695,\"image\":{\"@id\":\"https:\\\/\\\/www.persecution.com\\\/es\\\/historias\\\/mazos-excavadoras-y-encarcelamientos-no-detendran-el-evangelio\\\/#primaryimage\"},\"thumbnailUrl\":\"https:\\\/\\\/www.persecution.com\\\/es\\\/historias\\\/wp-content\\\/uploads\\\/2026\\\/08\\\/CUS202205AY_0023_angled-low_res-scale-4_00x-gigapixel-scaled.jpg\",\"keywords\":[\"Cuba\"],\"articleSection\":[\"Historia\",\"Oraci\u00f3n\"],\"inLanguage\":\"es\"},{\"@type\":\"WebPage\",\"@id\":\"https:\\\/\\\/www.persecution.com\\\/es\\\/historias\\\/mazos-excavadoras-y-encarcelamientos-no-detendran-el-evangelio\\\/\",\"url\":\"https:\\\/\\\/www.persecution.com\\\/es\\\/historias\\\/mazos-excavadoras-y-encarcelamientos-no-detendran-el-evangelio\\\/\",\"name\":\"Mazos, excavadoras y encarcelamientos no detendr\u00e1n el Evangelio - Historias\",\"isPartOf\":{\"@id\":\"https:\\\/\\\/www.persecution.com\\\/es\\\/historias\\\/#website\"},\"primaryImageOfPage\":{\"@id\":\"https:\\\/\\\/www.persecution.com\\\/es\\\/historias\\\/mazos-excavadoras-y-encarcelamientos-no-detendran-el-evangelio\\\/#primaryimage\"},\"image\":{\"@id\":\"https:\\\/\\\/www.persecution.com\\\/es\\\/historias\\\/mazos-excavadoras-y-encarcelamientos-no-detendran-el-evangelio\\\/#primaryimage\"},\"thumbnailUrl\":\"https:\\\/\\\/www.persecution.com\\\/es\\\/historias\\\/wp-content\\\/uploads\\\/2026\\\/08\\\/CUS202205AY_0023_angled-low_res-scale-4_00x-gigapixel-scaled.jpg\",\"datePublished\":\"2026-09-04T09:00:00+00:00\",\"dateModified\":\"2026-09-04T14:20:09+00:00\",\"author\":{\"@id\":\"https:\\\/\\\/www.persecution.com\\\/es\\\/historias\\\/#\\\/schema\\\/person\\\/ae000ea52969cef1249f5afb05ccb961\"},\"description\":\"En Cuba, las autoridades llegan sin previo aviso.El 10 de marzo de 2020, un grupo de hombres con mazos apareci\u00f3 en la iglesia del pastor David a las 9 de la ma\u00f1ana. \u201cQuer\u00edan demoler la iglesia y todo lo que hab\u00eda dentro \u2014relat\u00f3\u2014 y [ellos] comenzaron a destruirla con sus mazos de m\u00e1s de 11 kilos. Llegaron a esa hora cuando la iglesia estaba cerrada, esperando que nadie tratara de detenerlos\u201d.Cuando el pastor y otros l\u00edderes de la iglesia se enteraron, corrieron al sitio y lograron detener al grupo antes de que el techo colapsara. David miraba at\u00f3nito el edificio de la iglesia destruido. \u201cImaginen la tristeza que todos ten\u00edamos \u2014explic\u00f3\u2014, despu\u00e9s de muchos a\u00f1os de sacrificio para poder construir una humilde iglesia y c\u00f3mo la hab\u00edan demolido injustamente\u201d.\",\"breadcrumb\":{\"@id\":\"https:\\\/\\\/www.persecution.com\\\/es\\\/historias\\\/mazos-excavadoras-y-encarcelamientos-no-detendran-el-evangelio\\\/#breadcrumb\"},\"inLanguage\":\"es\",\"potentialAction\":[{\"@type\":\"ReadAction\",\"target\":[\"https:\\\/\\\/www.persecution.com\\\/es\\\/historias\\\/mazos-excavadoras-y-encarcelamientos-no-detendran-el-evangelio\\\/\"]}]},{\"@type\":\"ImageObject\",\"inLanguage\":\"es\",\"@id\":\"https:\\\/\\\/www.persecution.com\\\/es\\\/historias\\\/mazos-excavadoras-y-encarcelamientos-no-detendran-el-evangelio\\\/#primaryimage\",\"url\":\"https:\\\/\\\/www.persecution.com\\\/es\\\/historias\\\/wp-content\\\/uploads\\\/2026\\\/08\\\/CUS202205AY_0023_angled-low_res-scale-4_00x-gigapixel-scaled.jpg\",\"contentUrl\":\"https:\\\/\\\/www.persecution.com\\\/es\\\/historias\\\/wp-content\\\/uploads\\\/2026\\\/08\\\/CUS202205AY_0023_angled-low_res-scale-4_00x-gigapixel-scaled.jpg\",\"width\":2560,\"height\":1572},{\"@type\":\"BreadcrumbList\",\"@id\":\"https:\\\/\\\/www.persecution.com\\\/es\\\/historias\\\/mazos-excavadoras-y-encarcelamientos-no-detendran-el-evangelio\\\/#breadcrumb\",\"itemListElement\":[{\"@type\":\"ListItem\",\"position\":1,\"name\":\"Inicio\",\"item\":\"https:\\\/\\\/www.persecution.com\\\/es\\\/historias\\\/\"},{\"@type\":\"ListItem\",\"position\":2,\"name\":\"Mazos, excavadoras y encarcelamientos no detendr\u00e1n el Evangelio\"}]},{\"@type\":\"WebSite\",\"@id\":\"https:\\\/\\\/www.persecution.com\\\/es\\\/historias\\\/#website\",\"url\":\"https:\\\/\\\/www.persecution.com\\\/es\\\/historias\\\/\",\"name\":\"Historias\",\"description\":\"La Voz de los M\u00e1rtires\",\"potentialAction\":[{\"@type\":\"SearchAction\",\"target\":{\"@type\":\"EntryPoint\",\"urlTemplate\":\"https:\\\/\\\/www.persecution.com\\\/es\\\/historias\\\/?s={search_term_string}\"},\"query-input\":{\"@type\":\"PropertyValueSpecification\",\"valueRequired\":true,\"valueName\":\"search_term_string\"}}],\"inLanguage\":\"es\"},{\"@type\":\"Person\",\"@id\":\"https:\\\/\\\/www.persecution.com\\\/es\\\/historias\\\/#\\\/schema\\\/person\\\/ae000ea52969cef1249f5afb05ccb961\",\"name\":\"E Valenzuela\",\"image\":{\"@type\":\"ImageObject\",\"inLanguage\":\"es\",\"@id\":\"https:\\\/\\\/secure.gravatar.com\\\/avatar\\\/72e02a942ef259240205425b9749482f07b1b2fb64225b038b4531b157d191a7?s=96&d=mm&r=g\",\"url\":\"https:\\\/\\\/secure.gravatar.com\\\/avatar\\\/72e02a942ef259240205425b9749482f07b1b2fb64225b038b4531b157d191a7?s=96&d=mm&r=g\",\"contentUrl\":\"https:\\\/\\\/secure.gravatar.com\\\/avatar\\\/72e02a942ef259240205425b9749482f07b1b2fb64225b038b4531b157d191a7?s=96&d=mm&r=g\",\"caption\":\"E Valenzuela\"},\"url\":\"https:\\\/\\\/www.persecution.com\\\/es\\\/historias\\\/author\\\/evalenzuelavom-org\\\/\"}]}<\/script>\n<!-- \/ Yoast SEO plugin. -->","yoast_head_json":{"title":"Mazos, excavadoras y encarcelamientos no detendr\u00e1n el Evangelio - Historias","description":"En Cuba, las autoridades llegan sin previo aviso.El 10 de marzo de 2020, un grupo de hombres con mazos apareci\u00f3 en la iglesia del pastor David a las 9 de la ma\u00f1ana. \u201cQuer\u00edan demoler la iglesia y todo lo que hab\u00eda dentro \u2014relat\u00f3\u2014 y [ellos] comenzaron a destruirla con sus mazos de m\u00e1s de 11 kilos. Llegaron a esa hora cuando la iglesia estaba cerrada, esperando que nadie tratara de detenerlos\u201d.Cuando el pastor y otros l\u00edderes de la iglesia se enteraron, corrieron al sitio y lograron detener al grupo antes de que el techo colapsara. David miraba at\u00f3nito el edificio de la iglesia destruido. \u201cImaginen la tristeza que todos ten\u00edamos \u2014explic\u00f3\u2014, despu\u00e9s de muchos a\u00f1os de sacrificio para poder construir una humilde iglesia y c\u00f3mo la hab\u00edan demolido injustamente\u201d.","robots":{"index":"index","follow":"follow","max-snippet":"max-snippet:-1","max-image-preview":"max-image-preview:large","max-video-preview":"max-video-preview:-1"},"canonical":"https:\/\/www.persecution.com\/es\/historias\/mazos-excavadoras-y-encarcelamientos-no-detendran-el-evangelio\/","og_locale":"es_MX","og_type":"article","og_title":"Mazos, excavadoras y encarcelamientos no detendr\u00e1n el Evangelio - Historias","og_description":"En Cuba, las autoridades llegan sin previo aviso.El 10 de marzo de 2020, un grupo de hombres con mazos apareci\u00f3 en la iglesia del pastor David a las 9 de la ma\u00f1ana. \u201cQuer\u00edan demoler la iglesia y todo lo que hab\u00eda dentro \u2014relat\u00f3\u2014 y [ellos] comenzaron a destruirla con sus mazos de m\u00e1s de 11 kilos. Llegaron a esa hora cuando la iglesia estaba cerrada, esperando que nadie tratara de detenerlos\u201d.Cuando el pastor y otros l\u00edderes de la iglesia se enteraron, corrieron al sitio y lograron detener al grupo antes de que el techo colapsara. David miraba at\u00f3nito el edificio de la iglesia destruido. \u201cImaginen la tristeza que todos ten\u00edamos \u2014explic\u00f3\u2014, despu\u00e9s de muchos a\u00f1os de sacrificio para poder construir una humilde iglesia y c\u00f3mo la hab\u00edan demolido injustamente\u201d.","og_url":"https:\/\/www.persecution.com\/es\/historias\/mazos-excavadoras-y-encarcelamientos-no-detendran-el-evangelio\/","og_site_name":"Historias","article_published_time":"2026-09-04T09:00:00+00:00","article_modified_time":"2026-09-04T14:20:09+00:00","og_image":[{"width":2560,"height":1572,"url":"https:\/\/assets.persecution.com\/es\/historias\/wp-content\/uploads\/2026\/08\/CUS202205AY_0023_angled-low_res-scale-4_00x-gigapixel-scaled.jpg","type":"image\/jpeg"}],"author":"E Valenzuela","twitter_card":"summary_large_image","twitter_misc":{"Escrito por":"E Valenzuela","Tiempo de lectura":"4 minutos"},"schema":{"@context":"https:\/\/schema.org","@graph":[{"@type":"Article","@id":"https:\/\/www.persecution.com\/es\/historias\/mazos-excavadoras-y-encarcelamientos-no-detendran-el-evangelio\/#article","isPartOf":{"@id":"https:\/\/www.persecution.com\/es\/historias\/mazos-excavadoras-y-encarcelamientos-no-detendran-el-evangelio\/"},"author":{"name":"E Valenzuela","@id":"https:\/\/www.persecution.com\/es\/historias\/#\/schema\/person\/ae000ea52969cef1249f5afb05ccb961"},"headline":"Mazos, excavadoras y encarcelamientos no detendr\u00e1n el Evangelio","datePublished":"2026-09-04T09:00:00+00:00","dateModified":"2026-09-04T14:20:09+00:00","mainEntityOfPage":{"@id":"https:\/\/www.persecution.com\/es\/historias\/mazos-excavadoras-y-encarcelamientos-no-detendran-el-evangelio\/"},"wordCount":695,"image":{"@id":"https:\/\/www.persecution.com\/es\/historias\/mazos-excavadoras-y-encarcelamientos-no-detendran-el-evangelio\/#primaryimage"},"thumbnailUrl":"https:\/\/assets.persecution.com\/es\/historias\/wp-content\/uploads\/2026\/08\/CUS202205AY_0023_angled-low_res-scale-4_00x-gigapixel-scaled.jpg","keywords":["Cuba"],"articleSection":["Historia","Oraci\u00f3n"],"inLanguage":"es"},{"@type":"WebPage","@id":"https:\/\/www.persecution.com\/es\/historias\/mazos-excavadoras-y-encarcelamientos-no-detendran-el-evangelio\/","url":"https:\/\/www.persecution.com\/es\/historias\/mazos-excavadoras-y-encarcelamientos-no-detendran-el-evangelio\/","name":"Mazos, excavadoras y encarcelamientos no detendr\u00e1n el Evangelio - Historias","isPartOf":{"@id":"https:\/\/www.persecution.com\/es\/historias\/#website"},"primaryImageOfPage":{"@id":"https:\/\/www.persecution.com\/es\/historias\/mazos-excavadoras-y-encarcelamientos-no-detendran-el-evangelio\/#primaryimage"},"image":{"@id":"https:\/\/www.persecution.com\/es\/historias\/mazos-excavadoras-y-encarcelamientos-no-detendran-el-evangelio\/#primaryimage"},"thumbnailUrl":"https:\/\/assets.persecution.com\/es\/historias\/wp-content\/uploads\/2026\/08\/CUS202205AY_0023_angled-low_res-scale-4_00x-gigapixel-scaled.jpg","datePublished":"2026-09-04T09:00:00+00:00","dateModified":"2026-09-04T14:20:09+00:00","author":{"@id":"https:\/\/www.persecution.com\/es\/historias\/#\/schema\/person\/ae000ea52969cef1249f5afb05ccb961"},"description":"En Cuba, las autoridades llegan sin previo aviso.El 10 de marzo de 2020, un grupo de hombres con mazos apareci\u00f3 en la iglesia del pastor David a las 9 de la ma\u00f1ana. \u201cQuer\u00edan demoler la iglesia y todo lo que hab\u00eda dentro \u2014relat\u00f3\u2014 y [ellos] comenzaron a destruirla con sus mazos de m\u00e1s de 11 kilos. Llegaron a esa hora cuando la iglesia estaba cerrada, esperando que nadie tratara de detenerlos\u201d.Cuando el pastor y otros l\u00edderes de la iglesia se enteraron, corrieron al sitio y lograron detener al grupo antes de que el techo colapsara. David miraba at\u00f3nito el edificio de la iglesia destruido. \u201cImaginen la tristeza que todos ten\u00edamos \u2014explic\u00f3\u2014, despu\u00e9s de muchos a\u00f1os de sacrificio para poder construir una humilde iglesia y c\u00f3mo la hab\u00edan demolido injustamente\u201d.","breadcrumb":{"@id":"https:\/\/www.persecution.com\/es\/historias\/mazos-excavadoras-y-encarcelamientos-no-detendran-el-evangelio\/#breadcrumb"},"inLanguage":"es","potentialAction":[{"@type":"ReadAction","target":["https:\/\/www.persecution.com\/es\/historias\/mazos-excavadoras-y-encarcelamientos-no-detendran-el-evangelio\/"]}]},{"@type":"ImageObject","inLanguage":"es","@id":"https:\/\/www.persecution.com\/es\/historias\/mazos-excavadoras-y-encarcelamientos-no-detendran-el-evangelio\/#primaryimage","url":"https:\/\/assets.persecution.com\/es\/historias\/wp-content\/uploads\/2026\/08\/CUS202205AY_0023_angled-low_res-scale-4_00x-gigapixel-scaled.jpg","contentUrl":"https:\/\/assets.persecution.com\/es\/historias\/wp-content\/uploads\/2026\/08\/CUS202205AY_0023_angled-low_res-scale-4_00x-gigapixel-scaled.jpg","width":2560,"height":1572},{"@type":"BreadcrumbList","@id":"https:\/\/www.persecution.com\/es\/historias\/mazos-excavadoras-y-encarcelamientos-no-detendran-el-evangelio\/#breadcrumb","itemListElement":[{"@type":"ListItem","position":1,"name":"Inicio","item":"https:\/\/www.persecution.com\/es\/historias\/"},{"@type":"ListItem","position":2,"name":"Mazos, excavadoras y encarcelamientos no detendr\u00e1n el Evangelio"}]},{"@type":"WebSite","@id":"https:\/\/www.persecution.com\/es\/historias\/#website","url":"https:\/\/www.persecution.com\/es\/historias\/","name":"Historias","description":"La Voz de los M\u00e1rtires","potentialAction":[{"@type":"SearchAction","target":{"@type":"EntryPoint","urlTemplate":"https:\/\/www.persecution.com\/es\/historias\/?s={search_term_string}"},"query-input":{"@type":"PropertyValueSpecification","valueRequired":true,"valueName":"search_term_string"}}],"inLanguage":"es"},{"@type":"Person","@id":"https:\/\/www.persecution.com\/es\/historias\/#\/schema\/person\/ae000ea52969cef1249f5afb05ccb961","name":"E Valenzuela","image":{"@type":"ImageObject","inLanguage":"es","@id":"https:\/\/secure.gravatar.com\/avatar\/72e02a942ef259240205425b9749482f07b1b2fb64225b038b4531b157d191a7?s=96&d=mm&r=g","url":"https:\/\/secure.gravatar.com\/avatar\/72e02a942ef259240205425b9749482f07b1b2fb64225b038b4531b157d191a7?s=96&d=mm&r=g","contentUrl":"https:\/\/secure.gravatar.com\/avatar\/72e02a942ef259240205425b9749482f07b1b2fb64225b038b4531b157d191a7?s=96&d=mm&r=g","caption":"E Valenzuela"},"url":"https:\/\/www.persecution.com\/es\/historias\/author\/evalenzuelavom-org\/"}]}},"_links":{"self":[{"href":"https:\/\/www.persecution.com\/es\/historias\/wp-json\/wp\/v2\/posts\/5851","targetHints":{"allow":["GET"]}}],"collection":[{"href":"https:\/\/www.persecution.com\/es\/historias\/wp-json\/wp\/v2\/posts"}],"about":[{"href":"https:\/\/www.persecution.com\/es\/historias\/wp-json\/wp\/v2\/types\/post"}],"author":[{"embeddable":true,"href":"https:\/\/www.persecution.com\/es\/historias\/wp-json\/wp\/v2\/users\/12"}],"replies":[{"embeddable":true,"href":"https:\/\/www.persecution.com\/es\/historias\/wp-json\/wp\/v2\/comments?post=5851"}],"version-history":[{"count":3,"href":"https:\/\/www.persecution.com\/es\/historias\/wp-json\/wp\/v2\/posts\/5851\/revisions"}],"predecessor-version":[{"id":5886,"href":"https:\/\/www.persecution.com\/es\/historias\/wp-json\/wp\/v2\/posts\/5851\/revisions\/5886"}],"wp:featuredmedia":[{"embeddable":true,"href":"https:\/\/www.persecution.com\/es\/historias\/wp-json\/wp\/v2\/media\/5852"}],"wp:attachment":[{"href":"https:\/\/www.persecution.com\/es\/historias\/wp-json\/wp\/v2\/media?parent=5851"}],"wp:term":[{"taxonomy":"category","embeddable":true,"href":"https:\/\/www.persecution.com\/es\/historias\/wp-json\/wp\/v2\/categories?post=5851"},{"taxonomy":"post_tag","embeddable":true,"href":"https:\/\/www.persecution.com\/es\/historias\/wp-json\/wp\/v2\/tags?post=5851"}],"curies":[{"name":"wp","href":"https:\/\/api.w.org\/{rel}","templated":true}]}}