{"id":5700,"date":"2026-05-01T09:00:00","date_gmt":"2026-05-01T09:00:00","guid":{"rendered":"https:\/\/www.persecution.com\/es\/historias\/?p=5700"},"modified":"2026-04-28T14:11:43","modified_gmt":"2026-04-28T14:11:43","slug":"el-dia-en-que-la-oscuridad-se-levanto","status":"publish","type":"post","link":"https:\/\/www.persecution.com\/es\/historias\/el-dia-en-que-la-oscuridad-se-levanto\/","title":{"rendered":"El d\u00eda en que la oscuridad se levant\u00f3"},"content":{"rendered":"\n<p>La oscuridad parec\u00eda apoderarse de la familia de Yashodha en <a href=\"https:\/\/www.persecution.com\/es\/guiadeoracionglobal\/nepal\/?_source_code=WP26GPG2\">Nepal<\/a> cuando ella ten\u00eda 6 a\u00f1os. Fue cuando se mudaron a un gran templo hind\u00fa en una ciudad cercana, donde su padre fue contratado para mantener y limpiar. En su extra\u00f1o nuevo hogar, Yashodha y su hermano menor, Paras, adoraban con frecuencia ante los \u00eddolos del templo durante horas. \u201cCuando est\u00e1bamos en el templo, sol\u00edamos despertarnos a las 3 de la ma\u00f1ana \u2014record\u00f3\u2014. Si no nos despert\u00e1bamos, el sacerdote ven\u00eda a nosotros y nos echaba agua fr\u00eda. Eso fue bastante dif\u00edcil\u201d.<\/p>\n\n\n\n<p>Dos a\u00f1os despu\u00e9s de mudarse al templo, el padre de Yashodha comenz\u00f3 a tener episodios similares a una convulsi\u00f3n, temblaba tan violentamente que a veces derribaba cosas. Eventualmente, Yashodha comenz\u00f3 a experimentar convulsiones similares, y Paras tambi\u00e9n batall\u00f3 con enfermedades. Sus problemas de salud continuaron despu\u00e9s de dejar el templo y regresar a su aldea, provocando que algunos aldeanos preguntaran abiertamente si la familia hab\u00eda recibido una maldici\u00f3n.<\/p>\n\n\n\n<p>La teor\u00eda de los aldeanos se fortaleci\u00f3 cuando el padre de Yashodha se rompi\u00f3 varios huesos al caer de un \u00e1rbol mientras cortaba le\u00f1a. Los aldeanos ten\u00edan miedo de ayudarlo, temiendo que tambi\u00e9n pudieran ser maldecidos. \u201cTodos en mi familia lloraban \u2014dijo Yashodha\u2014. Nadie vino a ayudar a mi familia\u201d.<\/p>\n\n\n\n<p>Pero cuando Yashodha ten\u00eda 10 a\u00f1os, recibi\u00f3 de un extra\u00f1o un regalo que le cambi\u00f3 la vida.<\/p>\n\n\n\n<p class=\"has-vivid-cyan-blue-color has-text-color has-link-color has-medium-font-size wp-elements-07cebc44ec0109dfc717e6944b7d4c3e\"><strong>Esperanza y sanidad<\/strong><\/p>\n\n\n\n<p>Un d\u00eda, mientras Yashodha estaba afuera de su escuela, una joven que se alojaba en una casa de hu\u00e9spedes cercana se aproxim\u00f3 caminando y comenz\u00f3 a hablar con ella. La mujer, que era una misionera extranjera, le habl\u00f3 de Jesucristo.<\/p>\n\n\n\n<p>\u201cElla comparti\u00f3 que Jes\u00fas es real y que es un Dios muy bueno \u2014dijo Yashodha\u2014. Cuando me dijo eso, pens\u00e9 que era un buen momento para compartir mis problemas con ella\u201d.<\/p>\n\n\n\n<p>Al enterarse de los problemas que Yashodha y su familia hab\u00edan sufrido, la mujer consol\u00f3 a Yashodha y le ofreci\u00f3 una Biblia en lenguaje nepal\u00ed. Queriendo mejorar su ingl\u00e9s, Yashodha le pidi\u00f3 una Biblia en ingl\u00e9s, que la misionera le dio con gusto.<\/p>\n\n\n\n<p>Si bien las Biblias son legales en <a href=\"https:\/\/www.persecution.com\/es\/guiadeoracionglobal\/nepal\/?_source_code=WP26GPG2\">Nepal<\/a>, muchas personas no pueden costearlas y la distribuci\u00f3n es dif\u00edcil en las \u00e1reas monta\u00f1osas y remotas de <a href=\"https:\/\/www.persecution.com\/es\/guiadeoracionglobal\/nepal\/?_source_code=WP26GPG2\">Nepal<\/a>.<\/p>\n\n\n\n<p>Yashodha atesoraba su Biblia nueva. Se llev\u00f3 la Biblia a casa y la le\u00eda en secreto por las noches. Las palabras de Cristo, impresas en tinta roja, eran especialmente atractivas para ella. Despu\u00e9s de leer las palabras de Jes\u00fas en Mateo 6: \u201cno os afan\u00e9is por el d\u00eda de ma\u00f1ana, porque el d\u00eda de ma\u00f1ana traer\u00e1 su af\u00e1n\u201d, ella puso su fe en Cristo.<\/p>\n\n\n\n<p>\u201cCuando ve\u00eda la condici\u00f3n de mi padre, no sab\u00eda c\u00f3mo podr\u00edamos resolver sus problemas \u2014dijo\u2014. Y al leer estos vers\u00edculos, me di cuenta de que solo Dios resuelve nuestros problemas. Solo \u00c9l es nuestra fuerza\u201d.<\/p>\n\n\n\n<p>Yashodha le\u00eda su Biblia cada d\u00eda, y dos meses despu\u00e9s le pregunt\u00f3 a la misionera si pod\u00eda ir con ella a la iglesia. El s\u00e1bado siguiente, el d\u00eda en que los cristianos nepal\u00edes suelen adorar, la misionera y un amigo nepal\u00ed llevaron a Yashodha a un servicio en una iglesia lejos de su aldea.<\/p>\n\n\n\n<blockquote class=\"wp-block-quote has-black-color has-electric-grass-gradient-background has-text-color has-background has-link-color wp-elements-4145feeaf18dbde8d45a3cfc85b38bee is-layout-flow wp-block-quote-is-layout-flow\">\n<p class=\"has-black-color has-text-color has-link-color wp-elements-4eb41b0ae5098bbadf8960f23dee5471\">&#8220;Habr\u00e1 muchas dificultades en nuestra vida, pero no importar\u00e1. Lo que importa es &#8216;si estamos buscando el rostro de Cristo'&#8221;<\/p>\n<\/blockquote>\n\n\n\n<p>Cuando el pastor pregunt\u00f3 por peticiones de oraci\u00f3n, Yashodha titube\u00f3. Pero una mujer nepal\u00ed de la congregaci\u00f3n que conoc\u00eda los problemas de salud de su padre pidi\u00f3 oraci\u00f3n por \u00e9l y por la familia de Yashodha. \u201cCuando ella comparti\u00f3 sobre mi familia \u2013dijo Yashodha\u2014, entonces comenc\u00e9 a llorar. Todos vinieron y me dieron \u00e1nimo\u201d.<\/p>\n\n\n\n<p>Finalmente, Yashodha comenz\u00f3 a contarle a su familia lo que estaba aprendiendo en la iglesia acerca de Dios y de la Biblia. Y una ma\u00f1ana, un par de meses despu\u00e9s, su familia decidi\u00f3 acompa\u00f1arla a la iglesia. \u201cTodos oraron por nuestra familia\u201d, dijo.<\/p>\n\n\n\n<p>Poco despu\u00e9s de asistir al servicio, el padre de Yashodha busc\u00f3 atenci\u00f3n m\u00e9dica en lugar de depender de los sacerdotes hind\u00faes. Estuvo hospitalizado durante varias semanas, y las crecientes facturas m\u00e9dicas se convirtieron en una gran preocupaci\u00f3n.<\/p>\n\n\n\n<p>\u201cEst\u00e1bamos preocupados por nuestro futuro, y las circunstancias de nuestra familia eran muy dif\u00edciles \u2014dijo Yashodha\u2014, pero cuando le\u00edamos [la Biblia] no est\u00e1bamos preocupados. Era la Palabra transformadora del Se\u00f1or para nuestra vida en ese momento\u201d.<\/p>\n\n\n\n<p>Mientras la familia continuaba leyendo la Palabra de Dios, el hermano de Yashodha, Paras, buscaba desesperadamente la sanidad de su enfermedad cr\u00f3nica. Una noche or\u00f3 cada dos horas para que Dios lo sanara, y al d\u00eda siguiente experiment\u00f3 paz y sanidad. \u201cDesde ese d\u00eda \u2014dijo Paras, ahora de 16 a\u00f1os\u2014, he cre\u00eddo en el nombre de Jes\u00fas\u201d.<\/p>\n\n\n\n<figure class=\"wp-block-image size-large\"><img loading=\"lazy\" decoding=\"async\" width=\"1024\" height=\"682\" src=\"https:\/\/assets.persecution.com\/es\/historias\/wp-content\/uploads\/2026\/04\/April-mag-pg-11-1024x682.jpg\" alt=\"\" class=\"wp-image-5703\" srcset=\"https:\/\/assets.persecution.com\/es\/historias\/wp-content\/uploads\/2026\/04\/April-mag-pg-11-1024x682.jpg 1024w, https:\/\/assets.persecution.com\/es\/historias\/wp-content\/uploads\/2026\/04\/April-mag-pg-11-300x200.jpg 300w, https:\/\/assets.persecution.com\/es\/historias\/wp-content\/uploads\/2026\/04\/April-mag-pg-11-768x511.jpg 768w, https:\/\/assets.persecution.com\/es\/historias\/wp-content\/uploads\/2026\/04\/April-mag-pg-11-1536x1023.jpg 1536w, https:\/\/assets.persecution.com\/es\/historias\/wp-content\/uploads\/2026\/04\/April-mag-pg-11-2048x1364.jpg 2048w\" sizes=\"auto, (max-width: 1024px) 100vw, 1024px\" \/><\/figure>\n\n\n\n<details class=\"wp-block-details is-layout-flow wp-block-details-is-layout-flow\"><summary>Mientras vivieron en un templo hind\u00fa, la familia de Yashodha se sent\u00eda abrumada por la oscuridad. Entonces la luz de Cristo los liber\u00f3.<\/summary>\n<p><\/p>\n<\/details>\n\n\n\n<p>Para cuando el padre de Yashodha y Paras regres\u00f3 a casa despu\u00e9s de semanas de atenci\u00f3n m\u00e9dica, los cuatro miembros de la familia hab\u00edan llegado a la fe en Cristo. Se convirtieron en la primera familia cristiana en su aldea hind\u00fa.<\/p>\n\n\n\n<p class=\"has-vivid-cyan-blue-color has-text-color has-link-color has-medium-font-size wp-elements-0de19729544d5183891e581dd5db6060\"><strong>Persecuci\u00f3n duradera<\/strong><\/p>\n\n\n\n<p>A medida que se corri\u00f3 la voz de que la familia de Yashodha se hab\u00eda hecho cristiana, los aldeanos se burlaban de ellos llam\u00e1ndolos \u201ccomevacas\u201d y acus\u00e1ndolos de aceptar dinero de misioneros extranjeros para convertirse. Luego, los l\u00edderes de la aldea les prohibieron usar el suministro de agua de la comunidad.<\/p>\n\n\n\n<p>El t\u00edo de Yashodha estaba muy descontento con la nueva fe cristiana de la familia. As\u00ed que, a trav\u00e9s de conexiones personales con la polic\u00eda, hizo que los arrestaran. Cuando los aldeanos escucharon lo que hab\u00eda hecho, una multitud se reuni\u00f3 fuera de la estaci\u00f3n de polic\u00eda para ver qu\u00e9 pasar\u00eda. \u201cTuvimos un poco de miedo cuando vimos a la multitud \u2014dijo Yashodha\u2014. Los cuatro nos sentamos juntos y oramos\u201d.<\/p>\n\n\n\n<p>Sin embargo, una vez que la polic\u00eda interrog\u00f3 a la familia, decidieron que no hab\u00edan hecho nada malo y los liberaron.<\/p>\n\n\n\n<p>Dado que la familia de Yashodha enfrent\u00f3 una creciente presi\u00f3n de la comunidad, alquilaron una habitaci\u00f3n en otra ciudad durante unos meses. Libres del acoso diario de los vecinos, estudiaban juntos la Palabra de Dios y crec\u00edan en la fe. Incluso comenzaron a compartir su fe con otros, llevando a m\u00e1s de 20 personas a Cristo.<\/p>\n\n\n\n<p>Despu\u00e9s de regresar a su aldea, la familia tambi\u00e9n retom\u00f3 la asistencia a la iglesia. A trav\u00e9s del estudio b\u00edblico regular, Yashodha, ahora de 17 a\u00f1os, dijo que ha aprendido a enfocarse en lo que es eterno en lugar del \u201caqu\u00ed y ahora\u201d.<\/p>\n\n\n\n<p>\u201cNuestra salud es tan temporal \u2014 dijo\u2014. Habr\u00e1 muchas dificultades en nuestra vida, pero no importar\u00e1. Lo que importa es \u2018si estamos buscando el rostro de Cristo\u2019\u201d.<\/p>\n\n\n\n<p>Y Paras dijo que no hay m\u00e1s oscuridad rodeando a su familia. \u201cAntes, cuando est\u00e1bamos en la oscuridad, est\u00e1bamos en el camino ancho \u2014dijo\u2014. Ahora estamos en el camino estrecho. Puede ser dif\u00edcil de recorrer, pero conduce directamente al cielo. Mucha persecuci\u00f3n viene en nuestra vida, pero no nos quedaremos quietos\u201d.<\/p>\n","protected":false},"excerpt":{"rendered":"<p>La oscuridad parec\u00eda apoderarse de la familia de Yashodha en Nepal cuando ella ten\u00eda 6 a\u00f1os. Fue cuando se mudaron a un gran templo hind\u00fa en una ciudad cercana, donde su padre fue contratado para mantener y limpiar. En su extra\u00f1o nuevo hogar, Yashodha y su hermano menor, Paras, adoraban con frecuencia ante los \u00eddolos del templo durante horas. \u201cCuando est\u00e1bamos en el templo, sol\u00edamos despertarnos a las 3 de la ma\u00f1ana \u2014record\u00f3\u2014. Si no nos despert\u00e1bamos, el sacerdote ven\u00eda a nosotros y nos echaba agua fr\u00eda. Eso fue bastante dif\u00edcil\u201d. Dos a\u00f1os despu\u00e9s de mudarse al templo, el padre de Yashodha comenz\u00f3 a tener episodios similares a una convulsi\u00f3n, temblaba tan violentamente que a veces derribaba cosas. Eventualmente, Yashodha comenz\u00f3 a experimentar convulsiones similares, y Paras tambi\u00e9n batall\u00f3 con enfermedades. Sus problemas de salud continuaron despu\u00e9s de dejar el templo y regresar a su aldea, provocando que algunos aldeanos preguntaran abiertamente si la familia hab\u00eda recibido una maldici\u00f3n. La teor\u00eda de los aldeanos se fortaleci\u00f3 cuando el padre de Yashodha se rompi\u00f3 varios huesos al caer de un \u00e1rbol mientras cortaba le\u00f1a. Los aldeanos ten\u00edan miedo de ayudarlo, temiendo que tambi\u00e9n pudieran ser maldecidos. \u201cTodos en mi familia lloraban<\/p>\n","protected":false},"author":12,"featured_media":5701,"comment_status":"closed","ping_status":"closed","sticky":false,"template":"","format":"standard","meta":{"footnotes":""},"categories":[6,79],"tags":[46],"class_list":["post-5700","post","type-post","status-publish","format-standard","has-post-thumbnail","hentry","category-historia","category-oracion","tag-nepal","","tg-column-two"],"yoast_head":"<!-- This site is optimized with the Yoast SEO plugin v27.5 - https:\/\/yoast.com\/product\/yoast-seo-wordpress\/ -->\n<title>El d\u00eda en que la oscuridad se levant\u00f3 - Historias<\/title>\n<meta name=\"robots\" content=\"index, follow, max-snippet:-1, max-image-preview:large, max-video-preview:-1\" \/>\n<link rel=\"canonical\" href=\"https:\/\/www.persecution.com\/es\/historias\/el-dia-en-que-la-oscuridad-se-levanto\/\" \/>\n<meta property=\"og:locale\" content=\"es_MX\" \/>\n<meta property=\"og:type\" content=\"article\" \/>\n<meta property=\"og:title\" content=\"El d\u00eda en que la oscuridad se levant\u00f3 - Historias\" \/>\n<meta property=\"og:description\" content=\"La oscuridad parec\u00eda apoderarse de la familia de Yashodha en Nepal cuando ella ten\u00eda 6 a\u00f1os. Fue cuando se mudaron a un gran templo hind\u00fa en una ciudad cercana, donde su padre fue contratado para mantener y limpiar. En su extra\u00f1o nuevo hogar, Yashodha y su hermano menor, Paras, adoraban con frecuencia ante los \u00eddolos del templo durante horas. \u201cCuando est\u00e1bamos en el templo, sol\u00edamos despertarnos a las 3 de la ma\u00f1ana \u2014record\u00f3\u2014. Si no nos despert\u00e1bamos, el sacerdote ven\u00eda a nosotros y nos echaba agua fr\u00eda. Eso fue bastante dif\u00edcil\u201d. Dos a\u00f1os despu\u00e9s de mudarse al templo, el padre de Yashodha comenz\u00f3 a tener episodios similares a una convulsi\u00f3n, temblaba tan violentamente que a veces derribaba cosas. Eventualmente, Yashodha comenz\u00f3 a experimentar convulsiones similares, y Paras tambi\u00e9n batall\u00f3 con enfermedades. Sus problemas de salud continuaron despu\u00e9s de dejar el templo y regresar a su aldea, provocando que algunos aldeanos preguntaran abiertamente si la familia hab\u00eda recibido una maldici\u00f3n. La teor\u00eda de los aldeanos se fortaleci\u00f3 cuando el padre de Yashodha se rompi\u00f3 varios huesos al caer de un \u00e1rbol mientras cortaba le\u00f1a. Los aldeanos ten\u00edan miedo de ayudarlo, temiendo que tambi\u00e9n pudieran ser maldecidos. \u201cTodos en mi familia lloraban\" \/>\n<meta property=\"og:url\" content=\"https:\/\/www.persecution.com\/es\/historias\/el-dia-en-que-la-oscuridad-se-levanto\/\" \/>\n<meta property=\"og:site_name\" content=\"Historias\" \/>\n<meta property=\"article:published_time\" content=\"2026-05-01T09:00:00+00:00\" \/>\n<meta property=\"og:image\" content=\"https:\/\/assets.persecution.com\/es\/historias\/wp-content\/uploads\/2026\/04\/CUS202206DJ_0097-1024x683.jpg\" \/>\n\t<meta property=\"og:image:width\" content=\"1024\" \/>\n\t<meta property=\"og:image:height\" content=\"683\" \/>\n\t<meta property=\"og:image:type\" content=\"image\/jpeg\" \/>\n<meta name=\"author\" content=\"E Valenzuela\" \/>\n<meta name=\"twitter:card\" content=\"summary_large_image\" \/>\n<meta name=\"twitter:label1\" content=\"Escrito por\" \/>\n\t<meta name=\"twitter:data1\" content=\"E Valenzuela\" \/>\n\t<meta name=\"twitter:label2\" content=\"Tiempo de lectura\" \/>\n\t<meta name=\"twitter:data2\" content=\"6 minutos\" \/>\n<script type=\"application\/ld+json\" class=\"yoast-schema-graph\">{\"@context\":\"https:\\\/\\\/schema.org\",\"@graph\":[{\"@type\":\"Article\",\"@id\":\"https:\\\/\\\/www.persecution.com\\\/es\\\/historias\\\/el-dia-en-que-la-oscuridad-se-levanto\\\/#article\",\"isPartOf\":{\"@id\":\"https:\\\/\\\/www.persecution.com\\\/es\\\/historias\\\/el-dia-en-que-la-oscuridad-se-levanto\\\/\"},\"author\":{\"name\":\"E Valenzuela\",\"@id\":\"https:\\\/\\\/www.persecution.com\\\/es\\\/historias\\\/#\\\/schema\\\/person\\\/ae000ea52969cef1249f5afb05ccb961\"},\"headline\":\"El d\u00eda en que la oscuridad se levant\u00f3\",\"datePublished\":\"2026-05-01T09:00:00+00:00\",\"mainEntityOfPage\":{\"@id\":\"https:\\\/\\\/www.persecution.com\\\/es\\\/historias\\\/el-dia-en-que-la-oscuridad-se-levanto\\\/\"},\"wordCount\":1268,\"image\":{\"@id\":\"https:\\\/\\\/www.persecution.com\\\/es\\\/historias\\\/el-dia-en-que-la-oscuridad-se-levanto\\\/#primaryimage\"},\"thumbnailUrl\":\"https:\\\/\\\/www.persecution.com\\\/es\\\/historias\\\/wp-content\\\/uploads\\\/2026\\\/04\\\/CUS202206DJ_0097.jpg\",\"keywords\":[\"Nepal\"],\"articleSection\":[\"Historia\",\"Oraci\u00f3n\"],\"inLanguage\":\"es\"},{\"@type\":\"WebPage\",\"@id\":\"https:\\\/\\\/www.persecution.com\\\/es\\\/historias\\\/el-dia-en-que-la-oscuridad-se-levanto\\\/\",\"url\":\"https:\\\/\\\/www.persecution.com\\\/es\\\/historias\\\/el-dia-en-que-la-oscuridad-se-levanto\\\/\",\"name\":\"El d\u00eda en que la oscuridad se levant\u00f3 - Historias\",\"isPartOf\":{\"@id\":\"https:\\\/\\\/www.persecution.com\\\/es\\\/historias\\\/#website\"},\"primaryImageOfPage\":{\"@id\":\"https:\\\/\\\/www.persecution.com\\\/es\\\/historias\\\/el-dia-en-que-la-oscuridad-se-levanto\\\/#primaryimage\"},\"image\":{\"@id\":\"https:\\\/\\\/www.persecution.com\\\/es\\\/historias\\\/el-dia-en-que-la-oscuridad-se-levanto\\\/#primaryimage\"},\"thumbnailUrl\":\"https:\\\/\\\/www.persecution.com\\\/es\\\/historias\\\/wp-content\\\/uploads\\\/2026\\\/04\\\/CUS202206DJ_0097.jpg\",\"datePublished\":\"2026-05-01T09:00:00+00:00\",\"author\":{\"@id\":\"https:\\\/\\\/www.persecution.com\\\/es\\\/historias\\\/#\\\/schema\\\/person\\\/ae000ea52969cef1249f5afb05ccb961\"},\"breadcrumb\":{\"@id\":\"https:\\\/\\\/www.persecution.com\\\/es\\\/historias\\\/el-dia-en-que-la-oscuridad-se-levanto\\\/#breadcrumb\"},\"inLanguage\":\"es\",\"potentialAction\":[{\"@type\":\"ReadAction\",\"target\":[\"https:\\\/\\\/www.persecution.com\\\/es\\\/historias\\\/el-dia-en-que-la-oscuridad-se-levanto\\\/\"]}]},{\"@type\":\"ImageObject\",\"inLanguage\":\"es\",\"@id\":\"https:\\\/\\\/www.persecution.com\\\/es\\\/historias\\\/el-dia-en-que-la-oscuridad-se-levanto\\\/#primaryimage\",\"url\":\"https:\\\/\\\/www.persecution.com\\\/es\\\/historias\\\/wp-content\\\/uploads\\\/2026\\\/04\\\/CUS202206DJ_0097.jpg\",\"contentUrl\":\"https:\\\/\\\/www.persecution.com\\\/es\\\/historias\\\/wp-content\\\/uploads\\\/2026\\\/04\\\/CUS202206DJ_0097.jpg\",\"width\":7812,\"height\":5208},{\"@type\":\"BreadcrumbList\",\"@id\":\"https:\\\/\\\/www.persecution.com\\\/es\\\/historias\\\/el-dia-en-que-la-oscuridad-se-levanto\\\/#breadcrumb\",\"itemListElement\":[{\"@type\":\"ListItem\",\"position\":1,\"name\":\"Inicio\",\"item\":\"https:\\\/\\\/www.persecution.com\\\/es\\\/historias\\\/\"},{\"@type\":\"ListItem\",\"position\":2,\"name\":\"El d\u00eda en que la oscuridad se levant\u00f3\"}]},{\"@type\":\"WebSite\",\"@id\":\"https:\\\/\\\/www.persecution.com\\\/es\\\/historias\\\/#website\",\"url\":\"https:\\\/\\\/www.persecution.com\\\/es\\\/historias\\\/\",\"name\":\"Historias\",\"description\":\"La Voz de los M\u00e1rtires\",\"potentialAction\":[{\"@type\":\"SearchAction\",\"target\":{\"@type\":\"EntryPoint\",\"urlTemplate\":\"https:\\\/\\\/www.persecution.com\\\/es\\\/historias\\\/?s={search_term_string}\"},\"query-input\":{\"@type\":\"PropertyValueSpecification\",\"valueRequired\":true,\"valueName\":\"search_term_string\"}}],\"inLanguage\":\"es\"},{\"@type\":\"Person\",\"@id\":\"https:\\\/\\\/www.persecution.com\\\/es\\\/historias\\\/#\\\/schema\\\/person\\\/ae000ea52969cef1249f5afb05ccb961\",\"name\":\"E Valenzuela\",\"image\":{\"@type\":\"ImageObject\",\"inLanguage\":\"es\",\"@id\":\"https:\\\/\\\/secure.gravatar.com\\\/avatar\\\/72e02a942ef259240205425b9749482f07b1b2fb64225b038b4531b157d191a7?s=96&d=mm&r=g\",\"url\":\"https:\\\/\\\/secure.gravatar.com\\\/avatar\\\/72e02a942ef259240205425b9749482f07b1b2fb64225b038b4531b157d191a7?s=96&d=mm&r=g\",\"contentUrl\":\"https:\\\/\\\/secure.gravatar.com\\\/avatar\\\/72e02a942ef259240205425b9749482f07b1b2fb64225b038b4531b157d191a7?s=96&d=mm&r=g\",\"caption\":\"E Valenzuela\"},\"url\":\"https:\\\/\\\/www.persecution.com\\\/es\\\/historias\\\/author\\\/evalenzuelavom-org\\\/\"}]}<\/script>\n<!-- \/ Yoast SEO plugin. -->","yoast_head_json":{"title":"El d\u00eda en que la oscuridad se levant\u00f3 - Historias","robots":{"index":"index","follow":"follow","max-snippet":"max-snippet:-1","max-image-preview":"max-image-preview:large","max-video-preview":"max-video-preview:-1"},"canonical":"https:\/\/www.persecution.com\/es\/historias\/el-dia-en-que-la-oscuridad-se-levanto\/","og_locale":"es_MX","og_type":"article","og_title":"El d\u00eda en que la oscuridad se levant\u00f3 - Historias","og_description":"La oscuridad parec\u00eda apoderarse de la familia de Yashodha en Nepal cuando ella ten\u00eda 6 a\u00f1os. Fue cuando se mudaron a un gran templo hind\u00fa en una ciudad cercana, donde su padre fue contratado para mantener y limpiar. En su extra\u00f1o nuevo hogar, Yashodha y su hermano menor, Paras, adoraban con frecuencia ante los \u00eddolos del templo durante horas. \u201cCuando est\u00e1bamos en el templo, sol\u00edamos despertarnos a las 3 de la ma\u00f1ana \u2014record\u00f3\u2014. Si no nos despert\u00e1bamos, el sacerdote ven\u00eda a nosotros y nos echaba agua fr\u00eda. Eso fue bastante dif\u00edcil\u201d. Dos a\u00f1os despu\u00e9s de mudarse al templo, el padre de Yashodha comenz\u00f3 a tener episodios similares a una convulsi\u00f3n, temblaba tan violentamente que a veces derribaba cosas. Eventualmente, Yashodha comenz\u00f3 a experimentar convulsiones similares, y Paras tambi\u00e9n batall\u00f3 con enfermedades. Sus problemas de salud continuaron despu\u00e9s de dejar el templo y regresar a su aldea, provocando que algunos aldeanos preguntaran abiertamente si la familia hab\u00eda recibido una maldici\u00f3n. La teor\u00eda de los aldeanos se fortaleci\u00f3 cuando el padre de Yashodha se rompi\u00f3 varios huesos al caer de un \u00e1rbol mientras cortaba le\u00f1a. Los aldeanos ten\u00edan miedo de ayudarlo, temiendo que tambi\u00e9n pudieran ser maldecidos. \u201cTodos en mi familia lloraban","og_url":"https:\/\/www.persecution.com\/es\/historias\/el-dia-en-que-la-oscuridad-se-levanto\/","og_site_name":"Historias","article_published_time":"2026-05-01T09:00:00+00:00","og_image":[{"width":1024,"height":683,"url":"https:\/\/assets.persecution.com\/es\/historias\/wp-content\/uploads\/2026\/04\/CUS202206DJ_0097-1024x683.jpg","type":"image\/jpeg"}],"author":"E Valenzuela","twitter_card":"summary_large_image","twitter_misc":{"Escrito por":"E Valenzuela","Tiempo de lectura":"6 minutos"},"schema":{"@context":"https:\/\/schema.org","@graph":[{"@type":"Article","@id":"https:\/\/www.persecution.com\/es\/historias\/el-dia-en-que-la-oscuridad-se-levanto\/#article","isPartOf":{"@id":"https:\/\/www.persecution.com\/es\/historias\/el-dia-en-que-la-oscuridad-se-levanto\/"},"author":{"name":"E Valenzuela","@id":"https:\/\/www.persecution.com\/es\/historias\/#\/schema\/person\/ae000ea52969cef1249f5afb05ccb961"},"headline":"El d\u00eda en que la oscuridad se levant\u00f3","datePublished":"2026-05-01T09:00:00+00:00","mainEntityOfPage":{"@id":"https:\/\/www.persecution.com\/es\/historias\/el-dia-en-que-la-oscuridad-se-levanto\/"},"wordCount":1268,"image":{"@id":"https:\/\/www.persecution.com\/es\/historias\/el-dia-en-que-la-oscuridad-se-levanto\/#primaryimage"},"thumbnailUrl":"https:\/\/assets.persecution.com\/es\/historias\/wp-content\/uploads\/2026\/04\/CUS202206DJ_0097.jpg","keywords":["Nepal"],"articleSection":["Historia","Oraci\u00f3n"],"inLanguage":"es"},{"@type":"WebPage","@id":"https:\/\/www.persecution.com\/es\/historias\/el-dia-en-que-la-oscuridad-se-levanto\/","url":"https:\/\/www.persecution.com\/es\/historias\/el-dia-en-que-la-oscuridad-se-levanto\/","name":"El d\u00eda en que la oscuridad se levant\u00f3 - Historias","isPartOf":{"@id":"https:\/\/www.persecution.com\/es\/historias\/#website"},"primaryImageOfPage":{"@id":"https:\/\/www.persecution.com\/es\/historias\/el-dia-en-que-la-oscuridad-se-levanto\/#primaryimage"},"image":{"@id":"https:\/\/www.persecution.com\/es\/historias\/el-dia-en-que-la-oscuridad-se-levanto\/#primaryimage"},"thumbnailUrl":"https:\/\/assets.persecution.com\/es\/historias\/wp-content\/uploads\/2026\/04\/CUS202206DJ_0097.jpg","datePublished":"2026-05-01T09:00:00+00:00","author":{"@id":"https:\/\/www.persecution.com\/es\/historias\/#\/schema\/person\/ae000ea52969cef1249f5afb05ccb961"},"breadcrumb":{"@id":"https:\/\/www.persecution.com\/es\/historias\/el-dia-en-que-la-oscuridad-se-levanto\/#breadcrumb"},"inLanguage":"es","potentialAction":[{"@type":"ReadAction","target":["https:\/\/www.persecution.com\/es\/historias\/el-dia-en-que-la-oscuridad-se-levanto\/"]}]},{"@type":"ImageObject","inLanguage":"es","@id":"https:\/\/www.persecution.com\/es\/historias\/el-dia-en-que-la-oscuridad-se-levanto\/#primaryimage","url":"https:\/\/assets.persecution.com\/es\/historias\/wp-content\/uploads\/2026\/04\/CUS202206DJ_0097.jpg","contentUrl":"https:\/\/assets.persecution.com\/es\/historias\/wp-content\/uploads\/2026\/04\/CUS202206DJ_0097.jpg","width":7812,"height":5208},{"@type":"BreadcrumbList","@id":"https:\/\/www.persecution.com\/es\/historias\/el-dia-en-que-la-oscuridad-se-levanto\/#breadcrumb","itemListElement":[{"@type":"ListItem","position":1,"name":"Inicio","item":"https:\/\/www.persecution.com\/es\/historias\/"},{"@type":"ListItem","position":2,"name":"El d\u00eda en que la oscuridad se levant\u00f3"}]},{"@type":"WebSite","@id":"https:\/\/www.persecution.com\/es\/historias\/#website","url":"https:\/\/www.persecution.com\/es\/historias\/","name":"Historias","description":"La Voz de los M\u00e1rtires","potentialAction":[{"@type":"SearchAction","target":{"@type":"EntryPoint","urlTemplate":"https:\/\/www.persecution.com\/es\/historias\/?s={search_term_string}"},"query-input":{"@type":"PropertyValueSpecification","valueRequired":true,"valueName":"search_term_string"}}],"inLanguage":"es"},{"@type":"Person","@id":"https:\/\/www.persecution.com\/es\/historias\/#\/schema\/person\/ae000ea52969cef1249f5afb05ccb961","name":"E Valenzuela","image":{"@type":"ImageObject","inLanguage":"es","@id":"https:\/\/secure.gravatar.com\/avatar\/72e02a942ef259240205425b9749482f07b1b2fb64225b038b4531b157d191a7?s=96&d=mm&r=g","url":"https:\/\/secure.gravatar.com\/avatar\/72e02a942ef259240205425b9749482f07b1b2fb64225b038b4531b157d191a7?s=96&d=mm&r=g","contentUrl":"https:\/\/secure.gravatar.com\/avatar\/72e02a942ef259240205425b9749482f07b1b2fb64225b038b4531b157d191a7?s=96&d=mm&r=g","caption":"E Valenzuela"},"url":"https:\/\/www.persecution.com\/es\/historias\/author\/evalenzuelavom-org\/"}]}},"_links":{"self":[{"href":"https:\/\/www.persecution.com\/es\/historias\/wp-json\/wp\/v2\/posts\/5700","targetHints":{"allow":["GET"]}}],"collection":[{"href":"https:\/\/www.persecution.com\/es\/historias\/wp-json\/wp\/v2\/posts"}],"about":[{"href":"https:\/\/www.persecution.com\/es\/historias\/wp-json\/wp\/v2\/types\/post"}],"author":[{"embeddable":true,"href":"https:\/\/www.persecution.com\/es\/historias\/wp-json\/wp\/v2\/users\/12"}],"replies":[{"embeddable":true,"href":"https:\/\/www.persecution.com\/es\/historias\/wp-json\/wp\/v2\/comments?post=5700"}],"version-history":[{"count":3,"href":"https:\/\/www.persecution.com\/es\/historias\/wp-json\/wp\/v2\/posts\/5700\/revisions"}],"predecessor-version":[{"id":5706,"href":"https:\/\/www.persecution.com\/es\/historias\/wp-json\/wp\/v2\/posts\/5700\/revisions\/5706"}],"wp:featuredmedia":[{"embeddable":true,"href":"https:\/\/www.persecution.com\/es\/historias\/wp-json\/wp\/v2\/media\/5701"}],"wp:attachment":[{"href":"https:\/\/www.persecution.com\/es\/historias\/wp-json\/wp\/v2\/media?parent=5700"}],"wp:term":[{"taxonomy":"category","embeddable":true,"href":"https:\/\/www.persecution.com\/es\/historias\/wp-json\/wp\/v2\/categories?post=5700"},{"taxonomy":"post_tag","embeddable":true,"href":"https:\/\/www.persecution.com\/es\/historias\/wp-json\/wp\/v2\/tags?post=5700"}],"curies":[{"name":"wp","href":"https:\/\/api.w.org\/{rel}","templated":true}]}}