{"id":5649,"date":"2026-03-13T18:26:46","date_gmt":"2026-03-13T18:26:46","guid":{"rendered":"https:\/\/www.persecution.com\/es\/historias\/?p=5649"},"modified":"2026-04-08T19:50:13","modified_gmt":"2026-04-08T19:50:13","slug":"en-prision-por-causa-de-cristo","status":"publish","type":"post","link":"https:\/\/www.persecution.com\/es\/historias\/en-prision-por-causa-de-cristo\/","title":{"rendered":"En prisi\u00f3n por causa de Cristo"},"content":{"rendered":"\n<blockquote class=\"wp-block-quote has-black-color has-electric-grass-gradient-background has-text-color has-background has-link-color wp-elements-5472182256ec1f4cf2e74d3d21087e3e is-layout-flow wp-block-quote-is-layout-flow\">\n<p class=\"has-black-color has-text-color has-link-color wp-elements-85180ae6e2354da8a47f377bd1294a36\">El pastor Li Juncai hall\u00f3 gracia ante las autoridades siempre y cuando su congregaci\u00f3n fuera parte de la red de iglesias establecidas y controladas por el Gobierno. Pero despu\u00e9s de determinar que solo Dios deb\u00eda guiar a la iglesia, \u00e9l perdi\u00f3 el edificio de la iglesia y su libertad.<\/p>\n<\/blockquote>\n\n\n\n<p>El pastor Li Juncai dirigi\u00f3 una gran iglesia en la provincia <a href=\"https:\/\/www.persecution.com\/es\/guiadeoracionglobal\/china\/?_source_code=WP26GPG2\">china<\/a> de Henan que durante a\u00f1os fue parte de una red de iglesias controladas por el Gobierno. Sin embargo, se sinti\u00f3 cada vez m\u00e1s inc\u00f3modo cuando se dio cuenta de cu\u00e1nto control ten\u00eda el Partido Comunista de <a href=\"https:\/\/www.persecution.com\/es\/guiadeoracionglobal\/china\/?_source_code=WP26GPG2\">China<\/a> (PCCh) sobre la iglesia. El PCCh tiene el derecho de vigilar qui\u00e9n asiste a las iglesias registradas y lo que predican los pastores. Tambi\u00e9n controlan cu\u00e1ndo y c\u00f3mo se re\u00fane la iglesia.<\/p>\n\n\n\n<p>El pastor reconoci\u00f3 que \u00e9l y su congregaci\u00f3n ten\u00edan que elegir ser leales a Dios por encima de la lealtad hacia el PCCh, sin importar cu\u00e1nto pudiera costarles. As\u00ed que en 2013, el pastor Li y su congregaci\u00f3n dejaron la iglesia controlada por el PCCh \u201cpara honrar al Se\u00f1or Jes\u00fas como la \u00fanica cabeza de la iglesia\u201d. Se unieron a una iglesia local no registrada y se conocieron como la \u201cIglesia en Casa Central del Condado de Yuanyang\u201d.<\/p>\n\n\n\n<p>Las iglesias no registradas a veces son llamadas \u201ciglesias en casa\u201d aunque no necesariamente se re\u00fanen en un hogar, y a menudo se componen por cientos o miles de creyentes, son ilegales en <a href=\"https:\/\/www.persecution.com\/es\/guiadeoracionglobal\/china\/?_source_code=WP26GPG2\">China<\/a> porque no se someten al control del PCCh registr\u00e1ndose ante el Gobierno. La nueva iglesia del pastor Li pronto creci\u00f3 a casi 700 fieles.<\/p>\n\n\n\n<details class=\"wp-block-details is-layout-flow wp-block-details-is-layout-flow\"><summary>Details<\/summary>\n<p><\/p>\n<\/details>\n\n\n\n<p class=\"has-vivid-cyan-blue-color has-text-color has-link-color has-medium-font-size wp-elements-adbcb0a674eb5de2358aa4fa3a150308\"><strong>Sin Cruces<\/strong><\/p>\n\n\n\n<p>Despu\u00e9s de una etapa de crecimiento y expansi\u00f3n de la iglesia entre las iglesias no registradas a principios de la d\u00e9cada del 2000, <a href=\"https:\/\/www.persecution.com\/es\/guiadeoracionglobal\/china\/?_source_code=WP26GPG2\">China<\/a> entr\u00f3 en una nueva era de persecuci\u00f3n religiosa, incluida una dura represi\u00f3n bajo el presidente chino Xi Jinping.<\/p>\n\n\n\n<p>En 2014, los funcionarios comunistas lanzaron una campa\u00f1a para limitar la influencia del cristianismo mediante la eliminaci\u00f3n de cuatro mil cruces de los edificios de las iglesias en la provincia de Zhejiang. Las autoridades encarcelaron a algunos pastores que se resistieron, y cerraron o demolieron muchas iglesias. Y el pastor Li estaba entre los que se opon\u00edan abiertamente a la eliminaci\u00f3n de las cruces en Zhejiang, sin saber que la campa\u00f1a pronto se extender\u00eda a la provincia de Henan.<\/p>\n\n\n\n<p>En 2018, <a href=\"https:\/\/www.persecution.com\/es\/guiadeoracionglobal\/china\/?_source_code=WP26GPG2\">China<\/a> emiti\u00f3 nuevas reglas con respecto a la vida y la literatura religiosa, ofreciendo recompensas econ\u00f3micas a quien informara sobre practicantes del cristianismo no autorizados. Las regulaciones adicionales requer\u00edan que las iglesias exhibieran la bandera <a href=\"https:\/\/www.persecution.com\/es\/guiadeoracionglobal\/china\/?_source_code=WP26GPG2\">china<\/a>, que permitieran la instalaci\u00f3n de equipos de vigilancia dentro del edificio de la iglesia y la colocaci\u00f3n de fotograf\u00edas del presidente Xi Jinping dentro del santuario.<\/p>\n\n\n\n<p>Al a\u00f1o siguiente, el pastor Li recibi\u00f3 una orden oficial. Se le orden\u00f3 quitar la cruz de la parte superior de la Iglesia en Casa Central del Condado de Yuanyang y cambiar la proclamaci\u00f3n de la iglesia &#8220;Ama a Dios y a la gente&#8221; por &#8220;Ama al pa\u00eds\u201d. El pastor Li vio la orden como lo que era \u2014un intento del Gobierno por reemplazar el evangelismo con el nacionalismo. Al igual que muchos otros l\u00edderes de iglesias en casa en <a href=\"https:\/\/www.persecution.com\/es\/guiadeoracionglobal\/china\/?_source_code=WP26GPG2\">China<\/a>, se neg\u00f3 a obedecer las \u00f3rdenes del Gobierno, sabiendo que podr\u00eda enfrentar graves consecuencias.<\/p>\n\n\n\n<blockquote class=\"wp-block-quote has-black-color has-electric-grass-gradient-background has-text-color has-background has-link-color wp-elements-00cefd91899b9736d944696f22140ef8 is-layout-flow wp-block-quote-is-layout-flow\">\n<p class=\"has-black-color has-text-color has-link-color wp-elements-ea9df2c8af92db7c7001ecdbe4b9b2d2\">En 2013, el pastor Li y su congregaci\u00f3n salieron de la iglesia controlada por el PCCh \u201cpara honrar al Se\u00f1or Jes\u00fas como la \u00fanica cabeza de la iglesia\u201d.<\/p>\n<\/blockquote>\n\n\n\n<p class=\"has-vivid-cyan-blue-color has-text-color has-link-color has-medium-font-size wp-elements-02961caf38bbd9b763d2e827afd05a17\"><strong>Sin Compromisos<\/strong><\/p>\n\n\n\n<p>El 20 de febrero de 2019, el Partido Comunista Chino detuvo al pastor Li bajo el cargo de \u201cobstruir la administraci\u00f3n gubernamental\u201d, y otros tres miembros de la iglesia tambi\u00e9n fueron arrestados. Al d\u00eda siguiente, la polic\u00eda, los oficiales de gesti\u00f3n urbana y las autoridades de la oficina de asuntos religiosos del condado de Yuanyang retiraron la cruz de la parte superior de la iglesia. Tambi\u00e9n retiraron los letreros de \u201cAma a Dios y a la gente\u201d que estaban dentro de la iglesia e hicieron que los creyentes levantaran una bandera <a href=\"https:\/\/www.persecution.com\/es\/guiadeoracionglobal\/china\/?_source_code=WP26GPG2\">china<\/a> frente al edificio, se\u00f1alando la supuesta alineaci\u00f3n de la iglesia con los planes del Partido Comunista.<\/p>\n\n\n\n<p>Un video tomado en la escena muestra a polic\u00edas vestidos de civiles y a miembros del equipo de demolici\u00f3n reunidos afuera de la iglesia mientras los cristianos en el interior comienzan a cantar himnos y a orar. Alrededor de diez miembros de la iglesia, en su mayor\u00eda mujeres y personas de la tercera edad, intentaron bloquear la puerta de la iglesia para evitar que dos grandes gr\u00faas retiraran la cruz de la iglesia, pero la polic\u00eda los arrastr\u00f3. Mientras la cruz era removida, la polic\u00eda utiliz\u00f3 escudos para evitar que los cristianos ingresaran a las instalaciones, y muchos de los que bloqueaban la puerta fueron arrestados. \u201cLa polic\u00eda se llev\u00f3 a los congregantes y golpe\u00f3 a los que fueron arrestados\u201d, dijo un miembro de la iglesia.<\/p>\n\n\n\n<p>Diez meses despu\u00e9s, los funcionarios regresaron a la iglesia para terminar lo que hab\u00edan comenzado. La polic\u00eda, los oficiales de gesti\u00f3n urbana y las autoridades de la oficina de asuntos religiosos ingresaron a la iglesia el 6 de diciembre de 2019 amenazando a los m\u00e1s de 500 congregantes que se hab\u00edan reunido para el culto. \u201cNos dijeron que nos uni\u00e9ramos a una iglesia [controlada por el Gobierno] \u2014dijo un miembro de la iglesia\u2014, pero nuevamente nos negamos\u201d.<\/p>\n\n\n\n<p>Luego, el edificio de la Iglesia Yuanyang fue completamente demolido. Las autoridades clasificaron la iglesia como una construcci\u00f3n ilegal a pesar de que los creyentes dijeron que hab\u00edan obtenido todas las licencias requeridas para el edificio. \u201cDespu\u00e9s de demoler la iglesia, los funcionarios gubernamentales nos ordenaron mantener en secreto lo sucedido\u201d, agreg\u00f3 el miembro de la iglesia.<\/p>\n\n\n\n<figure class=\"wp-block-image size-large\"><img loading=\"lazy\" decoding=\"async\" width=\"962\" height=\"1024\" src=\"https:\/\/assets.persecution.com\/es\/historias\/wp-content\/uploads\/2026\/03\/CUS202107CK_0002-very_compressed-scale-2_00x-gigapixel_pub-962x1024.jpg\" alt=\"\" class=\"wp-image-5651\" srcset=\"https:\/\/assets.persecution.com\/es\/historias\/wp-content\/uploads\/2026\/03\/CUS202107CK_0002-very_compressed-scale-2_00x-gigapixel_pub-962x1024.jpg 962w, https:\/\/assets.persecution.com\/es\/historias\/wp-content\/uploads\/2026\/03\/CUS202107CK_0002-very_compressed-scale-2_00x-gigapixel_pub-282x300.jpg 282w, https:\/\/assets.persecution.com\/es\/historias\/wp-content\/uploads\/2026\/03\/CUS202107CK_0002-very_compressed-scale-2_00x-gigapixel_pub-768x818.jpg 768w, https:\/\/assets.persecution.com\/es\/historias\/wp-content\/uploads\/2026\/03\/CUS202107CK_0002-very_compressed-scale-2_00x-gigapixel_pub.jpg 1354w\" sizes=\"auto, (max-width: 962px) 100vw, 962px\" \/><\/figure>\n\n\n\n<details class=\"wp-block-details is-layout-flow wp-block-details-is-layout-flow\"><summary>La polic\u00eda retir\u00f3 la cruz de la Iglesia en Casa Central del Condado de Yuanyang y luego destruy\u00f3 el edificio.<\/summary>\n<p>Un mes despu\u00e9s de su arresto, los tres creyentes que hab\u00edan sido arrestados junto con el pastor Li fueron liberados bajo fianza, pero el pastor Li permaneci\u00f3 bajo custodia, acusado de malversaci\u00f3n de fondos, obstrucci\u00f3n de la administraci\u00f3n gubernamental y destrucci\u00f3n de registros contables. En enero de 2020, el pastor fue sentenciado a cinco a\u00f1os y medio de prisi\u00f3n y multado con siete mil d\u00f3lares.<\/p>\n\n\n\n<p>El pastor Li fue enviado al Centro de Detenci\u00f3n del Condado de Yuanyang en la ciudad de Xinxiang, donde se espera que permanezca hasta el 20 de agosto de 2024. El pastor de 55 a\u00f1os, cuya esposa muri\u00f3 en un accidente automovil\u00edstico en 2012, es responsable de su anciana madre y tambi\u00e9n de su hijo, su nuera y sus dos nietos.&nbsp;<\/p>\n<\/details>\n","protected":false},"excerpt":{"rendered":"<p>En prisi\u00f3n por causa de Cristo<\/p>\n","protected":false},"author":12,"featured_media":5650,"comment_status":"closed","ping_status":"closed","sticky":false,"template":"","format":"standard","meta":{"footnotes":""},"categories":[6,79],"tags":[20],"class_list":["post-5649","post","type-post","status-publish","format-standard","has-post-thumbnail","hentry","category-historia","category-oracion","tag-china","","tg-column-two"],"yoast_head":"<!-- This site is optimized with the Yoast SEO plugin v27.5 - https:\/\/yoast.com\/product\/yoast-seo-wordpress\/ -->\n<title>En prisi\u00f3n por causa de Cristo - Historias<\/title>\n<meta name=\"robots\" content=\"index, follow, max-snippet:-1, max-image-preview:large, max-video-preview:-1\" \/>\n<link rel=\"canonical\" href=\"https:\/\/www.persecution.com\/es\/historias\/en-prision-por-causa-de-cristo\/\" \/>\n<meta property=\"og:locale\" content=\"es_MX\" \/>\n<meta property=\"og:type\" content=\"article\" \/>\n<meta property=\"og:title\" content=\"En prisi\u00f3n por causa de Cristo - Historias\" \/>\n<meta property=\"og:description\" content=\"En prisi\u00f3n por causa de Cristo\" \/>\n<meta property=\"og:url\" content=\"https:\/\/www.persecution.com\/es\/historias\/en-prision-por-causa-de-cristo\/\" \/>\n<meta property=\"og:site_name\" content=\"Historias\" \/>\n<meta property=\"article:published_time\" content=\"2026-03-13T18:26:46+00:00\" \/>\n<meta property=\"article:modified_time\" content=\"2026-04-08T19:50:13+00:00\" \/>\n<meta property=\"og:image\" content=\"https:\/\/assets.persecution.com\/es\/historias\/wp-content\/uploads\/2026\/03\/CUS202107CK_0001_topaz-3_pub.jpg\" \/>\n\t<meta property=\"og:image:width\" content=\"1551\" \/>\n\t<meta property=\"og:image:height\" content=\"959\" \/>\n\t<meta property=\"og:image:type\" content=\"image\/jpeg\" \/>\n<meta name=\"author\" content=\"E Valenzuela\" \/>\n<meta name=\"twitter:card\" content=\"summary_large_image\" \/>\n<meta name=\"twitter:label1\" content=\"Escrito por\" \/>\n\t<meta name=\"twitter:data1\" content=\"E Valenzuela\" \/>\n\t<meta name=\"twitter:label2\" content=\"Tiempo de lectura\" \/>\n\t<meta name=\"twitter:data2\" content=\"6 minutos\" \/>\n<script type=\"application\/ld+json\" class=\"yoast-schema-graph\">{\"@context\":\"https:\\\/\\\/schema.org\",\"@graph\":[{\"@type\":\"Article\",\"@id\":\"https:\\\/\\\/www.persecution.com\\\/es\\\/historias\\\/en-prision-por-causa-de-cristo\\\/#article\",\"isPartOf\":{\"@id\":\"https:\\\/\\\/www.persecution.com\\\/es\\\/historias\\\/en-prision-por-causa-de-cristo\\\/\"},\"author\":{\"name\":\"E Valenzuela\",\"@id\":\"https:\\\/\\\/www.persecution.com\\\/es\\\/historias\\\/#\\\/schema\\\/person\\\/ae000ea52969cef1249f5afb05ccb961\"},\"headline\":\"En prisi\u00f3n por causa de Cristo\",\"datePublished\":\"2026-03-13T18:26:46+00:00\",\"dateModified\":\"2026-04-08T19:50:13+00:00\",\"mainEntityOfPage\":{\"@id\":\"https:\\\/\\\/www.persecution.com\\\/es\\\/historias\\\/en-prision-por-causa-de-cristo\\\/\"},\"wordCount\":1169,\"image\":{\"@id\":\"https:\\\/\\\/www.persecution.com\\\/es\\\/historias\\\/en-prision-por-causa-de-cristo\\\/#primaryimage\"},\"thumbnailUrl\":\"https:\\\/\\\/www.persecution.com\\\/es\\\/historias\\\/wp-content\\\/uploads\\\/2026\\\/03\\\/CUS202107CK_0001_topaz-3_pub.jpg\",\"keywords\":[\"China\"],\"articleSection\":[\"Historia\",\"Oraci\u00f3n\"],\"inLanguage\":\"es\"},{\"@type\":\"WebPage\",\"@id\":\"https:\\\/\\\/www.persecution.com\\\/es\\\/historias\\\/en-prision-por-causa-de-cristo\\\/\",\"url\":\"https:\\\/\\\/www.persecution.com\\\/es\\\/historias\\\/en-prision-por-causa-de-cristo\\\/\",\"name\":\"En prisi\u00f3n por causa de Cristo - Historias\",\"isPartOf\":{\"@id\":\"https:\\\/\\\/www.persecution.com\\\/es\\\/historias\\\/#website\"},\"primaryImageOfPage\":{\"@id\":\"https:\\\/\\\/www.persecution.com\\\/es\\\/historias\\\/en-prision-por-causa-de-cristo\\\/#primaryimage\"},\"image\":{\"@id\":\"https:\\\/\\\/www.persecution.com\\\/es\\\/historias\\\/en-prision-por-causa-de-cristo\\\/#primaryimage\"},\"thumbnailUrl\":\"https:\\\/\\\/www.persecution.com\\\/es\\\/historias\\\/wp-content\\\/uploads\\\/2026\\\/03\\\/CUS202107CK_0001_topaz-3_pub.jpg\",\"datePublished\":\"2026-03-13T18:26:46+00:00\",\"dateModified\":\"2026-04-08T19:50:13+00:00\",\"author\":{\"@id\":\"https:\\\/\\\/www.persecution.com\\\/es\\\/historias\\\/#\\\/schema\\\/person\\\/ae000ea52969cef1249f5afb05ccb961\"},\"breadcrumb\":{\"@id\":\"https:\\\/\\\/www.persecution.com\\\/es\\\/historias\\\/en-prision-por-causa-de-cristo\\\/#breadcrumb\"},\"inLanguage\":\"es\",\"potentialAction\":[{\"@type\":\"ReadAction\",\"target\":[\"https:\\\/\\\/www.persecution.com\\\/es\\\/historias\\\/en-prision-por-causa-de-cristo\\\/\"]}]},{\"@type\":\"ImageObject\",\"inLanguage\":\"es\",\"@id\":\"https:\\\/\\\/www.persecution.com\\\/es\\\/historias\\\/en-prision-por-causa-de-cristo\\\/#primaryimage\",\"url\":\"https:\\\/\\\/www.persecution.com\\\/es\\\/historias\\\/wp-content\\\/uploads\\\/2026\\\/03\\\/CUS202107CK_0001_topaz-3_pub.jpg\",\"contentUrl\":\"https:\\\/\\\/www.persecution.com\\\/es\\\/historias\\\/wp-content\\\/uploads\\\/2026\\\/03\\\/CUS202107CK_0001_topaz-3_pub.jpg\",\"width\":1551,\"height\":959},{\"@type\":\"BreadcrumbList\",\"@id\":\"https:\\\/\\\/www.persecution.com\\\/es\\\/historias\\\/en-prision-por-causa-de-cristo\\\/#breadcrumb\",\"itemListElement\":[{\"@type\":\"ListItem\",\"position\":1,\"name\":\"Inicio\",\"item\":\"https:\\\/\\\/www.persecution.com\\\/es\\\/historias\\\/\"},{\"@type\":\"ListItem\",\"position\":2,\"name\":\"En prisi\u00f3n por causa de Cristo\"}]},{\"@type\":\"WebSite\",\"@id\":\"https:\\\/\\\/www.persecution.com\\\/es\\\/historias\\\/#website\",\"url\":\"https:\\\/\\\/www.persecution.com\\\/es\\\/historias\\\/\",\"name\":\"Historias\",\"description\":\"La Voz de los M\u00e1rtires\",\"potentialAction\":[{\"@type\":\"SearchAction\",\"target\":{\"@type\":\"EntryPoint\",\"urlTemplate\":\"https:\\\/\\\/www.persecution.com\\\/es\\\/historias\\\/?s={search_term_string}\"},\"query-input\":{\"@type\":\"PropertyValueSpecification\",\"valueRequired\":true,\"valueName\":\"search_term_string\"}}],\"inLanguage\":\"es\"},{\"@type\":\"Person\",\"@id\":\"https:\\\/\\\/www.persecution.com\\\/es\\\/historias\\\/#\\\/schema\\\/person\\\/ae000ea52969cef1249f5afb05ccb961\",\"name\":\"E Valenzuela\",\"image\":{\"@type\":\"ImageObject\",\"inLanguage\":\"es\",\"@id\":\"https:\\\/\\\/secure.gravatar.com\\\/avatar\\\/72e02a942ef259240205425b9749482f07b1b2fb64225b038b4531b157d191a7?s=96&d=mm&r=g\",\"url\":\"https:\\\/\\\/secure.gravatar.com\\\/avatar\\\/72e02a942ef259240205425b9749482f07b1b2fb64225b038b4531b157d191a7?s=96&d=mm&r=g\",\"contentUrl\":\"https:\\\/\\\/secure.gravatar.com\\\/avatar\\\/72e02a942ef259240205425b9749482f07b1b2fb64225b038b4531b157d191a7?s=96&d=mm&r=g\",\"caption\":\"E Valenzuela\"},\"url\":\"https:\\\/\\\/www.persecution.com\\\/es\\\/historias\\\/author\\\/evalenzuelavom-org\\\/\"}]}<\/script>\n<!-- \/ Yoast SEO plugin. -->","yoast_head_json":{"title":"En prisi\u00f3n por causa de Cristo - Historias","robots":{"index":"index","follow":"follow","max-snippet":"max-snippet:-1","max-image-preview":"max-image-preview:large","max-video-preview":"max-video-preview:-1"},"canonical":"https:\/\/www.persecution.com\/es\/historias\/en-prision-por-causa-de-cristo\/","og_locale":"es_MX","og_type":"article","og_title":"En prisi\u00f3n por causa de Cristo - Historias","og_description":"En prisi\u00f3n por causa de Cristo","og_url":"https:\/\/www.persecution.com\/es\/historias\/en-prision-por-causa-de-cristo\/","og_site_name":"Historias","article_published_time":"2026-03-13T18:26:46+00:00","article_modified_time":"2026-04-08T19:50:13+00:00","og_image":[{"width":1551,"height":959,"url":"https:\/\/assets.persecution.com\/es\/historias\/wp-content\/uploads\/2026\/03\/CUS202107CK_0001_topaz-3_pub.jpg","type":"image\/jpeg"}],"author":"E Valenzuela","twitter_card":"summary_large_image","twitter_misc":{"Escrito por":"E Valenzuela","Tiempo de lectura":"6 minutos"},"schema":{"@context":"https:\/\/schema.org","@graph":[{"@type":"Article","@id":"https:\/\/www.persecution.com\/es\/historias\/en-prision-por-causa-de-cristo\/#article","isPartOf":{"@id":"https:\/\/www.persecution.com\/es\/historias\/en-prision-por-causa-de-cristo\/"},"author":{"name":"E Valenzuela","@id":"https:\/\/www.persecution.com\/es\/historias\/#\/schema\/person\/ae000ea52969cef1249f5afb05ccb961"},"headline":"En prisi\u00f3n por causa de Cristo","datePublished":"2026-03-13T18:26:46+00:00","dateModified":"2026-04-08T19:50:13+00:00","mainEntityOfPage":{"@id":"https:\/\/www.persecution.com\/es\/historias\/en-prision-por-causa-de-cristo\/"},"wordCount":1169,"image":{"@id":"https:\/\/www.persecution.com\/es\/historias\/en-prision-por-causa-de-cristo\/#primaryimage"},"thumbnailUrl":"https:\/\/assets.persecution.com\/es\/historias\/wp-content\/uploads\/2026\/03\/CUS202107CK_0001_topaz-3_pub.jpg","keywords":["China"],"articleSection":["Historia","Oraci\u00f3n"],"inLanguage":"es"},{"@type":"WebPage","@id":"https:\/\/www.persecution.com\/es\/historias\/en-prision-por-causa-de-cristo\/","url":"https:\/\/www.persecution.com\/es\/historias\/en-prision-por-causa-de-cristo\/","name":"En prisi\u00f3n por causa de Cristo - Historias","isPartOf":{"@id":"https:\/\/www.persecution.com\/es\/historias\/#website"},"primaryImageOfPage":{"@id":"https:\/\/www.persecution.com\/es\/historias\/en-prision-por-causa-de-cristo\/#primaryimage"},"image":{"@id":"https:\/\/www.persecution.com\/es\/historias\/en-prision-por-causa-de-cristo\/#primaryimage"},"thumbnailUrl":"https:\/\/assets.persecution.com\/es\/historias\/wp-content\/uploads\/2026\/03\/CUS202107CK_0001_topaz-3_pub.jpg","datePublished":"2026-03-13T18:26:46+00:00","dateModified":"2026-04-08T19:50:13+00:00","author":{"@id":"https:\/\/www.persecution.com\/es\/historias\/#\/schema\/person\/ae000ea52969cef1249f5afb05ccb961"},"breadcrumb":{"@id":"https:\/\/www.persecution.com\/es\/historias\/en-prision-por-causa-de-cristo\/#breadcrumb"},"inLanguage":"es","potentialAction":[{"@type":"ReadAction","target":["https:\/\/www.persecution.com\/es\/historias\/en-prision-por-causa-de-cristo\/"]}]},{"@type":"ImageObject","inLanguage":"es","@id":"https:\/\/www.persecution.com\/es\/historias\/en-prision-por-causa-de-cristo\/#primaryimage","url":"https:\/\/assets.persecution.com\/es\/historias\/wp-content\/uploads\/2026\/03\/CUS202107CK_0001_topaz-3_pub.jpg","contentUrl":"https:\/\/assets.persecution.com\/es\/historias\/wp-content\/uploads\/2026\/03\/CUS202107CK_0001_topaz-3_pub.jpg","width":1551,"height":959},{"@type":"BreadcrumbList","@id":"https:\/\/www.persecution.com\/es\/historias\/en-prision-por-causa-de-cristo\/#breadcrumb","itemListElement":[{"@type":"ListItem","position":1,"name":"Inicio","item":"https:\/\/www.persecution.com\/es\/historias\/"},{"@type":"ListItem","position":2,"name":"En prisi\u00f3n por causa de Cristo"}]},{"@type":"WebSite","@id":"https:\/\/www.persecution.com\/es\/historias\/#website","url":"https:\/\/www.persecution.com\/es\/historias\/","name":"Historias","description":"La Voz de los M\u00e1rtires","potentialAction":[{"@type":"SearchAction","target":{"@type":"EntryPoint","urlTemplate":"https:\/\/www.persecution.com\/es\/historias\/?s={search_term_string}"},"query-input":{"@type":"PropertyValueSpecification","valueRequired":true,"valueName":"search_term_string"}}],"inLanguage":"es"},{"@type":"Person","@id":"https:\/\/www.persecution.com\/es\/historias\/#\/schema\/person\/ae000ea52969cef1249f5afb05ccb961","name":"E Valenzuela","image":{"@type":"ImageObject","inLanguage":"es","@id":"https:\/\/secure.gravatar.com\/avatar\/72e02a942ef259240205425b9749482f07b1b2fb64225b038b4531b157d191a7?s=96&d=mm&r=g","url":"https:\/\/secure.gravatar.com\/avatar\/72e02a942ef259240205425b9749482f07b1b2fb64225b038b4531b157d191a7?s=96&d=mm&r=g","contentUrl":"https:\/\/secure.gravatar.com\/avatar\/72e02a942ef259240205425b9749482f07b1b2fb64225b038b4531b157d191a7?s=96&d=mm&r=g","caption":"E Valenzuela"},"url":"https:\/\/www.persecution.com\/es\/historias\/author\/evalenzuelavom-org\/"}]}},"_links":{"self":[{"href":"https:\/\/www.persecution.com\/es\/historias\/wp-json\/wp\/v2\/posts\/5649","targetHints":{"allow":["GET"]}}],"collection":[{"href":"https:\/\/www.persecution.com\/es\/historias\/wp-json\/wp\/v2\/posts"}],"about":[{"href":"https:\/\/www.persecution.com\/es\/historias\/wp-json\/wp\/v2\/types\/post"}],"author":[{"embeddable":true,"href":"https:\/\/www.persecution.com\/es\/historias\/wp-json\/wp\/v2\/users\/12"}],"replies":[{"embeddable":true,"href":"https:\/\/www.persecution.com\/es\/historias\/wp-json\/wp\/v2\/comments?post=5649"}],"version-history":[{"count":3,"href":"https:\/\/www.persecution.com\/es\/historias\/wp-json\/wp\/v2\/posts\/5649\/revisions"}],"predecessor-version":[{"id":5690,"href":"https:\/\/www.persecution.com\/es\/historias\/wp-json\/wp\/v2\/posts\/5649\/revisions\/5690"}],"wp:featuredmedia":[{"embeddable":true,"href":"https:\/\/www.persecution.com\/es\/historias\/wp-json\/wp\/v2\/media\/5650"}],"wp:attachment":[{"href":"https:\/\/www.persecution.com\/es\/historias\/wp-json\/wp\/v2\/media?parent=5649"}],"wp:term":[{"taxonomy":"category","embeddable":true,"href":"https:\/\/www.persecution.com\/es\/historias\/wp-json\/wp\/v2\/categories?post=5649"},{"taxonomy":"post_tag","embeddable":true,"href":"https:\/\/www.persecution.com\/es\/historias\/wp-json\/wp\/v2\/tags?post=5649"}],"curies":[{"name":"wp","href":"https:\/\/api.w.org\/{rel}","templated":true}]}}