{"id":5598,"date":"2026-01-23T10:00:00","date_gmt":"2026-01-23T10:00:00","guid":{"rendered":"https:\/\/www.persecution.com\/es\/historias\/?p=5598"},"modified":"2026-01-20T18:22:14","modified_gmt":"2026-01-20T18:22:14","slug":"el-legado-de-una-costosa-fe","status":"publish","type":"post","link":"https:\/\/www.persecution.com\/es\/historias\/el-legado-de-una-costosa-fe\/","title":{"rendered":"El legado de una costosa fe"},"content":{"rendered":"\n<blockquote class=\"wp-block-quote has-black-color has-electric-grass-gradient-background has-text-color has-background has-link-color wp-elements-858f2b561c4bbd4e9969c87c3e8b42d6 is-layout-flow wp-block-quote-is-layout-flow\">\n<p class=\"has-black-color has-text-color has-link-color wp-elements-8ecf312abd383593ecb688112dd46f1b\">&#8220;Despu\u00e9s de 30 a\u00f1os de servicio fiel, un l\u00edder del movimiento de iglesias en casa de <a href=\"https:\/\/www.persecution.com\/es\/guiadeoracionglobal\/iran\/?_source_code=WP26GPG2\">Ir\u00e1n<\/a> se vio obligado a abandonar su amado pa\u00eds&#8221;.<\/p>\n<\/blockquote>\n\n\n\n<p>Una noche de enero de 2021, mientras ve\u00edan una pel\u00edcula, Ramtin Soodmand y su esposa, Mitra, fueron sorprendidos por un llamado a la puerta. Cuando Ramtin respondi\u00f3, 16 oficiales de inteligencia vestidos de civiles se apresuraron a entrar en el apartamento donde la pareja viv\u00eda con sus dos hijos en Teher\u00e1n, <a href=\"https:\/\/www.persecution.com\/es\/guiadeoracionglobal\/iran\/?_source_code=WP26GPG2\">Ir\u00e1n<\/a>.<\/p>\n\n\n\n<p>Los oficiales confiscaron los tel\u00e9fonos celulares de Ramtin y Mitra y ordenaron a Mitra que se cubriera la cabeza y usara ropa larga, como lo exige la ley iran\u00ed a las mujeres al estar en presencia de no familiares. Despu\u00e9s, los oficiales cerraron las ventanas y cortinas para que los vecinos no pudieran escuchar ni ver lo que estaba sucediendo. Un oficial de inteligencia filmaba todo mientras saqueaban las posesiones de la pareja.<\/p>\n\n\n\n<p>Mientras los oficiales saqueaban la casa, tomando cajas de Biblias, libros cristianos, tel\u00e9fonos celulares, computadoras port\u00e1tiles y cualquier otra cosa que pudiera ser \u00fatil para su investigaci\u00f3n, Ramita, la hija de 20 a\u00f1os de Ramtin y Mitra, sali\u00f3 de su habitaci\u00f3n para ver qu\u00e9 estaba sucediendo.<\/p>\n\n\n\n<p>\u201cFue una escena ca\u00f3tica \u2014record\u00f3 Ramtin\u2014. Ellas lloraban y gritaban mientras los hombres nos amenazaban\u201d.<\/p>\n\n\n\n<p>Cuando Ryan, el hijo de 17 a\u00f1os de la pareja, regres\u00f3 a casa, se sorprendi\u00f3 al ver lo que estaba sucediendo. Mitra trataba de consolarlo mientras dos oficiales llevaban a Ramtin a una habitaci\u00f3n y comenzaban a interrogarlo sobre el trabajo de la familia con el movimiento ilegal iran\u00ed de iglesias en casa.<\/p>\n\n\n\n<figure class=\"wp-block-image size-large\"><img loading=\"lazy\" decoding=\"async\" width=\"1024\" height=\"687\" src=\"https:\/\/assets.persecution.com\/es\/historias\/wp-content\/uploads\/2026\/01\/CUS202109AB_0016_pub-1024x687.jpg\" alt=\"\" class=\"wp-image-5602\" srcset=\"https:\/\/assets.persecution.com\/es\/historias\/wp-content\/uploads\/2026\/01\/CUS202109AB_0016_pub-1024x687.jpg 1024w, https:\/\/assets.persecution.com\/es\/historias\/wp-content\/uploads\/2026\/01\/CUS202109AB_0016_pub-300x201.jpg 300w, https:\/\/assets.persecution.com\/es\/historias\/wp-content\/uploads\/2026\/01\/CUS202109AB_0016_pub-768x515.jpg 768w, https:\/\/assets.persecution.com\/es\/historias\/wp-content\/uploads\/2026\/01\/CUS202109AB_0016_pub-1536x1031.jpg 1536w, https:\/\/assets.persecution.com\/es\/historias\/wp-content\/uploads\/2026\/01\/CUS202109AB_0016_pub-2048x1374.jpg 2048w\" sizes=\"auto, (max-width: 1024px) 100vw, 1024px\" \/><\/figure>\n\n\n\n<details class=\"wp-block-details is-layout-flow wp-block-details-is-layout-flow\"><summary><em>Ramtin, su esposa y sus dos hijos<\/em>.<\/summary>\n<p><\/p>\n<\/details>\n\n\n\n<hr class=\"wp-block-separator has-alpha-channel-opacity\" \/>\n\n\n\n<p>Durante el interrogatorio de Ramtin, que dur\u00f3 varias horas, los oficiales trataron de hablar con los hijos a solas, pero Mitra no lo permiti\u00f3. En cierto momento, Ramita dijo osadamente a los oficiales que deber\u00edan avergonzarse por arruinar la vida de las personas. Uno de ellos respondi\u00f3 que ellos tampoco disfrutaban de la situaci\u00f3n.<\/p>\n\n\n\n<p>Finalmente, Mitra fue llevada a la habitaci\u00f3n con Ramtin, y dos interrogadores propusieron un acuerdo que satisficiera al Gobierno iran\u00ed. \u201cLo sabemos todo \u2014le dijeron a la pareja\u2014. Si cooperan con nosotros, no ir\u00e1n a prisi\u00f3n y no restringiremos su ministerio\u201d.<\/p>\n\n\n\n<p>Los oficiales explicaron que sab\u00edan que Ramtin era un importante l\u00edder en la iglesia secreta iran\u00ed y que pod\u00edan convertirlo en un pastor \u201cleg\u00edtimo\u201d.<\/p>\n\n\n\n<p>Le ofrecieron tener una iglesia propia, incluyendo un edificio para los servicios de adoraci\u00f3n. Pero mientras que a la iglesia se le permitir\u00eda reunirse abiertamente, tendr\u00eda que apegarse a las disposiciones del Gobierno, y la congregaci\u00f3n consistir\u00eda en personas cuidadosamente elegidas por este. \u201cPodemos ayudarlo a ser un famoso pastor en <a href=\"https:\/\/www.persecution.com\/es\/guiadeoracionglobal\/iran\/?_source_code=WP26GPG2\">Ir\u00e1n<\/a>, un pastor con su propia iglesia legal\u201d, dijeron los oficiales.<\/p>\n\n\n\n<p>Los oficiales le dijeron a Ramtin que \u00e9l representar\u00eda a <a href=\"https:\/\/www.persecution.com\/es\/guiadeoracionglobal\/iran\/?_source_code=WP26GPG2\">Ir\u00e1n<\/a> en conferencias religiosas en todo el mundo, aunque se le exigir\u00eda que repitiera los puntos que el Gobierno le diera para hablar. Ramtin le dir\u00eda al mundo que la iglesia en <a href=\"https:\/\/www.persecution.com\/es\/guiadeoracionglobal\/iran\/?_source_code=WP26GPG2\">Ir\u00e1n<\/a> tiene completa libertad religiosa y que las personas de todos los trasfondos, incluidos musulmanes, son libres de reunirse con ellos. \u201cHay muchos pastores dentro y fuera de <a href=\"https:\/\/www.persecution.com\/es\/guiadeoracionglobal\/iran\/?_source_code=WP26GPG2\">Ir\u00e1n<\/a> que cooperan con nosotros \u2014le dijeron los oficiales\u2014, t\u00fa no eres el primero. Esta es una buena oportunidad para que mejores tu estilo de vida\u201d.<\/p>\n\n\n\n<p>Cuando terminaron su discurso, los oficiales le recordaron a Ramtin que ser\u00eda arrestado si no cooperaba. Para aclarar, Mitra pregunt\u00f3 si se les estaba pidiendo que fueran esp\u00edas. \u201cSi es as\u00ed \u2014les dijo\u2014, no somos ese tipo de personas\u201d.<\/p>\n\n\n\n<p>Luego los oficiales le dijeron a la pareja que ten\u00edan dos minutos para discutir su oferta y tomar una decisi\u00f3n: que Ramtin fuera arrestado inmediatamente o que se presentara dos d\u00edas despu\u00e9s en su oficina para comenzar su trabajo con el Gobierno.<\/p>\n\n\n\n<p>Tanto Ramtin como Mitra sab\u00edan que Ramtin probablemente no podr\u00eda resistir la prisi\u00f3n o la tortura; \u00e9l ten\u00eda problemas de diabetes y card\u00edacos. \u201cYo apoyo lo que decidas\u201d, le dijo Mitra a su esposo.<\/p>\n\n\n\n<p>La pareja firm\u00f3 un documento declarando que Ramtin se reunir\u00eda con las autoridades dos d\u00edas m\u00e1s tarde. Luego, cinco horas despu\u00e9s de irrumpir en su casa, los oficiales se fueron a las dos de la ma\u00f1ana.<\/p>\n\n\n\n<p>Pero Ramtin no ten\u00eda intenci\u00f3n de aceptar la oferta del Gobierno. Hab\u00eda aceptado la reuni\u00f3n solo para evitar el arresto inmediato. \u201cNo puedo cooperar con el ej\u00e9rcito del diablo\u201d, dijo.<\/p>\n\n\n\n<p class=\"has-vivid-cyan-blue-color has-text-color has-link-color has-medium-font-size wp-elements-e35784c90e42ded5f74efb5976ad0520\"><strong>Toma mi lugar<\/strong><\/p>\n\n\n\n<p>La familia estaba en un l\u00edo. Ramtin sab\u00eda a lo que se enfrentar\u00eda si se negaba a trabajar para el Gobierno como un pastor t\u00edtere; anteriormente ya hab\u00eda pasado m\u00e1s de nueve semanas en prisi\u00f3n y 40 d\u00edas en confinamiento solitario por su trabajo cristiano. \u00c9l no tem\u00eda ir a la c\u00e1rcel, pero estaba preocupado por su familia. Su hijo, Rayan, estaba a pocos meses de completar su tercer a\u00f1o de secundaria, y Ramita era una estudiante universitaria.<\/p>\n\n\n\n<p>La experiencia le hab\u00eda ense\u00f1ado a Ramtin lo cruel que pod\u00eda ser el r\u00e9gimen iran\u00ed. \u00c9l ten\u00eda 16 a\u00f1os cuando su padre, el Rev. Hossein Soodmand Radkani, fue ejecutado por el Gobierno por apostas\u00eda.<\/p>\n\n\n\n<figure class=\"wp-block-image size-large\"><img loading=\"lazy\" decoding=\"async\" width=\"1024\" height=\"757\" src=\"https:\/\/assets.persecution.com\/es\/historias\/wp-content\/uploads\/2026\/01\/CUS1811AA_0008_pub-1024x757.jpg\" alt=\"\" class=\"wp-image-5605\" srcset=\"https:\/\/assets.persecution.com\/es\/historias\/wp-content\/uploads\/2026\/01\/CUS1811AA_0008_pub-1024x757.jpg 1024w, https:\/\/assets.persecution.com\/es\/historias\/wp-content\/uploads\/2026\/01\/CUS1811AA_0008_pub-300x222.jpg 300w, https:\/\/assets.persecution.com\/es\/historias\/wp-content\/uploads\/2026\/01\/CUS1811AA_0008_pub-768x568.jpg 768w, https:\/\/assets.persecution.com\/es\/historias\/wp-content\/uploads\/2026\/01\/CUS1811AA_0008_pub.jpg 1349w\" sizes=\"auto, (max-width: 1024px) 100vw, 1024px\" \/><\/figure>\n\n\n\n<details class=\"wp-block-details is-layout-flow wp-block-details-is-layout-flow\"><summary><em>El padre de Ramtin, el reverendo Hossein Soodmand, fue el primer cristiano convertido del islam que fue ejecutado en Ir\u00e1n por apostas\u00eda<\/em>.<\/summary>\n<hr class=\"wp-block-separator has-alpha-channel-opacity\" \/>\n<\/details>\n\n\n\n<p>Despu\u00e9s de la muerte de su padre, la madre de Ramtin, que era ciega, se qued\u00f3 sola a cargo de \u00e9l y de sus tres hermanos. (A la hermana mayor de Ramtin, Rashin, le fue dif\u00edcil perdonar a los asesinos de su padre, pero finalmente comenz\u00f3 a servir a la iglesia iran\u00ed a trav\u00e9s de consejer\u00eda y discipulado en l\u00ednea viviendo fuera del pa\u00eds).<\/p>\n\n\n<div class=\"wp-block-image\">\n<figure class=\"aligncenter size-full\"><img loading=\"lazy\" decoding=\"async\" width=\"674\" height=\"510\" src=\"https:\/\/assets.persecution.com\/es\/historias\/wp-content\/uploads\/2026\/01\/CUS1811AA_0009_pub.jpg\" alt=\"\" class=\"wp-image-5607\" srcset=\"https:\/\/assets.persecution.com\/es\/historias\/wp-content\/uploads\/2026\/01\/CUS1811AA_0009_pub.jpg 674w, https:\/\/assets.persecution.com\/es\/historias\/wp-content\/uploads\/2026\/01\/CUS1811AA_0009_pub-300x227.jpg 300w\" sizes=\"auto, (max-width: 674px) 100vw, 674px\" \/><\/figure>\n<\/div>\n\n\n<p>Ramtin hab\u00eda visto al Gobierno iran\u00ed, uno de los m\u00e1s represivos del mundo, intimidar, acosar y encarcelar cristianos por todo el pa\u00eds. Dado que la ley iran\u00ed proh\u00edbe a cualquier musulm\u00e1n abandonar el islam, los cristianos convertidos se enfrentan a penas de c\u00e1rcel por cargos como \u201cpropaganda contra el r\u00e9gimen\u201d y \u201cactuar contra la seguridad nacional\u201d. Incluso, poseer una Biblia y hablar de Cristo son delitos castigables.<\/p>\n\n\n\n<p>La actividad cristiana ha sido ilegal desde la fundaci\u00f3n de la Rep\u00fablica Isl\u00e1mica de <a href=\"https:\/\/www.persecution.com\/es\/guiadeoracionglobal\/iran\/?_source_code=WP26GPG2\">Ir\u00e1n<\/a> en 1979, y el continuo crecimiento del cristianismo ha causado gran preocupaci\u00f3n entre los l\u00edderes del pa\u00eds. A pesar de experimentar una intensa persecuci\u00f3n, la iglesia en <a href=\"https:\/\/www.persecution.com\/es\/guiadeoracionglobal\/iran\/?_source_code=WP26GPG2\">Ir\u00e1n<\/a> sigue siendo una de las iglesias con m\u00e1s r\u00e1pido crecimiento en el mundo. Entre 2009 y 2012, las autoridades cerraron casi todas las iglesias de habla farsi en el pa\u00eds, y los cristianos que hab\u00edan sido arrestados y liberados bajo fianza fueron llamados a cumplir penas de prisi\u00f3n.<\/p>\n\n\n\n<p>Anteriormente, los cristianos eran arrestados, multados y luego liberados con la esperanza de que abandonaran el pa\u00eds. No obstante, recientemente, el Gobierno ha estado exiliando a los cristianos a otra parte del pa\u00eds. Ebrahim Firouzi, quien fue liberado en 2019 despu\u00e9s de seis a\u00f1os en prisi\u00f3n, ahora est\u00e1 cumpliendo dos a\u00f1os y 11 meses en el exilio interno a 1609 kil\u00f3metros de su hogar. Otra nueva estrategia es el uso de monitores electr\u00f3nicos de tobillo. Cuando el cristiano convertido Reza Zaeemi fue liberado en agosto de 2021, se le coloc\u00f3 un monitor de tobillo y se le prohibi\u00f3 salir del pa\u00eds.<\/p>\n\n\n\n<p>Ramtin, consciente de los riesgos, hab\u00eda trabajado cautelosamente a favor de la iglesia en Ir\u00e1n durante tres d\u00e9cadas. Como l\u00edder en el movimiento de iglesias en casa de Ir\u00e1n, estuvo involucrado en muchas actividades ilegales, incluyendo predicar el Evangelio, ense\u00f1ar a nuevos creyentes y capacitar a l\u00edderes de la iglesia. \u00c9l y otros l\u00edderes de iglesias en casas hab\u00edan desarrollado cuidadosamente m\u00e9todos para trabajar uno a uno para que si un cristiano era arrestado, \u00e9l o ella no pudiera exponer a toda la red.<\/p>\n\n\n\n<figure class=\"wp-block-image size-large\"><img loading=\"lazy\" decoding=\"async\" width=\"1024\" height=\"741\" src=\"https:\/\/assets.persecution.com\/es\/historias\/wp-content\/uploads\/2026\/01\/CUS202109AB_0083_rev_pub-1024x741.jpg\" alt=\"\" class=\"wp-image-5609\" srcset=\"https:\/\/assets.persecution.com\/es\/historias\/wp-content\/uploads\/2026\/01\/CUS202109AB_0083_rev_pub-1024x741.jpg 1024w, https:\/\/assets.persecution.com\/es\/historias\/wp-content\/uploads\/2026\/01\/CUS202109AB_0083_rev_pub-300x217.jpg 300w, https:\/\/assets.persecution.com\/es\/historias\/wp-content\/uploads\/2026\/01\/CUS202109AB_0083_rev_pub-768x556.jpg 768w, https:\/\/assets.persecution.com\/es\/historias\/wp-content\/uploads\/2026\/01\/CUS202109AB_0083_rev_pub-1536x1111.jpg 1536w, https:\/\/assets.persecution.com\/es\/historias\/wp-content\/uploads\/2026\/01\/CUS202109AB_0083_rev_pub-2048x1482.jpg 2048w\" sizes=\"auto, (max-width: 1024px) 100vw, 1024px\" \/><\/figure>\n\n\n\n<details class=\"wp-block-details is-layout-flow wp-block-details-is-layout-flow\"><summary><em>Ramtin y su familia. Algunos de los aqu\u00ed mostrados, ahora adoran en una iglesia en casa, tal como lo hac\u00edan en su casa en Ir\u00e1n.<\/em><\/summary>\n<p><\/p>\n<\/details>\n\n\n\n<p>Pero ahora parec\u00eda que el Gobierno hab\u00eda perdido la paciencia con su trabajo evang\u00e9lico ilegal y estaba poni\u00e9ndole un alto.<\/p>\n\n\n\n<p>Previendo la posibilidad de su arresto o su muerte, Ramtin se hab\u00eda preparado para este momento. Dos a\u00f1os antes, le hab\u00eda dicho al director de un seminario teol\u00f3gico iran\u00ed que quer\u00eda capacitar a otros para que se hicieran cargo de su trabajo.<\/p>\n\n\n\n<p>\u201cNo s\u00e9 cu\u00e1nto tiempo me queda de vida ni qu\u00e9 tipo de persecuci\u00f3n llegue a enfrentar \u2014le hab\u00eda dicho al director\u2014, pero si esto sucede o si me meten enprisi\u00f3n, me gustar\u00eda preparar a varias personas para la obra del Se\u00f1or. Me gustar\u00eda transmitirles el conocimiento de todos mis m\u00e9todos y experiencias de ministerio para que, en mi ausencia, puedan tomar mi lugar y continuar con la obra del Se\u00f1or para que las actividades de las iglesias en casa no cesen\u201d.<\/p>\n\n\n\n<p>Ramtin eligi\u00f3 a varios creyentes comprometidos para su comisi\u00f3n especial y comenz\u00f3 a entrenarlos para que tomaran su lugar. \u00c9l los entren\u00f3 por dos a\u00f1os antes de que los oficiales de inteligencia iran\u00ed trastornaran la vida de su familia en 2021.<\/p>\n\n\n\n<figure class=\"wp-block-image size-large\"><img loading=\"lazy\" decoding=\"async\" width=\"1024\" height=\"719\" src=\"https:\/\/assets.persecution.com\/es\/historias\/wp-content\/uploads\/2026\/01\/CUS202109AB_0060_rev2_pub-1024x719.jpg\" alt=\"\" class=\"wp-image-5610\" srcset=\"https:\/\/assets.persecution.com\/es\/historias\/wp-content\/uploads\/2026\/01\/CUS202109AB_0060_rev2_pub-1024x719.jpg 1024w, https:\/\/assets.persecution.com\/es\/historias\/wp-content\/uploads\/2026\/01\/CUS202109AB_0060_rev2_pub-300x211.jpg 300w, https:\/\/assets.persecution.com\/es\/historias\/wp-content\/uploads\/2026\/01\/CUS202109AB_0060_rev2_pub-768x539.jpg 768w, https:\/\/assets.persecution.com\/es\/historias\/wp-content\/uploads\/2026\/01\/CUS202109AB_0060_rev2_pub-1536x1079.jpg 1536w, https:\/\/assets.persecution.com\/es\/historias\/wp-content\/uploads\/2026\/01\/CUS202109AB_0060_rev2_pub-2048x1439.jpg 2048w\" sizes=\"auto, (max-width: 1024px) 100vw, 1024px\" \/><\/figure>\n\n\n\n<details class=\"wp-block-details is-layout-flow wp-block-details-is-layout-flow\"><summary><em>Ramtin fue bautizado cuando era adolescente por Haik Hovsepian, un pastor armenio que fue asesinado por el gobierno iran\u00ed en 1994<\/em>.<\/summary>\n<hr class=\"wp-block-separator has-alpha-channel-opacity\" \/>\n<\/details>\n\n\n\n<p class=\"has-vivid-cyan-blue-color has-text-color has-link-color has-medium-font-size wp-elements-c01ba56939b7c5dea1d94594c156092f\"><strong>Siguiendo la direcci\u00f3n de Dios<\/strong><\/p>\n\n\n\n<p>Despu\u00e9s de que los oficiales salieran de su casa esa ma\u00f1ana de enero, Ramtin y Mitra asumieron que un dispositivo de grabaci\u00f3n hab\u00eda sido escondido en su casa. Entonces, en lugar de discutir abiertamente sus opiniones sobre c\u00f3mo proceder\u00edan, escribieron e intercambiaron notas minuciosamente mientras decid\u00edan qu\u00e9 deb\u00edan hacer. Fue una decisi\u00f3n agobiante: Ramtin tiene un profundo amor por <a href=\"https:\/\/www.persecution.com\/es\/guiadeoracionglobal\/iran\/?_source_code=WP26GPG2\">Ir\u00e1n<\/a>, y hab\u00eda fomentado ese mismo amor por el pa\u00eds en sus hijos. \u00c9l sab\u00eda que perder\u00edan mucho si se iban, pero cuando les pregunt\u00f3 qu\u00e9 pensaban, dijeron: \u201cPap\u00e1, haz de acuerdo a lo que Dios te gu\u00ede\u201d.<\/p>\n\n\n\n<p>La familia estuvo de acuerdo en que Ramtin no se reuniera con las autoridades como hab\u00eda prometido, sino que huir\u00eda del pa\u00eds. As\u00ed que al d\u00eda siguiente, \u00e9l y Mitra deambularon por la ciudad en busca de alg\u00fan lugar privado para hablar. Sab\u00edan que estaban siendo seguidos, e incluso darse un abrazo podr\u00eda dar se\u00f1al a sus seguidores de que Ramtin estaba a punto de huir.<\/p>\n\n\n\n<p>Finalmente, encontraron suficiente privacidad para despedirse y tomaron caminos separados con la esperanza de reunirse fuera del pa\u00eds. Ramtin hizo los arreglos necesarios por su cuenta y pronto sali\u00f3 de Ir\u00e1n a escondidas, su esposa e hijos pudieron irse varios meses despu\u00e9s.<\/p>\n\n\n\n<figure class=\"wp-block-image size-large\"><img loading=\"lazy\" decoding=\"async\" width=\"844\" height=\"1024\" src=\"https:\/\/assets.persecution.com\/es\/historias\/wp-content\/uploads\/2026\/01\/CUS202109AB_0009_pub-844x1024.jpg\" alt=\"\" class=\"wp-image-5614\" srcset=\"https:\/\/assets.persecution.com\/es\/historias\/wp-content\/uploads\/2026\/01\/CUS202109AB_0009_pub-844x1024.jpg 844w, https:\/\/assets.persecution.com\/es\/historias\/wp-content\/uploads\/2026\/01\/CUS202109AB_0009_pub-247x300.jpg 247w, https:\/\/assets.persecution.com\/es\/historias\/wp-content\/uploads\/2026\/01\/CUS202109AB_0009_pub-768x932.jpg 768w, https:\/\/assets.persecution.com\/es\/historias\/wp-content\/uploads\/2026\/01\/CUS202109AB_0009_pub-1265x1536.jpg 1265w, https:\/\/assets.persecution.com\/es\/historias\/wp-content\/uploads\/2026\/01\/CUS202109AB_0009_pub-1687x2048.jpg 1687w\" sizes=\"auto, (max-width: 844px) 100vw, 844px\" \/><\/figure>\n\n\n\n<details class=\"wp-block-details is-layout-flow wp-block-details-is-layout-flow\"><summary><em>La familia de Ramtin huy\u00f3 de Ir\u00e1n con solo lo que pod\u00edan llevar. Ahora son refugiados en otro pa\u00eds<\/em>.<\/summary>\n<p><\/p>\n\n\n\n<hr class=\"wp-block-separator has-alpha-channel-opacity\" \/>\n<\/details>\n\n\n\n<p>Unas semanas despu\u00e9s de llegar a otro pa\u00eds de Oriente Medio, Ramtin, lleno de emoci\u00f3n, habl\u00f3 con La Voz de los M\u00e1rtires (VOM). \u201cNo estoy seguro de mi decisi\u00f3n, \u00bfhice lo correcto, o no? Todo el d\u00eda oro pregunt\u00e1ndole a Dios, \u2018\u00bfEstoy en el lugar correcto?\u2019. Es una situaci\u00f3n muy dif\u00edcil para m\u00ed. Ahora estoy a salvo. Estoy feliz por eso, pero para m\u00ed la seguridad no es la raz\u00f3n principal de vivir. Estar en la voluntad de Dios es importante para m\u00ed y para mi familia\u201d.<\/p>\n\n\n\n<blockquote class=\"wp-block-quote has-black-color has-electric-grass-gradient-background has-text-color has-background has-link-color wp-elements-7b04d53485422f7e00fa233ca7573141 is-layout-flow wp-block-quote-is-layout-flow\">\n<p class=\"has-black-color has-text-color has-link-color wp-elements-8d93fe2dd5f6085bb58c23b50850ddb9\">&#8220;Ahora estoy a salvo y estoy feliz por eso, pero para mi la seguridad no es la raz\u00f3n principal de vivir&#8221;<\/p>\n<\/blockquote>\n\n\n\n<p>Mientras ministraba en Ir\u00e1n, la mayor parte del trabajo de Ramtin permaneci\u00f3 en el anonimato. Pero sab\u00eda que organizaciones como VOM estaban trabajando junto a \u00e9l, ayudando a su familia a reubicarse cuando su arrendador los expuls\u00f3 por ser cristianos, apoyando a su familia mientras \u00e9l estuvo en prisi\u00f3n y proporcionando Biblias y otro tipo de ayuda.<\/p>\n\n\n\n<p>\u201cUstedes sufrieron espiritual y financieramente con mi familia y conmigo durante los \u00faltimos 30 a\u00f1os y seis meses \u2014dijo Ramtin\u2014. Agradezco a Dios por esta gran familia, agradezco Su amor que nos conect\u00f3 en un solo cuerpo\u201d.\u00a0<\/p>\n","protected":false},"excerpt":{"rendered":"<p>&#8220;Despu\u00e9s de 30 a\u00f1os de servicio fiel, un l\u00edder del movimiento de iglesias en casa de Ir\u00e1n se vio obligado a abandonar su amado pa\u00eds&#8221;. Una noche de enero de 2021, mientras ve\u00edan una pel\u00edcula, Ramtin Soodmand y su esposa, Mitra, fueron sorprendidos por un llamado a la puerta. Cuando Ramtin respondi\u00f3, 16 oficiales de inteligencia vestidos de civiles se apresuraron a entrar en el apartamento donde la pareja viv\u00eda con sus dos hijos en Teher\u00e1n, Ir\u00e1n. Los oficiales confiscaron los tel\u00e9fonos celulares de Ramtin y Mitra y ordenaron a Mitra que se cubriera la cabeza y usara ropa larga, como lo exige la ley iran\u00ed a las mujeres al estar en presencia de no familiares. Despu\u00e9s, los oficiales cerraron las ventanas y cortinas para que los vecinos no pudieran escuchar ni ver lo que estaba sucediendo. Un oficial de inteligencia filmaba todo mientras saqueaban las posesiones de la pareja. Mientras los oficiales saqueaban la casa, tomando cajas de Biblias, libros cristianos, tel\u00e9fonos celulares, computadoras port\u00e1tiles y cualquier otra cosa que pudiera ser \u00fatil para su investigaci\u00f3n, Ramita, la hija de 20 a\u00f1os de Ramtin y Mitra, sali\u00f3 de su habitaci\u00f3n para ver qu\u00e9 estaba sucediendo. \u201cFue una escena ca\u00f3tica<\/p>\n","protected":false},"author":12,"featured_media":5599,"comment_status":"closed","ping_status":"closed","sticky":false,"template":"","format":"standard","meta":{"footnotes":""},"categories":[6,79],"tags":[3],"class_list":["post-5598","post","type-post","status-publish","format-standard","has-post-thumbnail","hentry","category-historia","category-oracion","tag-iran","","tg-column-two"],"yoast_head":"<!-- This site is optimized with the Yoast SEO plugin v27.5 - https:\/\/yoast.com\/product\/yoast-seo-wordpress\/ -->\n<title>El legado de una costosa fe - Historias<\/title>\n<meta name=\"robots\" content=\"index, follow, max-snippet:-1, max-image-preview:large, max-video-preview:-1\" \/>\n<link rel=\"canonical\" href=\"https:\/\/www.persecution.com\/es\/historias\/el-legado-de-una-costosa-fe\/\" \/>\n<meta property=\"og:locale\" content=\"es_MX\" \/>\n<meta property=\"og:type\" content=\"article\" \/>\n<meta property=\"og:title\" content=\"El legado de una costosa fe - Historias\" \/>\n<meta property=\"og:description\" content=\"&#8220;Despu\u00e9s de 30 a\u00f1os de servicio fiel, un l\u00edder del movimiento de iglesias en casa de Ir\u00e1n se vio obligado a abandonar su amado pa\u00eds&#8221;. Una noche de enero de 2021, mientras ve\u00edan una pel\u00edcula, Ramtin Soodmand y su esposa, Mitra, fueron sorprendidos por un llamado a la puerta. Cuando Ramtin respondi\u00f3, 16 oficiales de inteligencia vestidos de civiles se apresuraron a entrar en el apartamento donde la pareja viv\u00eda con sus dos hijos en Teher\u00e1n, Ir\u00e1n. Los oficiales confiscaron los tel\u00e9fonos celulares de Ramtin y Mitra y ordenaron a Mitra que se cubriera la cabeza y usara ropa larga, como lo exige la ley iran\u00ed a las mujeres al estar en presencia de no familiares. Despu\u00e9s, los oficiales cerraron las ventanas y cortinas para que los vecinos no pudieran escuchar ni ver lo que estaba sucediendo. Un oficial de inteligencia filmaba todo mientras saqueaban las posesiones de la pareja. Mientras los oficiales saqueaban la casa, tomando cajas de Biblias, libros cristianos, tel\u00e9fonos celulares, computadoras port\u00e1tiles y cualquier otra cosa que pudiera ser \u00fatil para su investigaci\u00f3n, Ramita, la hija de 20 a\u00f1os de Ramtin y Mitra, sali\u00f3 de su habitaci\u00f3n para ver qu\u00e9 estaba sucediendo. \u201cFue una escena ca\u00f3tica\" \/>\n<meta property=\"og:url\" content=\"https:\/\/www.persecution.com\/es\/historias\/el-legado-de-una-costosa-fe\/\" \/>\n<meta property=\"og:site_name\" content=\"Historias\" \/>\n<meta property=\"article:published_time\" content=\"2026-01-23T10:00:00+00:00\" \/>\n<meta property=\"og:image\" content=\"https:\/\/assets.persecution.com\/es\/historias\/wp-content\/uploads\/2026\/01\/CUS202109AB_0035_rev_pub-scaled.jpg\" \/>\n\t<meta property=\"og:image:width\" content=\"2560\" \/>\n\t<meta property=\"og:image:height\" content=\"1945\" \/>\n\t<meta property=\"og:image:type\" content=\"image\/jpeg\" \/>\n<meta name=\"author\" content=\"E Valenzuela\" \/>\n<meta name=\"twitter:card\" content=\"summary_large_image\" \/>\n<meta name=\"twitter:label1\" content=\"Escrito por\" \/>\n\t<meta name=\"twitter:data1\" content=\"E Valenzuela\" \/>\n\t<meta name=\"twitter:label2\" content=\"Tiempo de lectura\" \/>\n\t<meta name=\"twitter:data2\" content=\"11 minutos\" \/>\n<script type=\"application\/ld+json\" class=\"yoast-schema-graph\">{\"@context\":\"https:\\\/\\\/schema.org\",\"@graph\":[{\"@type\":\"Article\",\"@id\":\"https:\\\/\\\/www.persecution.com\\\/es\\\/historias\\\/el-legado-de-una-costosa-fe\\\/#article\",\"isPartOf\":{\"@id\":\"https:\\\/\\\/www.persecution.com\\\/es\\\/historias\\\/el-legado-de-una-costosa-fe\\\/\"},\"author\":{\"name\":\"E Valenzuela\",\"@id\":\"https:\\\/\\\/www.persecution.com\\\/es\\\/historias\\\/#\\\/schema\\\/person\\\/ae000ea52969cef1249f5afb05ccb961\"},\"headline\":\"El legado de una costosa fe\",\"datePublished\":\"2026-01-23T10:00:00+00:00\",\"mainEntityOfPage\":{\"@id\":\"https:\\\/\\\/www.persecution.com\\\/es\\\/historias\\\/el-legado-de-una-costosa-fe\\\/\"},\"wordCount\":2118,\"image\":{\"@id\":\"https:\\\/\\\/www.persecution.com\\\/es\\\/historias\\\/el-legado-de-una-costosa-fe\\\/#primaryimage\"},\"thumbnailUrl\":\"https:\\\/\\\/www.persecution.com\\\/es\\\/historias\\\/wp-content\\\/uploads\\\/2026\\\/01\\\/CUS202109AB_0035_rev_pub-scaled.jpg\",\"keywords\":[\"Ir\u00e1n\"],\"articleSection\":[\"Historia\",\"Oraci\u00f3n\"],\"inLanguage\":\"es\"},{\"@type\":\"WebPage\",\"@id\":\"https:\\\/\\\/www.persecution.com\\\/es\\\/historias\\\/el-legado-de-una-costosa-fe\\\/\",\"url\":\"https:\\\/\\\/www.persecution.com\\\/es\\\/historias\\\/el-legado-de-una-costosa-fe\\\/\",\"name\":\"El legado de una costosa fe - Historias\",\"isPartOf\":{\"@id\":\"https:\\\/\\\/www.persecution.com\\\/es\\\/historias\\\/#website\"},\"primaryImageOfPage\":{\"@id\":\"https:\\\/\\\/www.persecution.com\\\/es\\\/historias\\\/el-legado-de-una-costosa-fe\\\/#primaryimage\"},\"image\":{\"@id\":\"https:\\\/\\\/www.persecution.com\\\/es\\\/historias\\\/el-legado-de-una-costosa-fe\\\/#primaryimage\"},\"thumbnailUrl\":\"https:\\\/\\\/www.persecution.com\\\/es\\\/historias\\\/wp-content\\\/uploads\\\/2026\\\/01\\\/CUS202109AB_0035_rev_pub-scaled.jpg\",\"datePublished\":\"2026-01-23T10:00:00+00:00\",\"author\":{\"@id\":\"https:\\\/\\\/www.persecution.com\\\/es\\\/historias\\\/#\\\/schema\\\/person\\\/ae000ea52969cef1249f5afb05ccb961\"},\"breadcrumb\":{\"@id\":\"https:\\\/\\\/www.persecution.com\\\/es\\\/historias\\\/el-legado-de-una-costosa-fe\\\/#breadcrumb\"},\"inLanguage\":\"es\",\"potentialAction\":[{\"@type\":\"ReadAction\",\"target\":[\"https:\\\/\\\/www.persecution.com\\\/es\\\/historias\\\/el-legado-de-una-costosa-fe\\\/\"]}]},{\"@type\":\"ImageObject\",\"inLanguage\":\"es\",\"@id\":\"https:\\\/\\\/www.persecution.com\\\/es\\\/historias\\\/el-legado-de-una-costosa-fe\\\/#primaryimage\",\"url\":\"https:\\\/\\\/www.persecution.com\\\/es\\\/historias\\\/wp-content\\\/uploads\\\/2026\\\/01\\\/CUS202109AB_0035_rev_pub-scaled.jpg\",\"contentUrl\":\"https:\\\/\\\/www.persecution.com\\\/es\\\/historias\\\/wp-content\\\/uploads\\\/2026\\\/01\\\/CUS202109AB_0035_rev_pub-scaled.jpg\",\"width\":2560,\"height\":1945},{\"@type\":\"BreadcrumbList\",\"@id\":\"https:\\\/\\\/www.persecution.com\\\/es\\\/historias\\\/el-legado-de-una-costosa-fe\\\/#breadcrumb\",\"itemListElement\":[{\"@type\":\"ListItem\",\"position\":1,\"name\":\"Inicio\",\"item\":\"https:\\\/\\\/www.persecution.com\\\/es\\\/historias\\\/\"},{\"@type\":\"ListItem\",\"position\":2,\"name\":\"El legado de una costosa fe\"}]},{\"@type\":\"WebSite\",\"@id\":\"https:\\\/\\\/www.persecution.com\\\/es\\\/historias\\\/#website\",\"url\":\"https:\\\/\\\/www.persecution.com\\\/es\\\/historias\\\/\",\"name\":\"Historias\",\"description\":\"La Voz de los M\u00e1rtires\",\"potentialAction\":[{\"@type\":\"SearchAction\",\"target\":{\"@type\":\"EntryPoint\",\"urlTemplate\":\"https:\\\/\\\/www.persecution.com\\\/es\\\/historias\\\/?s={search_term_string}\"},\"query-input\":{\"@type\":\"PropertyValueSpecification\",\"valueRequired\":true,\"valueName\":\"search_term_string\"}}],\"inLanguage\":\"es\"},{\"@type\":\"Person\",\"@id\":\"https:\\\/\\\/www.persecution.com\\\/es\\\/historias\\\/#\\\/schema\\\/person\\\/ae000ea52969cef1249f5afb05ccb961\",\"name\":\"E Valenzuela\",\"image\":{\"@type\":\"ImageObject\",\"inLanguage\":\"es\",\"@id\":\"https:\\\/\\\/secure.gravatar.com\\\/avatar\\\/72e02a942ef259240205425b9749482f07b1b2fb64225b038b4531b157d191a7?s=96&d=mm&r=g\",\"url\":\"https:\\\/\\\/secure.gravatar.com\\\/avatar\\\/72e02a942ef259240205425b9749482f07b1b2fb64225b038b4531b157d191a7?s=96&d=mm&r=g\",\"contentUrl\":\"https:\\\/\\\/secure.gravatar.com\\\/avatar\\\/72e02a942ef259240205425b9749482f07b1b2fb64225b038b4531b157d191a7?s=96&d=mm&r=g\",\"caption\":\"E Valenzuela\"},\"url\":\"https:\\\/\\\/www.persecution.com\\\/es\\\/historias\\\/author\\\/evalenzuelavom-org\\\/\"}]}<\/script>\n<!-- \/ Yoast SEO plugin. -->","yoast_head_json":{"title":"El legado de una costosa fe - Historias","robots":{"index":"index","follow":"follow","max-snippet":"max-snippet:-1","max-image-preview":"max-image-preview:large","max-video-preview":"max-video-preview:-1"},"canonical":"https:\/\/www.persecution.com\/es\/historias\/el-legado-de-una-costosa-fe\/","og_locale":"es_MX","og_type":"article","og_title":"El legado de una costosa fe - Historias","og_description":"&#8220;Despu\u00e9s de 30 a\u00f1os de servicio fiel, un l\u00edder del movimiento de iglesias en casa de Ir\u00e1n se vio obligado a abandonar su amado pa\u00eds&#8221;. Una noche de enero de 2021, mientras ve\u00edan una pel\u00edcula, Ramtin Soodmand y su esposa, Mitra, fueron sorprendidos por un llamado a la puerta. Cuando Ramtin respondi\u00f3, 16 oficiales de inteligencia vestidos de civiles se apresuraron a entrar en el apartamento donde la pareja viv\u00eda con sus dos hijos en Teher\u00e1n, Ir\u00e1n. Los oficiales confiscaron los tel\u00e9fonos celulares de Ramtin y Mitra y ordenaron a Mitra que se cubriera la cabeza y usara ropa larga, como lo exige la ley iran\u00ed a las mujeres al estar en presencia de no familiares. Despu\u00e9s, los oficiales cerraron las ventanas y cortinas para que los vecinos no pudieran escuchar ni ver lo que estaba sucediendo. Un oficial de inteligencia filmaba todo mientras saqueaban las posesiones de la pareja. Mientras los oficiales saqueaban la casa, tomando cajas de Biblias, libros cristianos, tel\u00e9fonos celulares, computadoras port\u00e1tiles y cualquier otra cosa que pudiera ser \u00fatil para su investigaci\u00f3n, Ramita, la hija de 20 a\u00f1os de Ramtin y Mitra, sali\u00f3 de su habitaci\u00f3n para ver qu\u00e9 estaba sucediendo. \u201cFue una escena ca\u00f3tica","og_url":"https:\/\/www.persecution.com\/es\/historias\/el-legado-de-una-costosa-fe\/","og_site_name":"Historias","article_published_time":"2026-01-23T10:00:00+00:00","og_image":[{"width":2560,"height":1945,"url":"https:\/\/assets.persecution.com\/es\/historias\/wp-content\/uploads\/2026\/01\/CUS202109AB_0035_rev_pub-scaled.jpg","type":"image\/jpeg"}],"author":"E Valenzuela","twitter_card":"summary_large_image","twitter_misc":{"Escrito por":"E Valenzuela","Tiempo de lectura":"11 minutos"},"schema":{"@context":"https:\/\/schema.org","@graph":[{"@type":"Article","@id":"https:\/\/www.persecution.com\/es\/historias\/el-legado-de-una-costosa-fe\/#article","isPartOf":{"@id":"https:\/\/www.persecution.com\/es\/historias\/el-legado-de-una-costosa-fe\/"},"author":{"name":"E Valenzuela","@id":"https:\/\/www.persecution.com\/es\/historias\/#\/schema\/person\/ae000ea52969cef1249f5afb05ccb961"},"headline":"El legado de una costosa fe","datePublished":"2026-01-23T10:00:00+00:00","mainEntityOfPage":{"@id":"https:\/\/www.persecution.com\/es\/historias\/el-legado-de-una-costosa-fe\/"},"wordCount":2118,"image":{"@id":"https:\/\/www.persecution.com\/es\/historias\/el-legado-de-una-costosa-fe\/#primaryimage"},"thumbnailUrl":"https:\/\/assets.persecution.com\/es\/historias\/wp-content\/uploads\/2026\/01\/CUS202109AB_0035_rev_pub-scaled.jpg","keywords":["Ir\u00e1n"],"articleSection":["Historia","Oraci\u00f3n"],"inLanguage":"es"},{"@type":"WebPage","@id":"https:\/\/www.persecution.com\/es\/historias\/el-legado-de-una-costosa-fe\/","url":"https:\/\/www.persecution.com\/es\/historias\/el-legado-de-una-costosa-fe\/","name":"El legado de una costosa fe - Historias","isPartOf":{"@id":"https:\/\/www.persecution.com\/es\/historias\/#website"},"primaryImageOfPage":{"@id":"https:\/\/www.persecution.com\/es\/historias\/el-legado-de-una-costosa-fe\/#primaryimage"},"image":{"@id":"https:\/\/www.persecution.com\/es\/historias\/el-legado-de-una-costosa-fe\/#primaryimage"},"thumbnailUrl":"https:\/\/assets.persecution.com\/es\/historias\/wp-content\/uploads\/2026\/01\/CUS202109AB_0035_rev_pub-scaled.jpg","datePublished":"2026-01-23T10:00:00+00:00","author":{"@id":"https:\/\/www.persecution.com\/es\/historias\/#\/schema\/person\/ae000ea52969cef1249f5afb05ccb961"},"breadcrumb":{"@id":"https:\/\/www.persecution.com\/es\/historias\/el-legado-de-una-costosa-fe\/#breadcrumb"},"inLanguage":"es","potentialAction":[{"@type":"ReadAction","target":["https:\/\/www.persecution.com\/es\/historias\/el-legado-de-una-costosa-fe\/"]}]},{"@type":"ImageObject","inLanguage":"es","@id":"https:\/\/www.persecution.com\/es\/historias\/el-legado-de-una-costosa-fe\/#primaryimage","url":"https:\/\/assets.persecution.com\/es\/historias\/wp-content\/uploads\/2026\/01\/CUS202109AB_0035_rev_pub-scaled.jpg","contentUrl":"https:\/\/assets.persecution.com\/es\/historias\/wp-content\/uploads\/2026\/01\/CUS202109AB_0035_rev_pub-scaled.jpg","width":2560,"height":1945},{"@type":"BreadcrumbList","@id":"https:\/\/www.persecution.com\/es\/historias\/el-legado-de-una-costosa-fe\/#breadcrumb","itemListElement":[{"@type":"ListItem","position":1,"name":"Inicio","item":"https:\/\/www.persecution.com\/es\/historias\/"},{"@type":"ListItem","position":2,"name":"El legado de una costosa fe"}]},{"@type":"WebSite","@id":"https:\/\/www.persecution.com\/es\/historias\/#website","url":"https:\/\/www.persecution.com\/es\/historias\/","name":"Historias","description":"La Voz de los M\u00e1rtires","potentialAction":[{"@type":"SearchAction","target":{"@type":"EntryPoint","urlTemplate":"https:\/\/www.persecution.com\/es\/historias\/?s={search_term_string}"},"query-input":{"@type":"PropertyValueSpecification","valueRequired":true,"valueName":"search_term_string"}}],"inLanguage":"es"},{"@type":"Person","@id":"https:\/\/www.persecution.com\/es\/historias\/#\/schema\/person\/ae000ea52969cef1249f5afb05ccb961","name":"E Valenzuela","image":{"@type":"ImageObject","inLanguage":"es","@id":"https:\/\/secure.gravatar.com\/avatar\/72e02a942ef259240205425b9749482f07b1b2fb64225b038b4531b157d191a7?s=96&d=mm&r=g","url":"https:\/\/secure.gravatar.com\/avatar\/72e02a942ef259240205425b9749482f07b1b2fb64225b038b4531b157d191a7?s=96&d=mm&r=g","contentUrl":"https:\/\/secure.gravatar.com\/avatar\/72e02a942ef259240205425b9749482f07b1b2fb64225b038b4531b157d191a7?s=96&d=mm&r=g","caption":"E Valenzuela"},"url":"https:\/\/www.persecution.com\/es\/historias\/author\/evalenzuelavom-org\/"}]}},"_links":{"self":[{"href":"https:\/\/www.persecution.com\/es\/historias\/wp-json\/wp\/v2\/posts\/5598","targetHints":{"allow":["GET"]}}],"collection":[{"href":"https:\/\/www.persecution.com\/es\/historias\/wp-json\/wp\/v2\/posts"}],"about":[{"href":"https:\/\/www.persecution.com\/es\/historias\/wp-json\/wp\/v2\/types\/post"}],"author":[{"embeddable":true,"href":"https:\/\/www.persecution.com\/es\/historias\/wp-json\/wp\/v2\/users\/12"}],"replies":[{"embeddable":true,"href":"https:\/\/www.persecution.com\/es\/historias\/wp-json\/wp\/v2\/comments?post=5598"}],"version-history":[{"count":13,"href":"https:\/\/www.persecution.com\/es\/historias\/wp-json\/wp\/v2\/posts\/5598\/revisions"}],"predecessor-version":[{"id":5618,"href":"https:\/\/www.persecution.com\/es\/historias\/wp-json\/wp\/v2\/posts\/5598\/revisions\/5618"}],"wp:featuredmedia":[{"embeddable":true,"href":"https:\/\/www.persecution.com\/es\/historias\/wp-json\/wp\/v2\/media\/5599"}],"wp:attachment":[{"href":"https:\/\/www.persecution.com\/es\/historias\/wp-json\/wp\/v2\/media?parent=5598"}],"wp:term":[{"taxonomy":"category","embeddable":true,"href":"https:\/\/www.persecution.com\/es\/historias\/wp-json\/wp\/v2\/categories?post=5598"},{"taxonomy":"post_tag","embeddable":true,"href":"https:\/\/www.persecution.com\/es\/historias\/wp-json\/wp\/v2\/tags?post=5598"}],"curies":[{"name":"wp","href":"https:\/\/api.w.org\/{rel}","templated":true}]}}