{"id":4963,"date":"2024-10-04T19:46:01","date_gmt":"2024-10-04T19:46:01","guid":{"rendered":"https:\/\/www.persecution.com\/es\/historias\/?p=4963"},"modified":"2025-11-04T20:22:04","modified_gmt":"2025-11-04T20:22:04","slug":"palabra-de-dios-para-los-ganaderos","status":"publish","type":"post","link":"https:\/\/www.persecution.com\/es\/historias\/palabra-de-dios-para-los-ganaderos\/","title":{"rendered":"Palabra de Dios para los ganaderos"},"content":{"rendered":"\n<p>Cuando Amina conoci\u00f3 a una pareja de misioneros en Nyeri, un pueblo en el centro de <a href=\"https:\/\/www.persecution.com\/es\/guiadeoracionglobal\/kenia\/?_source_code=WBPGGPG20B\">Kenia<\/a>, una de las primeras cosas que le preguntaron fue: \u201c\u00bfConoces a Jes\u00fas?\u201d. Amina respondi\u00f3 que como miembro de la tribu n\u00f3mada Borana, ella era musulmana. \u201cEntonces no conoces la verdad\u201d, le dijo la pareja.<\/p>\n\n\n\n<p>\u201cH\u00e1blame de este Jes\u00fas\u201d, dijo Amina. La misionera, Cheryl, le dio a Amina su n\u00famero de tel\u00e9fono y la invit\u00f3 a llamarle, y Amina lo hizo al d\u00eda siguiente.<\/p>\n\n\n\n<p>Despu\u00e9s de varias discusiones, y de estudiar vers\u00edculos de las Escrituras, Amina puso su fe en Cristo. \u201c\u00bfPuedes orar conmigo por tel\u00e9fono para aceptar a Jes\u00fas?\u201d, le pregunt\u00f3 a Cheryl.<\/p>\n\n\n\n<p>Cheryl le advirti\u00f3 a Amina que ella deb\u00eda estar segura, porque convertirse en cristiana dar\u00eda como resultado persecuci\u00f3n por parte de su familia. Pero despu\u00e9s de haber estudiado la Biblia que los misioneros le dieron, especialmente el Evangelio de Juan, Amina estuvo segura de que la Biblia era verdad y que deb\u00eda dejar el islam por Cristo.<\/p>\n\n\n\n<p>La persecuci\u00f3n de la que Cheryl le hab\u00eda advertido se hizo realidad r\u00e1pidamente. La pr\u00f3xima vez que Amina visit\u00f3 la casa de sus padres, su hermano se enfureci\u00f3 al saber que ella segu\u00eda a Jes\u00fas. La abofete\u00f3 y parti\u00f3 su Biblia por la mitad. \u201cLo peor de todo es que me llam\u00f3 pagana\u201d, dijo.<\/p>\n\n\n\n<p>Aunque los padres de Amina la echaron de su casa, ella no se dej\u00f3 intimidar en su deseo de compartir su fe cristiana. Comenz\u00f3 a orar para que su familia llegara a conocer la verdad, y comenz\u00f3 a compartir el Evangelio con todos a su alrededor.<\/p>\n\n\n\n<p>Entonces la persecuci\u00f3n se intensific\u00f3. Su esposo musulm\u00e1n se divorci\u00f3 de ella y se mud\u00f3 a Nairobi, ladrones irrumpieron en su apartamento y robaron sus posesiones, y luego perdi\u00f3 su empleo. \u201cMe sent\u00eda desesperada \u2014dijo Amina\u2014. \u00bfPor qu\u00e9 estaba sucediendo todo eso? Or\u00e9 a Dios: \u201cSi t\u00fa eres Dios, dame un empleo\u201d. A la semana siguiente, la llamaron para una entrevista y consigui\u00f3 un trabajo que le pagaba el doble de su salario anterior.<\/p>\n\n\n\n<p>A trav\u00e9s de todas sus dificultades, Amina se ha apoyado en su Biblia para obtener fortaleza y aliento. \u201cLa Biblia ha sido una armadura para m\u00ed \u2014dijo\u2014. La Palabra de Dios ha sido mi arma, y la Palabra me ha hecho crecer espiritualmente\u201d.<\/p>\n\n\n\n<figure class=\"wp-block-image size-large\"><img loading=\"lazy\" decoding=\"async\" width=\"1024\" height=\"427\" src=\"https:\/\/assets.persecution.com\/es\/historias\/wp-content\/uploads\/2024\/10\/Captura-de-pantalla-2024-10-04-a-las-3.57.19\u202fp.-m-1024x427.png\" alt=\"\" class=\"wp-image-4966\" srcset=\"https:\/\/assets.persecution.com\/es\/historias\/wp-content\/uploads\/2024\/10\/Captura-de-pantalla-2024-10-04-a-las-3.57.19\u202fp.-m-1024x427.png 1024w, https:\/\/assets.persecution.com\/es\/historias\/wp-content\/uploads\/2024\/10\/Captura-de-pantalla-2024-10-04-a-las-3.57.19\u202fp.-m-300x125.png 300w, https:\/\/assets.persecution.com\/es\/historias\/wp-content\/uploads\/2024\/10\/Captura-de-pantalla-2024-10-04-a-las-3.57.19\u202fp.-m-768x321.png 768w, https:\/\/assets.persecution.com\/es\/historias\/wp-content\/uploads\/2024\/10\/Captura-de-pantalla-2024-10-04-a-las-3.57.19\u202fp.-m-1536x641.png 1536w, https:\/\/assets.persecution.com\/es\/historias\/wp-content\/uploads\/2024\/10\/Captura-de-pantalla-2024-10-04-a-las-3.57.19\u202fp.-m-2048x855.png 2048w\" sizes=\"auto, (max-width: 1024px) 100vw, 1024px\" \/><\/figure>\n\n\n\n<p class=\"has-vivid-cyan-blue-color has-text-color has-link-color has-medium-font-size wp-elements-973356b1e5a99a4870338db6022c4009\"><strong>Dando fruto<\/strong><\/p>\n\n\n\n<p>Durante los casi 10 a\u00f1os que Amina ha sido cristiana, ha compartido el Evangelio con casi todos en su familia. \u201cAntes de que mi madre muriera \u2014dijo\u2014, sol\u00eda decirle que si daba su vida a Jes\u00fas y si cre\u00eda en la verdad, tendr\u00eda vida despu\u00e9s de la muerte\u201d.<\/p>\n\n\n\n<p>Una vez, cuando la madre de Amina estaba enferma, ella y Cheryl la visitaron en el hospital y oraron por ella. La madre de Amina se recuper\u00f3 y vivi\u00f3 varios a\u00f1os m\u00e1s. Y posteriormente, la familia de Amina fue m\u00e1s tolerante a escuchar el Evangelio.<\/p>\n\n\n\n<p>Cuando la madre de Amina estuvo cerca del final de su vida, mantuvo una Biblia en idioma borana cerca de su cama de hospital y ped\u00eda a otros que se la leyeran. Antes de morir, le dio la Biblia a la hermana de Amina.<\/p>\n\n\n\n<p>Mientras que algunos de los miembros de la familia de Amina no quer\u00edan o\u00edr hablar de Cristo, otros en la comunidad eran m\u00e1s receptivos. \u201cNo tenemos ninguna queja con tu fe \u2014dijeron\u2014, porque cada uno puede elegir su propia fe\u201d.<\/p>\n\n\n\n<figure class=\"wp-block-image size-large\"><img loading=\"lazy\" decoding=\"async\" width=\"1024\" height=\"955\" src=\"https:\/\/assets.persecution.com\/es\/historias\/wp-content\/uploads\/2024\/10\/Captura-de-pantalla-2024-10-04-a-las-3.56.58\u202fp.-m-1024x955.png\" alt=\"\" class=\"wp-image-4967\" srcset=\"https:\/\/assets.persecution.com\/es\/historias\/wp-content\/uploads\/2024\/10\/Captura-de-pantalla-2024-10-04-a-las-3.56.58\u202fp.-m-1024x955.png 1024w, https:\/\/assets.persecution.com\/es\/historias\/wp-content\/uploads\/2024\/10\/Captura-de-pantalla-2024-10-04-a-las-3.56.58\u202fp.-m-300x280.png 300w, https:\/\/assets.persecution.com\/es\/historias\/wp-content\/uploads\/2024\/10\/Captura-de-pantalla-2024-10-04-a-las-3.56.58\u202fp.-m-768x716.png 768w, https:\/\/assets.persecution.com\/es\/historias\/wp-content\/uploads\/2024\/10\/Captura-de-pantalla-2024-10-04-a-las-3.56.58\u202fp.-m-1536x1433.png 1536w, https:\/\/assets.persecution.com\/es\/historias\/wp-content\/uploads\/2024\/10\/Captura-de-pantalla-2024-10-04-a-las-3.56.58\u202fp.-m.png 1608w\" sizes=\"auto, (max-width: 1024px) 100vw, 1024px\" \/><\/figure>\n\n\n\n<p>Hace varios a\u00f1os, La Voz de los M\u00e1rtires (VOM) entreg\u00f3 a Amina algunas Biblias en audio en el idioma Borana. \u201cLas Biblias en audio realmente nos han ayudado a m\u00ed y a mi familia, como a mi t\u00eda \u2014dijo Amina\u2014. Ella sigue escuch\u00e1ndola. Est\u00e1 en su idioma y es m\u00e1s f\u00e1cil que ella la entienda. Apenas el otro d\u00eda llam\u00f3 y dijo que el problema con el Cor\u00e1n es que no cree que Jes\u00fas sea el Hijo de Dios. Ella cree de alguna manera, pero se preocupa. Es debido a que la mayor\u00eda de la comunidad es musulmana, y ella teme por su vida\u201d.<\/p>\n\n\n\n<p>Para el pueblo Borana, que mide su riqueza en ganado, las Biblias en audio son la forma ideal de escuchar el Evangelio. \u201cEllos pueden ponerse los auriculares y escuchar mientras pastorean animales \u2014dijo Amina\u2014. La Biblia en audio los ha cambiado\u201d.<\/p>\n\n\n\n<p>Amina est\u00e1 ense\u00f1ando la Palabra de Dios a sus dos hijas, y su hija de 5 a\u00f1os, en particular, ama la Biblia. Amina dijo que ella pidi\u00f3 un libro de historias b\u00edblicas, que a menudo le lee tres veces al d\u00eda.<\/p>\n\n\n\n<p>Amina reconoci\u00f3 la verdad de las Escrituras y respondi\u00f3 con fe cuando escuch\u00f3 el Evangelio por primera vez. Obedientemente comparti\u00f3 las Buenas Nuevas con sus familiares y con la comunidad, ha permanecido fiel a Dios incluso al atravesar dolor personal. Ella cree que su testimonio, combinado con la verdad de las Escrituras y la obra del Esp\u00edritu Santo, est\u00e1 teniendo un efecto en sus familiares que leen y escuchan la Biblia.<\/p>\n","protected":false},"excerpt":{"rendered":"<p>Cuando Amina conoci\u00f3 a una pareja de misioneros en Nyeri, un pueblo en el centro de Kenia, una de las primeras cosas que le preguntaron fue: \u201c\u00bfConoces a Jes\u00fas?\u201d. Amina respondi\u00f3 que como miembro de la tribu n\u00f3mada Borana, ella era musulmana. \u201cEntonces no conoces la verdad\u201d, le dijo la pareja. \u201cH\u00e1blame de este Jes\u00fas\u201d, dijo Amina. La misionera, Cheryl, le dio a Amina su n\u00famero de tel\u00e9fono y la invit\u00f3 a llamarle, y Amina lo hizo al d\u00eda siguiente. Despu\u00e9s de varias discusiones, y de estudiar vers\u00edculos de las Escrituras, Amina puso su fe en Cristo. \u201c\u00bfPuedes orar conmigo por tel\u00e9fono para aceptar a Jes\u00fas?\u201d, le pregunt\u00f3 a Cheryl. Cheryl le advirti\u00f3 a Amina que ella deb\u00eda estar segura, porque convertirse en cristiana dar\u00eda como resultado persecuci\u00f3n por parte de su familia. Pero despu\u00e9s de haber estudiado la Biblia que los misioneros le dieron, especialmente el Evangelio de Juan, Amina estuvo segura de que la Biblia era verdad y que deb\u00eda dejar el islam por Cristo. La persecuci\u00f3n de la que Cheryl le hab\u00eda advertido se hizo realidad r\u00e1pidamente. La pr\u00f3xima vez que Amina visit\u00f3 la casa de sus padres, su hermano se enfureci\u00f3 al saber que ella segu\u00eda<\/p>\n","protected":false},"author":12,"featured_media":4970,"comment_status":"closed","ping_status":"closed","sticky":false,"template":"","format":"standard","meta":{"footnotes":""},"categories":[6,79],"tags":[34],"class_list":["post-4963","post","type-post","status-publish","format-standard","has-post-thumbnail","hentry","category-historia","category-oracion","tag-kenia","","tg-column-two"],"yoast_head":"<!-- This site is optimized with the Yoast SEO plugin v27.5 - https:\/\/yoast.com\/product\/yoast-seo-wordpress\/ -->\n<title>Palabra de Dios para los ganaderos - Historias<\/title>\n<meta name=\"robots\" content=\"index, follow, max-snippet:-1, max-image-preview:large, max-video-preview:-1\" \/>\n<link rel=\"canonical\" href=\"https:\/\/www.persecution.com\/es\/historias\/palabra-de-dios-para-los-ganaderos\/\" \/>\n<meta property=\"og:locale\" content=\"es_MX\" \/>\n<meta property=\"og:type\" content=\"article\" \/>\n<meta property=\"og:title\" content=\"Palabra de Dios para los ganaderos - Historias\" \/>\n<meta property=\"og:description\" content=\"Cuando Amina conoci\u00f3 a una pareja de misioneros en Nyeri, un pueblo en el centro de Kenia, una de las primeras cosas que le preguntaron fue: \u201c\u00bfConoces a Jes\u00fas?\u201d. Amina respondi\u00f3 que como miembro de la tribu n\u00f3mada Borana, ella era musulmana. \u201cEntonces no conoces la verdad\u201d, le dijo la pareja. \u201cH\u00e1blame de este Jes\u00fas\u201d, dijo Amina. La misionera, Cheryl, le dio a Amina su n\u00famero de tel\u00e9fono y la invit\u00f3 a llamarle, y Amina lo hizo al d\u00eda siguiente. Despu\u00e9s de varias discusiones, y de estudiar vers\u00edculos de las Escrituras, Amina puso su fe en Cristo. \u201c\u00bfPuedes orar conmigo por tel\u00e9fono para aceptar a Jes\u00fas?\u201d, le pregunt\u00f3 a Cheryl. Cheryl le advirti\u00f3 a Amina que ella deb\u00eda estar segura, porque convertirse en cristiana dar\u00eda como resultado persecuci\u00f3n por parte de su familia. Pero despu\u00e9s de haber estudiado la Biblia que los misioneros le dieron, especialmente el Evangelio de Juan, Amina estuvo segura de que la Biblia era verdad y que deb\u00eda dejar el islam por Cristo. La persecuci\u00f3n de la que Cheryl le hab\u00eda advertido se hizo realidad r\u00e1pidamente. La pr\u00f3xima vez que Amina visit\u00f3 la casa de sus padres, su hermano se enfureci\u00f3 al saber que ella segu\u00eda\" \/>\n<meta property=\"og:url\" content=\"https:\/\/www.persecution.com\/es\/historias\/palabra-de-dios-para-los-ganaderos\/\" \/>\n<meta property=\"og:site_name\" content=\"Historias\" \/>\n<meta property=\"article:published_time\" content=\"2024-10-04T19:46:01+00:00\" \/>\n<meta property=\"article:modified_time\" content=\"2025-11-04T20:22:04+00:00\" \/>\n<meta property=\"og:image\" content=\"https:\/\/assets.persecution.com\/es\/historias\/wp-content\/uploads\/2024\/10\/asasa.jpg\" \/>\n\t<meta property=\"og:image:width\" content=\"1920\" \/>\n\t<meta property=\"og:image:height\" content=\"1080\" \/>\n\t<meta property=\"og:image:type\" content=\"image\/jpeg\" \/>\n<meta name=\"author\" content=\"E Valenzuela\" \/>\n<meta name=\"twitter:card\" content=\"summary_large_image\" \/>\n<meta name=\"twitter:label1\" content=\"Escrito por\" \/>\n\t<meta name=\"twitter:data1\" content=\"E Valenzuela\" \/>\n\t<meta name=\"twitter:label2\" content=\"Tiempo de lectura\" \/>\n\t<meta name=\"twitter:data2\" content=\"5 minutos\" \/>\n<script type=\"application\/ld+json\" class=\"yoast-schema-graph\">{\"@context\":\"https:\\\/\\\/schema.org\",\"@graph\":[{\"@type\":\"Article\",\"@id\":\"https:\\\/\\\/www.persecution.com\\\/es\\\/historias\\\/palabra-de-dios-para-los-ganaderos\\\/#article\",\"isPartOf\":{\"@id\":\"https:\\\/\\\/www.persecution.com\\\/es\\\/historias\\\/palabra-de-dios-para-los-ganaderos\\\/\"},\"author\":{\"name\":\"E Valenzuela\",\"@id\":\"https:\\\/\\\/www.persecution.com\\\/es\\\/historias\\\/#\\\/schema\\\/person\\\/ae000ea52969cef1249f5afb05ccb961\"},\"headline\":\"Palabra de Dios para los ganaderos\",\"datePublished\":\"2024-10-04T19:46:01+00:00\",\"dateModified\":\"2025-11-04T20:22:04+00:00\",\"mainEntityOfPage\":{\"@id\":\"https:\\\/\\\/www.persecution.com\\\/es\\\/historias\\\/palabra-de-dios-para-los-ganaderos\\\/\"},\"wordCount\":878,\"image\":{\"@id\":\"https:\\\/\\\/www.persecution.com\\\/es\\\/historias\\\/palabra-de-dios-para-los-ganaderos\\\/#primaryimage\"},\"thumbnailUrl\":\"https:\\\/\\\/www.persecution.com\\\/es\\\/historias\\\/wp-content\\\/uploads\\\/2024\\\/10\\\/asasa.jpg\",\"keywords\":[\"Kenia\"],\"articleSection\":[\"Historia\",\"Oraci\u00f3n\"],\"inLanguage\":\"es\"},{\"@type\":\"WebPage\",\"@id\":\"https:\\\/\\\/www.persecution.com\\\/es\\\/historias\\\/palabra-de-dios-para-los-ganaderos\\\/\",\"url\":\"https:\\\/\\\/www.persecution.com\\\/es\\\/historias\\\/palabra-de-dios-para-los-ganaderos\\\/\",\"name\":\"Palabra de Dios para los ganaderos - Historias\",\"isPartOf\":{\"@id\":\"https:\\\/\\\/www.persecution.com\\\/es\\\/historias\\\/#website\"},\"primaryImageOfPage\":{\"@id\":\"https:\\\/\\\/www.persecution.com\\\/es\\\/historias\\\/palabra-de-dios-para-los-ganaderos\\\/#primaryimage\"},\"image\":{\"@id\":\"https:\\\/\\\/www.persecution.com\\\/es\\\/historias\\\/palabra-de-dios-para-los-ganaderos\\\/#primaryimage\"},\"thumbnailUrl\":\"https:\\\/\\\/www.persecution.com\\\/es\\\/historias\\\/wp-content\\\/uploads\\\/2024\\\/10\\\/asasa.jpg\",\"datePublished\":\"2024-10-04T19:46:01+00:00\",\"dateModified\":\"2025-11-04T20:22:04+00:00\",\"author\":{\"@id\":\"https:\\\/\\\/www.persecution.com\\\/es\\\/historias\\\/#\\\/schema\\\/person\\\/ae000ea52969cef1249f5afb05ccb961\"},\"breadcrumb\":{\"@id\":\"https:\\\/\\\/www.persecution.com\\\/es\\\/historias\\\/palabra-de-dios-para-los-ganaderos\\\/#breadcrumb\"},\"inLanguage\":\"es\",\"potentialAction\":[{\"@type\":\"ReadAction\",\"target\":[\"https:\\\/\\\/www.persecution.com\\\/es\\\/historias\\\/palabra-de-dios-para-los-ganaderos\\\/\"]}]},{\"@type\":\"ImageObject\",\"inLanguage\":\"es\",\"@id\":\"https:\\\/\\\/www.persecution.com\\\/es\\\/historias\\\/palabra-de-dios-para-los-ganaderos\\\/#primaryimage\",\"url\":\"https:\\\/\\\/www.persecution.com\\\/es\\\/historias\\\/wp-content\\\/uploads\\\/2024\\\/10\\\/asasa.jpg\",\"contentUrl\":\"https:\\\/\\\/www.persecution.com\\\/es\\\/historias\\\/wp-content\\\/uploads\\\/2024\\\/10\\\/asasa.jpg\",\"width\":1920,\"height\":1080},{\"@type\":\"BreadcrumbList\",\"@id\":\"https:\\\/\\\/www.persecution.com\\\/es\\\/historias\\\/palabra-de-dios-para-los-ganaderos\\\/#breadcrumb\",\"itemListElement\":[{\"@type\":\"ListItem\",\"position\":1,\"name\":\"Inicio\",\"item\":\"https:\\\/\\\/www.persecution.com\\\/es\\\/historias\\\/\"},{\"@type\":\"ListItem\",\"position\":2,\"name\":\"Palabra de Dios para los ganaderos\"}]},{\"@type\":\"WebSite\",\"@id\":\"https:\\\/\\\/www.persecution.com\\\/es\\\/historias\\\/#website\",\"url\":\"https:\\\/\\\/www.persecution.com\\\/es\\\/historias\\\/\",\"name\":\"Historias\",\"description\":\"La Voz de los M\u00e1rtires\",\"potentialAction\":[{\"@type\":\"SearchAction\",\"target\":{\"@type\":\"EntryPoint\",\"urlTemplate\":\"https:\\\/\\\/www.persecution.com\\\/es\\\/historias\\\/?s={search_term_string}\"},\"query-input\":{\"@type\":\"PropertyValueSpecification\",\"valueRequired\":true,\"valueName\":\"search_term_string\"}}],\"inLanguage\":\"es\"},{\"@type\":\"Person\",\"@id\":\"https:\\\/\\\/www.persecution.com\\\/es\\\/historias\\\/#\\\/schema\\\/person\\\/ae000ea52969cef1249f5afb05ccb961\",\"name\":\"E Valenzuela\",\"image\":{\"@type\":\"ImageObject\",\"inLanguage\":\"es\",\"@id\":\"https:\\\/\\\/secure.gravatar.com\\\/avatar\\\/72e02a942ef259240205425b9749482f07b1b2fb64225b038b4531b157d191a7?s=96&d=mm&r=g\",\"url\":\"https:\\\/\\\/secure.gravatar.com\\\/avatar\\\/72e02a942ef259240205425b9749482f07b1b2fb64225b038b4531b157d191a7?s=96&d=mm&r=g\",\"contentUrl\":\"https:\\\/\\\/secure.gravatar.com\\\/avatar\\\/72e02a942ef259240205425b9749482f07b1b2fb64225b038b4531b157d191a7?s=96&d=mm&r=g\",\"caption\":\"E Valenzuela\"},\"url\":\"https:\\\/\\\/www.persecution.com\\\/es\\\/historias\\\/author\\\/evalenzuelavom-org\\\/\"}]}<\/script>\n<!-- \/ Yoast SEO plugin. -->","yoast_head_json":{"title":"Palabra de Dios para los ganaderos - Historias","robots":{"index":"index","follow":"follow","max-snippet":"max-snippet:-1","max-image-preview":"max-image-preview:large","max-video-preview":"max-video-preview:-1"},"canonical":"https:\/\/www.persecution.com\/es\/historias\/palabra-de-dios-para-los-ganaderos\/","og_locale":"es_MX","og_type":"article","og_title":"Palabra de Dios para los ganaderos - Historias","og_description":"Cuando Amina conoci\u00f3 a una pareja de misioneros en Nyeri, un pueblo en el centro de Kenia, una de las primeras cosas que le preguntaron fue: \u201c\u00bfConoces a Jes\u00fas?\u201d. Amina respondi\u00f3 que como miembro de la tribu n\u00f3mada Borana, ella era musulmana. \u201cEntonces no conoces la verdad\u201d, le dijo la pareja. \u201cH\u00e1blame de este Jes\u00fas\u201d, dijo Amina. La misionera, Cheryl, le dio a Amina su n\u00famero de tel\u00e9fono y la invit\u00f3 a llamarle, y Amina lo hizo al d\u00eda siguiente. Despu\u00e9s de varias discusiones, y de estudiar vers\u00edculos de las Escrituras, Amina puso su fe en Cristo. \u201c\u00bfPuedes orar conmigo por tel\u00e9fono para aceptar a Jes\u00fas?\u201d, le pregunt\u00f3 a Cheryl. Cheryl le advirti\u00f3 a Amina que ella deb\u00eda estar segura, porque convertirse en cristiana dar\u00eda como resultado persecuci\u00f3n por parte de su familia. Pero despu\u00e9s de haber estudiado la Biblia que los misioneros le dieron, especialmente el Evangelio de Juan, Amina estuvo segura de que la Biblia era verdad y que deb\u00eda dejar el islam por Cristo. La persecuci\u00f3n de la que Cheryl le hab\u00eda advertido se hizo realidad r\u00e1pidamente. La pr\u00f3xima vez que Amina visit\u00f3 la casa de sus padres, su hermano se enfureci\u00f3 al saber que ella segu\u00eda","og_url":"https:\/\/www.persecution.com\/es\/historias\/palabra-de-dios-para-los-ganaderos\/","og_site_name":"Historias","article_published_time":"2024-10-04T19:46:01+00:00","article_modified_time":"2025-11-04T20:22:04+00:00","og_image":[{"width":1920,"height":1080,"url":"https:\/\/assets.persecution.com\/es\/historias\/wp-content\/uploads\/2024\/10\/asasa.jpg","type":"image\/jpeg"}],"author":"E Valenzuela","twitter_card":"summary_large_image","twitter_misc":{"Escrito por":"E Valenzuela","Tiempo de lectura":"5 minutos"},"schema":{"@context":"https:\/\/schema.org","@graph":[{"@type":"Article","@id":"https:\/\/www.persecution.com\/es\/historias\/palabra-de-dios-para-los-ganaderos\/#article","isPartOf":{"@id":"https:\/\/www.persecution.com\/es\/historias\/palabra-de-dios-para-los-ganaderos\/"},"author":{"name":"E Valenzuela","@id":"https:\/\/www.persecution.com\/es\/historias\/#\/schema\/person\/ae000ea52969cef1249f5afb05ccb961"},"headline":"Palabra de Dios para los ganaderos","datePublished":"2024-10-04T19:46:01+00:00","dateModified":"2025-11-04T20:22:04+00:00","mainEntityOfPage":{"@id":"https:\/\/www.persecution.com\/es\/historias\/palabra-de-dios-para-los-ganaderos\/"},"wordCount":878,"image":{"@id":"https:\/\/www.persecution.com\/es\/historias\/palabra-de-dios-para-los-ganaderos\/#primaryimage"},"thumbnailUrl":"https:\/\/assets.persecution.com\/es\/historias\/wp-content\/uploads\/2024\/10\/asasa.jpg","keywords":["Kenia"],"articleSection":["Historia","Oraci\u00f3n"],"inLanguage":"es"},{"@type":"WebPage","@id":"https:\/\/www.persecution.com\/es\/historias\/palabra-de-dios-para-los-ganaderos\/","url":"https:\/\/www.persecution.com\/es\/historias\/palabra-de-dios-para-los-ganaderos\/","name":"Palabra de Dios para los ganaderos - Historias","isPartOf":{"@id":"https:\/\/www.persecution.com\/es\/historias\/#website"},"primaryImageOfPage":{"@id":"https:\/\/www.persecution.com\/es\/historias\/palabra-de-dios-para-los-ganaderos\/#primaryimage"},"image":{"@id":"https:\/\/www.persecution.com\/es\/historias\/palabra-de-dios-para-los-ganaderos\/#primaryimage"},"thumbnailUrl":"https:\/\/assets.persecution.com\/es\/historias\/wp-content\/uploads\/2024\/10\/asasa.jpg","datePublished":"2024-10-04T19:46:01+00:00","dateModified":"2025-11-04T20:22:04+00:00","author":{"@id":"https:\/\/www.persecution.com\/es\/historias\/#\/schema\/person\/ae000ea52969cef1249f5afb05ccb961"},"breadcrumb":{"@id":"https:\/\/www.persecution.com\/es\/historias\/palabra-de-dios-para-los-ganaderos\/#breadcrumb"},"inLanguage":"es","potentialAction":[{"@type":"ReadAction","target":["https:\/\/www.persecution.com\/es\/historias\/palabra-de-dios-para-los-ganaderos\/"]}]},{"@type":"ImageObject","inLanguage":"es","@id":"https:\/\/www.persecution.com\/es\/historias\/palabra-de-dios-para-los-ganaderos\/#primaryimage","url":"https:\/\/assets.persecution.com\/es\/historias\/wp-content\/uploads\/2024\/10\/asasa.jpg","contentUrl":"https:\/\/assets.persecution.com\/es\/historias\/wp-content\/uploads\/2024\/10\/asasa.jpg","width":1920,"height":1080},{"@type":"BreadcrumbList","@id":"https:\/\/www.persecution.com\/es\/historias\/palabra-de-dios-para-los-ganaderos\/#breadcrumb","itemListElement":[{"@type":"ListItem","position":1,"name":"Inicio","item":"https:\/\/www.persecution.com\/es\/historias\/"},{"@type":"ListItem","position":2,"name":"Palabra de Dios para los ganaderos"}]},{"@type":"WebSite","@id":"https:\/\/www.persecution.com\/es\/historias\/#website","url":"https:\/\/www.persecution.com\/es\/historias\/","name":"Historias","description":"La Voz de los M\u00e1rtires","potentialAction":[{"@type":"SearchAction","target":{"@type":"EntryPoint","urlTemplate":"https:\/\/www.persecution.com\/es\/historias\/?s={search_term_string}"},"query-input":{"@type":"PropertyValueSpecification","valueRequired":true,"valueName":"search_term_string"}}],"inLanguage":"es"},{"@type":"Person","@id":"https:\/\/www.persecution.com\/es\/historias\/#\/schema\/person\/ae000ea52969cef1249f5afb05ccb961","name":"E Valenzuela","image":{"@type":"ImageObject","inLanguage":"es","@id":"https:\/\/secure.gravatar.com\/avatar\/72e02a942ef259240205425b9749482f07b1b2fb64225b038b4531b157d191a7?s=96&d=mm&r=g","url":"https:\/\/secure.gravatar.com\/avatar\/72e02a942ef259240205425b9749482f07b1b2fb64225b038b4531b157d191a7?s=96&d=mm&r=g","contentUrl":"https:\/\/secure.gravatar.com\/avatar\/72e02a942ef259240205425b9749482f07b1b2fb64225b038b4531b157d191a7?s=96&d=mm&r=g","caption":"E Valenzuela"},"url":"https:\/\/www.persecution.com\/es\/historias\/author\/evalenzuelavom-org\/"}]}},"_links":{"self":[{"href":"https:\/\/www.persecution.com\/es\/historias\/wp-json\/wp\/v2\/posts\/4963","targetHints":{"allow":["GET"]}}],"collection":[{"href":"https:\/\/www.persecution.com\/es\/historias\/wp-json\/wp\/v2\/posts"}],"about":[{"href":"https:\/\/www.persecution.com\/es\/historias\/wp-json\/wp\/v2\/types\/post"}],"author":[{"embeddable":true,"href":"https:\/\/www.persecution.com\/es\/historias\/wp-json\/wp\/v2\/users\/12"}],"replies":[{"embeddable":true,"href":"https:\/\/www.persecution.com\/es\/historias\/wp-json\/wp\/v2\/comments?post=4963"}],"version-history":[{"count":4,"href":"https:\/\/www.persecution.com\/es\/historias\/wp-json\/wp\/v2\/posts\/4963\/revisions"}],"predecessor-version":[{"id":4972,"href":"https:\/\/www.persecution.com\/es\/historias\/wp-json\/wp\/v2\/posts\/4963\/revisions\/4972"}],"wp:featuredmedia":[{"embeddable":true,"href":"https:\/\/www.persecution.com\/es\/historias\/wp-json\/wp\/v2\/media\/4970"}],"wp:attachment":[{"href":"https:\/\/www.persecution.com\/es\/historias\/wp-json\/wp\/v2\/media?parent=4963"}],"wp:term":[{"taxonomy":"category","embeddable":true,"href":"https:\/\/www.persecution.com\/es\/historias\/wp-json\/wp\/v2\/categories?post=4963"},{"taxonomy":"post_tag","embeddable":true,"href":"https:\/\/www.persecution.com\/es\/historias\/wp-json\/wp\/v2\/tags?post=4963"}],"curies":[{"name":"wp","href":"https:\/\/api.w.org\/{rel}","templated":true}]}}