{"id":4833,"date":"2024-02-07T20:06:08","date_gmt":"2024-02-07T20:06:08","guid":{"rendered":"https:\/\/www.persecution.com\/es\/historias\/?p=4833"},"modified":"2024-02-07T20:06:09","modified_gmt":"2024-02-07T20:06:09","slug":"boko-haram-asesina-a-nigeriano-esposo-y-padre-de-nueve","status":"publish","type":"post","link":"https:\/\/www.persecution.com\/es\/historias\/boko-haram-asesina-a-nigeriano-esposo-y-padre-de-nueve\/","title":{"rendered":"Boko Haram asesina a nigeriano, esposo y padre de nueve"},"content":{"rendered":"\n<h3 class=\"wp-block-heading\"><em>C\u00d3MO UNA JOVEN SUPER\u00d3 EL DOLOR DE PERDER A SU PADRE Y PERDON\u00d3 A SUS ASESINOS<\/em><\/h3>\n\n\n\n<p>La noche antes del Domingo de Pascua de 2012, Comfort Jessy se sent\u00f3 en el patio cerrado de su casa en <a href=\"https:\/\/www.persecution.com\/es\/guiadeoracionglobal\/nigeria\/?_source_code=WBPGGPG20B\">Nigeria<\/a> charlando con sus padres, hermanos mayores y algunos vecinos. Alrededor de las 11 de la noche, escucharon explosiones a lo lejos, y menos de sesenta minutos despu\u00e9s, los militantes de Boko Haram estaban quemando la iglesia de al lado y golpeando la puerta frente a su casa.<\/p>\n\n\n\n<p>La madre de Comfort, Juliana, ayud\u00f3 a su esposo a esconderse en uno de los dormitorios traseros y lo cubri\u00f3 con ropa. \u00abDios, estamos en Tus manos\u00bb, or\u00f3. Varios militantes entraron a registrar la casa mientras otros arrastraron a Juliana al patio, golpe\u00e1ndola con sus armas y burl\u00e1ndose de ella por su fe. \u00abUstedes, cristianos, dicen que Dios tiene un hijo \u2014le dijeron\u2014. \u00a1Llama a ese hijo! Hoy es tu \u00faltimo d\u00eda; tu vida ha terminado\u00bb.<\/p>\n\n\n\n<p>Entonces obligaron a Juliana a arrodillarse. \u00abDijeron que si no atrapaban a su hombre, la matar\u00edan \u2014dijo Comfort\u2014. Mi madre dijo: \u201cAunque veo tu arma, no te temo\u201d\u00bb.<\/p>\n\n\n\n<p>Uno de los hombres grit\u00f3 desde el interior de la casa; hab\u00eda encontrado al padre de Comfort. Lo arrastraron al patio y le ordenaron que renunciara a Cristo. Permaneci\u00f3 en silencio, mientras Juliana gritaba: \u00ab\u00a1Jes\u00fas!\u00bb.<\/p>\n\n\n\n<p>Los militantes le ordenaron al padre de Comfort que se acostara, y luego le dispararon cuatro veces. Antes de irse, saquearon y quemaron su casa. Juliana puso a su esposo moribundo en su regazo y or\u00f3; cuando termin\u00f3 su oraci\u00f3n, \u00e9l pronunci\u00f3 el \u00abam\u00e9n\u00bb final antes de morir. Comfort, quien ten\u00eda 13 a\u00f1os en ese momento, se sent\u00f3 junto al cuerpo de su padre con sus ocho hermanos, llorando en la oscuridad de la madrugada.<\/p>\n\n\n\n<figure class=\"wp-block-image size-large\"><img loading=\"lazy\" decoding=\"async\" width=\"933\" height=\"1024\" src=\"https:\/\/assets.persecution.com\/es\/historias\/wp-content\/uploads\/2024\/02\/CUS1905BJ_0555_pub-1865x2048-1-933x1024.jpg\" alt=\"\" class=\"wp-image-4834\" srcset=\"https:\/\/assets.persecution.com\/es\/historias\/wp-content\/uploads\/2024\/02\/CUS1905BJ_0555_pub-1865x2048-1-933x1024.jpg 933w, https:\/\/assets.persecution.com\/es\/historias\/wp-content\/uploads\/2024\/02\/CUS1905BJ_0555_pub-1865x2048-1-273x300.jpg 273w, https:\/\/assets.persecution.com\/es\/historias\/wp-content\/uploads\/2024\/02\/CUS1905BJ_0555_pub-1865x2048-1-768x843.jpg 768w, https:\/\/assets.persecution.com\/es\/historias\/wp-content\/uploads\/2024\/02\/CUS1905BJ_0555_pub-1865x2048-1-1399x1536.jpg 1399w, https:\/\/assets.persecution.com\/es\/historias\/wp-content\/uploads\/2024\/02\/CUS1905BJ_0555_pub-1865x2048-1.jpg 1865w\" sizes=\"auto, (max-width: 933px) 100vw, 933px\" \/><\/figure>\n\n\n\n<h3 class=\"wp-block-heading\"><em>CAMPA\u00d1A CONTRA LOS CRISTIANOS<\/em><\/h3>\n\n\n\n<p>Los combatientes de Boko Haram atacaron la ciudad en el estado de Adamawa esa noche como parte de su campa\u00f1a para establecer un gobierno isl\u00e1mico en todo el norte de <a href=\"https:\/\/www.persecution.com\/es\/guiadeoracionglobal\/nigeria\/?_source_code=WBPGGPG20B\">Nigeria<\/a>. Desde la elecci\u00f3n en 2011 de Goodluck Jonathan, un cristiano, como presidente, el grupo islamista hab\u00eda organizado frecuentes ataques contra objetivos pol\u00edticos y cristianos en los estados del norte. En enero de 2012, Boko Haram emiti\u00f3 una advertencia para que todos los <a href=\"https:\/\/www.persecution.com\/es\/guiadeoracionglobal\/nigeria\/?_source_code=WBPGGPG20B\">nigerianos<\/a> del sur (es decir, los cristianos) abandonaran el norte. La familia de Comfort fue una de las primeras en pagar el precio por quedarse.<\/p>\n\n\n\n<p>Ella y su familia llevaron el cuerpo de su padre a su ciudad natal para enterrarlo con la esperanza de que su familia los ayudara. Sin embargo, su familia los rechaz\u00f3. Comfort, sus ocho hermanos y su madre se quedaron sin hogar hasta que su madre logr\u00f3 reunir los fondos suficientes para construir un refugio simple. Pero a los pocos meses, Boko Haram atac\u00f3 de nuevo y quem\u00f3 su casa reconstruida.<\/p>\n\n\n\n<p>Esta vez, la familia huy\u00f3 de la zona caminando por el monte durante tres d\u00edas para llegar a un campamento para personas desplazadas. Permanecieron en el campamento durante m\u00e1s de un a\u00f1o, pero ten\u00edan problemas para comprar comida y ninguno de los ni\u00f1os pudo asistir a la escuela. Finalmente, fueron remitidos a un centro de capacitaci\u00f3n para viudas y hu\u00e9rfanos apoyado por <a href=\"https:\/\/www.persecution.com\/es\/guiadeoracionglobal\/nigeria\/?_source_code=WBPGGPG20B\">VOM<\/a>.<\/p>\n\n\n\n<h3 class=\"wp-block-heading\"><em>TRABAJANDO CON LA IRA Y EL PERD\u00d3N<\/em><\/h3>\n\n\n\n<p>Juliana recibi\u00f3 capacitaci\u00f3n y orientaci\u00f3n espiritual, mientras que Comfort y sus hermanos se inscribieron alegremente en la escuela. Pero Comfort llevaba cicatrices del trauma y de las p\u00e9rdidas que hab\u00eda sufrido. Si un miembro de la familia le gritaba, pasaba todo el d\u00eda en su habitaci\u00f3n y se negaba a comer. \u00abDorm\u00eda con mucha ira y dolor en mi coraz\u00f3n\u00bb, dijo.<\/p>\n\n\n\n<p>Los hijos de los cristianos que han sido asesinados en la violencia en curso luchan emocional y espiritualmente para recuperarse de sus p\u00e9rdidas. Si bien sus necesidades f\u00edsicas se pueden abordar r\u00e1pidamente, las necesidades emocionales y espirituales m\u00e1s profundas son m\u00e1s dif\u00edciles de resolver. \u00abUna generaci\u00f3n de cristianos est\u00e1 creciendo con odio, falta de perd\u00f3n y el deseo de vengarse\u00bb, dijo un obrero de VOM.<\/p>\n\n\n\n<figure class=\"wp-block-image size-large\"><img loading=\"lazy\" decoding=\"async\" width=\"1024\" height=\"737\" src=\"https:\/\/assets.persecution.com\/es\/historias\/wp-content\/uploads\/2024\/02\/CUS1905BJ_1163_pub-2048x1474-1-1024x737.jpg\" alt=\"\" class=\"wp-image-4835\" srcset=\"https:\/\/assets.persecution.com\/es\/historias\/wp-content\/uploads\/2024\/02\/CUS1905BJ_1163_pub-2048x1474-1-1024x737.jpg 1024w, https:\/\/assets.persecution.com\/es\/historias\/wp-content\/uploads\/2024\/02\/CUS1905BJ_1163_pub-2048x1474-1-300x216.jpg 300w, https:\/\/assets.persecution.com\/es\/historias\/wp-content\/uploads\/2024\/02\/CUS1905BJ_1163_pub-2048x1474-1-768x553.jpg 768w, https:\/\/assets.persecution.com\/es\/historias\/wp-content\/uploads\/2024\/02\/CUS1905BJ_1163_pub-2048x1474-1-1536x1106.jpg 1536w, https:\/\/assets.persecution.com\/es\/historias\/wp-content\/uploads\/2024\/02\/CUS1905BJ_1163_pub-2048x1474-1.jpg 2048w\" sizes=\"auto, (max-width: 1024px) 100vw, 1024px\" \/><figcaption class=\"wp-element-caption\">Un nuevo programa de campamento juvenil ha ayudado a transformar la vida de muchos adolescentes.<\/figcaption><\/figure>\n\n\n\n<p>En 2018, Comfort y tres de sus hermanos asistieron a un campamento juvenil organizado por <a href=\"https:\/\/www.persecution.com\/es\/guiadeoracionglobal\/nigeria\/?_source_code=WBPGGPG20B\">VOM<\/a> para adolescentes que hab\u00edan sufrido experiencias traum\u00e1ticas similares. Muchos de los j\u00f3venes hab\u00edan sufrido no solo persecuci\u00f3n, sino tambi\u00e9n rechazo, ya fuera por parte de familiares o de una comunidad que los despreciaba por ser pobres o hu\u00e9rfanos. Los adolescentes fueron discipulados por creyentes <a href=\"https:\/\/www.persecution.com\/es\/guiadeoracionglobal\/nigeria\/?_source_code=WBPGGPG20B\">nigerianos<\/a> maduros que les ense\u00f1aron lo que dice la Biblia sobre el perd\u00f3n, el odio y su valor como hijos de Dios.<\/p>\n\n\n\n<p>Algunos de los adolescentes dijeron que era la primera vez en mucho tiempo que se sent\u00edan como iguales. Comfort conoci\u00f3 a una chica de su misma edad a la que ahora llama su mejor amiga, y ya no se siente sola. El retiro de una semana le dio a Comfort una perspectiva centrada en Cristo sobre el perd\u00f3n. En una de las noches finales del campamento, muchos de los adolescentes dieron testimonio de c\u00f3mo Dios estaba trabajando en sus vidas. Algunos lloraban mientras entregaban su ira y odio contra Boko Haram.<\/p>\n\n\n\n<p>En los a\u00f1os transcurridos desde que asisti\u00f3 al campamento juvenil, Comfort ha podido dejar de lado su ira e incluso orar por Boko Haram. \u00abLe rogu\u00e9 a Dios que los perdonara, porque no sab\u00edan lo que estaban haciendo\u00bb, dijo.<\/p>\n\n\n\n<p>Con la ayuda de <a href=\"https:\/\/www.persecution.com\/es\/guiadeoracionglobal\/nigeria\/?_source_code=WBPGGPG20B\">VOM<\/a>, la familia se ha mudado a un nuevo hogar en la misma ciudad que el centro de capacitaci\u00f3n. A los ni\u00f1os les va bien en la escuela, y Comfort, ahora en sus veintitantos, est\u00e1 esforz\u00e1ndose para ser admitida en la universidad. Espera alg\u00fan d\u00eda trabajar en la banca.<\/p>\n\n\n\n<p>Todas las ma\u00f1anas, Comfort y su familia se re\u00fanen para los devocionales y para agradecer a Dios por la ayuda que han recibido. Comfort dijo que amaba a Dios antes, pero que ha crecido en fe a trav\u00e9s de sus pruebas. \u00abRealmente no me hab\u00eda aferrado a Dios como ahora \u2014dijo\u2014. Amo m\u00e1s a Dios ahora que en el pasado\u00bb.<\/p>\n","protected":false},"excerpt":{"rendered":"<p>C\u00d3MO UNA JOVEN SUPER\u00d3 EL DOLOR DE PERDER A SU PADRE Y PERDON\u00d3 A SUS ASESINOS La noche antes del Domingo de Pascua de 2012, Comfort Jessy se sent\u00f3 en el patio cerrado de su casa en Nigeria charlando con sus padres, hermanos mayores y algunos vecinos. Alrededor de las 11 de la noche, escucharon explosiones a lo lejos, y menos de sesenta minutos despu\u00e9s, los militantes de Boko Haram estaban quemando la iglesia de al lado y golpeando la puerta frente a su casa. La madre de Comfort, Juliana, ayud\u00f3 a su esposo a esconderse en uno de los dormitorios traseros y lo cubri\u00f3 con ropa. \u00abDios, estamos en Tus manos\u00bb, or\u00f3. Varios militantes entraron a registrar la casa mientras otros arrastraron a Juliana al patio, golpe\u00e1ndola con sus armas y burl\u00e1ndose de ella por su fe. \u00abUstedes, cristianos, dicen que Dios tiene un hijo \u2014le dijeron\u2014. \u00a1Llama a ese hijo! Hoy es tu \u00faltimo d\u00eda; tu vida ha terminado\u00bb. Entonces obligaron a Juliana a arrodillarse. \u00abDijeron que si no atrapaban a su hombre, la matar\u00edan \u2014dijo Comfort\u2014. Mi madre dijo: \u201cAunque veo tu arma, no te temo\u201d\u00bb. Uno de los hombres grit\u00f3 desde el interior de la casa;<\/p>\n","protected":false},"author":12,"featured_media":4836,"comment_status":"closed","ping_status":"closed","sticky":false,"template":"","format":"standard","meta":{"footnotes":""},"categories":[6],"tags":[47],"class_list":["post-4833","post","type-post","status-publish","format-standard","has-post-thumbnail","hentry","category-historia","tag-nigeria","","tg-column-two"],"yoast_head":"<!-- This site is optimized with the Yoast SEO plugin v27.5 - https:\/\/yoast.com\/product\/yoast-seo-wordpress\/ -->\n<title>Boko Haram asesina a nigeriano, esposo y padre de nueve - Historias<\/title>\n<meta name=\"robots\" content=\"index, follow, max-snippet:-1, max-image-preview:large, max-video-preview:-1\" \/>\n<link rel=\"canonical\" href=\"https:\/\/www.persecution.com\/es\/historias\/boko-haram-asesina-a-nigeriano-esposo-y-padre-de-nueve\/\" \/>\n<meta property=\"og:locale\" content=\"es_MX\" \/>\n<meta property=\"og:type\" content=\"article\" \/>\n<meta property=\"og:title\" content=\"Boko Haram asesina a nigeriano, esposo y padre de nueve - Historias\" \/>\n<meta property=\"og:description\" content=\"C\u00d3MO UNA JOVEN SUPER\u00d3 EL DOLOR DE PERDER A SU PADRE Y PERDON\u00d3 A SUS ASESINOS La noche antes del Domingo de Pascua de 2012, Comfort Jessy se sent\u00f3 en el patio cerrado de su casa en Nigeria charlando con sus padres, hermanos mayores y algunos vecinos. Alrededor de las 11 de la noche, escucharon explosiones a lo lejos, y menos de sesenta minutos despu\u00e9s, los militantes de Boko Haram estaban quemando la iglesia de al lado y golpeando la puerta frente a su casa. La madre de Comfort, Juliana, ayud\u00f3 a su esposo a esconderse en uno de los dormitorios traseros y lo cubri\u00f3 con ropa. \u00abDios, estamos en Tus manos\u00bb, or\u00f3. Varios militantes entraron a registrar la casa mientras otros arrastraron a Juliana al patio, golpe\u00e1ndola con sus armas y burl\u00e1ndose de ella por su fe. \u00abUstedes, cristianos, dicen que Dios tiene un hijo \u2014le dijeron\u2014. \u00a1Llama a ese hijo! Hoy es tu \u00faltimo d\u00eda; tu vida ha terminado\u00bb. Entonces obligaron a Juliana a arrodillarse. \u00abDijeron que si no atrapaban a su hombre, la matar\u00edan \u2014dijo Comfort\u2014. Mi madre dijo: \u201cAunque veo tu arma, no te temo\u201d\u00bb. Uno de los hombres grit\u00f3 desde el interior de la casa;\" \/>\n<meta property=\"og:url\" content=\"https:\/\/www.persecution.com\/es\/historias\/boko-haram-asesina-a-nigeriano-esposo-y-padre-de-nueve\/\" \/>\n<meta property=\"og:site_name\" content=\"Historias\" \/>\n<meta property=\"article:published_time\" content=\"2024-02-07T20:06:08+00:00\" \/>\n<meta property=\"article:modified_time\" content=\"2024-02-07T20:06:09+00:00\" \/>\n<meta property=\"og:image\" content=\"https:\/\/assets.persecution.com\/es\/historias\/wp-content\/uploads\/2024\/02\/CUS1905BJ_0131_pub-978x560-1.jpg\" \/>\n\t<meta property=\"og:image:width\" content=\"978\" \/>\n\t<meta property=\"og:image:height\" content=\"560\" \/>\n\t<meta property=\"og:image:type\" content=\"image\/jpeg\" \/>\n<meta name=\"author\" content=\"E Valenzuela\" \/>\n<meta name=\"twitter:card\" content=\"summary_large_image\" \/>\n<meta name=\"twitter:label1\" content=\"Escrito por\" \/>\n\t<meta name=\"twitter:data1\" content=\"E Valenzuela\" \/>\n\t<meta name=\"twitter:label2\" content=\"Tiempo de lectura\" \/>\n\t<meta name=\"twitter:data2\" content=\"6 minutos\" \/>\n<script type=\"application\/ld+json\" class=\"yoast-schema-graph\">{\"@context\":\"https:\\\/\\\/schema.org\",\"@graph\":[{\"@type\":\"Article\",\"@id\":\"https:\\\/\\\/www.persecution.com\\\/es\\\/historias\\\/boko-haram-asesina-a-nigeriano-esposo-y-padre-de-nueve\\\/#article\",\"isPartOf\":{\"@id\":\"https:\\\/\\\/www.persecution.com\\\/es\\\/historias\\\/boko-haram-asesina-a-nigeriano-esposo-y-padre-de-nueve\\\/\"},\"author\":{\"name\":\"E Valenzuela\",\"@id\":\"https:\\\/\\\/www.persecution.com\\\/es\\\/historias\\\/#\\\/schema\\\/person\\\/ae000ea52969cef1249f5afb05ccb961\"},\"headline\":\"Boko Haram asesina a nigeriano, esposo y padre de nueve\",\"datePublished\":\"2024-02-07T20:06:08+00:00\",\"dateModified\":\"2024-02-07T20:06:09+00:00\",\"mainEntityOfPage\":{\"@id\":\"https:\\\/\\\/www.persecution.com\\\/es\\\/historias\\\/boko-haram-asesina-a-nigeriano-esposo-y-padre-de-nueve\\\/\"},\"wordCount\":1078,\"image\":{\"@id\":\"https:\\\/\\\/www.persecution.com\\\/es\\\/historias\\\/boko-haram-asesina-a-nigeriano-esposo-y-padre-de-nueve\\\/#primaryimage\"},\"thumbnailUrl\":\"https:\\\/\\\/www.persecution.com\\\/es\\\/historias\\\/wp-content\\\/uploads\\\/2024\\\/02\\\/CUS1905BJ_0131_pub-978x560-1.jpg\",\"keywords\":[\"Nigeria\"],\"articleSection\":[\"Historia\"],\"inLanguage\":\"es\"},{\"@type\":\"WebPage\",\"@id\":\"https:\\\/\\\/www.persecution.com\\\/es\\\/historias\\\/boko-haram-asesina-a-nigeriano-esposo-y-padre-de-nueve\\\/\",\"url\":\"https:\\\/\\\/www.persecution.com\\\/es\\\/historias\\\/boko-haram-asesina-a-nigeriano-esposo-y-padre-de-nueve\\\/\",\"name\":\"Boko Haram asesina a nigeriano, esposo y padre de nueve - Historias\",\"isPartOf\":{\"@id\":\"https:\\\/\\\/www.persecution.com\\\/es\\\/historias\\\/#website\"},\"primaryImageOfPage\":{\"@id\":\"https:\\\/\\\/www.persecution.com\\\/es\\\/historias\\\/boko-haram-asesina-a-nigeriano-esposo-y-padre-de-nueve\\\/#primaryimage\"},\"image\":{\"@id\":\"https:\\\/\\\/www.persecution.com\\\/es\\\/historias\\\/boko-haram-asesina-a-nigeriano-esposo-y-padre-de-nueve\\\/#primaryimage\"},\"thumbnailUrl\":\"https:\\\/\\\/www.persecution.com\\\/es\\\/historias\\\/wp-content\\\/uploads\\\/2024\\\/02\\\/CUS1905BJ_0131_pub-978x560-1.jpg\",\"datePublished\":\"2024-02-07T20:06:08+00:00\",\"dateModified\":\"2024-02-07T20:06:09+00:00\",\"author\":{\"@id\":\"https:\\\/\\\/www.persecution.com\\\/es\\\/historias\\\/#\\\/schema\\\/person\\\/ae000ea52969cef1249f5afb05ccb961\"},\"breadcrumb\":{\"@id\":\"https:\\\/\\\/www.persecution.com\\\/es\\\/historias\\\/boko-haram-asesina-a-nigeriano-esposo-y-padre-de-nueve\\\/#breadcrumb\"},\"inLanguage\":\"es\",\"potentialAction\":[{\"@type\":\"ReadAction\",\"target\":[\"https:\\\/\\\/www.persecution.com\\\/es\\\/historias\\\/boko-haram-asesina-a-nigeriano-esposo-y-padre-de-nueve\\\/\"]}]},{\"@type\":\"ImageObject\",\"inLanguage\":\"es\",\"@id\":\"https:\\\/\\\/www.persecution.com\\\/es\\\/historias\\\/boko-haram-asesina-a-nigeriano-esposo-y-padre-de-nueve\\\/#primaryimage\",\"url\":\"https:\\\/\\\/www.persecution.com\\\/es\\\/historias\\\/wp-content\\\/uploads\\\/2024\\\/02\\\/CUS1905BJ_0131_pub-978x560-1.jpg\",\"contentUrl\":\"https:\\\/\\\/www.persecution.com\\\/es\\\/historias\\\/wp-content\\\/uploads\\\/2024\\\/02\\\/CUS1905BJ_0131_pub-978x560-1.jpg\",\"width\":978,\"height\":560},{\"@type\":\"BreadcrumbList\",\"@id\":\"https:\\\/\\\/www.persecution.com\\\/es\\\/historias\\\/boko-haram-asesina-a-nigeriano-esposo-y-padre-de-nueve\\\/#breadcrumb\",\"itemListElement\":[{\"@type\":\"ListItem\",\"position\":1,\"name\":\"Inicio\",\"item\":\"https:\\\/\\\/www.persecution.com\\\/es\\\/historias\\\/\"},{\"@type\":\"ListItem\",\"position\":2,\"name\":\"Boko Haram asesina a nigeriano, esposo y padre de nueve\"}]},{\"@type\":\"WebSite\",\"@id\":\"https:\\\/\\\/www.persecution.com\\\/es\\\/historias\\\/#website\",\"url\":\"https:\\\/\\\/www.persecution.com\\\/es\\\/historias\\\/\",\"name\":\"Historias\",\"description\":\"La Voz de los M\u00e1rtires\",\"potentialAction\":[{\"@type\":\"SearchAction\",\"target\":{\"@type\":\"EntryPoint\",\"urlTemplate\":\"https:\\\/\\\/www.persecution.com\\\/es\\\/historias\\\/?s={search_term_string}\"},\"query-input\":{\"@type\":\"PropertyValueSpecification\",\"valueRequired\":true,\"valueName\":\"search_term_string\"}}],\"inLanguage\":\"es\"},{\"@type\":\"Person\",\"@id\":\"https:\\\/\\\/www.persecution.com\\\/es\\\/historias\\\/#\\\/schema\\\/person\\\/ae000ea52969cef1249f5afb05ccb961\",\"name\":\"E Valenzuela\",\"image\":{\"@type\":\"ImageObject\",\"inLanguage\":\"es\",\"@id\":\"https:\\\/\\\/secure.gravatar.com\\\/avatar\\\/72e02a942ef259240205425b9749482f07b1b2fb64225b038b4531b157d191a7?s=96&d=mm&r=g\",\"url\":\"https:\\\/\\\/secure.gravatar.com\\\/avatar\\\/72e02a942ef259240205425b9749482f07b1b2fb64225b038b4531b157d191a7?s=96&d=mm&r=g\",\"contentUrl\":\"https:\\\/\\\/secure.gravatar.com\\\/avatar\\\/72e02a942ef259240205425b9749482f07b1b2fb64225b038b4531b157d191a7?s=96&d=mm&r=g\",\"caption\":\"E Valenzuela\"},\"url\":\"https:\\\/\\\/www.persecution.com\\\/es\\\/historias\\\/author\\\/evalenzuelavom-org\\\/\"}]}<\/script>\n<!-- \/ Yoast SEO plugin. -->","yoast_head_json":{"title":"Boko Haram asesina a nigeriano, esposo y padre de nueve - Historias","robots":{"index":"index","follow":"follow","max-snippet":"max-snippet:-1","max-image-preview":"max-image-preview:large","max-video-preview":"max-video-preview:-1"},"canonical":"https:\/\/www.persecution.com\/es\/historias\/boko-haram-asesina-a-nigeriano-esposo-y-padre-de-nueve\/","og_locale":"es_MX","og_type":"article","og_title":"Boko Haram asesina a nigeriano, esposo y padre de nueve - Historias","og_description":"C\u00d3MO UNA JOVEN SUPER\u00d3 EL DOLOR DE PERDER A SU PADRE Y PERDON\u00d3 A SUS ASESINOS La noche antes del Domingo de Pascua de 2012, Comfort Jessy se sent\u00f3 en el patio cerrado de su casa en Nigeria charlando con sus padres, hermanos mayores y algunos vecinos. Alrededor de las 11 de la noche, escucharon explosiones a lo lejos, y menos de sesenta minutos despu\u00e9s, los militantes de Boko Haram estaban quemando la iglesia de al lado y golpeando la puerta frente a su casa. La madre de Comfort, Juliana, ayud\u00f3 a su esposo a esconderse en uno de los dormitorios traseros y lo cubri\u00f3 con ropa. \u00abDios, estamos en Tus manos\u00bb, or\u00f3. Varios militantes entraron a registrar la casa mientras otros arrastraron a Juliana al patio, golpe\u00e1ndola con sus armas y burl\u00e1ndose de ella por su fe. \u00abUstedes, cristianos, dicen que Dios tiene un hijo \u2014le dijeron\u2014. \u00a1Llama a ese hijo! Hoy es tu \u00faltimo d\u00eda; tu vida ha terminado\u00bb. Entonces obligaron a Juliana a arrodillarse. \u00abDijeron que si no atrapaban a su hombre, la matar\u00edan \u2014dijo Comfort\u2014. Mi madre dijo: \u201cAunque veo tu arma, no te temo\u201d\u00bb. Uno de los hombres grit\u00f3 desde el interior de la casa;","og_url":"https:\/\/www.persecution.com\/es\/historias\/boko-haram-asesina-a-nigeriano-esposo-y-padre-de-nueve\/","og_site_name":"Historias","article_published_time":"2024-02-07T20:06:08+00:00","article_modified_time":"2024-02-07T20:06:09+00:00","og_image":[{"width":978,"height":560,"url":"https:\/\/assets.persecution.com\/es\/historias\/wp-content\/uploads\/2024\/02\/CUS1905BJ_0131_pub-978x560-1.jpg","type":"image\/jpeg"}],"author":"E Valenzuela","twitter_card":"summary_large_image","twitter_misc":{"Escrito por":"E Valenzuela","Tiempo de lectura":"6 minutos"},"schema":{"@context":"https:\/\/schema.org","@graph":[{"@type":"Article","@id":"https:\/\/www.persecution.com\/es\/historias\/boko-haram-asesina-a-nigeriano-esposo-y-padre-de-nueve\/#article","isPartOf":{"@id":"https:\/\/www.persecution.com\/es\/historias\/boko-haram-asesina-a-nigeriano-esposo-y-padre-de-nueve\/"},"author":{"name":"E Valenzuela","@id":"https:\/\/www.persecution.com\/es\/historias\/#\/schema\/person\/ae000ea52969cef1249f5afb05ccb961"},"headline":"Boko Haram asesina a nigeriano, esposo y padre de nueve","datePublished":"2024-02-07T20:06:08+00:00","dateModified":"2024-02-07T20:06:09+00:00","mainEntityOfPage":{"@id":"https:\/\/www.persecution.com\/es\/historias\/boko-haram-asesina-a-nigeriano-esposo-y-padre-de-nueve\/"},"wordCount":1078,"image":{"@id":"https:\/\/www.persecution.com\/es\/historias\/boko-haram-asesina-a-nigeriano-esposo-y-padre-de-nueve\/#primaryimage"},"thumbnailUrl":"https:\/\/assets.persecution.com\/es\/historias\/wp-content\/uploads\/2024\/02\/CUS1905BJ_0131_pub-978x560-1.jpg","keywords":["Nigeria"],"articleSection":["Historia"],"inLanguage":"es"},{"@type":"WebPage","@id":"https:\/\/www.persecution.com\/es\/historias\/boko-haram-asesina-a-nigeriano-esposo-y-padre-de-nueve\/","url":"https:\/\/www.persecution.com\/es\/historias\/boko-haram-asesina-a-nigeriano-esposo-y-padre-de-nueve\/","name":"Boko Haram asesina a nigeriano, esposo y padre de nueve - Historias","isPartOf":{"@id":"https:\/\/www.persecution.com\/es\/historias\/#website"},"primaryImageOfPage":{"@id":"https:\/\/www.persecution.com\/es\/historias\/boko-haram-asesina-a-nigeriano-esposo-y-padre-de-nueve\/#primaryimage"},"image":{"@id":"https:\/\/www.persecution.com\/es\/historias\/boko-haram-asesina-a-nigeriano-esposo-y-padre-de-nueve\/#primaryimage"},"thumbnailUrl":"https:\/\/assets.persecution.com\/es\/historias\/wp-content\/uploads\/2024\/02\/CUS1905BJ_0131_pub-978x560-1.jpg","datePublished":"2024-02-07T20:06:08+00:00","dateModified":"2024-02-07T20:06:09+00:00","author":{"@id":"https:\/\/www.persecution.com\/es\/historias\/#\/schema\/person\/ae000ea52969cef1249f5afb05ccb961"},"breadcrumb":{"@id":"https:\/\/www.persecution.com\/es\/historias\/boko-haram-asesina-a-nigeriano-esposo-y-padre-de-nueve\/#breadcrumb"},"inLanguage":"es","potentialAction":[{"@type":"ReadAction","target":["https:\/\/www.persecution.com\/es\/historias\/boko-haram-asesina-a-nigeriano-esposo-y-padre-de-nueve\/"]}]},{"@type":"ImageObject","inLanguage":"es","@id":"https:\/\/www.persecution.com\/es\/historias\/boko-haram-asesina-a-nigeriano-esposo-y-padre-de-nueve\/#primaryimage","url":"https:\/\/assets.persecution.com\/es\/historias\/wp-content\/uploads\/2024\/02\/CUS1905BJ_0131_pub-978x560-1.jpg","contentUrl":"https:\/\/assets.persecution.com\/es\/historias\/wp-content\/uploads\/2024\/02\/CUS1905BJ_0131_pub-978x560-1.jpg","width":978,"height":560},{"@type":"BreadcrumbList","@id":"https:\/\/www.persecution.com\/es\/historias\/boko-haram-asesina-a-nigeriano-esposo-y-padre-de-nueve\/#breadcrumb","itemListElement":[{"@type":"ListItem","position":1,"name":"Inicio","item":"https:\/\/www.persecution.com\/es\/historias\/"},{"@type":"ListItem","position":2,"name":"Boko Haram asesina a nigeriano, esposo y padre de nueve"}]},{"@type":"WebSite","@id":"https:\/\/www.persecution.com\/es\/historias\/#website","url":"https:\/\/www.persecution.com\/es\/historias\/","name":"Historias","description":"La Voz de los M\u00e1rtires","potentialAction":[{"@type":"SearchAction","target":{"@type":"EntryPoint","urlTemplate":"https:\/\/www.persecution.com\/es\/historias\/?s={search_term_string}"},"query-input":{"@type":"PropertyValueSpecification","valueRequired":true,"valueName":"search_term_string"}}],"inLanguage":"es"},{"@type":"Person","@id":"https:\/\/www.persecution.com\/es\/historias\/#\/schema\/person\/ae000ea52969cef1249f5afb05ccb961","name":"E Valenzuela","image":{"@type":"ImageObject","inLanguage":"es","@id":"https:\/\/secure.gravatar.com\/avatar\/72e02a942ef259240205425b9749482f07b1b2fb64225b038b4531b157d191a7?s=96&d=mm&r=g","url":"https:\/\/secure.gravatar.com\/avatar\/72e02a942ef259240205425b9749482f07b1b2fb64225b038b4531b157d191a7?s=96&d=mm&r=g","contentUrl":"https:\/\/secure.gravatar.com\/avatar\/72e02a942ef259240205425b9749482f07b1b2fb64225b038b4531b157d191a7?s=96&d=mm&r=g","caption":"E Valenzuela"},"url":"https:\/\/www.persecution.com\/es\/historias\/author\/evalenzuelavom-org\/"}]}},"_links":{"self":[{"href":"https:\/\/www.persecution.com\/es\/historias\/wp-json\/wp\/v2\/posts\/4833","targetHints":{"allow":["GET"]}}],"collection":[{"href":"https:\/\/www.persecution.com\/es\/historias\/wp-json\/wp\/v2\/posts"}],"about":[{"href":"https:\/\/www.persecution.com\/es\/historias\/wp-json\/wp\/v2\/types\/post"}],"author":[{"embeddable":true,"href":"https:\/\/www.persecution.com\/es\/historias\/wp-json\/wp\/v2\/users\/12"}],"replies":[{"embeddable":true,"href":"https:\/\/www.persecution.com\/es\/historias\/wp-json\/wp\/v2\/comments?post=4833"}],"version-history":[{"count":1,"href":"https:\/\/www.persecution.com\/es\/historias\/wp-json\/wp\/v2\/posts\/4833\/revisions"}],"predecessor-version":[{"id":4837,"href":"https:\/\/www.persecution.com\/es\/historias\/wp-json\/wp\/v2\/posts\/4833\/revisions\/4837"}],"wp:featuredmedia":[{"embeddable":true,"href":"https:\/\/www.persecution.com\/es\/historias\/wp-json\/wp\/v2\/media\/4836"}],"wp:attachment":[{"href":"https:\/\/www.persecution.com\/es\/historias\/wp-json\/wp\/v2\/media?parent=4833"}],"wp:term":[{"taxonomy":"category","embeddable":true,"href":"https:\/\/www.persecution.com\/es\/historias\/wp-json\/wp\/v2\/categories?post=4833"},{"taxonomy":"post_tag","embeddable":true,"href":"https:\/\/www.persecution.com\/es\/historias\/wp-json\/wp\/v2\/tags?post=4833"}],"curies":[{"name":"wp","href":"https:\/\/api.w.org\/{rel}","templated":true}]}}