{"id":4734,"date":"2023-11-10T15:43:56","date_gmt":"2023-11-10T15:43:56","guid":{"rendered":"https:\/\/www.persecution.com\/es\/historias\/?p=4734"},"modified":"2023-11-10T15:46:20","modified_gmt":"2023-11-10T15:46:20","slug":"historias-de-martires-cristianos-shahzad-y-shama","status":"publish","type":"post","link":"https:\/\/www.persecution.com\/es\/historias\/historias-de-martires-cristianos-shahzad-y-shama\/","title":{"rendered":"Historias de m\u00e1rtires cristianos: Shahzad y Shama"},"content":{"rendered":"\n<p>Shahzad y su esposa, Shama, se aferraron el uno al otro, y oraron mientras m\u00e1s de quinientos musulmanes rodeaban su casa gritando insultos y amenazas. El l\u00edder de la mezquita hab\u00eda acusado a la pareja, por el altavoz, de haber quemado un ejemplar del Cor\u00e1n, lo cual aliment\u00f3 la furia de la turba. \u00ab\u00a1Quemaron el Sagrado Cor\u00e1n! \u2014gritaron\u2014. \u00a1Les daremos una lecci\u00f3n!\u00bb. No pas\u00f3 mucho tiempo para que la acusaci\u00f3n se difundiera.<\/p>\n\n\n\n<p>Despu\u00e9s de haber entrado en casa de la pareja a trav\u00e9s de un agujero en el techo de paja, los enojados musulmanes los sacaron a rastras. A pesar de sus s\u00faplicas de misericordia y de que Shama estaba embarazada de su cuarto hijo, la multitud los golpe\u00f3 despiadadamente, y les rompieron las piernas a ambos. A continuaci\u00f3n, miembros de la turba los ataron detr\u00e1s de un tractor y los arrastraron durante m\u00e1s de treinta minutos.<\/p>\n\n\n\n<p>Shahzad se hab\u00eda mudado a la ciudad <a href=\"https:\/\/www.persecution.com\/es\/guiadeoracionglobal\/pakistan\/?_source_code=WBPGGPG20B\">pakistan\u00ed<\/a> de Kot Radha Kishan en el a\u00f1o 2000 con sus hermanos y con su padre, Nazar. Debido a su fe cristiana, tuvieron dificultades para encontrar trabajo. En <a href=\"https:\/\/www.persecution.com\/es\/guiadeoracionglobal\/pakistan\/?_source_code=WBPGGPG20B\">Pakist\u00e1n<\/a>, los cristianos son tratados como ciudadanos de segunda clase, y a menudo deben trabajar como barrenderos o como limpiadores de alcantarillas. Shahzad y su familia encontraron trabajo en un horno de ladrillos. Era un trabajo duro, pero proporcionaba suficiente dinero para comer y un lugar para vivir, a pesar de que viv\u00edan como esclavos y ten\u00edan una gran deuda con el due\u00f1o del lugar.<\/p>\n\n\n\n<p>Seis a\u00f1os despu\u00e9s, Shahzad se cas\u00f3 con una mujer cristiana llamada Shama. Juntos, se dedicaron a servir al Se\u00f1or y a la comunidad cristiana, y dos veces al mes se reun\u00edan con los cristianos del lugar para orar. No obstante, el padre de Shahzad, Nazar, se hizo amigo de algunos musulmanes locales, e incluso comenz\u00f3 a acompa\u00f1arlos a algunos de sus rituales. Esto perturb\u00f3 a Shama, quien le rog\u00f3 que se mantuviera fiel a Cristo. Tiempo despu\u00e9s, Nazar escuch\u00f3 el consejo de su nuera, y dej\u00f3 de participar en estos encuentros, situaci\u00f3n que no pas\u00f3 desapercibida en la comunidad. Los musulmanes de la aldea pensaron que Shama lo hab\u00eda convertido del islam al cristianismo, y su resentimiento contra ella creci\u00f3.&nbsp;<\/p>\n\n\n\n<p>Cuando Nazar enferm\u00f3, Shahzad se tom\u00f3 un tiempo del trabajo para encontrar un tratamiento para su padre. Al morir Nazar, a finales de octubre, Shahzad regres\u00f3 a su trabajo en el horno, solo para ser golpeado por sus superiores por haber faltado. Entonces, Shahzad decidi\u00f3 que ya no pod\u00edan quedarse en ese lugar. Pero ten\u00edan una gran deuda con el due\u00f1o heredada de Nazar, y Shahzad quer\u00eda irse en buenos t\u00e9rminos. \u00abD\u00edganos cu\u00e1nto le debemos \u2014le dijo al propietario\u2014. Lo devolveremos y nos iremos de su horno de ladrillos\u00bb.<\/p>\n\n\n\n<p>El due\u00f1o del lugar y su administrador no quer\u00edan que la pareja saliera libre. Ya estaban resentidos con Shahzad por no dejar que su esposa trabajara all\u00ed, por temor a que los hombres se aprovecharan de ella. El propietario del horno y su administrador idearon un plan: si acusaban a Shahzad y a Shama de quemar un ejemplar del Cor\u00e1n, ser\u00edan golpeados y encarcelados. As\u00ed, temprano, en la ma\u00f1ana del 4 de noviembre de 2014, el due\u00f1o del horno y su administrador fueron a la mezquita local y acusaron a la pareja cristiana del crimen, lo cual gener\u00f3 indignaci\u00f3n en la comunidad musulmana.<\/p>\n\n\n\n<p>Despu\u00e9s de que la multitud arrastr\u00f3 a Shahzad y a Shama alrededor del patio del horno, sus cuerpos sin vida fueron metidos en los orificios de ventilaci\u00f3n sobre el horno de ladrillos y, quemados. El feroz ataque dur\u00f3 cuatro horas.<\/p>\n\n\n\n<p>La polic\u00eda inform\u00f3 que no hab\u00eda pruebas de que se hubiera quemado un Cor\u00e1n, y los pol\u00edticos locales condenaron los asesinatos. Cuatrocientas personas fueron arrestadas y encarceladas por sus acciones ese d\u00eda, por lo tanto, se inici\u00f3 un movimiento para cambiar las leyes de blasfemia del pa\u00eds, que han sido ampliamente utilizadas contra los cristianos y contra otros por parte de cualquiera que tuviera una queja en su contra. Conforme a esas leyes, varios cristianos han sido acusados falsamente de blasfemar contra el islam, el Cor\u00e1n y Mahoma. Shahzad y Shama se aferraron a su fe en Jes\u00fas en sus momentos finales, y sus muertes no fueron en vano.<\/p>\n","protected":false},"excerpt":{"rendered":"<p>Shahzad y su esposa, Shama, se aferraron el uno al otro, y oraron mientras m\u00e1s de quinientos musulmanes rodeaban su casa gritando insultos y amenazas. El l\u00edder de la mezquita hab\u00eda acusado a la pareja, por el altavoz, de haber quemado un ejemplar del Cor\u00e1n, lo cual aliment\u00f3 la furia de la turba. \u00ab\u00a1Quemaron el Sagrado Cor\u00e1n! \u2014gritaron\u2014. \u00a1Les daremos una lecci\u00f3n!\u00bb. No pas\u00f3 mucho tiempo para que la acusaci\u00f3n se difundiera. Despu\u00e9s de haber entrado en casa de la pareja a trav\u00e9s de un agujero en el techo de paja, los enojados musulmanes los sacaron a rastras. A pesar de sus s\u00faplicas de misericordia y de que Shama estaba embarazada de su cuarto hijo, la multitud los golpe\u00f3 despiadadamente, y les rompieron las piernas a ambos. A continuaci\u00f3n, miembros de la turba los ataron detr\u00e1s de un tractor y los arrastraron durante m\u00e1s de treinta minutos. Shahzad se hab\u00eda mudado a la ciudad pakistan\u00ed de Kot Radha Kishan en el a\u00f1o 2000 con sus hermanos y con su padre, Nazar. Debido a su fe cristiana, tuvieron dificultades para encontrar trabajo. En Pakist\u00e1n, los cristianos son tratados como ciudadanos de segunda clase, y a menudo deben trabajar como barrenderos o<\/p>\n","protected":false},"author":12,"featured_media":4439,"comment_status":"closed","ping_status":"closed","sticky":false,"template":"","format":"standard","meta":{"footnotes":""},"categories":[6,79],"tags":[50],"class_list":["post-4734","post","type-post","status-publish","format-standard","has-post-thumbnail","hentry","category-historia","category-oracion","tag-pakistan","","tg-column-two"],"yoast_head":"<!-- This site is optimized with the Yoast SEO plugin v27.5 - https:\/\/yoast.com\/product\/yoast-seo-wordpress\/ -->\n<title>Historias de m\u00e1rtires cristianos: Shahzad y Shama - Historias<\/title>\n<meta name=\"robots\" content=\"index, follow, max-snippet:-1, max-image-preview:large, max-video-preview:-1\" \/>\n<link rel=\"canonical\" href=\"https:\/\/www.persecution.com\/es\/historias\/historias-de-martires-cristianos-shahzad-y-shama\/\" \/>\n<meta property=\"og:locale\" content=\"es_MX\" \/>\n<meta property=\"og:type\" content=\"article\" \/>\n<meta property=\"og:title\" content=\"Historias de m\u00e1rtires cristianos: Shahzad y Shama - Historias\" \/>\n<meta property=\"og:description\" content=\"Shahzad y su esposa, Shama, se aferraron el uno al otro, y oraron mientras m\u00e1s de quinientos musulmanes rodeaban su casa gritando insultos y amenazas. El l\u00edder de la mezquita hab\u00eda acusado a la pareja, por el altavoz, de haber quemado un ejemplar del Cor\u00e1n, lo cual aliment\u00f3 la furia de la turba. \u00ab\u00a1Quemaron el Sagrado Cor\u00e1n! \u2014gritaron\u2014. \u00a1Les daremos una lecci\u00f3n!\u00bb. No pas\u00f3 mucho tiempo para que la acusaci\u00f3n se difundiera. Despu\u00e9s de haber entrado en casa de la pareja a trav\u00e9s de un agujero en el techo de paja, los enojados musulmanes los sacaron a rastras. A pesar de sus s\u00faplicas de misericordia y de que Shama estaba embarazada de su cuarto hijo, la multitud los golpe\u00f3 despiadadamente, y les rompieron las piernas a ambos. A continuaci\u00f3n, miembros de la turba los ataron detr\u00e1s de un tractor y los arrastraron durante m\u00e1s de treinta minutos. Shahzad se hab\u00eda mudado a la ciudad pakistan\u00ed de Kot Radha Kishan en el a\u00f1o 2000 con sus hermanos y con su padre, Nazar. Debido a su fe cristiana, tuvieron dificultades para encontrar trabajo. En Pakist\u00e1n, los cristianos son tratados como ciudadanos de segunda clase, y a menudo deben trabajar como barrenderos o\" \/>\n<meta property=\"og:url\" content=\"https:\/\/www.persecution.com\/es\/historias\/historias-de-martires-cristianos-shahzad-y-shama\/\" \/>\n<meta property=\"og:site_name\" content=\"Historias\" \/>\n<meta property=\"article:published_time\" content=\"2023-11-10T15:43:56+00:00\" \/>\n<meta property=\"article:modified_time\" content=\"2023-11-10T15:46:20+00:00\" \/>\n<meta property=\"og:image\" content=\"https:\/\/assets.persecution.com\/es\/historias\/wp-content\/uploads\/2023\/03\/Ignatius_of_Antioch-978x560-1.jpg\" \/>\n\t<meta property=\"og:image:width\" content=\"978\" \/>\n\t<meta property=\"og:image:height\" content=\"560\" \/>\n\t<meta property=\"og:image:type\" content=\"image\/jpeg\" \/>\n<meta name=\"author\" content=\"E Valenzuela\" \/>\n<meta name=\"twitter:card\" content=\"summary_large_image\" \/>\n<meta name=\"twitter:label1\" content=\"Escrito por\" \/>\n\t<meta name=\"twitter:data1\" content=\"E Valenzuela\" \/>\n\t<meta name=\"twitter:label2\" content=\"Tiempo de lectura\" \/>\n\t<meta name=\"twitter:data2\" content=\"4 minutos\" \/>\n<script type=\"application\/ld+json\" class=\"yoast-schema-graph\">{\"@context\":\"https:\\\/\\\/schema.org\",\"@graph\":[{\"@type\":\"Article\",\"@id\":\"https:\\\/\\\/www.persecution.com\\\/es\\\/historias\\\/historias-de-martires-cristianos-shahzad-y-shama\\\/#article\",\"isPartOf\":{\"@id\":\"https:\\\/\\\/www.persecution.com\\\/es\\\/historias\\\/historias-de-martires-cristianos-shahzad-y-shama\\\/\"},\"author\":{\"name\":\"E Valenzuela\",\"@id\":\"https:\\\/\\\/www.persecution.com\\\/es\\\/historias\\\/#\\\/schema\\\/person\\\/ae000ea52969cef1249f5afb05ccb961\"},\"headline\":\"Historias de m\u00e1rtires cristianos: Shahzad y Shama\",\"datePublished\":\"2023-11-10T15:43:56+00:00\",\"dateModified\":\"2023-11-10T15:46:20+00:00\",\"mainEntityOfPage\":{\"@id\":\"https:\\\/\\\/www.persecution.com\\\/es\\\/historias\\\/historias-de-martires-cristianos-shahzad-y-shama\\\/\"},\"wordCount\":765,\"image\":{\"@id\":\"https:\\\/\\\/www.persecution.com\\\/es\\\/historias\\\/historias-de-martires-cristianos-shahzad-y-shama\\\/#primaryimage\"},\"thumbnailUrl\":\"https:\\\/\\\/www.persecution.com\\\/es\\\/historias\\\/wp-content\\\/uploads\\\/2023\\\/03\\\/Ignatius_of_Antioch-978x560-1.jpg\",\"keywords\":[\"Pakistan\"],\"articleSection\":[\"Historia\",\"Oraci\u00f3n\"],\"inLanguage\":\"es\"},{\"@type\":\"WebPage\",\"@id\":\"https:\\\/\\\/www.persecution.com\\\/es\\\/historias\\\/historias-de-martires-cristianos-shahzad-y-shama\\\/\",\"url\":\"https:\\\/\\\/www.persecution.com\\\/es\\\/historias\\\/historias-de-martires-cristianos-shahzad-y-shama\\\/\",\"name\":\"Historias de m\u00e1rtires cristianos: Shahzad y Shama - Historias\",\"isPartOf\":{\"@id\":\"https:\\\/\\\/www.persecution.com\\\/es\\\/historias\\\/#website\"},\"primaryImageOfPage\":{\"@id\":\"https:\\\/\\\/www.persecution.com\\\/es\\\/historias\\\/historias-de-martires-cristianos-shahzad-y-shama\\\/#primaryimage\"},\"image\":{\"@id\":\"https:\\\/\\\/www.persecution.com\\\/es\\\/historias\\\/historias-de-martires-cristianos-shahzad-y-shama\\\/#primaryimage\"},\"thumbnailUrl\":\"https:\\\/\\\/www.persecution.com\\\/es\\\/historias\\\/wp-content\\\/uploads\\\/2023\\\/03\\\/Ignatius_of_Antioch-978x560-1.jpg\",\"datePublished\":\"2023-11-10T15:43:56+00:00\",\"dateModified\":\"2023-11-10T15:46:20+00:00\",\"author\":{\"@id\":\"https:\\\/\\\/www.persecution.com\\\/es\\\/historias\\\/#\\\/schema\\\/person\\\/ae000ea52969cef1249f5afb05ccb961\"},\"breadcrumb\":{\"@id\":\"https:\\\/\\\/www.persecution.com\\\/es\\\/historias\\\/historias-de-martires-cristianos-shahzad-y-shama\\\/#breadcrumb\"},\"inLanguage\":\"es\",\"potentialAction\":[{\"@type\":\"ReadAction\",\"target\":[\"https:\\\/\\\/www.persecution.com\\\/es\\\/historias\\\/historias-de-martires-cristianos-shahzad-y-shama\\\/\"]}]},{\"@type\":\"ImageObject\",\"inLanguage\":\"es\",\"@id\":\"https:\\\/\\\/www.persecution.com\\\/es\\\/historias\\\/historias-de-martires-cristianos-shahzad-y-shama\\\/#primaryimage\",\"url\":\"https:\\\/\\\/www.persecution.com\\\/es\\\/historias\\\/wp-content\\\/uploads\\\/2023\\\/03\\\/Ignatius_of_Antioch-978x560-1.jpg\",\"contentUrl\":\"https:\\\/\\\/www.persecution.com\\\/es\\\/historias\\\/wp-content\\\/uploads\\\/2023\\\/03\\\/Ignatius_of_Antioch-978x560-1.jpg\",\"width\":978,\"height\":560},{\"@type\":\"BreadcrumbList\",\"@id\":\"https:\\\/\\\/www.persecution.com\\\/es\\\/historias\\\/historias-de-martires-cristianos-shahzad-y-shama\\\/#breadcrumb\",\"itemListElement\":[{\"@type\":\"ListItem\",\"position\":1,\"name\":\"Inicio\",\"item\":\"https:\\\/\\\/www.persecution.com\\\/es\\\/historias\\\/\"},{\"@type\":\"ListItem\",\"position\":2,\"name\":\"Historias de m\u00e1rtires cristianos: Shahzad y Shama\"}]},{\"@type\":\"WebSite\",\"@id\":\"https:\\\/\\\/www.persecution.com\\\/es\\\/historias\\\/#website\",\"url\":\"https:\\\/\\\/www.persecution.com\\\/es\\\/historias\\\/\",\"name\":\"Historias\",\"description\":\"La Voz de los M\u00e1rtires\",\"potentialAction\":[{\"@type\":\"SearchAction\",\"target\":{\"@type\":\"EntryPoint\",\"urlTemplate\":\"https:\\\/\\\/www.persecution.com\\\/es\\\/historias\\\/?s={search_term_string}\"},\"query-input\":{\"@type\":\"PropertyValueSpecification\",\"valueRequired\":true,\"valueName\":\"search_term_string\"}}],\"inLanguage\":\"es\"},{\"@type\":\"Person\",\"@id\":\"https:\\\/\\\/www.persecution.com\\\/es\\\/historias\\\/#\\\/schema\\\/person\\\/ae000ea52969cef1249f5afb05ccb961\",\"name\":\"E Valenzuela\",\"image\":{\"@type\":\"ImageObject\",\"inLanguage\":\"es\",\"@id\":\"https:\\\/\\\/secure.gravatar.com\\\/avatar\\\/72e02a942ef259240205425b9749482f07b1b2fb64225b038b4531b157d191a7?s=96&d=mm&r=g\",\"url\":\"https:\\\/\\\/secure.gravatar.com\\\/avatar\\\/72e02a942ef259240205425b9749482f07b1b2fb64225b038b4531b157d191a7?s=96&d=mm&r=g\",\"contentUrl\":\"https:\\\/\\\/secure.gravatar.com\\\/avatar\\\/72e02a942ef259240205425b9749482f07b1b2fb64225b038b4531b157d191a7?s=96&d=mm&r=g\",\"caption\":\"E Valenzuela\"},\"url\":\"https:\\\/\\\/www.persecution.com\\\/es\\\/historias\\\/author\\\/evalenzuelavom-org\\\/\"}]}<\/script>\n<!-- \/ Yoast SEO plugin. -->","yoast_head_json":{"title":"Historias de m\u00e1rtires cristianos: Shahzad y Shama - Historias","robots":{"index":"index","follow":"follow","max-snippet":"max-snippet:-1","max-image-preview":"max-image-preview:large","max-video-preview":"max-video-preview:-1"},"canonical":"https:\/\/www.persecution.com\/es\/historias\/historias-de-martires-cristianos-shahzad-y-shama\/","og_locale":"es_MX","og_type":"article","og_title":"Historias de m\u00e1rtires cristianos: Shahzad y Shama - Historias","og_description":"Shahzad y su esposa, Shama, se aferraron el uno al otro, y oraron mientras m\u00e1s de quinientos musulmanes rodeaban su casa gritando insultos y amenazas. El l\u00edder de la mezquita hab\u00eda acusado a la pareja, por el altavoz, de haber quemado un ejemplar del Cor\u00e1n, lo cual aliment\u00f3 la furia de la turba. \u00ab\u00a1Quemaron el Sagrado Cor\u00e1n! \u2014gritaron\u2014. \u00a1Les daremos una lecci\u00f3n!\u00bb. No pas\u00f3 mucho tiempo para que la acusaci\u00f3n se difundiera. Despu\u00e9s de haber entrado en casa de la pareja a trav\u00e9s de un agujero en el techo de paja, los enojados musulmanes los sacaron a rastras. A pesar de sus s\u00faplicas de misericordia y de que Shama estaba embarazada de su cuarto hijo, la multitud los golpe\u00f3 despiadadamente, y les rompieron las piernas a ambos. A continuaci\u00f3n, miembros de la turba los ataron detr\u00e1s de un tractor y los arrastraron durante m\u00e1s de treinta minutos. Shahzad se hab\u00eda mudado a la ciudad pakistan\u00ed de Kot Radha Kishan en el a\u00f1o 2000 con sus hermanos y con su padre, Nazar. Debido a su fe cristiana, tuvieron dificultades para encontrar trabajo. En Pakist\u00e1n, los cristianos son tratados como ciudadanos de segunda clase, y a menudo deben trabajar como barrenderos o","og_url":"https:\/\/www.persecution.com\/es\/historias\/historias-de-martires-cristianos-shahzad-y-shama\/","og_site_name":"Historias","article_published_time":"2023-11-10T15:43:56+00:00","article_modified_time":"2023-11-10T15:46:20+00:00","og_image":[{"width":978,"height":560,"url":"https:\/\/assets.persecution.com\/es\/historias\/wp-content\/uploads\/2023\/03\/Ignatius_of_Antioch-978x560-1.jpg","type":"image\/jpeg"}],"author":"E Valenzuela","twitter_card":"summary_large_image","twitter_misc":{"Escrito por":"E Valenzuela","Tiempo de lectura":"4 minutos"},"schema":{"@context":"https:\/\/schema.org","@graph":[{"@type":"Article","@id":"https:\/\/www.persecution.com\/es\/historias\/historias-de-martires-cristianos-shahzad-y-shama\/#article","isPartOf":{"@id":"https:\/\/www.persecution.com\/es\/historias\/historias-de-martires-cristianos-shahzad-y-shama\/"},"author":{"name":"E Valenzuela","@id":"https:\/\/www.persecution.com\/es\/historias\/#\/schema\/person\/ae000ea52969cef1249f5afb05ccb961"},"headline":"Historias de m\u00e1rtires cristianos: Shahzad y Shama","datePublished":"2023-11-10T15:43:56+00:00","dateModified":"2023-11-10T15:46:20+00:00","mainEntityOfPage":{"@id":"https:\/\/www.persecution.com\/es\/historias\/historias-de-martires-cristianos-shahzad-y-shama\/"},"wordCount":765,"image":{"@id":"https:\/\/www.persecution.com\/es\/historias\/historias-de-martires-cristianos-shahzad-y-shama\/#primaryimage"},"thumbnailUrl":"https:\/\/assets.persecution.com\/es\/historias\/wp-content\/uploads\/2023\/03\/Ignatius_of_Antioch-978x560-1.jpg","keywords":["Pakistan"],"articleSection":["Historia","Oraci\u00f3n"],"inLanguage":"es"},{"@type":"WebPage","@id":"https:\/\/www.persecution.com\/es\/historias\/historias-de-martires-cristianos-shahzad-y-shama\/","url":"https:\/\/www.persecution.com\/es\/historias\/historias-de-martires-cristianos-shahzad-y-shama\/","name":"Historias de m\u00e1rtires cristianos: Shahzad y Shama - Historias","isPartOf":{"@id":"https:\/\/www.persecution.com\/es\/historias\/#website"},"primaryImageOfPage":{"@id":"https:\/\/www.persecution.com\/es\/historias\/historias-de-martires-cristianos-shahzad-y-shama\/#primaryimage"},"image":{"@id":"https:\/\/www.persecution.com\/es\/historias\/historias-de-martires-cristianos-shahzad-y-shama\/#primaryimage"},"thumbnailUrl":"https:\/\/assets.persecution.com\/es\/historias\/wp-content\/uploads\/2023\/03\/Ignatius_of_Antioch-978x560-1.jpg","datePublished":"2023-11-10T15:43:56+00:00","dateModified":"2023-11-10T15:46:20+00:00","author":{"@id":"https:\/\/www.persecution.com\/es\/historias\/#\/schema\/person\/ae000ea52969cef1249f5afb05ccb961"},"breadcrumb":{"@id":"https:\/\/www.persecution.com\/es\/historias\/historias-de-martires-cristianos-shahzad-y-shama\/#breadcrumb"},"inLanguage":"es","potentialAction":[{"@type":"ReadAction","target":["https:\/\/www.persecution.com\/es\/historias\/historias-de-martires-cristianos-shahzad-y-shama\/"]}]},{"@type":"ImageObject","inLanguage":"es","@id":"https:\/\/www.persecution.com\/es\/historias\/historias-de-martires-cristianos-shahzad-y-shama\/#primaryimage","url":"https:\/\/assets.persecution.com\/es\/historias\/wp-content\/uploads\/2023\/03\/Ignatius_of_Antioch-978x560-1.jpg","contentUrl":"https:\/\/assets.persecution.com\/es\/historias\/wp-content\/uploads\/2023\/03\/Ignatius_of_Antioch-978x560-1.jpg","width":978,"height":560},{"@type":"BreadcrumbList","@id":"https:\/\/www.persecution.com\/es\/historias\/historias-de-martires-cristianos-shahzad-y-shama\/#breadcrumb","itemListElement":[{"@type":"ListItem","position":1,"name":"Inicio","item":"https:\/\/www.persecution.com\/es\/historias\/"},{"@type":"ListItem","position":2,"name":"Historias de m\u00e1rtires cristianos: Shahzad y Shama"}]},{"@type":"WebSite","@id":"https:\/\/www.persecution.com\/es\/historias\/#website","url":"https:\/\/www.persecution.com\/es\/historias\/","name":"Historias","description":"La Voz de los M\u00e1rtires","potentialAction":[{"@type":"SearchAction","target":{"@type":"EntryPoint","urlTemplate":"https:\/\/www.persecution.com\/es\/historias\/?s={search_term_string}"},"query-input":{"@type":"PropertyValueSpecification","valueRequired":true,"valueName":"search_term_string"}}],"inLanguage":"es"},{"@type":"Person","@id":"https:\/\/www.persecution.com\/es\/historias\/#\/schema\/person\/ae000ea52969cef1249f5afb05ccb961","name":"E Valenzuela","image":{"@type":"ImageObject","inLanguage":"es","@id":"https:\/\/secure.gravatar.com\/avatar\/72e02a942ef259240205425b9749482f07b1b2fb64225b038b4531b157d191a7?s=96&d=mm&r=g","url":"https:\/\/secure.gravatar.com\/avatar\/72e02a942ef259240205425b9749482f07b1b2fb64225b038b4531b157d191a7?s=96&d=mm&r=g","contentUrl":"https:\/\/secure.gravatar.com\/avatar\/72e02a942ef259240205425b9749482f07b1b2fb64225b038b4531b157d191a7?s=96&d=mm&r=g","caption":"E Valenzuela"},"url":"https:\/\/www.persecution.com\/es\/historias\/author\/evalenzuelavom-org\/"}]}},"_links":{"self":[{"href":"https:\/\/www.persecution.com\/es\/historias\/wp-json\/wp\/v2\/posts\/4734","targetHints":{"allow":["GET"]}}],"collection":[{"href":"https:\/\/www.persecution.com\/es\/historias\/wp-json\/wp\/v2\/posts"}],"about":[{"href":"https:\/\/www.persecution.com\/es\/historias\/wp-json\/wp\/v2\/types\/post"}],"author":[{"embeddable":true,"href":"https:\/\/www.persecution.com\/es\/historias\/wp-json\/wp\/v2\/users\/12"}],"replies":[{"embeddable":true,"href":"https:\/\/www.persecution.com\/es\/historias\/wp-json\/wp\/v2\/comments?post=4734"}],"version-history":[{"count":2,"href":"https:\/\/www.persecution.com\/es\/historias\/wp-json\/wp\/v2\/posts\/4734\/revisions"}],"predecessor-version":[{"id":4736,"href":"https:\/\/www.persecution.com\/es\/historias\/wp-json\/wp\/v2\/posts\/4734\/revisions\/4736"}],"wp:featuredmedia":[{"embeddable":true,"href":"https:\/\/www.persecution.com\/es\/historias\/wp-json\/wp\/v2\/media\/4439"}],"wp:attachment":[{"href":"https:\/\/www.persecution.com\/es\/historias\/wp-json\/wp\/v2\/media?parent=4734"}],"wp:term":[{"taxonomy":"category","embeddable":true,"href":"https:\/\/www.persecution.com\/es\/historias\/wp-json\/wp\/v2\/categories?post=4734"},{"taxonomy":"post_tag","embeddable":true,"href":"https:\/\/www.persecution.com\/es\/historias\/wp-json\/wp\/v2\/tags?post=4734"}],"curies":[{"name":"wp","href":"https:\/\/api.w.org\/{rel}","templated":true}]}}