{"id":4674,"date":"2023-10-25T23:56:32","date_gmt":"2023-10-25T23:56:32","guid":{"rendered":"https:\/\/www.persecution.com\/es\/historias\/?p=4674"},"modified":"2023-10-25T23:56:33","modified_gmt":"2023-10-25T23:56:33","slug":"congregacion-se-traslada-de-estacion-de-policia-a-nuevo-edificio-2","status":"publish","type":"post","link":"https:\/\/www.persecution.com\/es\/historias\/congregacion-se-traslada-de-estacion-de-policia-a-nuevo-edificio-2\/","title":{"rendered":"Congregaci\u00f3n se traslada de estaci\u00f3n de polic\u00eda a nuevo edificio"},"content":{"rendered":"\n<p>Los cristianos de una aldea del norte de Kenia se est\u00e1n regocijando al comenzar la construcci\u00f3n de una nueva iglesia. En esta zona, las amenazas de muerte y la persecuci\u00f3n de los vecinos musulmanes los hab\u00edan obligado a reunirse en la seguridad de una estaci\u00f3n de polic\u00eda local. Los obreros de primera l\u00ednea dicen que la construcci\u00f3n de una nueva iglesia es un paso hacia la plena aceptaci\u00f3n del cristianismo en la aldea. Cuando comenzaron las obras del nuevo edificio, algunos j\u00f3venes musulmanes que se opon\u00edan a la construcci\u00f3n de la iglesia se enfrentaron a los l\u00edderes de la iglesia. Entonces, los l\u00edderes de la iglesia acudieron a la polic\u00eda local en busca de ayuda. El jefe de polic\u00eda le dijo al grupo de j\u00f3venes musulmanes: \u00abTodo ciudadano tiene derecho de adorar de una manera en que est\u00e9 convencido de que es la manera verdadera y correcta\u00bb. Este resultado ha alentado a los creyentes locales que esperan con entusiasmo la apertura de las nuevas instalaciones de la iglesia.<\/p>\n\n\n\n<p><a href=\"https:\/\/www.persecution.com\/es\/guiadeoracionglobal\/kenia\/?_source_code=WBPGGPG20B\">Haz clic aqu\u00ed<\/a> para conocer m\u00e1s sobre la persecuci\u00f3n contra los cristianos en Kenia y para saber c\u00f3mo orar por ellos.<\/p>\n","protected":false},"excerpt":{"rendered":"<p>Los cristianos de una aldea del norte de Kenia se est\u00e1n regocijando al comenzar la construcci\u00f3n de una nueva iglesia. En esta zona, las amenazas de muerte y la persecuci\u00f3n de los vecinos musulmanes los hab\u00edan obligado a reunirse en la seguridad de una estaci\u00f3n de polic\u00eda local. Los obreros de primera l\u00ednea dicen que la construcci\u00f3n de una nueva iglesia es un paso hacia la plena aceptaci\u00f3n del cristianismo en la aldea. Cuando comenzaron las obras del nuevo edificio, algunos j\u00f3venes musulmanes que se opon\u00edan a la construcci\u00f3n de la iglesia se enfrentaron a los l\u00edderes de la iglesia. Entonces, los l\u00edderes de la iglesia acudieron a la polic\u00eda local en busca de ayuda. El jefe de polic\u00eda le dijo al grupo de j\u00f3venes musulmanes: \u00abTodo ciudadano tiene derecho de adorar de una manera en que est\u00e9 convencido de que es la manera verdadera y correcta\u00bb. Este resultado ha alentado a los creyentes locales que esperan con entusiasmo la apertura de las nuevas instalaciones de la iglesia. Haz clic aqu\u00ed para conocer m\u00e1s sobre la persecuci\u00f3n contra los cristianos en Kenia y para saber c\u00f3mo orar por ellos.<\/p>\n","protected":false},"author":12,"featured_media":0,"comment_status":"closed","ping_status":"closed","sticky":false,"template":"","format":"standard","meta":{"footnotes":""},"categories":[6],"tags":[34],"class_list":["post-4674","post","type-post","status-publish","format-standard","hentry","category-historia","tag-kenia","","tg-column-two"],"yoast_head":"<!-- This site is optimized with the Yoast SEO plugin v27.4 - https:\/\/yoast.com\/product\/yoast-seo-wordpress\/ -->\n<title>Congregaci\u00f3n se traslada de estaci\u00f3n de polic\u00eda a nuevo edificio - Historias<\/title>\n<meta name=\"robots\" content=\"index, follow, max-snippet:-1, max-image-preview:large, max-video-preview:-1\" \/>\n<link rel=\"canonical\" href=\"https:\/\/www.persecution.com\/es\/historias\/congregacion-se-traslada-de-estacion-de-policia-a-nuevo-edificio-2\/\" \/>\n<meta property=\"og:locale\" content=\"es_MX\" \/>\n<meta property=\"og:type\" content=\"article\" \/>\n<meta property=\"og:title\" content=\"Congregaci\u00f3n se traslada de estaci\u00f3n de polic\u00eda a nuevo edificio - Historias\" \/>\n<meta property=\"og:description\" content=\"Los cristianos de una aldea del norte de Kenia se est\u00e1n regocijando al comenzar la construcci\u00f3n de una nueva iglesia. En esta zona, las amenazas de muerte y la persecuci\u00f3n de los vecinos musulmanes los hab\u00edan obligado a reunirse en la seguridad de una estaci\u00f3n de polic\u00eda local. Los obreros de primera l\u00ednea dicen que la construcci\u00f3n de una nueva iglesia es un paso hacia la plena aceptaci\u00f3n del cristianismo en la aldea. Cuando comenzaron las obras del nuevo edificio, algunos j\u00f3venes musulmanes que se opon\u00edan a la construcci\u00f3n de la iglesia se enfrentaron a los l\u00edderes de la iglesia. Entonces, los l\u00edderes de la iglesia acudieron a la polic\u00eda local en busca de ayuda. El jefe de polic\u00eda le dijo al grupo de j\u00f3venes musulmanes: \u00abTodo ciudadano tiene derecho de adorar de una manera en que est\u00e9 convencido de que es la manera verdadera y correcta\u00bb. Este resultado ha alentado a los creyentes locales que esperan con entusiasmo la apertura de las nuevas instalaciones de la iglesia. Haz clic aqu\u00ed para conocer m\u00e1s sobre la persecuci\u00f3n contra los cristianos en Kenia y para saber c\u00f3mo orar por ellos.\" \/>\n<meta property=\"og:url\" content=\"https:\/\/www.persecution.com\/es\/historias\/congregacion-se-traslada-de-estacion-de-policia-a-nuevo-edificio-2\/\" \/>\n<meta property=\"og:site_name\" content=\"Historias\" \/>\n<meta property=\"article:published_time\" content=\"2023-10-25T23:56:32+00:00\" \/>\n<meta property=\"article:modified_time\" content=\"2023-10-25T23:56:33+00:00\" \/>\n<meta property=\"og:image\" content=\"https:\/\/assets.persecution.com\/es\/historias\/wp-content\/uploads\/2023\/10\/VOM-Stories-iCommit-PlaceholderV2-978x560-2.jpg\" \/>\n\t<meta property=\"og:image:width\" content=\"978\" \/>\n\t<meta property=\"og:image:height\" content=\"560\" \/>\n\t<meta property=\"og:image:type\" content=\"image\/jpeg\" \/>\n<meta name=\"author\" content=\"E Valenzuela\" \/>\n<meta name=\"twitter:card\" content=\"summary_large_image\" \/>\n<meta name=\"twitter:label1\" content=\"Escrito por\" \/>\n\t<meta name=\"twitter:data1\" content=\"E Valenzuela\" \/>\n\t<meta name=\"twitter:label2\" content=\"Tiempo de lectura\" \/>\n\t<meta name=\"twitter:data2\" content=\"1 minuto\" \/>\n<script type=\"application\/ld+json\" class=\"yoast-schema-graph\">{\"@context\":\"https:\\\/\\\/schema.org\",\"@graph\":[{\"@type\":\"Article\",\"@id\":\"https:\\\/\\\/www.persecution.com\\\/es\\\/historias\\\/congregacion-se-traslada-de-estacion-de-policia-a-nuevo-edificio-2\\\/#article\",\"isPartOf\":{\"@id\":\"https:\\\/\\\/www.persecution.com\\\/es\\\/historias\\\/congregacion-se-traslada-de-estacion-de-policia-a-nuevo-edificio-2\\\/\"},\"author\":{\"name\":\"E Valenzuela\",\"@id\":\"https:\\\/\\\/www.persecution.com\\\/es\\\/historias\\\/#\\\/schema\\\/person\\\/ae000ea52969cef1249f5afb05ccb961\"},\"headline\":\"Congregaci\u00f3n se traslada de estaci\u00f3n de polic\u00eda a nuevo edificio\",\"datePublished\":\"2023-10-25T23:56:32+00:00\",\"dateModified\":\"2023-10-25T23:56:33+00:00\",\"mainEntityOfPage\":{\"@id\":\"https:\\\/\\\/www.persecution.com\\\/es\\\/historias\\\/congregacion-se-traslada-de-estacion-de-policia-a-nuevo-edificio-2\\\/\"},\"wordCount\":222,\"keywords\":[\"Kenia\"],\"articleSection\":[\"Historia\"],\"inLanguage\":\"es\"},{\"@type\":\"WebPage\",\"@id\":\"https:\\\/\\\/www.persecution.com\\\/es\\\/historias\\\/congregacion-se-traslada-de-estacion-de-policia-a-nuevo-edificio-2\\\/\",\"url\":\"https:\\\/\\\/www.persecution.com\\\/es\\\/historias\\\/congregacion-se-traslada-de-estacion-de-policia-a-nuevo-edificio-2\\\/\",\"name\":\"Congregaci\u00f3n se traslada de estaci\u00f3n de polic\u00eda a nuevo edificio - Historias\",\"isPartOf\":{\"@id\":\"https:\\\/\\\/www.persecution.com\\\/es\\\/historias\\\/#website\"},\"datePublished\":\"2023-10-25T23:56:32+00:00\",\"dateModified\":\"2023-10-25T23:56:33+00:00\",\"author\":{\"@id\":\"https:\\\/\\\/www.persecution.com\\\/es\\\/historias\\\/#\\\/schema\\\/person\\\/ae000ea52969cef1249f5afb05ccb961\"},\"breadcrumb\":{\"@id\":\"https:\\\/\\\/www.persecution.com\\\/es\\\/historias\\\/congregacion-se-traslada-de-estacion-de-policia-a-nuevo-edificio-2\\\/#breadcrumb\"},\"inLanguage\":\"es\",\"potentialAction\":[{\"@type\":\"ReadAction\",\"target\":[\"https:\\\/\\\/www.persecution.com\\\/es\\\/historias\\\/congregacion-se-traslada-de-estacion-de-policia-a-nuevo-edificio-2\\\/\"]}]},{\"@type\":\"BreadcrumbList\",\"@id\":\"https:\\\/\\\/www.persecution.com\\\/es\\\/historias\\\/congregacion-se-traslada-de-estacion-de-policia-a-nuevo-edificio-2\\\/#breadcrumb\",\"itemListElement\":[{\"@type\":\"ListItem\",\"position\":1,\"name\":\"Inicio\",\"item\":\"https:\\\/\\\/www.persecution.com\\\/es\\\/historias\\\/\"},{\"@type\":\"ListItem\",\"position\":2,\"name\":\"Congregaci\u00f3n se traslada de estaci\u00f3n de polic\u00eda a nuevo edificio\"}]},{\"@type\":\"WebSite\",\"@id\":\"https:\\\/\\\/www.persecution.com\\\/es\\\/historias\\\/#website\",\"url\":\"https:\\\/\\\/www.persecution.com\\\/es\\\/historias\\\/\",\"name\":\"Historias\",\"description\":\"La Voz de los M\u00e1rtires\",\"potentialAction\":[{\"@type\":\"SearchAction\",\"target\":{\"@type\":\"EntryPoint\",\"urlTemplate\":\"https:\\\/\\\/www.persecution.com\\\/es\\\/historias\\\/?s={search_term_string}\"},\"query-input\":{\"@type\":\"PropertyValueSpecification\",\"valueRequired\":true,\"valueName\":\"search_term_string\"}}],\"inLanguage\":\"es\"},{\"@type\":\"Person\",\"@id\":\"https:\\\/\\\/www.persecution.com\\\/es\\\/historias\\\/#\\\/schema\\\/person\\\/ae000ea52969cef1249f5afb05ccb961\",\"name\":\"E Valenzuela\",\"image\":{\"@type\":\"ImageObject\",\"inLanguage\":\"es\",\"@id\":\"https:\\\/\\\/secure.gravatar.com\\\/avatar\\\/72e02a942ef259240205425b9749482f07b1b2fb64225b038b4531b157d191a7?s=96&d=mm&r=g\",\"url\":\"https:\\\/\\\/secure.gravatar.com\\\/avatar\\\/72e02a942ef259240205425b9749482f07b1b2fb64225b038b4531b157d191a7?s=96&d=mm&r=g\",\"contentUrl\":\"https:\\\/\\\/secure.gravatar.com\\\/avatar\\\/72e02a942ef259240205425b9749482f07b1b2fb64225b038b4531b157d191a7?s=96&d=mm&r=g\",\"caption\":\"E Valenzuela\"},\"url\":\"https:\\\/\\\/www.persecution.com\\\/es\\\/historias\\\/author\\\/evalenzuelavom-org\\\/\"}]}<\/script>\n<!-- \/ Yoast SEO plugin. -->","yoast_head_json":{"title":"Congregaci\u00f3n se traslada de estaci\u00f3n de polic\u00eda a nuevo edificio - Historias","robots":{"index":"index","follow":"follow","max-snippet":"max-snippet:-1","max-image-preview":"max-image-preview:large","max-video-preview":"max-video-preview:-1"},"canonical":"https:\/\/www.persecution.com\/es\/historias\/congregacion-se-traslada-de-estacion-de-policia-a-nuevo-edificio-2\/","og_locale":"es_MX","og_type":"article","og_title":"Congregaci\u00f3n se traslada de estaci\u00f3n de polic\u00eda a nuevo edificio - Historias","og_description":"Los cristianos de una aldea del norte de Kenia se est\u00e1n regocijando al comenzar la construcci\u00f3n de una nueva iglesia. En esta zona, las amenazas de muerte y la persecuci\u00f3n de los vecinos musulmanes los hab\u00edan obligado a reunirse en la seguridad de una estaci\u00f3n de polic\u00eda local. Los obreros de primera l\u00ednea dicen que la construcci\u00f3n de una nueva iglesia es un paso hacia la plena aceptaci\u00f3n del cristianismo en la aldea. Cuando comenzaron las obras del nuevo edificio, algunos j\u00f3venes musulmanes que se opon\u00edan a la construcci\u00f3n de la iglesia se enfrentaron a los l\u00edderes de la iglesia. Entonces, los l\u00edderes de la iglesia acudieron a la polic\u00eda local en busca de ayuda. El jefe de polic\u00eda le dijo al grupo de j\u00f3venes musulmanes: \u00abTodo ciudadano tiene derecho de adorar de una manera en que est\u00e9 convencido de que es la manera verdadera y correcta\u00bb. Este resultado ha alentado a los creyentes locales que esperan con entusiasmo la apertura de las nuevas instalaciones de la iglesia. Haz clic aqu\u00ed para conocer m\u00e1s sobre la persecuci\u00f3n contra los cristianos en Kenia y para saber c\u00f3mo orar por ellos.","og_url":"https:\/\/www.persecution.com\/es\/historias\/congregacion-se-traslada-de-estacion-de-policia-a-nuevo-edificio-2\/","og_site_name":"Historias","article_published_time":"2023-10-25T23:56:32+00:00","article_modified_time":"2023-10-25T23:56:33+00:00","og_image":[{"width":978,"height":560,"url":"https:\/\/assets.persecution.com\/es\/historias\/wp-content\/uploads\/2023\/10\/VOM-Stories-iCommit-PlaceholderV2-978x560-2.jpg","type":"image\/jpeg"}],"author":"E Valenzuela","twitter_card":"summary_large_image","twitter_misc":{"Escrito por":"E Valenzuela","Tiempo de lectura":"1 minuto"},"schema":{"@context":"https:\/\/schema.org","@graph":[{"@type":"Article","@id":"https:\/\/www.persecution.com\/es\/historias\/congregacion-se-traslada-de-estacion-de-policia-a-nuevo-edificio-2\/#article","isPartOf":{"@id":"https:\/\/www.persecution.com\/es\/historias\/congregacion-se-traslada-de-estacion-de-policia-a-nuevo-edificio-2\/"},"author":{"name":"E Valenzuela","@id":"https:\/\/www.persecution.com\/es\/historias\/#\/schema\/person\/ae000ea52969cef1249f5afb05ccb961"},"headline":"Congregaci\u00f3n se traslada de estaci\u00f3n de polic\u00eda a nuevo edificio","datePublished":"2023-10-25T23:56:32+00:00","dateModified":"2023-10-25T23:56:33+00:00","mainEntityOfPage":{"@id":"https:\/\/www.persecution.com\/es\/historias\/congregacion-se-traslada-de-estacion-de-policia-a-nuevo-edificio-2\/"},"wordCount":222,"keywords":["Kenia"],"articleSection":["Historia"],"inLanguage":"es"},{"@type":"WebPage","@id":"https:\/\/www.persecution.com\/es\/historias\/congregacion-se-traslada-de-estacion-de-policia-a-nuevo-edificio-2\/","url":"https:\/\/www.persecution.com\/es\/historias\/congregacion-se-traslada-de-estacion-de-policia-a-nuevo-edificio-2\/","name":"Congregaci\u00f3n se traslada de estaci\u00f3n de polic\u00eda a nuevo edificio - Historias","isPartOf":{"@id":"https:\/\/www.persecution.com\/es\/historias\/#website"},"datePublished":"2023-10-25T23:56:32+00:00","dateModified":"2023-10-25T23:56:33+00:00","author":{"@id":"https:\/\/www.persecution.com\/es\/historias\/#\/schema\/person\/ae000ea52969cef1249f5afb05ccb961"},"breadcrumb":{"@id":"https:\/\/www.persecution.com\/es\/historias\/congregacion-se-traslada-de-estacion-de-policia-a-nuevo-edificio-2\/#breadcrumb"},"inLanguage":"es","potentialAction":[{"@type":"ReadAction","target":["https:\/\/www.persecution.com\/es\/historias\/congregacion-se-traslada-de-estacion-de-policia-a-nuevo-edificio-2\/"]}]},{"@type":"BreadcrumbList","@id":"https:\/\/www.persecution.com\/es\/historias\/congregacion-se-traslada-de-estacion-de-policia-a-nuevo-edificio-2\/#breadcrumb","itemListElement":[{"@type":"ListItem","position":1,"name":"Inicio","item":"https:\/\/www.persecution.com\/es\/historias\/"},{"@type":"ListItem","position":2,"name":"Congregaci\u00f3n se traslada de estaci\u00f3n de polic\u00eda a nuevo edificio"}]},{"@type":"WebSite","@id":"https:\/\/www.persecution.com\/es\/historias\/#website","url":"https:\/\/www.persecution.com\/es\/historias\/","name":"Historias","description":"La Voz de los M\u00e1rtires","potentialAction":[{"@type":"SearchAction","target":{"@type":"EntryPoint","urlTemplate":"https:\/\/www.persecution.com\/es\/historias\/?s={search_term_string}"},"query-input":{"@type":"PropertyValueSpecification","valueRequired":true,"valueName":"search_term_string"}}],"inLanguage":"es"},{"@type":"Person","@id":"https:\/\/www.persecution.com\/es\/historias\/#\/schema\/person\/ae000ea52969cef1249f5afb05ccb961","name":"E Valenzuela","image":{"@type":"ImageObject","inLanguage":"es","@id":"https:\/\/secure.gravatar.com\/avatar\/72e02a942ef259240205425b9749482f07b1b2fb64225b038b4531b157d191a7?s=96&d=mm&r=g","url":"https:\/\/secure.gravatar.com\/avatar\/72e02a942ef259240205425b9749482f07b1b2fb64225b038b4531b157d191a7?s=96&d=mm&r=g","contentUrl":"https:\/\/secure.gravatar.com\/avatar\/72e02a942ef259240205425b9749482f07b1b2fb64225b038b4531b157d191a7?s=96&d=mm&r=g","caption":"E Valenzuela"},"url":"https:\/\/www.persecution.com\/es\/historias\/author\/evalenzuelavom-org\/"}]}},"_links":{"self":[{"href":"https:\/\/www.persecution.com\/es\/historias\/wp-json\/wp\/v2\/posts\/4674","targetHints":{"allow":["GET"]}}],"collection":[{"href":"https:\/\/www.persecution.com\/es\/historias\/wp-json\/wp\/v2\/posts"}],"about":[{"href":"https:\/\/www.persecution.com\/es\/historias\/wp-json\/wp\/v2\/types\/post"}],"author":[{"embeddable":true,"href":"https:\/\/www.persecution.com\/es\/historias\/wp-json\/wp\/v2\/users\/12"}],"replies":[{"embeddable":true,"href":"https:\/\/www.persecution.com\/es\/historias\/wp-json\/wp\/v2\/comments?post=4674"}],"version-history":[{"count":1,"href":"https:\/\/www.persecution.com\/es\/historias\/wp-json\/wp\/v2\/posts\/4674\/revisions"}],"predecessor-version":[{"id":4675,"href":"https:\/\/www.persecution.com\/es\/historias\/wp-json\/wp\/v2\/posts\/4674\/revisions\/4675"}],"wp:attachment":[{"href":"https:\/\/www.persecution.com\/es\/historias\/wp-json\/wp\/v2\/media?parent=4674"}],"wp:term":[{"taxonomy":"category","embeddable":true,"href":"https:\/\/www.persecution.com\/es\/historias\/wp-json\/wp\/v2\/categories?post=4674"},{"taxonomy":"post_tag","embeddable":true,"href":"https:\/\/www.persecution.com\/es\/historias\/wp-json\/wp\/v2\/tags?post=4674"}],"curies":[{"name":"wp","href":"https:\/\/api.w.org\/{rel}","templated":true}]}}