{"id":4668,"date":"2023-10-25T23:42:07","date_gmt":"2023-10-25T23:42:07","guid":{"rendered":"https:\/\/www.persecution.com\/es\/historias\/?p=4668"},"modified":"2023-10-25T23:42:08","modified_gmt":"2023-10-25T23:42:08","slug":"tiroteo-en-asentamiento-cristiano-un-muerto-y-cuatro-heridos-pakistan","status":"publish","type":"post","link":"https:\/\/www.persecution.com\/es\/historias\/tiroteo-en-asentamiento-cristiano-un-muerto-y-cuatro-heridos-pakistan\/","title":{"rendered":"Tiroteo en asentamiento cristiano: un muerto y cuatro heridosPAKIST\u00c1N"},"content":{"rendered":"\n<p>La noche del 8 de agosto, William estaba sentado fuera de su casa en un asentamiento cristiano de veintiocho familias en el suroeste de Pakist\u00e1n mientras los ni\u00f1os jugaban cerca. Sin previo aviso, dos hombres enmascarados pasaron en una motocicleta y comenzaron a disparar. Williamy cuatro ni\u00f1os, de entre 10 y 16 a\u00f1os, resultaron gravemente heridos en el tiroteo y fueron llevados al hospital grande m\u00e1s cercano a 25 kil\u00f3metros [aprox. 15 millas] de distancia para recibir tratamiento. William muri\u00f3 m\u00e1s tarde a causa de sus heridas. Hay una importante violencia talib\u00e1n y separatista en la regi\u00f3n, pero ning\u00fan grupo se ha atribuido la responsabilidad del ataque.<\/p>\n\n\n\n<p><a href=\"https:\/\/www.persecution.com\/es\/guiadeoracionglobal\/pakistan\/?_source_code=WBPGGPG20B\">Haz clic aqu\u00ed <\/a>para conocer m\u00e1s sobre la persecuci\u00f3n contra los cristianos enPakist\u00e1n y para saber c\u00f3mo orar por ellos.<\/p>\n","protected":false},"excerpt":{"rendered":"<p>La noche del 8 de agosto, William estaba sentado fuera de su casa en un asentamiento cristiano de veintiocho familias en el suroeste de Pakist\u00e1n mientras los ni\u00f1os jugaban cerca. Sin previo aviso, dos hombres enmascarados pasaron en una motocicleta y comenzaron a disparar. Williamy cuatro ni\u00f1os, de entre 10 y 16 a\u00f1os, resultaron gravemente heridos en el tiroteo y fueron llevados al hospital grande m\u00e1s cercano a 25 kil\u00f3metros [aprox. 15 millas] de distancia para recibir tratamiento. William muri\u00f3 m\u00e1s tarde a causa de sus heridas. Hay una importante violencia talib\u00e1n y separatista en la regi\u00f3n, pero ning\u00fan grupo se ha atribuido la responsabilidad del ataque. Haz clic aqu\u00ed para conocer m\u00e1s sobre la persecuci\u00f3n contra los cristianos enPakist\u00e1n y para saber c\u00f3mo orar por ellos.<\/p>\n","protected":false},"author":12,"featured_media":0,"comment_status":"closed","ping_status":"closed","sticky":false,"template":"","format":"standard","meta":{"footnotes":""},"categories":[6],"tags":[98],"class_list":["post-4668","post","type-post","status-publish","format-standard","hentry","category-historia","tag-pakistan-2","","tg-column-two"],"yoast_head":"<!-- This site is optimized with the Yoast SEO plugin v27.4 - https:\/\/yoast.com\/product\/yoast-seo-wordpress\/ -->\n<title>Tiroteo en asentamiento cristiano: un muerto y cuatro heridosPAKIST\u00c1N - Historias<\/title>\n<meta name=\"robots\" content=\"index, follow, max-snippet:-1, max-image-preview:large, max-video-preview:-1\" \/>\n<link rel=\"canonical\" href=\"https:\/\/www.persecution.com\/es\/historias\/tiroteo-en-asentamiento-cristiano-un-muerto-y-cuatro-heridos-pakistan\/\" \/>\n<meta property=\"og:locale\" content=\"es_MX\" \/>\n<meta property=\"og:type\" content=\"article\" \/>\n<meta property=\"og:title\" content=\"Tiroteo en asentamiento cristiano: un muerto y cuatro heridosPAKIST\u00c1N - Historias\" \/>\n<meta property=\"og:description\" content=\"La noche del 8 de agosto, William estaba sentado fuera de su casa en un asentamiento cristiano de veintiocho familias en el suroeste de Pakist\u00e1n mientras los ni\u00f1os jugaban cerca. Sin previo aviso, dos hombres enmascarados pasaron en una motocicleta y comenzaron a disparar. Williamy cuatro ni\u00f1os, de entre 10 y 16 a\u00f1os, resultaron gravemente heridos en el tiroteo y fueron llevados al hospital grande m\u00e1s cercano a 25 kil\u00f3metros [aprox. 15 millas] de distancia para recibir tratamiento. William muri\u00f3 m\u00e1s tarde a causa de sus heridas. Hay una importante violencia talib\u00e1n y separatista en la regi\u00f3n, pero ning\u00fan grupo se ha atribuido la responsabilidad del ataque. Haz clic aqu\u00ed para conocer m\u00e1s sobre la persecuci\u00f3n contra los cristianos enPakist\u00e1n y para saber c\u00f3mo orar por ellos.\" \/>\n<meta property=\"og:url\" content=\"https:\/\/www.persecution.com\/es\/historias\/tiroteo-en-asentamiento-cristiano-un-muerto-y-cuatro-heridos-pakistan\/\" \/>\n<meta property=\"og:site_name\" content=\"Historias\" \/>\n<meta property=\"article:published_time\" content=\"2023-10-25T23:42:07+00:00\" \/>\n<meta property=\"article:modified_time\" content=\"2023-10-25T23:42:08+00:00\" \/>\n<meta property=\"og:image\" content=\"https:\/\/assets.persecution.com\/es\/historias\/wp-content\/uploads\/2023\/10\/VOM-Stories-iCommit-PlaceholderV2-978x560-2.jpg\" \/>\n\t<meta property=\"og:image:width\" content=\"978\" \/>\n\t<meta property=\"og:image:height\" content=\"560\" \/>\n\t<meta property=\"og:image:type\" content=\"image\/jpeg\" \/>\n<meta name=\"author\" content=\"E Valenzuela\" \/>\n<meta name=\"twitter:card\" content=\"summary_large_image\" \/>\n<meta name=\"twitter:label1\" content=\"Escrito por\" \/>\n\t<meta name=\"twitter:data1\" content=\"E Valenzuela\" \/>\n\t<meta name=\"twitter:label2\" content=\"Tiempo de lectura\" \/>\n\t<meta name=\"twitter:data2\" content=\"1 minuto\" \/>\n<script type=\"application\/ld+json\" class=\"yoast-schema-graph\">{\"@context\":\"https:\\\/\\\/schema.org\",\"@graph\":[{\"@type\":\"Article\",\"@id\":\"https:\\\/\\\/www.persecution.com\\\/es\\\/historias\\\/tiroteo-en-asentamiento-cristiano-un-muerto-y-cuatro-heridos-pakistan\\\/#article\",\"isPartOf\":{\"@id\":\"https:\\\/\\\/www.persecution.com\\\/es\\\/historias\\\/tiroteo-en-asentamiento-cristiano-un-muerto-y-cuatro-heridos-pakistan\\\/\"},\"author\":{\"name\":\"E Valenzuela\",\"@id\":\"https:\\\/\\\/www.persecution.com\\\/es\\\/historias\\\/#\\\/schema\\\/person\\\/ae000ea52969cef1249f5afb05ccb961\"},\"headline\":\"Tiroteo en asentamiento cristiano: un muerto y cuatro heridosPAKIST\u00c1N\",\"datePublished\":\"2023-10-25T23:42:07+00:00\",\"dateModified\":\"2023-10-25T23:42:08+00:00\",\"mainEntityOfPage\":{\"@id\":\"https:\\\/\\\/www.persecution.com\\\/es\\\/historias\\\/tiroteo-en-asentamiento-cristiano-un-muerto-y-cuatro-heridos-pakistan\\\/\"},\"wordCount\":146,\"keywords\":[\"Pakist\u00e1n\"],\"articleSection\":[\"Historia\"],\"inLanguage\":\"es\"},{\"@type\":\"WebPage\",\"@id\":\"https:\\\/\\\/www.persecution.com\\\/es\\\/historias\\\/tiroteo-en-asentamiento-cristiano-un-muerto-y-cuatro-heridos-pakistan\\\/\",\"url\":\"https:\\\/\\\/www.persecution.com\\\/es\\\/historias\\\/tiroteo-en-asentamiento-cristiano-un-muerto-y-cuatro-heridos-pakistan\\\/\",\"name\":\"Tiroteo en asentamiento cristiano: un muerto y cuatro heridosPAKIST\u00c1N - Historias\",\"isPartOf\":{\"@id\":\"https:\\\/\\\/www.persecution.com\\\/es\\\/historias\\\/#website\"},\"datePublished\":\"2023-10-25T23:42:07+00:00\",\"dateModified\":\"2023-10-25T23:42:08+00:00\",\"author\":{\"@id\":\"https:\\\/\\\/www.persecution.com\\\/es\\\/historias\\\/#\\\/schema\\\/person\\\/ae000ea52969cef1249f5afb05ccb961\"},\"breadcrumb\":{\"@id\":\"https:\\\/\\\/www.persecution.com\\\/es\\\/historias\\\/tiroteo-en-asentamiento-cristiano-un-muerto-y-cuatro-heridos-pakistan\\\/#breadcrumb\"},\"inLanguage\":\"es\",\"potentialAction\":[{\"@type\":\"ReadAction\",\"target\":[\"https:\\\/\\\/www.persecution.com\\\/es\\\/historias\\\/tiroteo-en-asentamiento-cristiano-un-muerto-y-cuatro-heridos-pakistan\\\/\"]}]},{\"@type\":\"BreadcrumbList\",\"@id\":\"https:\\\/\\\/www.persecution.com\\\/es\\\/historias\\\/tiroteo-en-asentamiento-cristiano-un-muerto-y-cuatro-heridos-pakistan\\\/#breadcrumb\",\"itemListElement\":[{\"@type\":\"ListItem\",\"position\":1,\"name\":\"Inicio\",\"item\":\"https:\\\/\\\/www.persecution.com\\\/es\\\/historias\\\/\"},{\"@type\":\"ListItem\",\"position\":2,\"name\":\"Tiroteo en asentamiento cristiano: un muerto y cuatro heridosPAKIST\u00c1N\"}]},{\"@type\":\"WebSite\",\"@id\":\"https:\\\/\\\/www.persecution.com\\\/es\\\/historias\\\/#website\",\"url\":\"https:\\\/\\\/www.persecution.com\\\/es\\\/historias\\\/\",\"name\":\"Historias\",\"description\":\"La Voz de los M\u00e1rtires\",\"potentialAction\":[{\"@type\":\"SearchAction\",\"target\":{\"@type\":\"EntryPoint\",\"urlTemplate\":\"https:\\\/\\\/www.persecution.com\\\/es\\\/historias\\\/?s={search_term_string}\"},\"query-input\":{\"@type\":\"PropertyValueSpecification\",\"valueRequired\":true,\"valueName\":\"search_term_string\"}}],\"inLanguage\":\"es\"},{\"@type\":\"Person\",\"@id\":\"https:\\\/\\\/www.persecution.com\\\/es\\\/historias\\\/#\\\/schema\\\/person\\\/ae000ea52969cef1249f5afb05ccb961\",\"name\":\"E Valenzuela\",\"image\":{\"@type\":\"ImageObject\",\"inLanguage\":\"es\",\"@id\":\"https:\\\/\\\/secure.gravatar.com\\\/avatar\\\/72e02a942ef259240205425b9749482f07b1b2fb64225b038b4531b157d191a7?s=96&d=mm&r=g\",\"url\":\"https:\\\/\\\/secure.gravatar.com\\\/avatar\\\/72e02a942ef259240205425b9749482f07b1b2fb64225b038b4531b157d191a7?s=96&d=mm&r=g\",\"contentUrl\":\"https:\\\/\\\/secure.gravatar.com\\\/avatar\\\/72e02a942ef259240205425b9749482f07b1b2fb64225b038b4531b157d191a7?s=96&d=mm&r=g\",\"caption\":\"E Valenzuela\"},\"url\":\"https:\\\/\\\/www.persecution.com\\\/es\\\/historias\\\/author\\\/evalenzuelavom-org\\\/\"}]}<\/script>\n<!-- \/ Yoast SEO plugin. -->","yoast_head_json":{"title":"Tiroteo en asentamiento cristiano: un muerto y cuatro heridosPAKIST\u00c1N - Historias","robots":{"index":"index","follow":"follow","max-snippet":"max-snippet:-1","max-image-preview":"max-image-preview:large","max-video-preview":"max-video-preview:-1"},"canonical":"https:\/\/www.persecution.com\/es\/historias\/tiroteo-en-asentamiento-cristiano-un-muerto-y-cuatro-heridos-pakistan\/","og_locale":"es_MX","og_type":"article","og_title":"Tiroteo en asentamiento cristiano: un muerto y cuatro heridosPAKIST\u00c1N - Historias","og_description":"La noche del 8 de agosto, William estaba sentado fuera de su casa en un asentamiento cristiano de veintiocho familias en el suroeste de Pakist\u00e1n mientras los ni\u00f1os jugaban cerca. Sin previo aviso, dos hombres enmascarados pasaron en una motocicleta y comenzaron a disparar. Williamy cuatro ni\u00f1os, de entre 10 y 16 a\u00f1os, resultaron gravemente heridos en el tiroteo y fueron llevados al hospital grande m\u00e1s cercano a 25 kil\u00f3metros [aprox. 15 millas] de distancia para recibir tratamiento. William muri\u00f3 m\u00e1s tarde a causa de sus heridas. Hay una importante violencia talib\u00e1n y separatista en la regi\u00f3n, pero ning\u00fan grupo se ha atribuido la responsabilidad del ataque. Haz clic aqu\u00ed para conocer m\u00e1s sobre la persecuci\u00f3n contra los cristianos enPakist\u00e1n y para saber c\u00f3mo orar por ellos.","og_url":"https:\/\/www.persecution.com\/es\/historias\/tiroteo-en-asentamiento-cristiano-un-muerto-y-cuatro-heridos-pakistan\/","og_site_name":"Historias","article_published_time":"2023-10-25T23:42:07+00:00","article_modified_time":"2023-10-25T23:42:08+00:00","og_image":[{"width":978,"height":560,"url":"https:\/\/assets.persecution.com\/es\/historias\/wp-content\/uploads\/2023\/10\/VOM-Stories-iCommit-PlaceholderV2-978x560-2.jpg","type":"image\/jpeg"}],"author":"E Valenzuela","twitter_card":"summary_large_image","twitter_misc":{"Escrito por":"E Valenzuela","Tiempo de lectura":"1 minuto"},"schema":{"@context":"https:\/\/schema.org","@graph":[{"@type":"Article","@id":"https:\/\/www.persecution.com\/es\/historias\/tiroteo-en-asentamiento-cristiano-un-muerto-y-cuatro-heridos-pakistan\/#article","isPartOf":{"@id":"https:\/\/www.persecution.com\/es\/historias\/tiroteo-en-asentamiento-cristiano-un-muerto-y-cuatro-heridos-pakistan\/"},"author":{"name":"E Valenzuela","@id":"https:\/\/www.persecution.com\/es\/historias\/#\/schema\/person\/ae000ea52969cef1249f5afb05ccb961"},"headline":"Tiroteo en asentamiento cristiano: un muerto y cuatro heridosPAKIST\u00c1N","datePublished":"2023-10-25T23:42:07+00:00","dateModified":"2023-10-25T23:42:08+00:00","mainEntityOfPage":{"@id":"https:\/\/www.persecution.com\/es\/historias\/tiroteo-en-asentamiento-cristiano-un-muerto-y-cuatro-heridos-pakistan\/"},"wordCount":146,"keywords":["Pakist\u00e1n"],"articleSection":["Historia"],"inLanguage":"es"},{"@type":"WebPage","@id":"https:\/\/www.persecution.com\/es\/historias\/tiroteo-en-asentamiento-cristiano-un-muerto-y-cuatro-heridos-pakistan\/","url":"https:\/\/www.persecution.com\/es\/historias\/tiroteo-en-asentamiento-cristiano-un-muerto-y-cuatro-heridos-pakistan\/","name":"Tiroteo en asentamiento cristiano: un muerto y cuatro heridosPAKIST\u00c1N - Historias","isPartOf":{"@id":"https:\/\/www.persecution.com\/es\/historias\/#website"},"datePublished":"2023-10-25T23:42:07+00:00","dateModified":"2023-10-25T23:42:08+00:00","author":{"@id":"https:\/\/www.persecution.com\/es\/historias\/#\/schema\/person\/ae000ea52969cef1249f5afb05ccb961"},"breadcrumb":{"@id":"https:\/\/www.persecution.com\/es\/historias\/tiroteo-en-asentamiento-cristiano-un-muerto-y-cuatro-heridos-pakistan\/#breadcrumb"},"inLanguage":"es","potentialAction":[{"@type":"ReadAction","target":["https:\/\/www.persecution.com\/es\/historias\/tiroteo-en-asentamiento-cristiano-un-muerto-y-cuatro-heridos-pakistan\/"]}]},{"@type":"BreadcrumbList","@id":"https:\/\/www.persecution.com\/es\/historias\/tiroteo-en-asentamiento-cristiano-un-muerto-y-cuatro-heridos-pakistan\/#breadcrumb","itemListElement":[{"@type":"ListItem","position":1,"name":"Inicio","item":"https:\/\/www.persecution.com\/es\/historias\/"},{"@type":"ListItem","position":2,"name":"Tiroteo en asentamiento cristiano: un muerto y cuatro heridosPAKIST\u00c1N"}]},{"@type":"WebSite","@id":"https:\/\/www.persecution.com\/es\/historias\/#website","url":"https:\/\/www.persecution.com\/es\/historias\/","name":"Historias","description":"La Voz de los M\u00e1rtires","potentialAction":[{"@type":"SearchAction","target":{"@type":"EntryPoint","urlTemplate":"https:\/\/www.persecution.com\/es\/historias\/?s={search_term_string}"},"query-input":{"@type":"PropertyValueSpecification","valueRequired":true,"valueName":"search_term_string"}}],"inLanguage":"es"},{"@type":"Person","@id":"https:\/\/www.persecution.com\/es\/historias\/#\/schema\/person\/ae000ea52969cef1249f5afb05ccb961","name":"E Valenzuela","image":{"@type":"ImageObject","inLanguage":"es","@id":"https:\/\/secure.gravatar.com\/avatar\/72e02a942ef259240205425b9749482f07b1b2fb64225b038b4531b157d191a7?s=96&d=mm&r=g","url":"https:\/\/secure.gravatar.com\/avatar\/72e02a942ef259240205425b9749482f07b1b2fb64225b038b4531b157d191a7?s=96&d=mm&r=g","contentUrl":"https:\/\/secure.gravatar.com\/avatar\/72e02a942ef259240205425b9749482f07b1b2fb64225b038b4531b157d191a7?s=96&d=mm&r=g","caption":"E Valenzuela"},"url":"https:\/\/www.persecution.com\/es\/historias\/author\/evalenzuelavom-org\/"}]}},"_links":{"self":[{"href":"https:\/\/www.persecution.com\/es\/historias\/wp-json\/wp\/v2\/posts\/4668","targetHints":{"allow":["GET"]}}],"collection":[{"href":"https:\/\/www.persecution.com\/es\/historias\/wp-json\/wp\/v2\/posts"}],"about":[{"href":"https:\/\/www.persecution.com\/es\/historias\/wp-json\/wp\/v2\/types\/post"}],"author":[{"embeddable":true,"href":"https:\/\/www.persecution.com\/es\/historias\/wp-json\/wp\/v2\/users\/12"}],"replies":[{"embeddable":true,"href":"https:\/\/www.persecution.com\/es\/historias\/wp-json\/wp\/v2\/comments?post=4668"}],"version-history":[{"count":1,"href":"https:\/\/www.persecution.com\/es\/historias\/wp-json\/wp\/v2\/posts\/4668\/revisions"}],"predecessor-version":[{"id":4669,"href":"https:\/\/www.persecution.com\/es\/historias\/wp-json\/wp\/v2\/posts\/4668\/revisions\/4669"}],"wp:attachment":[{"href":"https:\/\/www.persecution.com\/es\/historias\/wp-json\/wp\/v2\/media?parent=4668"}],"wp:term":[{"taxonomy":"category","embeddable":true,"href":"https:\/\/www.persecution.com\/es\/historias\/wp-json\/wp\/v2\/categories?post=4668"},{"taxonomy":"post_tag","embeddable":true,"href":"https:\/\/www.persecution.com\/es\/historias\/wp-json\/wp\/v2\/tags?post=4668"}],"curies":[{"name":"wp","href":"https:\/\/api.w.org\/{rel}","templated":true}]}}