{"id":4558,"date":"2023-07-17T15:37:21","date_gmt":"2023-07-17T15:37:21","guid":{"rendered":"https:\/\/www.persecution.com\/es\/historias\/?p=4558"},"modified":"2023-07-17T15:37:22","modified_gmt":"2023-07-17T15:37:22","slug":"monjes-budistas-amenazan-con-matar-a-obrera-de-primera-linea","status":"publish","type":"post","link":"https:\/\/www.persecution.com\/es\/historias\/monjes-budistas-amenazan-con-matar-a-obrera-de-primera-linea\/","title":{"rendered":"Monjes budistas amenazan con matar a obrera de primera l\u00ednea"},"content":{"rendered":"\n<p>Despu\u00e9s de que una mujer llamada Malaramma llevara a un sacerdote hind\u00fa y a su familia a la fe en Jesucristo, el antiguo sacerdote la inst\u00f3 a recaudar fondos para construir un lugar para hacer reuniones cristianas junto a su casa.&nbsp; Cuando un l\u00edder budista local se enter\u00f3 del proyecto, se opuso r\u00e1pidamente. Un domingo, mientras Malaramma dirig\u00eda un culto en casa del cristiano con otros nuevos creyentes, llegaron varios monjes budistas. Les robaron su biblia a todos, persiguieron a los fieles y amenazaron con matar a Malaramma si no se marchaba esa noche. Ella y otros creyentes oraron durante toda la noche para que Dios los protegiera. Al d\u00eda siguiente, las autoridades locales se enteraron de las amenazas y le aseguraron a Malaramma que estar\u00eda protegida. Oremos por que estos creyentes permanezcan a salvo, y para que sus perseguidores encuentren la fe en Cristo.&nbsp;<\/p>\n\n\n\n<p><a href=\"https:\/\/www.persecution.com\/es\/guiadeoracionglobal\/sri-lanka\/?_source_code=WBPGGPG20B\">Haz clic aqu\u00ed <\/a>para conocer m\u00e1s sobre la persecuci\u00f3n contra los cristianos en <a href=\"https:\/\/www.persecution.com\/es\/guiadeoracionglobal\/sri-lanka\/?_source_code=WBPGGPG20B\">Sri Lanka<\/a> y para saber c\u00f3mo orar por ellos.<\/p>\n","protected":false},"excerpt":{"rendered":"<p>Despu\u00e9s de que una mujer llamada Malaramma llevara a un sacerdote hind\u00fa y a su familia a la fe en Jesucristo, el antiguo sacerdote la inst\u00f3 a recaudar fondos para construir un lugar para hacer reuniones cristianas junto a su casa.&nbsp; Cuando un l\u00edder budista local se enter\u00f3 del proyecto, se opuso r\u00e1pidamente. Un domingo, mientras Malaramma dirig\u00eda un culto en casa del cristiano con otros nuevos creyentes, llegaron varios monjes budistas. Les robaron su biblia a todos, persiguieron a los fieles y amenazaron con matar a Malaramma si no se marchaba esa noche. Ella y otros creyentes oraron durante toda la noche para que Dios los protegiera. Al d\u00eda siguiente, las autoridades locales se enteraron de las amenazas y le aseguraron a Malaramma que estar\u00eda protegida. Oremos por que estos creyentes permanezcan a salvo, y para que sus perseguidores encuentren la fe en Cristo.&nbsp; Haz clic aqu\u00ed para conocer m\u00e1s sobre la persecuci\u00f3n contra los cristianos en Sri Lanka y para saber c\u00f3mo orar por ellos.<\/p>\n","protected":false},"author":12,"featured_media":0,"comment_status":"closed","ping_status":"closed","sticky":false,"template":"","format":"standard","meta":{"footnotes":""},"categories":[79],"tags":[56],"class_list":["post-4558","post","type-post","status-publish","format-standard","hentry","category-oracion","tag-sri-lanka","","tg-column-two"],"yoast_head":"<!-- This site is optimized with the Yoast SEO plugin v27.5 - https:\/\/yoast.com\/product\/yoast-seo-wordpress\/ -->\n<title>Monjes budistas amenazan con matar a obrera de primera l\u00ednea - Historias<\/title>\n<meta name=\"description\" content=\"Cuando un l\u00edder budista local se enter\u00f3 del proyecto, se opuso r\u00e1pidamente.\" \/>\n<meta name=\"robots\" content=\"index, follow, max-snippet:-1, max-image-preview:large, max-video-preview:-1\" \/>\n<link rel=\"canonical\" href=\"https:\/\/www.persecution.com\/es\/historias\/monjes-budistas-amenazan-con-matar-a-obrera-de-primera-linea\/\" \/>\n<meta property=\"og:locale\" content=\"es_MX\" \/>\n<meta property=\"og:type\" content=\"article\" \/>\n<meta property=\"og:title\" content=\"Monjes budistas amenazan con matar a obrera de primera l\u00ednea - Historias\" \/>\n<meta property=\"og:description\" content=\"Cuando un l\u00edder budista local se enter\u00f3 del proyecto, se opuso r\u00e1pidamente.\" \/>\n<meta property=\"og:url\" content=\"https:\/\/www.persecution.com\/es\/historias\/monjes-budistas-amenazan-con-matar-a-obrera-de-primera-linea\/\" \/>\n<meta property=\"og:site_name\" content=\"Historias\" \/>\n<meta property=\"article:published_time\" content=\"2023-07-17T15:37:21+00:00\" \/>\n<meta property=\"article:modified_time\" content=\"2023-07-17T15:37:22+00:00\" \/>\n<meta property=\"og:image\" content=\"https:\/\/assets.persecution.com\/es\/historias\/wp-content\/uploads\/2023\/07\/VOM-Stories-iCommit-PlaceholderV2-978x560-5.jpg\" \/>\n\t<meta property=\"og:image:width\" content=\"978\" \/>\n\t<meta property=\"og:image:height\" content=\"560\" \/>\n\t<meta property=\"og:image:type\" content=\"image\/jpeg\" \/>\n<meta name=\"author\" content=\"E Valenzuela\" \/>\n<meta name=\"twitter:card\" content=\"summary_large_image\" \/>\n<meta name=\"twitter:label1\" content=\"Escrito por\" \/>\n\t<meta name=\"twitter:data1\" content=\"E Valenzuela\" \/>\n\t<meta name=\"twitter:label2\" content=\"Tiempo de lectura\" \/>\n\t<meta name=\"twitter:data2\" content=\"1 minuto\" \/>\n<script type=\"application\/ld+json\" class=\"yoast-schema-graph\">{\"@context\":\"https:\\\/\\\/schema.org\",\"@graph\":[{\"@type\":\"Article\",\"@id\":\"https:\\\/\\\/www.persecution.com\\\/es\\\/historias\\\/monjes-budistas-amenazan-con-matar-a-obrera-de-primera-linea\\\/#article\",\"isPartOf\":{\"@id\":\"https:\\\/\\\/www.persecution.com\\\/es\\\/historias\\\/monjes-budistas-amenazan-con-matar-a-obrera-de-primera-linea\\\/\"},\"author\":{\"name\":\"E Valenzuela\",\"@id\":\"https:\\\/\\\/www.persecution.com\\\/es\\\/historias\\\/#\\\/schema\\\/person\\\/ae000ea52969cef1249f5afb05ccb961\"},\"headline\":\"Monjes budistas amenazan con matar a obrera de primera l\u00ednea\",\"datePublished\":\"2023-07-17T15:37:21+00:00\",\"dateModified\":\"2023-07-17T15:37:22+00:00\",\"mainEntityOfPage\":{\"@id\":\"https:\\\/\\\/www.persecution.com\\\/es\\\/historias\\\/monjes-budistas-amenazan-con-matar-a-obrera-de-primera-linea\\\/\"},\"wordCount\":189,\"keywords\":[\"Sri Lanka\"],\"articleSection\":[\"Oraci\u00f3n\"],\"inLanguage\":\"es\"},{\"@type\":\"WebPage\",\"@id\":\"https:\\\/\\\/www.persecution.com\\\/es\\\/historias\\\/monjes-budistas-amenazan-con-matar-a-obrera-de-primera-linea\\\/\",\"url\":\"https:\\\/\\\/www.persecution.com\\\/es\\\/historias\\\/monjes-budistas-amenazan-con-matar-a-obrera-de-primera-linea\\\/\",\"name\":\"Monjes budistas amenazan con matar a obrera de primera l\u00ednea - Historias\",\"isPartOf\":{\"@id\":\"https:\\\/\\\/www.persecution.com\\\/es\\\/historias\\\/#website\"},\"datePublished\":\"2023-07-17T15:37:21+00:00\",\"dateModified\":\"2023-07-17T15:37:22+00:00\",\"author\":{\"@id\":\"https:\\\/\\\/www.persecution.com\\\/es\\\/historias\\\/#\\\/schema\\\/person\\\/ae000ea52969cef1249f5afb05ccb961\"},\"description\":\"Cuando un l\u00edder budista local se enter\u00f3 del proyecto, se opuso r\u00e1pidamente.\",\"breadcrumb\":{\"@id\":\"https:\\\/\\\/www.persecution.com\\\/es\\\/historias\\\/monjes-budistas-amenazan-con-matar-a-obrera-de-primera-linea\\\/#breadcrumb\"},\"inLanguage\":\"es\",\"potentialAction\":[{\"@type\":\"ReadAction\",\"target\":[\"https:\\\/\\\/www.persecution.com\\\/es\\\/historias\\\/monjes-budistas-amenazan-con-matar-a-obrera-de-primera-linea\\\/\"]}]},{\"@type\":\"BreadcrumbList\",\"@id\":\"https:\\\/\\\/www.persecution.com\\\/es\\\/historias\\\/monjes-budistas-amenazan-con-matar-a-obrera-de-primera-linea\\\/#breadcrumb\",\"itemListElement\":[{\"@type\":\"ListItem\",\"position\":1,\"name\":\"Inicio\",\"item\":\"https:\\\/\\\/www.persecution.com\\\/es\\\/historias\\\/\"},{\"@type\":\"ListItem\",\"position\":2,\"name\":\"Monjes budistas amenazan con matar a obrera de primera l\u00ednea\"}]},{\"@type\":\"WebSite\",\"@id\":\"https:\\\/\\\/www.persecution.com\\\/es\\\/historias\\\/#website\",\"url\":\"https:\\\/\\\/www.persecution.com\\\/es\\\/historias\\\/\",\"name\":\"Historias\",\"description\":\"La Voz de los M\u00e1rtires\",\"potentialAction\":[{\"@type\":\"SearchAction\",\"target\":{\"@type\":\"EntryPoint\",\"urlTemplate\":\"https:\\\/\\\/www.persecution.com\\\/es\\\/historias\\\/?s={search_term_string}\"},\"query-input\":{\"@type\":\"PropertyValueSpecification\",\"valueRequired\":true,\"valueName\":\"search_term_string\"}}],\"inLanguage\":\"es\"},{\"@type\":\"Person\",\"@id\":\"https:\\\/\\\/www.persecution.com\\\/es\\\/historias\\\/#\\\/schema\\\/person\\\/ae000ea52969cef1249f5afb05ccb961\",\"name\":\"E Valenzuela\",\"image\":{\"@type\":\"ImageObject\",\"inLanguage\":\"es\",\"@id\":\"https:\\\/\\\/secure.gravatar.com\\\/avatar\\\/72e02a942ef259240205425b9749482f07b1b2fb64225b038b4531b157d191a7?s=96&d=mm&r=g\",\"url\":\"https:\\\/\\\/secure.gravatar.com\\\/avatar\\\/72e02a942ef259240205425b9749482f07b1b2fb64225b038b4531b157d191a7?s=96&d=mm&r=g\",\"contentUrl\":\"https:\\\/\\\/secure.gravatar.com\\\/avatar\\\/72e02a942ef259240205425b9749482f07b1b2fb64225b038b4531b157d191a7?s=96&d=mm&r=g\",\"caption\":\"E Valenzuela\"},\"url\":\"https:\\\/\\\/www.persecution.com\\\/es\\\/historias\\\/author\\\/evalenzuelavom-org\\\/\"}]}<\/script>\n<!-- \/ Yoast SEO plugin. -->","yoast_head_json":{"title":"Monjes budistas amenazan con matar a obrera de primera l\u00ednea - Historias","description":"Cuando un l\u00edder budista local se enter\u00f3 del proyecto, se opuso r\u00e1pidamente.","robots":{"index":"index","follow":"follow","max-snippet":"max-snippet:-1","max-image-preview":"max-image-preview:large","max-video-preview":"max-video-preview:-1"},"canonical":"https:\/\/www.persecution.com\/es\/historias\/monjes-budistas-amenazan-con-matar-a-obrera-de-primera-linea\/","og_locale":"es_MX","og_type":"article","og_title":"Monjes budistas amenazan con matar a obrera de primera l\u00ednea - Historias","og_description":"Cuando un l\u00edder budista local se enter\u00f3 del proyecto, se opuso r\u00e1pidamente.","og_url":"https:\/\/www.persecution.com\/es\/historias\/monjes-budistas-amenazan-con-matar-a-obrera-de-primera-linea\/","og_site_name":"Historias","article_published_time":"2023-07-17T15:37:21+00:00","article_modified_time":"2023-07-17T15:37:22+00:00","og_image":[{"width":978,"height":560,"url":"https:\/\/assets.persecution.com\/es\/historias\/wp-content\/uploads\/2023\/07\/VOM-Stories-iCommit-PlaceholderV2-978x560-5.jpg","type":"image\/jpeg"}],"author":"E Valenzuela","twitter_card":"summary_large_image","twitter_misc":{"Escrito por":"E Valenzuela","Tiempo de lectura":"1 minuto"},"schema":{"@context":"https:\/\/schema.org","@graph":[{"@type":"Article","@id":"https:\/\/www.persecution.com\/es\/historias\/monjes-budistas-amenazan-con-matar-a-obrera-de-primera-linea\/#article","isPartOf":{"@id":"https:\/\/www.persecution.com\/es\/historias\/monjes-budistas-amenazan-con-matar-a-obrera-de-primera-linea\/"},"author":{"name":"E Valenzuela","@id":"https:\/\/www.persecution.com\/es\/historias\/#\/schema\/person\/ae000ea52969cef1249f5afb05ccb961"},"headline":"Monjes budistas amenazan con matar a obrera de primera l\u00ednea","datePublished":"2023-07-17T15:37:21+00:00","dateModified":"2023-07-17T15:37:22+00:00","mainEntityOfPage":{"@id":"https:\/\/www.persecution.com\/es\/historias\/monjes-budistas-amenazan-con-matar-a-obrera-de-primera-linea\/"},"wordCount":189,"keywords":["Sri Lanka"],"articleSection":["Oraci\u00f3n"],"inLanguage":"es"},{"@type":"WebPage","@id":"https:\/\/www.persecution.com\/es\/historias\/monjes-budistas-amenazan-con-matar-a-obrera-de-primera-linea\/","url":"https:\/\/www.persecution.com\/es\/historias\/monjes-budistas-amenazan-con-matar-a-obrera-de-primera-linea\/","name":"Monjes budistas amenazan con matar a obrera de primera l\u00ednea - Historias","isPartOf":{"@id":"https:\/\/www.persecution.com\/es\/historias\/#website"},"datePublished":"2023-07-17T15:37:21+00:00","dateModified":"2023-07-17T15:37:22+00:00","author":{"@id":"https:\/\/www.persecution.com\/es\/historias\/#\/schema\/person\/ae000ea52969cef1249f5afb05ccb961"},"description":"Cuando un l\u00edder budista local se enter\u00f3 del proyecto, se opuso r\u00e1pidamente.","breadcrumb":{"@id":"https:\/\/www.persecution.com\/es\/historias\/monjes-budistas-amenazan-con-matar-a-obrera-de-primera-linea\/#breadcrumb"},"inLanguage":"es","potentialAction":[{"@type":"ReadAction","target":["https:\/\/www.persecution.com\/es\/historias\/monjes-budistas-amenazan-con-matar-a-obrera-de-primera-linea\/"]}]},{"@type":"BreadcrumbList","@id":"https:\/\/www.persecution.com\/es\/historias\/monjes-budistas-amenazan-con-matar-a-obrera-de-primera-linea\/#breadcrumb","itemListElement":[{"@type":"ListItem","position":1,"name":"Inicio","item":"https:\/\/www.persecution.com\/es\/historias\/"},{"@type":"ListItem","position":2,"name":"Monjes budistas amenazan con matar a obrera de primera l\u00ednea"}]},{"@type":"WebSite","@id":"https:\/\/www.persecution.com\/es\/historias\/#website","url":"https:\/\/www.persecution.com\/es\/historias\/","name":"Historias","description":"La Voz de los M\u00e1rtires","potentialAction":[{"@type":"SearchAction","target":{"@type":"EntryPoint","urlTemplate":"https:\/\/www.persecution.com\/es\/historias\/?s={search_term_string}"},"query-input":{"@type":"PropertyValueSpecification","valueRequired":true,"valueName":"search_term_string"}}],"inLanguage":"es"},{"@type":"Person","@id":"https:\/\/www.persecution.com\/es\/historias\/#\/schema\/person\/ae000ea52969cef1249f5afb05ccb961","name":"E Valenzuela","image":{"@type":"ImageObject","inLanguage":"es","@id":"https:\/\/secure.gravatar.com\/avatar\/72e02a942ef259240205425b9749482f07b1b2fb64225b038b4531b157d191a7?s=96&d=mm&r=g","url":"https:\/\/secure.gravatar.com\/avatar\/72e02a942ef259240205425b9749482f07b1b2fb64225b038b4531b157d191a7?s=96&d=mm&r=g","contentUrl":"https:\/\/secure.gravatar.com\/avatar\/72e02a942ef259240205425b9749482f07b1b2fb64225b038b4531b157d191a7?s=96&d=mm&r=g","caption":"E Valenzuela"},"url":"https:\/\/www.persecution.com\/es\/historias\/author\/evalenzuelavom-org\/"}]}},"_links":{"self":[{"href":"https:\/\/www.persecution.com\/es\/historias\/wp-json\/wp\/v2\/posts\/4558","targetHints":{"allow":["GET"]}}],"collection":[{"href":"https:\/\/www.persecution.com\/es\/historias\/wp-json\/wp\/v2\/posts"}],"about":[{"href":"https:\/\/www.persecution.com\/es\/historias\/wp-json\/wp\/v2\/types\/post"}],"author":[{"embeddable":true,"href":"https:\/\/www.persecution.com\/es\/historias\/wp-json\/wp\/v2\/users\/12"}],"replies":[{"embeddable":true,"href":"https:\/\/www.persecution.com\/es\/historias\/wp-json\/wp\/v2\/comments?post=4558"}],"version-history":[{"count":1,"href":"https:\/\/www.persecution.com\/es\/historias\/wp-json\/wp\/v2\/posts\/4558\/revisions"}],"predecessor-version":[{"id":4559,"href":"https:\/\/www.persecution.com\/es\/historias\/wp-json\/wp\/v2\/posts\/4558\/revisions\/4559"}],"wp:attachment":[{"href":"https:\/\/www.persecution.com\/es\/historias\/wp-json\/wp\/v2\/media?parent=4558"}],"wp:term":[{"taxonomy":"category","embeddable":true,"href":"https:\/\/www.persecution.com\/es\/historias\/wp-json\/wp\/v2\/categories?post=4558"},{"taxonomy":"post_tag","embeddable":true,"href":"https:\/\/www.persecution.com\/es\/historias\/wp-json\/wp\/v2\/tags?post=4558"}],"curies":[{"name":"wp","href":"https:\/\/api.w.org\/{rel}","templated":true}]}}