{"id":4536,"date":"2023-06-22T15:28:07","date_gmt":"2023-06-22T15:28:07","guid":{"rendered":"https:\/\/www.persecution.com\/es\/historias\/?p=4536"},"modified":"2023-06-22T15:28:08","modified_gmt":"2023-06-22T15:28:08","slug":"reduccion-de-sentencia-para-cristianos-convictos","status":"publish","type":"post","link":"https:\/\/www.persecution.com\/es\/historias\/reduccion-de-sentencia-para-cristianos-convictos\/","title":{"rendered":"Reducci\u00f3n de sentencia para cristianos convictos"},"content":{"rendered":"\n<p>En diciembre de 2021, la polic\u00eda argelina hizo una redada en un culto y arrest\u00f3 a doce cristianos. Los creyentes pasaron 48 horas en la c\u00e1rcel antes de ser acusados de \u00abculto no autorizado\u00bb y fueron sentenciados a una condena de prisi\u00f3n suspendida de seis meses y una multa de $1380. Los creyentes apelaron en abril de 2022, y la multa se redujo a la mitad. Alabemos a Dios por la reducci\u00f3n de la sentencia de los cristianos, y oremos por que los creyentes puedan adorar libremente sin la opresi\u00f3n de las autoridades argelinas.<\/p>\n\n\n\n<p><a href=\"https:\/\/www.persecution.com\/es\/guiadeoracionglobal\/argelia\/?_source_code=WBPGGPG20B\">Haz clic aqu\u00ed <\/a>para conocer m\u00e1s sobre la persecuci\u00f3n contra los cristianos en Argelia y para saber c\u00f3mo orar.<\/p>\n","protected":false},"excerpt":{"rendered":"<p>En diciembre de 2021, la polic\u00eda argelina hizo una redada en un culto y arrest\u00f3 a doce cristianos. Los creyentes pasaron 48 horas en la c\u00e1rcel antes de ser acusados de \u00abculto no autorizado\u00bb y fueron sentenciados a una condena de prisi\u00f3n suspendida de seis meses y una multa de $1380. Los creyentes apelaron en abril de 2022, y la multa se redujo a la mitad. Alabemos a Dios por la reducci\u00f3n de la sentencia de los cristianos, y oremos por que los creyentes puedan adorar libremente sin la opresi\u00f3n de las autoridades argelinas. Haz clic aqu\u00ed para conocer m\u00e1s sobre la persecuci\u00f3n contra los cristianos en Argelia y para saber c\u00f3mo orar.<\/p>\n","protected":false},"author":12,"featured_media":0,"comment_status":"closed","ping_status":"closed","sticky":false,"template":"","format":"standard","meta":{"footnotes":""},"categories":[79],"tags":[11],"class_list":["post-4536","post","type-post","status-publish","format-standard","hentry","category-oracion","tag-argelia","","tg-column-two"],"yoast_head":"<!-- This site is optimized with the Yoast SEO plugin v27.5 - https:\/\/yoast.com\/product\/yoast-seo-wordpress\/ -->\n<title>Reducci\u00f3n de sentencia para cristianos convictos - Historias<\/title>\n<meta name=\"description\" content=\"En diciembre de 2021, la polic\u00eda argelina hizo una redada en un culto y arrest\u00f3 a doce cristianos.\" \/>\n<meta name=\"robots\" content=\"index, follow, max-snippet:-1, max-image-preview:large, max-video-preview:-1\" \/>\n<link rel=\"canonical\" href=\"https:\/\/www.persecution.com\/es\/historias\/reduccion-de-sentencia-para-cristianos-convictos\/\" \/>\n<meta property=\"og:locale\" content=\"es_MX\" \/>\n<meta property=\"og:type\" content=\"article\" \/>\n<meta property=\"og:title\" content=\"Reducci\u00f3n de sentencia para cristianos convictos - Historias\" \/>\n<meta property=\"og:description\" content=\"En diciembre de 2021, la polic\u00eda argelina hizo una redada en un culto y arrest\u00f3 a doce cristianos.\" \/>\n<meta property=\"og:url\" content=\"https:\/\/www.persecution.com\/es\/historias\/reduccion-de-sentencia-para-cristianos-convictos\/\" \/>\n<meta property=\"og:site_name\" content=\"Historias\" \/>\n<meta property=\"article:published_time\" content=\"2023-06-22T15:28:07+00:00\" \/>\n<meta property=\"article:modified_time\" content=\"2023-06-22T15:28:08+00:00\" \/>\n<meta property=\"og:image\" content=\"https:\/\/assets.persecution.com\/es\/historias\/wp-content\/uploads\/2023\/06\/VOM-Stories-iCommit-PlaceholderV2-978x560-7-1.jpg\" \/>\n\t<meta property=\"og:image:width\" content=\"978\" \/>\n\t<meta property=\"og:image:height\" content=\"560\" \/>\n\t<meta property=\"og:image:type\" content=\"image\/jpeg\" \/>\n<meta name=\"author\" content=\"E Valenzuela\" \/>\n<meta name=\"twitter:card\" content=\"summary_large_image\" \/>\n<meta name=\"twitter:label1\" content=\"Escrito por\" \/>\n\t<meta name=\"twitter:data1\" content=\"E Valenzuela\" \/>\n\t<meta name=\"twitter:label2\" content=\"Tiempo de lectura\" \/>\n\t<meta name=\"twitter:data2\" content=\"1 minuto\" \/>\n<script type=\"application\/ld+json\" class=\"yoast-schema-graph\">{\"@context\":\"https:\\\/\\\/schema.org\",\"@graph\":[{\"@type\":\"Article\",\"@id\":\"https:\\\/\\\/www.persecution.com\\\/es\\\/historias\\\/reduccion-de-sentencia-para-cristianos-convictos\\\/#article\",\"isPartOf\":{\"@id\":\"https:\\\/\\\/www.persecution.com\\\/es\\\/historias\\\/reduccion-de-sentencia-para-cristianos-convictos\\\/\"},\"author\":{\"name\":\"E Valenzuela\",\"@id\":\"https:\\\/\\\/www.persecution.com\\\/es\\\/historias\\\/#\\\/schema\\\/person\\\/ae000ea52969cef1249f5afb05ccb961\"},\"headline\":\"Reducci\u00f3n de sentencia para cristianos convictos\",\"datePublished\":\"2023-06-22T15:28:07+00:00\",\"dateModified\":\"2023-06-22T15:28:08+00:00\",\"mainEntityOfPage\":{\"@id\":\"https:\\\/\\\/www.persecution.com\\\/es\\\/historias\\\/reduccion-de-sentencia-para-cristianos-convictos\\\/\"},\"wordCount\":124,\"keywords\":[\"Argelia\"],\"articleSection\":[\"Oraci\u00f3n\"],\"inLanguage\":\"es\"},{\"@type\":\"WebPage\",\"@id\":\"https:\\\/\\\/www.persecution.com\\\/es\\\/historias\\\/reduccion-de-sentencia-para-cristianos-convictos\\\/\",\"url\":\"https:\\\/\\\/www.persecution.com\\\/es\\\/historias\\\/reduccion-de-sentencia-para-cristianos-convictos\\\/\",\"name\":\"Reducci\u00f3n de sentencia para cristianos convictos - Historias\",\"isPartOf\":{\"@id\":\"https:\\\/\\\/www.persecution.com\\\/es\\\/historias\\\/#website\"},\"datePublished\":\"2023-06-22T15:28:07+00:00\",\"dateModified\":\"2023-06-22T15:28:08+00:00\",\"author\":{\"@id\":\"https:\\\/\\\/www.persecution.com\\\/es\\\/historias\\\/#\\\/schema\\\/person\\\/ae000ea52969cef1249f5afb05ccb961\"},\"description\":\"En diciembre de 2021, la polic\u00eda argelina hizo una redada en un culto y arrest\u00f3 a doce cristianos.\",\"breadcrumb\":{\"@id\":\"https:\\\/\\\/www.persecution.com\\\/es\\\/historias\\\/reduccion-de-sentencia-para-cristianos-convictos\\\/#breadcrumb\"},\"inLanguage\":\"es\",\"potentialAction\":[{\"@type\":\"ReadAction\",\"target\":[\"https:\\\/\\\/www.persecution.com\\\/es\\\/historias\\\/reduccion-de-sentencia-para-cristianos-convictos\\\/\"]}]},{\"@type\":\"BreadcrumbList\",\"@id\":\"https:\\\/\\\/www.persecution.com\\\/es\\\/historias\\\/reduccion-de-sentencia-para-cristianos-convictos\\\/#breadcrumb\",\"itemListElement\":[{\"@type\":\"ListItem\",\"position\":1,\"name\":\"Inicio\",\"item\":\"https:\\\/\\\/www.persecution.com\\\/es\\\/historias\\\/\"},{\"@type\":\"ListItem\",\"position\":2,\"name\":\"Reducci\u00f3n de sentencia para cristianos convictos\"}]},{\"@type\":\"WebSite\",\"@id\":\"https:\\\/\\\/www.persecution.com\\\/es\\\/historias\\\/#website\",\"url\":\"https:\\\/\\\/www.persecution.com\\\/es\\\/historias\\\/\",\"name\":\"Historias\",\"description\":\"La Voz de los M\u00e1rtires\",\"potentialAction\":[{\"@type\":\"SearchAction\",\"target\":{\"@type\":\"EntryPoint\",\"urlTemplate\":\"https:\\\/\\\/www.persecution.com\\\/es\\\/historias\\\/?s={search_term_string}\"},\"query-input\":{\"@type\":\"PropertyValueSpecification\",\"valueRequired\":true,\"valueName\":\"search_term_string\"}}],\"inLanguage\":\"es\"},{\"@type\":\"Person\",\"@id\":\"https:\\\/\\\/www.persecution.com\\\/es\\\/historias\\\/#\\\/schema\\\/person\\\/ae000ea52969cef1249f5afb05ccb961\",\"name\":\"E Valenzuela\",\"image\":{\"@type\":\"ImageObject\",\"inLanguage\":\"es\",\"@id\":\"https:\\\/\\\/secure.gravatar.com\\\/avatar\\\/72e02a942ef259240205425b9749482f07b1b2fb64225b038b4531b157d191a7?s=96&d=mm&r=g\",\"url\":\"https:\\\/\\\/secure.gravatar.com\\\/avatar\\\/72e02a942ef259240205425b9749482f07b1b2fb64225b038b4531b157d191a7?s=96&d=mm&r=g\",\"contentUrl\":\"https:\\\/\\\/secure.gravatar.com\\\/avatar\\\/72e02a942ef259240205425b9749482f07b1b2fb64225b038b4531b157d191a7?s=96&d=mm&r=g\",\"caption\":\"E Valenzuela\"},\"url\":\"https:\\\/\\\/www.persecution.com\\\/es\\\/historias\\\/author\\\/evalenzuelavom-org\\\/\"}]}<\/script>\n<!-- \/ Yoast SEO plugin. -->","yoast_head_json":{"title":"Reducci\u00f3n de sentencia para cristianos convictos - Historias","description":"En diciembre de 2021, la polic\u00eda argelina hizo una redada en un culto y arrest\u00f3 a doce cristianos.","robots":{"index":"index","follow":"follow","max-snippet":"max-snippet:-1","max-image-preview":"max-image-preview:large","max-video-preview":"max-video-preview:-1"},"canonical":"https:\/\/www.persecution.com\/es\/historias\/reduccion-de-sentencia-para-cristianos-convictos\/","og_locale":"es_MX","og_type":"article","og_title":"Reducci\u00f3n de sentencia para cristianos convictos - Historias","og_description":"En diciembre de 2021, la polic\u00eda argelina hizo una redada en un culto y arrest\u00f3 a doce cristianos.","og_url":"https:\/\/www.persecution.com\/es\/historias\/reduccion-de-sentencia-para-cristianos-convictos\/","og_site_name":"Historias","article_published_time":"2023-06-22T15:28:07+00:00","article_modified_time":"2023-06-22T15:28:08+00:00","og_image":[{"width":978,"height":560,"url":"https:\/\/assets.persecution.com\/es\/historias\/wp-content\/uploads\/2023\/06\/VOM-Stories-iCommit-PlaceholderV2-978x560-7-1.jpg","type":"image\/jpeg"}],"author":"E Valenzuela","twitter_card":"summary_large_image","twitter_misc":{"Escrito por":"E Valenzuela","Tiempo de lectura":"1 minuto"},"schema":{"@context":"https:\/\/schema.org","@graph":[{"@type":"Article","@id":"https:\/\/www.persecution.com\/es\/historias\/reduccion-de-sentencia-para-cristianos-convictos\/#article","isPartOf":{"@id":"https:\/\/www.persecution.com\/es\/historias\/reduccion-de-sentencia-para-cristianos-convictos\/"},"author":{"name":"E Valenzuela","@id":"https:\/\/www.persecution.com\/es\/historias\/#\/schema\/person\/ae000ea52969cef1249f5afb05ccb961"},"headline":"Reducci\u00f3n de sentencia para cristianos convictos","datePublished":"2023-06-22T15:28:07+00:00","dateModified":"2023-06-22T15:28:08+00:00","mainEntityOfPage":{"@id":"https:\/\/www.persecution.com\/es\/historias\/reduccion-de-sentencia-para-cristianos-convictos\/"},"wordCount":124,"keywords":["Argelia"],"articleSection":["Oraci\u00f3n"],"inLanguage":"es"},{"@type":"WebPage","@id":"https:\/\/www.persecution.com\/es\/historias\/reduccion-de-sentencia-para-cristianos-convictos\/","url":"https:\/\/www.persecution.com\/es\/historias\/reduccion-de-sentencia-para-cristianos-convictos\/","name":"Reducci\u00f3n de sentencia para cristianos convictos - Historias","isPartOf":{"@id":"https:\/\/www.persecution.com\/es\/historias\/#website"},"datePublished":"2023-06-22T15:28:07+00:00","dateModified":"2023-06-22T15:28:08+00:00","author":{"@id":"https:\/\/www.persecution.com\/es\/historias\/#\/schema\/person\/ae000ea52969cef1249f5afb05ccb961"},"description":"En diciembre de 2021, la polic\u00eda argelina hizo una redada en un culto y arrest\u00f3 a doce cristianos.","breadcrumb":{"@id":"https:\/\/www.persecution.com\/es\/historias\/reduccion-de-sentencia-para-cristianos-convictos\/#breadcrumb"},"inLanguage":"es","potentialAction":[{"@type":"ReadAction","target":["https:\/\/www.persecution.com\/es\/historias\/reduccion-de-sentencia-para-cristianos-convictos\/"]}]},{"@type":"BreadcrumbList","@id":"https:\/\/www.persecution.com\/es\/historias\/reduccion-de-sentencia-para-cristianos-convictos\/#breadcrumb","itemListElement":[{"@type":"ListItem","position":1,"name":"Inicio","item":"https:\/\/www.persecution.com\/es\/historias\/"},{"@type":"ListItem","position":2,"name":"Reducci\u00f3n de sentencia para cristianos convictos"}]},{"@type":"WebSite","@id":"https:\/\/www.persecution.com\/es\/historias\/#website","url":"https:\/\/www.persecution.com\/es\/historias\/","name":"Historias","description":"La Voz de los M\u00e1rtires","potentialAction":[{"@type":"SearchAction","target":{"@type":"EntryPoint","urlTemplate":"https:\/\/www.persecution.com\/es\/historias\/?s={search_term_string}"},"query-input":{"@type":"PropertyValueSpecification","valueRequired":true,"valueName":"search_term_string"}}],"inLanguage":"es"},{"@type":"Person","@id":"https:\/\/www.persecution.com\/es\/historias\/#\/schema\/person\/ae000ea52969cef1249f5afb05ccb961","name":"E Valenzuela","image":{"@type":"ImageObject","inLanguage":"es","@id":"https:\/\/secure.gravatar.com\/avatar\/72e02a942ef259240205425b9749482f07b1b2fb64225b038b4531b157d191a7?s=96&d=mm&r=g","url":"https:\/\/secure.gravatar.com\/avatar\/72e02a942ef259240205425b9749482f07b1b2fb64225b038b4531b157d191a7?s=96&d=mm&r=g","contentUrl":"https:\/\/secure.gravatar.com\/avatar\/72e02a942ef259240205425b9749482f07b1b2fb64225b038b4531b157d191a7?s=96&d=mm&r=g","caption":"E Valenzuela"},"url":"https:\/\/www.persecution.com\/es\/historias\/author\/evalenzuelavom-org\/"}]}},"_links":{"self":[{"href":"https:\/\/www.persecution.com\/es\/historias\/wp-json\/wp\/v2\/posts\/4536","targetHints":{"allow":["GET"]}}],"collection":[{"href":"https:\/\/www.persecution.com\/es\/historias\/wp-json\/wp\/v2\/posts"}],"about":[{"href":"https:\/\/www.persecution.com\/es\/historias\/wp-json\/wp\/v2\/types\/post"}],"author":[{"embeddable":true,"href":"https:\/\/www.persecution.com\/es\/historias\/wp-json\/wp\/v2\/users\/12"}],"replies":[{"embeddable":true,"href":"https:\/\/www.persecution.com\/es\/historias\/wp-json\/wp\/v2\/comments?post=4536"}],"version-history":[{"count":1,"href":"https:\/\/www.persecution.com\/es\/historias\/wp-json\/wp\/v2\/posts\/4536\/revisions"}],"predecessor-version":[{"id":4538,"href":"https:\/\/www.persecution.com\/es\/historias\/wp-json\/wp\/v2\/posts\/4536\/revisions\/4538"}],"wp:attachment":[{"href":"https:\/\/www.persecution.com\/es\/historias\/wp-json\/wp\/v2\/media?parent=4536"}],"wp:term":[{"taxonomy":"category","embeddable":true,"href":"https:\/\/www.persecution.com\/es\/historias\/wp-json\/wp\/v2\/categories?post=4536"},{"taxonomy":"post_tag","embeddable":true,"href":"https:\/\/www.persecution.com\/es\/historias\/wp-json\/wp\/v2\/tags?post=4536"}],"curies":[{"name":"wp","href":"https:\/\/api.w.org\/{rel}","templated":true}]}}