{"id":4418,"date":"2023-03-17T21:15:22","date_gmt":"2023-03-17T21:15:22","guid":{"rendered":"https:\/\/www.persecution.com\/es\/historias\/?p=4418"},"modified":"2023-03-17T21:18:40","modified_gmt":"2023-03-17T21:18:40","slug":"combatientes-del-estado-islamico-destruyen-aldeas-cristianas-asirias-y-queman-iglesias","status":"publish","type":"post","link":"https:\/\/www.persecution.com\/es\/historias\/combatientes-del-estado-islamico-destruyen-aldeas-cristianas-asirias-y-queman-iglesias\/","title":{"rendered":"<strong>Combatientes del Estado Isl\u00e1mico destruyen aldeas cristianas asirias y queman iglesias<\/strong>"},"content":{"rendered":"\n<p>A finales de febrero de 2015, combatientes del autoproclamado Estado Isl\u00e1mico avanzaron en una regi\u00f3n hist\u00f3ricamente cristiana en el noreste de Siria, y expulsaron a los cristianos de una docena de aldeas.<\/p>\n\n\n\n<p>Raman, un cristiano asirio, y el resto de las 130 familias de su aldea sab\u00edan que el ataque se avecinaba. Durante la primera parte de la guerra, el \u00e1rea hab\u00eda estado bajo control kurdo. A medida que avanzaba la guerra, el Estado Isl\u00e1mico avanz\u00f3 y estableci\u00f3 un campamento a solo dos millas o tres kil\u00f3metros de la aldea. Ambas partes buscaban la ubicaci\u00f3n estrat\u00e9gica de la aldea ubicada en la cima de una monta\u00f1a.<\/p>\n\n\n\n<p>Durante varias semanas antes, los combatientes del Estado Isl\u00e1mico hab\u00edan estado comprando verduras en el pueblo semanalmente. Los yihadistas les advirtieron a los aldeanos que se fueran ya que habr\u00eda una batalla. Los hombres enviaron a sus esposas e hijos lejos para su protecci\u00f3n, y se prepararon para defender el pueblo.<\/p>\n\n\n\n<p>Luego, un viernes por la ma\u00f1ana, unos soldados del Estado Isl\u00e1mico aparecieron en la hist\u00f3rica iglesia asiria que hab\u00eda estado en pie durante siglos. Les dijeron a los cristianos: \u00abSomos una naci\u00f3n isl\u00e1mica. Remuevan la cruz de su iglesia\u00bb.<\/p>\n\n\n\n<p>Al d\u00eda siguiente, regresaron con dos camiones llenos de hombres con armas y amenazaron al sacerdote: \u00abSi se rehusa, le cortaremos el cuello\u00bb.<\/p>\n\n\n\n<p>\u00abObedecimos \u2014dijo Raman\u2014. Removimos todas las cruces del cementerio, de la iglesia, as\u00ed como las im\u00e1genes cristianas de las casas. No quer\u00edamos darle al Estado Isl\u00e1mico ninguna raz\u00f3n para atacar\u00bb.<\/p>\n\n\n\n<p>El ataque lleg\u00f3 dos d\u00edas despu\u00e9s, con gritos que hacen helar la sangre de:&nbsp;<em>\u00ab\u00a1Allahu Akbar!<\/em>[\u00a1Dios es grande!]\u00bb. Aunque Raman y los dem\u00e1s se hab\u00edan quedado para pelear, fueron superados y asustados por el ataque sorpresa. Raman pod\u00eda ver incendios y explosiones por todos lados, y vio a los combatientes del Estado Isl\u00e1mico prenderle fuego a la iglesia.<\/p>\n\n\n\n<p>Raman huy\u00f3 cargando cuesta abajo a un amigo herido. \u00abCorr\u00ed tan r\u00e1pido que mis piernas tocaban mi espalda\u00bb, dijo.<\/p>\n\n\n\n<p>Raman m\u00e1s tarde se enter\u00f3 de que su aldea hab\u00eda sido destruida por completo esa noche.<\/p>\n\n\n\n<h2 class=\"wp-block-heading\"><strong>Millones de sirios huyen<\/strong><\/h2>\n\n\n\n<p>Despu\u00e9s de perder su hogar y todas sus pertenencias, Raman, su esposa Simta y sus tres hijas se convirtieron en refugiados en L\u00edbano, uni\u00e9ndose a los casi dos millones de refugiados que ya agotan los recursos del pa\u00eds de cuatro millones. La enorme afluencia de personas que necesitan alimentos, refugio, trabajo y atenci\u00f3n m\u00e9dica est\u00e1 afectando todos los aspectos de la vida en L\u00edbano. Los precios de los alimentos y el alquiler han aumentado, y la seguridad es estricta. En octubre, L\u00edbano cerr\u00f3 sus fronteras a los refugiados sirios, porque era incapaz de atender a los que ya estaban all\u00ed.<\/p>\n\n\n\n<p>Sin embargo, los reci\u00e9n llegados les han brindado a los creyentes en L\u00edbano innumerables oportunidades para ministrar y dar testimonio a muchos musulmanes sirios que tambi\u00e9n han huido de la violencia. Las iglesias tienen programas de alimentaci\u00f3n y escuelas de acogida para los ni\u00f1os. Los obreros cristianos viajan regularmente para entregar ayuda y brindar aliento a los refugiados. Todos los socios de VOM que trabajan en L\u00edbano ahora est\u00e1n involucrados en la ministraci\u00f3n a los refugiados sirios. Estos obreros est\u00e1n reportando una nueva apertura a Cristo entre los refugiados.<\/p>\n\n\n\n<p>Un obrero de VOM dijo que las dificultades tambi\u00e9n han inspirado la unidad entre los cristianos. \u00abLas iglesias libanesas que antes ni siquiera hubieran considerado acercarse a los sirios ahora los acogen en sus iglesias; algunas iglesias han m\u00e1s que duplicado su n\u00famero a medida que los sirios se han unido a las congregaciones\u00bb.<\/p>\n\n\n\n<p>Ron y Nadia, dos evangelistas que han trabajado con VOM durante a\u00f1os, se hab\u00edan enfocado anteriormente en alcanzar a los sirios desde L\u00edbano. Descubrieron que los sirios est\u00e1n a su puerta, ya que los refugiados llenan su barrio. Mientras la pareja evangelista visitaba a las familias de refugiados y distribu\u00eda art\u00edculos de socorro, se reunieron con Raman y Simta, que hab\u00edan llegado al pa\u00eds ocho semanas antes.<\/p>\n\n\n\n<p>De inmediato notaron que Marina, de 12 a\u00f1os, sufr\u00eda una quemadura grave. Accidentalmente, se ech\u00f3 el agua caliente del hervidor en las piernas en el estrecho espacio de su apartamento. Sin trabajo y sin ayuda externa, Raman y Simta no pod\u00edan pagar la atenci\u00f3n m\u00e9dica para la quemadura. Los evangelistas de inmediato llevaron a la ni\u00f1a a la sala de emergencias, y ten\u00edan planeado pagar la cuenta ellos mismos.<\/p>\n\n\n\n<p>\u00abEncontramos a un m\u00e9dico con un coraz\u00f3n misericordioso \u2014dijo Ron\u2014. Cuando el m\u00e9dico se enter\u00f3 de que era una refugiada y que se quem\u00f3 mientras ayudaba a su madre a preparar un caf\u00e9, el m\u00e9dico decidi\u00f3 reducir su tarifa.&nbsp;Y estuvo abierto a una peque\u00f1a conversaci\u00f3n [sobre Cristo] mientras trataba a Marina\u00bb.<\/p>\n\n\n\n<p>Durante la semana siguiente, fueron a ver c\u00f3mo estaba la familia, que fue tocada por el amor de la pareja. En cuesti\u00f3n de semanas, Raman y Simta decidieron que no era suficiente haber nacido con una herencia cristiana. Quer\u00edan una relaci\u00f3n con Jes\u00fas.<\/p>\n\n\n\n<p>Ron y Nadia visitan la casa con frecuencia para hablar sobre la fe y estudiar la Biblia. Aunque la familia de Raman lo perdi\u00f3 todo, saben que han ganado mucho m\u00e1s al conocer a Cristo.<\/p>\n","protected":false},"excerpt":{"rendered":"<p>A finales de febrero de 2015, combatientes del autoproclamado Estado Isl\u00e1mico avanzaron en una regi\u00f3n hist\u00f3ricamente cristiana en el noreste de Siria, y expulsaron a los cristianos de una docena de aldeas. Raman, un cristiano asirio, y el resto de las 130 familias de su aldea sab\u00edan que el ataque se avecinaba. Durante la primera parte de la guerra, el \u00e1rea hab\u00eda estado bajo control kurdo. A medida que avanzaba la guerra, el Estado Isl\u00e1mico avanz\u00f3 y estableci\u00f3 un campamento a solo dos millas o tres kil\u00f3metros de la aldea. Ambas partes buscaban la ubicaci\u00f3n estrat\u00e9gica de la aldea ubicada en la cima de una monta\u00f1a. Durante varias semanas antes, los combatientes del Estado Isl\u00e1mico hab\u00edan estado comprando verduras en el pueblo semanalmente. Los yihadistas les advirtieron a los aldeanos que se fueran ya que habr\u00eda una batalla. Los hombres enviaron a sus esposas e hijos lejos para su protecci\u00f3n, y se prepararon para defender el pueblo. Luego, un viernes por la ma\u00f1ana, unos soldados del Estado Isl\u00e1mico aparecieron en la hist\u00f3rica iglesia asiria que hab\u00eda estado en pie durante siglos. Les dijeron a los cristianos: \u00abSomos una naci\u00f3n isl\u00e1mica. Remuevan la cruz de su iglesia\u00bb. Al d\u00eda siguiente, regresaron<\/p>\n","protected":false},"author":12,"featured_media":4426,"comment_status":"closed","ping_status":"closed","sticky":false,"template":"","format":"standard","meta":{"footnotes":""},"categories":[6],"tags":[58],"class_list":["post-4418","post","type-post","status-publish","format-standard","has-post-thumbnail","hentry","category-historia","tag-siria","","tg-column-two"],"yoast_head":"<!-- This site is optimized with the Yoast SEO plugin v27.5 - https:\/\/yoast.com\/product\/yoast-seo-wordpress\/ -->\n<title>Combatientes del Estado Isl\u00e1mico destruyen aldeas cristianas asirias y queman iglesias - Historias<\/title>\n<meta name=\"description\" content=\"A finales de febrero de 2015, combatientes del autoproclamado Estado Isl\u00e1mico avanzaron en una regi\u00f3n hist\u00f3ricamente cristiana en el noreste de Siria, y expulsaron a los cristianos de una docena de aldeas.\" \/>\n<meta name=\"robots\" content=\"index, follow, max-snippet:-1, max-image-preview:large, max-video-preview:-1\" \/>\n<link rel=\"canonical\" href=\"https:\/\/www.persecution.com\/es\/historias\/combatientes-del-estado-islamico-destruyen-aldeas-cristianas-asirias-y-queman-iglesias\/\" \/>\n<meta property=\"og:locale\" content=\"es_MX\" \/>\n<meta property=\"og:type\" content=\"article\" \/>\n<meta property=\"og:title\" content=\"Combatientes del Estado Isl\u00e1mico destruyen aldeas cristianas asirias y queman iglesias - Historias\" \/>\n<meta property=\"og:description\" content=\"A finales de febrero de 2015, combatientes del autoproclamado Estado Isl\u00e1mico avanzaron en una regi\u00f3n hist\u00f3ricamente cristiana en el noreste de Siria, y expulsaron a los cristianos de una docena de aldeas.\" \/>\n<meta property=\"og:url\" content=\"https:\/\/www.persecution.com\/es\/historias\/combatientes-del-estado-islamico-destruyen-aldeas-cristianas-asirias-y-queman-iglesias\/\" \/>\n<meta property=\"og:site_name\" content=\"Historias\" \/>\n<meta property=\"article:published_time\" content=\"2023-03-17T21:15:22+00:00\" \/>\n<meta property=\"article:modified_time\" content=\"2023-03-17T21:18:40+00:00\" \/>\n<meta property=\"og:image\" content=\"https:\/\/assets.persecution.com\/es\/historias\/wp-content\/uploads\/2023\/03\/IMG_4069_pub_NESyria-978x560-1.jpg\" \/>\n\t<meta property=\"og:image:width\" content=\"978\" \/>\n\t<meta property=\"og:image:height\" content=\"560\" \/>\n\t<meta property=\"og:image:type\" content=\"image\/jpeg\" \/>\n<meta name=\"author\" content=\"E Valenzuela\" \/>\n<meta name=\"twitter:card\" content=\"summary_large_image\" \/>\n<meta name=\"twitter:label1\" content=\"Escrito por\" \/>\n\t<meta name=\"twitter:data1\" content=\"E Valenzuela\" \/>\n\t<meta name=\"twitter:label2\" content=\"Tiempo de lectura\" \/>\n\t<meta name=\"twitter:data2\" content=\"4 minutos\" \/>\n<script type=\"application\/ld+json\" class=\"yoast-schema-graph\">{\"@context\":\"https:\\\/\\\/schema.org\",\"@graph\":[{\"@type\":\"Article\",\"@id\":\"https:\\\/\\\/www.persecution.com\\\/es\\\/historias\\\/combatientes-del-estado-islamico-destruyen-aldeas-cristianas-asirias-y-queman-iglesias\\\/#article\",\"isPartOf\":{\"@id\":\"https:\\\/\\\/www.persecution.com\\\/es\\\/historias\\\/combatientes-del-estado-islamico-destruyen-aldeas-cristianas-asirias-y-queman-iglesias\\\/\"},\"author\":{\"name\":\"E Valenzuela\",\"@id\":\"https:\\\/\\\/www.persecution.com\\\/es\\\/historias\\\/#\\\/schema\\\/person\\\/ae000ea52969cef1249f5afb05ccb961\"},\"headline\":\"Combatientes del Estado Isl\u00e1mico destruyen aldeas cristianas asirias y queman iglesias\",\"datePublished\":\"2023-03-17T21:15:22+00:00\",\"dateModified\":\"2023-03-17T21:18:40+00:00\",\"mainEntityOfPage\":{\"@id\":\"https:\\\/\\\/www.persecution.com\\\/es\\\/historias\\\/combatientes-del-estado-islamico-destruyen-aldeas-cristianas-asirias-y-queman-iglesias\\\/\"},\"wordCount\":948,\"image\":{\"@id\":\"https:\\\/\\\/www.persecution.com\\\/es\\\/historias\\\/combatientes-del-estado-islamico-destruyen-aldeas-cristianas-asirias-y-queman-iglesias\\\/#primaryimage\"},\"thumbnailUrl\":\"https:\\\/\\\/www.persecution.com\\\/es\\\/historias\\\/wp-content\\\/uploads\\\/2023\\\/03\\\/IMG_4069_pub_NESyria-978x560-1.jpg\",\"keywords\":[\"Siria\"],\"articleSection\":[\"Historia\"],\"inLanguage\":\"es\"},{\"@type\":\"WebPage\",\"@id\":\"https:\\\/\\\/www.persecution.com\\\/es\\\/historias\\\/combatientes-del-estado-islamico-destruyen-aldeas-cristianas-asirias-y-queman-iglesias\\\/\",\"url\":\"https:\\\/\\\/www.persecution.com\\\/es\\\/historias\\\/combatientes-del-estado-islamico-destruyen-aldeas-cristianas-asirias-y-queman-iglesias\\\/\",\"name\":\"Combatientes del Estado Isl\u00e1mico destruyen aldeas cristianas asirias y queman iglesias - Historias\",\"isPartOf\":{\"@id\":\"https:\\\/\\\/www.persecution.com\\\/es\\\/historias\\\/#website\"},\"primaryImageOfPage\":{\"@id\":\"https:\\\/\\\/www.persecution.com\\\/es\\\/historias\\\/combatientes-del-estado-islamico-destruyen-aldeas-cristianas-asirias-y-queman-iglesias\\\/#primaryimage\"},\"image\":{\"@id\":\"https:\\\/\\\/www.persecution.com\\\/es\\\/historias\\\/combatientes-del-estado-islamico-destruyen-aldeas-cristianas-asirias-y-queman-iglesias\\\/#primaryimage\"},\"thumbnailUrl\":\"https:\\\/\\\/www.persecution.com\\\/es\\\/historias\\\/wp-content\\\/uploads\\\/2023\\\/03\\\/IMG_4069_pub_NESyria-978x560-1.jpg\",\"datePublished\":\"2023-03-17T21:15:22+00:00\",\"dateModified\":\"2023-03-17T21:18:40+00:00\",\"author\":{\"@id\":\"https:\\\/\\\/www.persecution.com\\\/es\\\/historias\\\/#\\\/schema\\\/person\\\/ae000ea52969cef1249f5afb05ccb961\"},\"description\":\"A finales de febrero de 2015, combatientes del autoproclamado Estado Isl\u00e1mico avanzaron en una regi\u00f3n hist\u00f3ricamente cristiana en el noreste de Siria, y expulsaron a los cristianos de una docena de aldeas.\",\"breadcrumb\":{\"@id\":\"https:\\\/\\\/www.persecution.com\\\/es\\\/historias\\\/combatientes-del-estado-islamico-destruyen-aldeas-cristianas-asirias-y-queman-iglesias\\\/#breadcrumb\"},\"inLanguage\":\"es\",\"potentialAction\":[{\"@type\":\"ReadAction\",\"target\":[\"https:\\\/\\\/www.persecution.com\\\/es\\\/historias\\\/combatientes-del-estado-islamico-destruyen-aldeas-cristianas-asirias-y-queman-iglesias\\\/\"]}]},{\"@type\":\"ImageObject\",\"inLanguage\":\"es\",\"@id\":\"https:\\\/\\\/www.persecution.com\\\/es\\\/historias\\\/combatientes-del-estado-islamico-destruyen-aldeas-cristianas-asirias-y-queman-iglesias\\\/#primaryimage\",\"url\":\"https:\\\/\\\/www.persecution.com\\\/es\\\/historias\\\/wp-content\\\/uploads\\\/2023\\\/03\\\/IMG_4069_pub_NESyria-978x560-1.jpg\",\"contentUrl\":\"https:\\\/\\\/www.persecution.com\\\/es\\\/historias\\\/wp-content\\\/uploads\\\/2023\\\/03\\\/IMG_4069_pub_NESyria-978x560-1.jpg\",\"width\":978,\"height\":560},{\"@type\":\"BreadcrumbList\",\"@id\":\"https:\\\/\\\/www.persecution.com\\\/es\\\/historias\\\/combatientes-del-estado-islamico-destruyen-aldeas-cristianas-asirias-y-queman-iglesias\\\/#breadcrumb\",\"itemListElement\":[{\"@type\":\"ListItem\",\"position\":1,\"name\":\"Inicio\",\"item\":\"https:\\\/\\\/www.persecution.com\\\/es\\\/historias\\\/\"},{\"@type\":\"ListItem\",\"position\":2,\"name\":\"Combatientes del Estado Isl\u00e1mico destruyen aldeas cristianas asirias y queman iglesias\"}]},{\"@type\":\"WebSite\",\"@id\":\"https:\\\/\\\/www.persecution.com\\\/es\\\/historias\\\/#website\",\"url\":\"https:\\\/\\\/www.persecution.com\\\/es\\\/historias\\\/\",\"name\":\"Historias\",\"description\":\"La Voz de los M\u00e1rtires\",\"potentialAction\":[{\"@type\":\"SearchAction\",\"target\":{\"@type\":\"EntryPoint\",\"urlTemplate\":\"https:\\\/\\\/www.persecution.com\\\/es\\\/historias\\\/?s={search_term_string}\"},\"query-input\":{\"@type\":\"PropertyValueSpecification\",\"valueRequired\":true,\"valueName\":\"search_term_string\"}}],\"inLanguage\":\"es\"},{\"@type\":\"Person\",\"@id\":\"https:\\\/\\\/www.persecution.com\\\/es\\\/historias\\\/#\\\/schema\\\/person\\\/ae000ea52969cef1249f5afb05ccb961\",\"name\":\"E Valenzuela\",\"image\":{\"@type\":\"ImageObject\",\"inLanguage\":\"es\",\"@id\":\"https:\\\/\\\/secure.gravatar.com\\\/avatar\\\/72e02a942ef259240205425b9749482f07b1b2fb64225b038b4531b157d191a7?s=96&d=mm&r=g\",\"url\":\"https:\\\/\\\/secure.gravatar.com\\\/avatar\\\/72e02a942ef259240205425b9749482f07b1b2fb64225b038b4531b157d191a7?s=96&d=mm&r=g\",\"contentUrl\":\"https:\\\/\\\/secure.gravatar.com\\\/avatar\\\/72e02a942ef259240205425b9749482f07b1b2fb64225b038b4531b157d191a7?s=96&d=mm&r=g\",\"caption\":\"E Valenzuela\"},\"url\":\"https:\\\/\\\/www.persecution.com\\\/es\\\/historias\\\/author\\\/evalenzuelavom-org\\\/\"}]}<\/script>\n<!-- \/ Yoast SEO plugin. -->","yoast_head_json":{"title":"Combatientes del Estado Isl\u00e1mico destruyen aldeas cristianas asirias y queman iglesias - Historias","description":"A finales de febrero de 2015, combatientes del autoproclamado Estado Isl\u00e1mico avanzaron en una regi\u00f3n hist\u00f3ricamente cristiana en el noreste de Siria, y expulsaron a los cristianos de una docena de aldeas.","robots":{"index":"index","follow":"follow","max-snippet":"max-snippet:-1","max-image-preview":"max-image-preview:large","max-video-preview":"max-video-preview:-1"},"canonical":"https:\/\/www.persecution.com\/es\/historias\/combatientes-del-estado-islamico-destruyen-aldeas-cristianas-asirias-y-queman-iglesias\/","og_locale":"es_MX","og_type":"article","og_title":"Combatientes del Estado Isl\u00e1mico destruyen aldeas cristianas asirias y queman iglesias - Historias","og_description":"A finales de febrero de 2015, combatientes del autoproclamado Estado Isl\u00e1mico avanzaron en una regi\u00f3n hist\u00f3ricamente cristiana en el noreste de Siria, y expulsaron a los cristianos de una docena de aldeas.","og_url":"https:\/\/www.persecution.com\/es\/historias\/combatientes-del-estado-islamico-destruyen-aldeas-cristianas-asirias-y-queman-iglesias\/","og_site_name":"Historias","article_published_time":"2023-03-17T21:15:22+00:00","article_modified_time":"2023-03-17T21:18:40+00:00","og_image":[{"width":978,"height":560,"url":"https:\/\/assets.persecution.com\/es\/historias\/wp-content\/uploads\/2023\/03\/IMG_4069_pub_NESyria-978x560-1.jpg","type":"image\/jpeg"}],"author":"E Valenzuela","twitter_card":"summary_large_image","twitter_misc":{"Escrito por":"E Valenzuela","Tiempo de lectura":"4 minutos"},"schema":{"@context":"https:\/\/schema.org","@graph":[{"@type":"Article","@id":"https:\/\/www.persecution.com\/es\/historias\/combatientes-del-estado-islamico-destruyen-aldeas-cristianas-asirias-y-queman-iglesias\/#article","isPartOf":{"@id":"https:\/\/www.persecution.com\/es\/historias\/combatientes-del-estado-islamico-destruyen-aldeas-cristianas-asirias-y-queman-iglesias\/"},"author":{"name":"E Valenzuela","@id":"https:\/\/www.persecution.com\/es\/historias\/#\/schema\/person\/ae000ea52969cef1249f5afb05ccb961"},"headline":"Combatientes del Estado Isl\u00e1mico destruyen aldeas cristianas asirias y queman iglesias","datePublished":"2023-03-17T21:15:22+00:00","dateModified":"2023-03-17T21:18:40+00:00","mainEntityOfPage":{"@id":"https:\/\/www.persecution.com\/es\/historias\/combatientes-del-estado-islamico-destruyen-aldeas-cristianas-asirias-y-queman-iglesias\/"},"wordCount":948,"image":{"@id":"https:\/\/www.persecution.com\/es\/historias\/combatientes-del-estado-islamico-destruyen-aldeas-cristianas-asirias-y-queman-iglesias\/#primaryimage"},"thumbnailUrl":"https:\/\/assets.persecution.com\/es\/historias\/wp-content\/uploads\/2023\/03\/IMG_4069_pub_NESyria-978x560-1.jpg","keywords":["Siria"],"articleSection":["Historia"],"inLanguage":"es"},{"@type":"WebPage","@id":"https:\/\/www.persecution.com\/es\/historias\/combatientes-del-estado-islamico-destruyen-aldeas-cristianas-asirias-y-queman-iglesias\/","url":"https:\/\/www.persecution.com\/es\/historias\/combatientes-del-estado-islamico-destruyen-aldeas-cristianas-asirias-y-queman-iglesias\/","name":"Combatientes del Estado Isl\u00e1mico destruyen aldeas cristianas asirias y queman iglesias - Historias","isPartOf":{"@id":"https:\/\/www.persecution.com\/es\/historias\/#website"},"primaryImageOfPage":{"@id":"https:\/\/www.persecution.com\/es\/historias\/combatientes-del-estado-islamico-destruyen-aldeas-cristianas-asirias-y-queman-iglesias\/#primaryimage"},"image":{"@id":"https:\/\/www.persecution.com\/es\/historias\/combatientes-del-estado-islamico-destruyen-aldeas-cristianas-asirias-y-queman-iglesias\/#primaryimage"},"thumbnailUrl":"https:\/\/assets.persecution.com\/es\/historias\/wp-content\/uploads\/2023\/03\/IMG_4069_pub_NESyria-978x560-1.jpg","datePublished":"2023-03-17T21:15:22+00:00","dateModified":"2023-03-17T21:18:40+00:00","author":{"@id":"https:\/\/www.persecution.com\/es\/historias\/#\/schema\/person\/ae000ea52969cef1249f5afb05ccb961"},"description":"A finales de febrero de 2015, combatientes del autoproclamado Estado Isl\u00e1mico avanzaron en una regi\u00f3n hist\u00f3ricamente cristiana en el noreste de Siria, y expulsaron a los cristianos de una docena de aldeas.","breadcrumb":{"@id":"https:\/\/www.persecution.com\/es\/historias\/combatientes-del-estado-islamico-destruyen-aldeas-cristianas-asirias-y-queman-iglesias\/#breadcrumb"},"inLanguage":"es","potentialAction":[{"@type":"ReadAction","target":["https:\/\/www.persecution.com\/es\/historias\/combatientes-del-estado-islamico-destruyen-aldeas-cristianas-asirias-y-queman-iglesias\/"]}]},{"@type":"ImageObject","inLanguage":"es","@id":"https:\/\/www.persecution.com\/es\/historias\/combatientes-del-estado-islamico-destruyen-aldeas-cristianas-asirias-y-queman-iglesias\/#primaryimage","url":"https:\/\/assets.persecution.com\/es\/historias\/wp-content\/uploads\/2023\/03\/IMG_4069_pub_NESyria-978x560-1.jpg","contentUrl":"https:\/\/assets.persecution.com\/es\/historias\/wp-content\/uploads\/2023\/03\/IMG_4069_pub_NESyria-978x560-1.jpg","width":978,"height":560},{"@type":"BreadcrumbList","@id":"https:\/\/www.persecution.com\/es\/historias\/combatientes-del-estado-islamico-destruyen-aldeas-cristianas-asirias-y-queman-iglesias\/#breadcrumb","itemListElement":[{"@type":"ListItem","position":1,"name":"Inicio","item":"https:\/\/www.persecution.com\/es\/historias\/"},{"@type":"ListItem","position":2,"name":"Combatientes del Estado Isl\u00e1mico destruyen aldeas cristianas asirias y queman iglesias"}]},{"@type":"WebSite","@id":"https:\/\/www.persecution.com\/es\/historias\/#website","url":"https:\/\/www.persecution.com\/es\/historias\/","name":"Historias","description":"La Voz de los M\u00e1rtires","potentialAction":[{"@type":"SearchAction","target":{"@type":"EntryPoint","urlTemplate":"https:\/\/www.persecution.com\/es\/historias\/?s={search_term_string}"},"query-input":{"@type":"PropertyValueSpecification","valueRequired":true,"valueName":"search_term_string"}}],"inLanguage":"es"},{"@type":"Person","@id":"https:\/\/www.persecution.com\/es\/historias\/#\/schema\/person\/ae000ea52969cef1249f5afb05ccb961","name":"E Valenzuela","image":{"@type":"ImageObject","inLanguage":"es","@id":"https:\/\/secure.gravatar.com\/avatar\/72e02a942ef259240205425b9749482f07b1b2fb64225b038b4531b157d191a7?s=96&d=mm&r=g","url":"https:\/\/secure.gravatar.com\/avatar\/72e02a942ef259240205425b9749482f07b1b2fb64225b038b4531b157d191a7?s=96&d=mm&r=g","contentUrl":"https:\/\/secure.gravatar.com\/avatar\/72e02a942ef259240205425b9749482f07b1b2fb64225b038b4531b157d191a7?s=96&d=mm&r=g","caption":"E Valenzuela"},"url":"https:\/\/www.persecution.com\/es\/historias\/author\/evalenzuelavom-org\/"}]}},"_links":{"self":[{"href":"https:\/\/www.persecution.com\/es\/historias\/wp-json\/wp\/v2\/posts\/4418","targetHints":{"allow":["GET"]}}],"collection":[{"href":"https:\/\/www.persecution.com\/es\/historias\/wp-json\/wp\/v2\/posts"}],"about":[{"href":"https:\/\/www.persecution.com\/es\/historias\/wp-json\/wp\/v2\/types\/post"}],"author":[{"embeddable":true,"href":"https:\/\/www.persecution.com\/es\/historias\/wp-json\/wp\/v2\/users\/12"}],"replies":[{"embeddable":true,"href":"https:\/\/www.persecution.com\/es\/historias\/wp-json\/wp\/v2\/comments?post=4418"}],"version-history":[{"count":3,"href":"https:\/\/www.persecution.com\/es\/historias\/wp-json\/wp\/v2\/posts\/4418\/revisions"}],"predecessor-version":[{"id":4425,"href":"https:\/\/www.persecution.com\/es\/historias\/wp-json\/wp\/v2\/posts\/4418\/revisions\/4425"}],"wp:featuredmedia":[{"embeddable":true,"href":"https:\/\/www.persecution.com\/es\/historias\/wp-json\/wp\/v2\/media\/4426"}],"wp:attachment":[{"href":"https:\/\/www.persecution.com\/es\/historias\/wp-json\/wp\/v2\/media?parent=4418"}],"wp:term":[{"taxonomy":"category","embeddable":true,"href":"https:\/\/www.persecution.com\/es\/historias\/wp-json\/wp\/v2\/categories?post=4418"},{"taxonomy":"post_tag","embeddable":true,"href":"https:\/\/www.persecution.com\/es\/historias\/wp-json\/wp\/v2\/tags?post=4418"}],"curies":[{"name":"wp","href":"https:\/\/api.w.org\/{rel}","templated":true}]}}