{"id":428,"date":"2021-08-25T16:09:16","date_gmt":"2021-08-25T16:09:16","guid":{"rendered":"https:\/\/www.persecution.com\/es\/historias\/?p=428"},"modified":"2022-10-18T22:01:08","modified_gmt":"2022-10-18T22:01:08","slug":"pastor-encarcelado-en-sudan-predica-a-300-reclusos-hassan","status":"publish","type":"post","link":"https:\/\/www.persecution.com\/es\/historias\/pastor-encarcelado-en-sudan-predica-a-300-reclusos-hassan\/","title":{"rendered":"Pastor encarcelado en Sud\u00e1n predica a 300 reclusos"},"content":{"rendered":"\n<p>La aparici\u00f3n de Hassan en una conferencia de pastores en Addis Abeba, <a href=\"https:\/\/www.persecution.com\/es\/guiadeoracionglobal\/etiopia\/\">Etiop\u00eda<\/a>, fue su respuesta a lo que \u00e9l cre\u00eda que era el llamado de Dios para concentrarse en la persecuci\u00f3n. De hecho, solo unos meses antes, hab\u00eda rechazado un segundo mandato como Secretario General de la Iglesia de Cristo de <a href=\"https:\/\/www.persecution.com\/es\/guiadeoracionglobal\/sudan\/\">Sud\u00e1n<\/a> para poder ayudar a preparar a las iglesias para la persecuci\u00f3n desde un nivel m\u00e1s bajo.<\/p>\n\n\n\n<p>Durante la conferencia de noviembre de 2015 en <a href=\"https:\/\/www.persecution.com\/es\/guiadeoracionglobal\/etiopia\/\">Etiop\u00eda<\/a>, les cont\u00f3 a los pastores sobre la creciente persecuci\u00f3n que enfrentaban sus ocho congregaciones en <a href=\"https:\/\/www.persecution.com\/es\/guiadeoracionglobal\/sudan\/\">Sud\u00e1n<\/a>. Entre los asistentes a la presentaci\u00f3n de Hassan se encontraba Petr Jasek, un ciudadano checo que se desempe\u00f1aba como Director Regional de VOM para \u00c1frica en ese momento.<\/p>\n\n\n\n<p>Petr se sinti\u00f3 especialmente conmovido por una fotograf\u00eda que mostr\u00f3 Hassan de un joven cristiano que hab\u00eda resultado herido durante una manifestaci\u00f3n. Semanas despu\u00e9s, Petr viaj\u00f3 a Jartum para encontrarse con el herido y hacer arreglos para ayudar a cubrir sus gastos m\u00e9dicos. Despu\u00e9s de una visita de cuatro d\u00edas, Petr se prepar\u00f3 para salir del pa\u00eds.<\/p>\n\n\n\n<p>Fue entonces cuando Hassan experiment\u00f3 lo que \u00e9l considera una de las mayores bendiciones de su vida. \u00abPetr fue arrestado en el aeropuerto \u2014dijo Hassan\u2014, y luego, a trav\u00e9s de las investigaciones, descubrieron que me hab\u00eda visitado a m\u00ed y a otras personas. Por eso me arrestaron\u00bb.<\/p>\n\n\n\n<h3 class=\"wp-block-heading\" id=\"the-price-of-faith\">El precio de la fe<\/h3>\n\n\n\n<p>Las autoridades <a href=\"https:\/\/www.persecution.com\/es\/guiadeoracionglobal\/sudan\/\">sudanesas<\/a> entraron en casa de Hassan a las 11 a.m. del 18 de diciembre de 2015. Confiscaron computadoras port\u00e1tiles, pasaportes y libros sobre la persecuci\u00f3n, incluido uno titulado <em>C\u00f3mo<\/em> <em>permanecer firme en las tormentas<\/em>, antes de escoltarlo fuera de su casa. Su esposa y sus cinco hijos estaban paralizados de miedo mientras observaban a las autoridades forzarlo a subir a un veh\u00edculo que los esperaba. Aunque Hassan no lo sab\u00eda, Petr y el Rev. Kuwa Shamal, quien tambi\u00e9n hab\u00eda hablado en la conferencia en <a href=\"https:\/\/www.persecution.com\/es\/guiadeoracionglobal\/etiopia\/\">Etiop\u00eda<\/a>, ya hab\u00eda sido arrestado. Y pronto, Abdulmonem Abdumawla, quien hab\u00eda estado recolectando fondos para ayudar al hombre herido que Petr hab\u00eda conocido, se unir\u00eda a ellos.<\/p>\n\n\n\n<p>La polic\u00eda interrog\u00f3 a los cuatro hombres esa noche en la comisar\u00eda, interrogando deliberadamente a Hassan sobre su relaci\u00f3n con Petr, la conferencia en <a href=\"https:\/\/www.persecution.com\/es\/guiadeoracionglobal\/etiopia\/\">Etiop\u00eda<\/a> y c\u00f3mo hab\u00edan trabajado juntos para ayudar al joven en Jartum.<\/p>\n\n\n\n<p>Luego, los hombres fueron llevados a una prisi\u00f3n administrada por el Servicio Nacional de Inteligencia de <a href=\"https:\/\/www.persecution.com\/es\/guiadeoracionglobal\/sudan\/\">Sud\u00e1n<\/a> (NISS) y colocados en celdas separadas. Dos semanas despu\u00e9s de llegar a la prisi\u00f3n, se enfrentaron a nuevos interrogatorios. Al darse cuenta de que no era probable que lo liberaran pronto, Hassan gradualmente comenz\u00f3 a ver un prop\u00f3sito m\u00e1s amplio para su detenci\u00f3n.<\/p>\n\n\n\n<p>\u00abSol\u00eda viajar a iglesias en otras ciudades para prepararlos para la persecuci\u00f3n y para hablar sobre ese libro que [los oficiales] me quitaron \u2014dijo\u2014. Estaba preparando a la iglesia, pero tambi\u00e9n me estaba preparando para este tiempo. No estaba triste por estar en prisi\u00f3n. Esta es la iglesia, y este es el precio de nuestra fe\u00bb.<\/p>\n\n\n\n<p>Desde la d\u00e9cada de 1970, el gobierno de <a href=\"https:\/\/www.persecution.com\/es\/guiadeoracionglobal\/sudan\/\">Sud\u00e1n<\/a>, dominado por los sunitas, ha intimidado, arrestado, encarcelado y torturado sistem\u00e1ticamente a los cristianos. Las detenciones breves son una forma de acoso cada vez m\u00e1s com\u00fan.<\/p>\n\n\n\n<p>Hassan dijo que la prisi\u00f3n del NISS era la peor de las cinco c\u00e1rceles en las que estuvo recluido. Dorm\u00eda en el suelo de una celda diminuta con una peque\u00f1a ventana, a trav\u00e9s de la cual no pod\u00eda ver nada m\u00e1s que el cielo. Sent\u00eda fr\u00edo y se sent\u00eda completamente solo.<\/p>\n\n\n\n<p>No obstante, por ser <a href=\"https:\/\/www.persecution.com\/es\/guiadeoracionglobal\/sudan\/\">sudan\u00e9s<\/a>, Hassan fue tratado con m\u00e1s respeto que Petr, quien soport\u00f3 palizas regulares en la celda que compart\u00eda con simpatizantes del autoproclamado Estado Isl\u00e1mico. Algunos presos tambi\u00e9n amenazaron a Hassan, simplemente por sus v\u00ednculos con Petr.<\/p>\n\n\n\n<p>La parte m\u00e1s dif\u00edcil del encarcelamiento para Hassan fue la incapacidad de comunicarse con su familia. Quer\u00eda que supieran que estaba vivo y, de hecho, hab\u00edan escuchado rumores de que hab\u00eda muerto en prisi\u00f3n.<\/p>\n\n\n\n<p>Al final, todo el sufrimiento que enfrent\u00f3 Hassan lo ayud\u00f3 a confiar en la voluntad de Dios y a encontrar una paz cada vez mayor en Jesucristo.<\/p>\n\n\n\n<h3 class=\"wp-block-heading\" id=\"prison-evangelism\">EVANGELISMO EN LA PRISI\u00d3N<\/h3>\n\n\n\n<p>En la primavera de 2016, las autoridades trasladaron a Hassan y a los otros tres hombres a otra prisi\u00f3n, donde fueron reunidos e inesperadamente se les concedi\u00f3 m\u00e1s libertad religiosa y mejor trato. En esta prisi\u00f3n y en otras dos, se les permiti\u00f3 leer la <a href=\"https:\/\/www.persecution.com\/es\/biblias\/?utm_campaign=bibles_es&amp;utm_source=ESSTORIES\">Biblia<\/a>, compartir el evangelio con otros reclusos e incluso asistir a los servicios religiosos dentro de la prisi\u00f3n.<\/p>\n\n\n<div class=\"wp-block-image\">\n<figure class=\"alignright size-large is-resized\"><img loading=\"lazy\" decoding=\"async\" src=\"https:\/\/assets.persecution.com\/es\/historias\/wp-content\/uploads\/2021\/06\/CUS1804BX_0017_crop_pub_Hassan.jpg\" alt=\"two men leading a church service \" class=\"wp-image-431\" width=\"370\" height=\"564\" srcset=\"https:\/\/assets.persecution.com\/es\/historias\/wp-content\/uploads\/2021\/06\/CUS1804BX_0017_crop_pub_Hassan.jpg 407w, https:\/\/assets.persecution.com\/es\/historias\/wp-content\/uploads\/2021\/06\/CUS1804BX_0017_crop_pub_Hassan-197x300.jpg 197w\" sizes=\"auto, (max-width: 370px) 100vw, 370px\" \/><\/figure>\n<\/div>\n\n\n<p>\u00abEst\u00e1bamos ocupados \u2014dijo Hassan\u2014. Yo, Petr y el pastor Kuwa sol\u00edamos predicar todos los d\u00edas\u00bb.<\/p>\n\n\n\n<p>Algunos de aquellos a quienes les predicaron eran criminales reincidentes, y ocasionalmente se llevaban a uno para colgarlo por asesinato.<\/p>\n\n\n\n<p>\u00abSol\u00edamos prepararlos, orar con ellos y animarlos\u00bb, dijo Hassan.<\/p>\n\n\n\n<p>En una de las c\u00e1rceles donde estuvieron recluidos, Hassan, Kuwa y Petr dirigieron servicios religiosos para 300 reclusos. Se les dijo repetidamente que la prisi\u00f3n nunca hab\u00eda experimentado tanta hambre por la Palabra de Dios y un compa\u00f1erismo tan fuerte entre los prisioneros.<\/p>\n\n\n\n<p>Hassan nunca olvidar\u00e1 el d\u00eda, despu\u00e9s de cinco meses en prisi\u00f3n, cuando finalmente pudo ver a su familia. Cuando regres\u00f3 a su celda despu\u00e9s de comparecer ante el tribunal, su esposa y su madre estaban sentadas en su cama esper\u00e1ndolo.<\/p>\n\n\n\n<p>\u00abCuando mi esposa me vio, simplemente corri\u00f3 y salt\u00f3 sobre m\u00ed y estaba llorando\u00bb, dijo.<\/p>\n\n\n\n<p>Despu\u00e9s de ese d\u00eda, la esposa de Hassan pudo visitarlo con regularidad. Al principio, las visitas se limitaban a 20 minutos, pero luego aumentaron a 45 minutos. Hassan agradeci\u00f3 a Dios por cada minuto que pasaba con su esposa. Durante su encarcelamiento, VOM y su iglesia local ayudaron a mantener a la familia de Hassan.<\/p>\n\n\n\n<p>En agosto de 2016, el gobierno <a href=\"https:\/\/www.persecution.com\/es\/guiadeoracionglobal\/sudan\/\">sudan\u00e9s <\/a>acus\u00f3 formal, pero falsamente a los hombres de varios delitos, entre ellos de espionaje y conspiraci\u00f3n contra el estado. Hassan y los otros hombres se enfrentaban a una posible pena de muerte o cadena perpetua.<\/p>\n\n\n\n<p>Aunque fueron sometidos a una serie de apariciones agotadoras en la corte, los cuatro hombres fueron continuamente alentados de diversas formas. Sab\u00edan que las personas que apoyan a VOM estaban orando por ellos y tambi\u00e9n sab\u00edan que hab\u00eda gente trabajando en su liberaci\u00f3n. Entonces comenzaron los himnos. Los d\u00edas en que se programaba una audiencia en el juzgado, los creyentes <a href=\"https:\/\/www.persecution.com\/es\/guiadeoracionglobal\/sudan\/\">sudaneses<\/a> se reun\u00edan a lo largo de la calle frente al palacio de justicia para cantar y adorar juntos. A pesar de que las puertas y ventanas del juzgado estaban cerradas, los que estaban adentro pod\u00edan escuchar c\u00f3mo alababan a Dios y animaban a sus hermanos que estaban adentro.<\/p>\n\n\n\n<p>\u00abDoy muchas gracias a Dios porque es hora de que la gente escuche [las canciones de adoraci\u00f3n] \u2014dijo Hassan\u2014. Fue realmente incre\u00edble. Le doy gracias a Dios por eso\u00bb.<\/p>\n\n\n\n<h3 class=\"wp-block-heading\" id=\"a-grateful-heart\">UN CORAZ\u00d3N AGRADECIDO<\/h3>\n\n\n\n<p>En enero de 2017, Kuwa fue puesto en libertad por falta de pruebas en su contra. Hab\u00eda pasado m\u00e1s de un a\u00f1o en prisi\u00f3n a pesar de que ni siquiera estaba en <a href=\"https:\/\/www.persecution.com\/es\/guiadeoracionglobal\/sudan\/\">Sud\u00e1n<\/a> durante la visita de Petr. Tras un largo juicio, Hassan y Abdulmonem fueron condenados a 12 a\u00f1os cada uno por ayudar a Petr a brindar ayuda al cristiano <a href=\"https:\/\/www.persecution.com\/es\/guiadeoracionglobal\/sudan\/\">sudan\u00e9s<\/a> herido. Petr fue condenado a cadena perpetua, el equivalente a 20 a\u00f1os, por espionaje y realizar trabajo humanitario sin permiso, entre otros cargos.<\/p>\n\n\n\n<p>Despu\u00e9s de cumplir 445 d\u00edas en prisi\u00f3n, a Petr se le concedi\u00f3 un indulto presidencial y fue puesto en libertad el 26 de febrero. Dos meses despu\u00e9s, el 11 de mayo, tambi\u00e9n quedaron en libertad Hassan y Abdulmonem.<\/p>\n\n\n\n<p>Tras su liberaci\u00f3n, se le advirti\u00f3 a Hassan que las autoridades continuar\u00edan monitoreando sus actividades. Como sab\u00eda que esto pondr\u00eda m\u00e1s tensi\u00f3n en su familia y atraer\u00eda un escrutinio adicional a la iglesia, decidi\u00f3 irse de <a href=\"https:\/\/www.persecution.com\/es\/guiadeoracionglobal\/sudan\/\">Sud\u00e1n<\/a>.<\/p>\n\n\n\n<p>Hassan y su familia, as\u00ed como Abdulmonem, viven en una ciudad en el este de los Estados Unidos, donde esperan la decisi\u00f3n sobre sus solicitudes de asilo y consideran lo que Dios tenga planeado para ellos a continuaci\u00f3n.<\/p>\n\n\n\n<p>La transici\u00f3n a una nueva cultura y forma de vida ha sido dif\u00edcil para sus hijos de entre 7 y 20 a\u00f1os, pero en general la familia est\u00e1 agradecida. Su iglesia local los ha ayudado a hacer la transici\u00f3n y VOM los ha apoyado con algunos gastos espec\u00edficos.<\/p>\n\n\n<div class=\"wp-block-image\">\n<figure class=\"alignright size-large is-resized\"><img loading=\"lazy\" decoding=\"async\" src=\"https:\/\/assets.persecution.com\/es\/historias\/wp-content\/uploads\/2021\/06\/CUS1804BX_0015_pub_Hassan.jpg\" alt=\"men sitting in a church service \" class=\"wp-image-433\" width=\"440\" height=\"534\" srcset=\"https:\/\/assets.persecution.com\/es\/historias\/wp-content\/uploads\/2021\/06\/CUS1804BX_0015_pub_Hassan.jpg 537w, https:\/\/assets.persecution.com\/es\/historias\/wp-content\/uploads\/2021\/06\/CUS1804BX_0015_pub_Hassan-247x300.jpg 247w\" sizes=\"auto, (max-width: 440px) 100vw, 440px\" \/><\/figure>\n<\/div>\n\n\n<p>Hassan permanece en contacto con sus congregaciones, que a\u00fan est\u00e1n activas a pesar de ser blancos del gobierno. \u00abLa mayor\u00eda de ellos est\u00e1n contentos de que est\u00e9 aqu\u00ed porque estaban preocupados cuando estaba en <a href=\"https:\/\/www.persecution.com\/es\/guiadeoracionglobal\/sudan\/\">Sud\u00e1n<\/a> de que me pasara algo\u00bb, dijo.<\/p>\n\n\n\n<p>Al recordar toda la experiencia, Hassan dijo que no tiene nada m\u00e1s que gratitud en su coraz\u00f3n. Que no cambiar\u00eda nada. Y que ni siquiera cortar\u00eda un d\u00eda de su tiempo en prisi\u00f3n.<\/p>\n\n\n\n<p>\u00abMe di cuenta de que Dios me ama tanto que me dio el privilegio de compartir uno de sus momentos dif\u00edciles \u2014dijo\u2014. De verdad, le agradezco a Dios por ese tiempo. Fue una bendici\u00f3n para m\u00ed y creo que es una bendici\u00f3n para la iglesia en <a href=\"https:\/\/www.persecution.com\/es\/guiadeoracionglobal\/sudan\/\">Sud\u00e1n<\/a>\u00bb.<\/p>\n","protected":false},"excerpt":{"rendered":"<p>La aparici\u00f3n de Hassan en una conferencia de pastores en Addis Abeba, Etiop\u00eda, fue su respuesta a lo que \u00e9l cre\u00eda que era el llamado de Dios para concentrarse en la persecuci\u00f3n. De hecho, solo unos meses antes, hab\u00eda rechazado un segundo mandato como Secretario General de la Iglesia de Cristo de Sud\u00e1n para poder ayudar a preparar a las iglesias para la persecuci\u00f3n desde un nivel m\u00e1s bajo. Durante la conferencia de noviembre de 2015 en Etiop\u00eda, les cont\u00f3 a los pastores sobre la creciente persecuci\u00f3n que enfrentaban sus ocho congregaciones en Sud\u00e1n. Entre los asistentes a la presentaci\u00f3n de Hassan se encontraba Petr Jasek, un ciudadano checo que se desempe\u00f1aba como Director Regional de VOM para \u00c1frica en ese momento. Petr se sinti\u00f3 especialmente conmovido por una fotograf\u00eda que mostr\u00f3 Hassan de un joven cristiano que hab\u00eda resultado herido durante una manifestaci\u00f3n. Semanas despu\u00e9s, Petr viaj\u00f3 a Jartum para encontrarse con el herido y hacer arreglos para ayudar a cubrir sus gastos m\u00e9dicos. Despu\u00e9s de una visita de cuatro d\u00edas, Petr se prepar\u00f3 para salir del pa\u00eds. Fue entonces cuando Hassan experiment\u00f3 lo que \u00e9l considera una de las mayores bendiciones de su vida. \u00abPetr fue arrestado en<\/p>\n","protected":false},"author":12,"featured_media":432,"comment_status":"closed","ping_status":"closed","sticky":false,"template":"","format":"standard","meta":{"footnotes":""},"categories":[6],"tags":[27],"class_list":["post-428","post","type-post","status-publish","format-standard","has-post-thumbnail","hentry","category-historia","tag-etiopia","","tg-column-two"],"yoast_head":"<!-- This site is optimized with the Yoast SEO plugin v27.5 - https:\/\/yoast.com\/product\/yoast-seo-wordpress\/ -->\n<title>Pastor encarcelado en Sud\u00e1n predica a 300 reclusos - Historias<\/title>\n<meta name=\"description\" content=\"Se les dijo repetidamente que la prisi\u00f3n nunca hab\u00eda experimentado tanta hambre por la Palabra de Dios y un compa\u00f1erismo tan fuerte entre los prisioneros.\" \/>\n<meta name=\"robots\" content=\"index, follow, max-snippet:-1, max-image-preview:large, max-video-preview:-1\" \/>\n<link rel=\"canonical\" href=\"https:\/\/www.persecution.com\/es\/historias\/pastor-encarcelado-en-sudan-predica-a-300-reclusos-hassan\/\" \/>\n<meta property=\"og:locale\" content=\"es_MX\" \/>\n<meta property=\"og:type\" content=\"article\" \/>\n<meta property=\"og:title\" content=\"Pastor encarcelado en Sud\u00e1n predica a 300 reclusos - Historias\" \/>\n<meta property=\"og:description\" content=\"Se les dijo repetidamente que la prisi\u00f3n nunca hab\u00eda experimentado tanta hambre por la Palabra de Dios y un compa\u00f1erismo tan fuerte entre los prisioneros.\" \/>\n<meta property=\"og:url\" content=\"https:\/\/www.persecution.com\/es\/historias\/pastor-encarcelado-en-sudan-predica-a-300-reclusos-hassan\/\" \/>\n<meta property=\"og:site_name\" content=\"Historias\" \/>\n<meta property=\"article:published_time\" content=\"2021-08-25T16:09:16+00:00\" \/>\n<meta property=\"article:modified_time\" content=\"2022-10-18T22:01:08+00:00\" \/>\n<meta property=\"og:image\" content=\"https:\/\/assets.persecution.com\/es\/historias\/wp-content\/uploads\/2021\/06\/CUS1806BH_0001_Petr-in-Jilava1_pub_Hassan.jpg\" \/>\n\t<meta property=\"og:image:width\" content=\"1190\" \/>\n\t<meta property=\"og:image:height\" content=\"671\" \/>\n\t<meta property=\"og:image:type\" content=\"image\/jpeg\" \/>\n<meta name=\"author\" content=\"E Valenzuela\" \/>\n<meta name=\"twitter:card\" content=\"summary_large_image\" \/>\n<meta name=\"twitter:label1\" content=\"Escrito por\" \/>\n\t<meta name=\"twitter:data1\" content=\"E Valenzuela\" \/>\n\t<meta name=\"twitter:label2\" content=\"Tiempo de lectura\" \/>\n\t<meta name=\"twitter:data2\" content=\"8 minutos\" \/>\n<script type=\"application\/ld+json\" class=\"yoast-schema-graph\">{\"@context\":\"https:\\\/\\\/schema.org\",\"@graph\":[{\"@type\":\"Article\",\"@id\":\"https:\\\/\\\/www.persecution.com\\\/es\\\/historias\\\/pastor-encarcelado-en-sudan-predica-a-300-reclusos-hassan\\\/#article\",\"isPartOf\":{\"@id\":\"https:\\\/\\\/www.persecution.com\\\/es\\\/historias\\\/pastor-encarcelado-en-sudan-predica-a-300-reclusos-hassan\\\/\"},\"author\":{\"name\":\"E Valenzuela\",\"@id\":\"https:\\\/\\\/www.persecution.com\\\/es\\\/historias\\\/#\\\/schema\\\/person\\\/ae000ea52969cef1249f5afb05ccb961\"},\"headline\":\"Pastor encarcelado en Sud\u00e1n predica a 300 reclusos\",\"datePublished\":\"2021-08-25T16:09:16+00:00\",\"dateModified\":\"2022-10-18T22:01:08+00:00\",\"mainEntityOfPage\":{\"@id\":\"https:\\\/\\\/www.persecution.com\\\/es\\\/historias\\\/pastor-encarcelado-en-sudan-predica-a-300-reclusos-hassan\\\/\"},\"wordCount\":1644,\"image\":{\"@id\":\"https:\\\/\\\/www.persecution.com\\\/es\\\/historias\\\/pastor-encarcelado-en-sudan-predica-a-300-reclusos-hassan\\\/#primaryimage\"},\"thumbnailUrl\":\"https:\\\/\\\/www.persecution.com\\\/es\\\/historias\\\/wp-content\\\/uploads\\\/2021\\\/06\\\/CUS1806BH_0001_Petr-in-Jilava1_pub_Hassan.jpg\",\"keywords\":[\"Etiop\u00eda\"],\"articleSection\":[\"Historia\"],\"inLanguage\":\"es\"},{\"@type\":\"WebPage\",\"@id\":\"https:\\\/\\\/www.persecution.com\\\/es\\\/historias\\\/pastor-encarcelado-en-sudan-predica-a-300-reclusos-hassan\\\/\",\"url\":\"https:\\\/\\\/www.persecution.com\\\/es\\\/historias\\\/pastor-encarcelado-en-sudan-predica-a-300-reclusos-hassan\\\/\",\"name\":\"Pastor encarcelado en Sud\u00e1n predica a 300 reclusos - Historias\",\"isPartOf\":{\"@id\":\"https:\\\/\\\/www.persecution.com\\\/es\\\/historias\\\/#website\"},\"primaryImageOfPage\":{\"@id\":\"https:\\\/\\\/www.persecution.com\\\/es\\\/historias\\\/pastor-encarcelado-en-sudan-predica-a-300-reclusos-hassan\\\/#primaryimage\"},\"image\":{\"@id\":\"https:\\\/\\\/www.persecution.com\\\/es\\\/historias\\\/pastor-encarcelado-en-sudan-predica-a-300-reclusos-hassan\\\/#primaryimage\"},\"thumbnailUrl\":\"https:\\\/\\\/www.persecution.com\\\/es\\\/historias\\\/wp-content\\\/uploads\\\/2021\\\/06\\\/CUS1806BH_0001_Petr-in-Jilava1_pub_Hassan.jpg\",\"datePublished\":\"2021-08-25T16:09:16+00:00\",\"dateModified\":\"2022-10-18T22:01:08+00:00\",\"author\":{\"@id\":\"https:\\\/\\\/www.persecution.com\\\/es\\\/historias\\\/#\\\/schema\\\/person\\\/ae000ea52969cef1249f5afb05ccb961\"},\"description\":\"Se les dijo repetidamente que la prisi\u00f3n nunca hab\u00eda experimentado tanta hambre por la Palabra de Dios y un compa\u00f1erismo tan fuerte entre los prisioneros.\",\"breadcrumb\":{\"@id\":\"https:\\\/\\\/www.persecution.com\\\/es\\\/historias\\\/pastor-encarcelado-en-sudan-predica-a-300-reclusos-hassan\\\/#breadcrumb\"},\"inLanguage\":\"es\",\"potentialAction\":[{\"@type\":\"ReadAction\",\"target\":[\"https:\\\/\\\/www.persecution.com\\\/es\\\/historias\\\/pastor-encarcelado-en-sudan-predica-a-300-reclusos-hassan\\\/\"]}]},{\"@type\":\"ImageObject\",\"inLanguage\":\"es\",\"@id\":\"https:\\\/\\\/www.persecution.com\\\/es\\\/historias\\\/pastor-encarcelado-en-sudan-predica-a-300-reclusos-hassan\\\/#primaryimage\",\"url\":\"https:\\\/\\\/www.persecution.com\\\/es\\\/historias\\\/wp-content\\\/uploads\\\/2021\\\/06\\\/CUS1806BH_0001_Petr-in-Jilava1_pub_Hassan.jpg\",\"contentUrl\":\"https:\\\/\\\/www.persecution.com\\\/es\\\/historias\\\/wp-content\\\/uploads\\\/2021\\\/06\\\/CUS1806BH_0001_Petr-in-Jilava1_pub_Hassan.jpg\",\"width\":1190,\"height\":671,\"caption\":\"A man stands in front of a building looking away from the camera\"},{\"@type\":\"BreadcrumbList\",\"@id\":\"https:\\\/\\\/www.persecution.com\\\/es\\\/historias\\\/pastor-encarcelado-en-sudan-predica-a-300-reclusos-hassan\\\/#breadcrumb\",\"itemListElement\":[{\"@type\":\"ListItem\",\"position\":1,\"name\":\"Inicio\",\"item\":\"https:\\\/\\\/www.persecution.com\\\/es\\\/historias\\\/\"},{\"@type\":\"ListItem\",\"position\":2,\"name\":\"Pastor encarcelado en Sud\u00e1n predica a 300 reclusos\"}]},{\"@type\":\"WebSite\",\"@id\":\"https:\\\/\\\/www.persecution.com\\\/es\\\/historias\\\/#website\",\"url\":\"https:\\\/\\\/www.persecution.com\\\/es\\\/historias\\\/\",\"name\":\"Historias\",\"description\":\"La Voz de los M\u00e1rtires\",\"potentialAction\":[{\"@type\":\"SearchAction\",\"target\":{\"@type\":\"EntryPoint\",\"urlTemplate\":\"https:\\\/\\\/www.persecution.com\\\/es\\\/historias\\\/?s={search_term_string}\"},\"query-input\":{\"@type\":\"PropertyValueSpecification\",\"valueRequired\":true,\"valueName\":\"search_term_string\"}}],\"inLanguage\":\"es\"},{\"@type\":\"Person\",\"@id\":\"https:\\\/\\\/www.persecution.com\\\/es\\\/historias\\\/#\\\/schema\\\/person\\\/ae000ea52969cef1249f5afb05ccb961\",\"name\":\"E Valenzuela\",\"image\":{\"@type\":\"ImageObject\",\"inLanguage\":\"es\",\"@id\":\"https:\\\/\\\/secure.gravatar.com\\\/avatar\\\/72e02a942ef259240205425b9749482f07b1b2fb64225b038b4531b157d191a7?s=96&d=mm&r=g\",\"url\":\"https:\\\/\\\/secure.gravatar.com\\\/avatar\\\/72e02a942ef259240205425b9749482f07b1b2fb64225b038b4531b157d191a7?s=96&d=mm&r=g\",\"contentUrl\":\"https:\\\/\\\/secure.gravatar.com\\\/avatar\\\/72e02a942ef259240205425b9749482f07b1b2fb64225b038b4531b157d191a7?s=96&d=mm&r=g\",\"caption\":\"E Valenzuela\"},\"url\":\"https:\\\/\\\/www.persecution.com\\\/es\\\/historias\\\/author\\\/evalenzuelavom-org\\\/\"}]}<\/script>\n<!-- \/ Yoast SEO plugin. -->","yoast_head_json":{"title":"Pastor encarcelado en Sud\u00e1n predica a 300 reclusos - Historias","description":"Se les dijo repetidamente que la prisi\u00f3n nunca hab\u00eda experimentado tanta hambre por la Palabra de Dios y un compa\u00f1erismo tan fuerte entre los prisioneros.","robots":{"index":"index","follow":"follow","max-snippet":"max-snippet:-1","max-image-preview":"max-image-preview:large","max-video-preview":"max-video-preview:-1"},"canonical":"https:\/\/www.persecution.com\/es\/historias\/pastor-encarcelado-en-sudan-predica-a-300-reclusos-hassan\/","og_locale":"es_MX","og_type":"article","og_title":"Pastor encarcelado en Sud\u00e1n predica a 300 reclusos - Historias","og_description":"Se les dijo repetidamente que la prisi\u00f3n nunca hab\u00eda experimentado tanta hambre por la Palabra de Dios y un compa\u00f1erismo tan fuerte entre los prisioneros.","og_url":"https:\/\/www.persecution.com\/es\/historias\/pastor-encarcelado-en-sudan-predica-a-300-reclusos-hassan\/","og_site_name":"Historias","article_published_time":"2021-08-25T16:09:16+00:00","article_modified_time":"2022-10-18T22:01:08+00:00","og_image":[{"width":1190,"height":671,"url":"https:\/\/assets.persecution.com\/es\/historias\/wp-content\/uploads\/2021\/06\/CUS1806BH_0001_Petr-in-Jilava1_pub_Hassan.jpg","type":"image\/jpeg"}],"author":"E Valenzuela","twitter_card":"summary_large_image","twitter_misc":{"Escrito por":"E Valenzuela","Tiempo de lectura":"8 minutos"},"schema":{"@context":"https:\/\/schema.org","@graph":[{"@type":"Article","@id":"https:\/\/www.persecution.com\/es\/historias\/pastor-encarcelado-en-sudan-predica-a-300-reclusos-hassan\/#article","isPartOf":{"@id":"https:\/\/www.persecution.com\/es\/historias\/pastor-encarcelado-en-sudan-predica-a-300-reclusos-hassan\/"},"author":{"name":"E Valenzuela","@id":"https:\/\/www.persecution.com\/es\/historias\/#\/schema\/person\/ae000ea52969cef1249f5afb05ccb961"},"headline":"Pastor encarcelado en Sud\u00e1n predica a 300 reclusos","datePublished":"2021-08-25T16:09:16+00:00","dateModified":"2022-10-18T22:01:08+00:00","mainEntityOfPage":{"@id":"https:\/\/www.persecution.com\/es\/historias\/pastor-encarcelado-en-sudan-predica-a-300-reclusos-hassan\/"},"wordCount":1644,"image":{"@id":"https:\/\/www.persecution.com\/es\/historias\/pastor-encarcelado-en-sudan-predica-a-300-reclusos-hassan\/#primaryimage"},"thumbnailUrl":"https:\/\/assets.persecution.com\/es\/historias\/wp-content\/uploads\/2021\/06\/CUS1806BH_0001_Petr-in-Jilava1_pub_Hassan.jpg","keywords":["Etiop\u00eda"],"articleSection":["Historia"],"inLanguage":"es"},{"@type":"WebPage","@id":"https:\/\/www.persecution.com\/es\/historias\/pastor-encarcelado-en-sudan-predica-a-300-reclusos-hassan\/","url":"https:\/\/www.persecution.com\/es\/historias\/pastor-encarcelado-en-sudan-predica-a-300-reclusos-hassan\/","name":"Pastor encarcelado en Sud\u00e1n predica a 300 reclusos - Historias","isPartOf":{"@id":"https:\/\/www.persecution.com\/es\/historias\/#website"},"primaryImageOfPage":{"@id":"https:\/\/www.persecution.com\/es\/historias\/pastor-encarcelado-en-sudan-predica-a-300-reclusos-hassan\/#primaryimage"},"image":{"@id":"https:\/\/www.persecution.com\/es\/historias\/pastor-encarcelado-en-sudan-predica-a-300-reclusos-hassan\/#primaryimage"},"thumbnailUrl":"https:\/\/assets.persecution.com\/es\/historias\/wp-content\/uploads\/2021\/06\/CUS1806BH_0001_Petr-in-Jilava1_pub_Hassan.jpg","datePublished":"2021-08-25T16:09:16+00:00","dateModified":"2022-10-18T22:01:08+00:00","author":{"@id":"https:\/\/www.persecution.com\/es\/historias\/#\/schema\/person\/ae000ea52969cef1249f5afb05ccb961"},"description":"Se les dijo repetidamente que la prisi\u00f3n nunca hab\u00eda experimentado tanta hambre por la Palabra de Dios y un compa\u00f1erismo tan fuerte entre los prisioneros.","breadcrumb":{"@id":"https:\/\/www.persecution.com\/es\/historias\/pastor-encarcelado-en-sudan-predica-a-300-reclusos-hassan\/#breadcrumb"},"inLanguage":"es","potentialAction":[{"@type":"ReadAction","target":["https:\/\/www.persecution.com\/es\/historias\/pastor-encarcelado-en-sudan-predica-a-300-reclusos-hassan\/"]}]},{"@type":"ImageObject","inLanguage":"es","@id":"https:\/\/www.persecution.com\/es\/historias\/pastor-encarcelado-en-sudan-predica-a-300-reclusos-hassan\/#primaryimage","url":"https:\/\/assets.persecution.com\/es\/historias\/wp-content\/uploads\/2021\/06\/CUS1806BH_0001_Petr-in-Jilava1_pub_Hassan.jpg","contentUrl":"https:\/\/assets.persecution.com\/es\/historias\/wp-content\/uploads\/2021\/06\/CUS1806BH_0001_Petr-in-Jilava1_pub_Hassan.jpg","width":1190,"height":671,"caption":"A man stands in front of a building looking away from the camera"},{"@type":"BreadcrumbList","@id":"https:\/\/www.persecution.com\/es\/historias\/pastor-encarcelado-en-sudan-predica-a-300-reclusos-hassan\/#breadcrumb","itemListElement":[{"@type":"ListItem","position":1,"name":"Inicio","item":"https:\/\/www.persecution.com\/es\/historias\/"},{"@type":"ListItem","position":2,"name":"Pastor encarcelado en Sud\u00e1n predica a 300 reclusos"}]},{"@type":"WebSite","@id":"https:\/\/www.persecution.com\/es\/historias\/#website","url":"https:\/\/www.persecution.com\/es\/historias\/","name":"Historias","description":"La Voz de los M\u00e1rtires","potentialAction":[{"@type":"SearchAction","target":{"@type":"EntryPoint","urlTemplate":"https:\/\/www.persecution.com\/es\/historias\/?s={search_term_string}"},"query-input":{"@type":"PropertyValueSpecification","valueRequired":true,"valueName":"search_term_string"}}],"inLanguage":"es"},{"@type":"Person","@id":"https:\/\/www.persecution.com\/es\/historias\/#\/schema\/person\/ae000ea52969cef1249f5afb05ccb961","name":"E Valenzuela","image":{"@type":"ImageObject","inLanguage":"es","@id":"https:\/\/secure.gravatar.com\/avatar\/72e02a942ef259240205425b9749482f07b1b2fb64225b038b4531b157d191a7?s=96&d=mm&r=g","url":"https:\/\/secure.gravatar.com\/avatar\/72e02a942ef259240205425b9749482f07b1b2fb64225b038b4531b157d191a7?s=96&d=mm&r=g","contentUrl":"https:\/\/secure.gravatar.com\/avatar\/72e02a942ef259240205425b9749482f07b1b2fb64225b038b4531b157d191a7?s=96&d=mm&r=g","caption":"E Valenzuela"},"url":"https:\/\/www.persecution.com\/es\/historias\/author\/evalenzuelavom-org\/"}]}},"_links":{"self":[{"href":"https:\/\/www.persecution.com\/es\/historias\/wp-json\/wp\/v2\/posts\/428","targetHints":{"allow":["GET"]}}],"collection":[{"href":"https:\/\/www.persecution.com\/es\/historias\/wp-json\/wp\/v2\/posts"}],"about":[{"href":"https:\/\/www.persecution.com\/es\/historias\/wp-json\/wp\/v2\/types\/post"}],"author":[{"embeddable":true,"href":"https:\/\/www.persecution.com\/es\/historias\/wp-json\/wp\/v2\/users\/12"}],"replies":[{"embeddable":true,"href":"https:\/\/www.persecution.com\/es\/historias\/wp-json\/wp\/v2\/comments?post=428"}],"version-history":[{"count":7,"href":"https:\/\/www.persecution.com\/es\/historias\/wp-json\/wp\/v2\/posts\/428\/revisions"}],"predecessor-version":[{"id":4301,"href":"https:\/\/www.persecution.com\/es\/historias\/wp-json\/wp\/v2\/posts\/428\/revisions\/4301"}],"wp:featuredmedia":[{"embeddable":true,"href":"https:\/\/www.persecution.com\/es\/historias\/wp-json\/wp\/v2\/media\/432"}],"wp:attachment":[{"href":"https:\/\/www.persecution.com\/es\/historias\/wp-json\/wp\/v2\/media?parent=428"}],"wp:term":[{"taxonomy":"category","embeddable":true,"href":"https:\/\/www.persecution.com\/es\/historias\/wp-json\/wp\/v2\/categories?post=428"},{"taxonomy":"post_tag","embeddable":true,"href":"https:\/\/www.persecution.com\/es\/historias\/wp-json\/wp\/v2\/tags?post=428"}],"curies":[{"name":"wp","href":"https:\/\/api.w.org\/{rel}","templated":true}]}}