{"id":3554,"date":"2023-05-02T21:37:39","date_gmt":"2023-05-02T21:37:39","guid":{"rendered":"https:\/\/www.persecution.com\/es\/historias\/?p=3554"},"modified":"2023-05-02T21:37:40","modified_gmt":"2023-05-02T21:37:40","slug":"converso-argelino-encarcelado-por-mensaje-cristiano-en-facebook","status":"publish","type":"post","link":"https:\/\/www.persecution.com\/es\/historias\/converso-argelino-encarcelado-por-mensaje-cristiano-en-facebook\/","title":{"rendered":"Converso argelino encarcelado por mensaje cristiano en Facebook"},"content":{"rendered":"\n<p>Simo es un hombre alto con una postura erguida, lo cual revela su carrera en el ej\u00e9rcito y m\u00e1s tarde como investigador de la polic\u00eda. Como muchos de sus compatriotas, Simo naci\u00f3 siendo musulm\u00e1n, pero siempre le dio poca importancia a su fe. Era la tradici\u00f3n y era parte de su cultura, pero se hab\u00eda sentido m\u00e1s leal a su pa\u00eds que a su religi\u00f3n musulmana.<\/p>\n\n\n\n<p>A principios de los noventa, Argelia pas\u00f3 de un sistema pol\u00edtico de partido \u00fanico a un sistema multipartidista, y, sorprendentemente, un partido islamista gan\u00f3 las elecciones. Para evitar la posibilidad de un gobierno liderado por extremistas, el ej\u00e9rcito r\u00e1pidamente tom\u00f3 el control, lo cual provoc\u00f3 una insurgencia que dur\u00f3 seis a\u00f1os.<\/p>\n\n\n\n<p>Simo sirvi\u00f3 como detective de la polic\u00eda durante la insurgencia, y un d\u00eda se encontr\u00f3 interrogando a un joven musulm\u00e1n que justificaba sus acciones violentas citando el Cor\u00e1n y las ense\u00f1anzas del profeta Mahoma. \u00abPens\u00e9: \u201cSi todo esto es correcto y el islam nos est\u00e1 diciendo que matemos, entonces el islam no es una religi\u00f3n y ya no puedo seguirla\u201d\u00bb, dijo Simo.<\/p>\n\n\n\n<p>Desilusionado con la religi\u00f3n en la que hab\u00eda crecido, Simo comenz\u00f3 a considerar el cristianismo. Despu\u00e9s de visitar algunas iglesias, incluyendo una iglesia protestante cabila, not\u00f3 una diferencia real entre los seguidores de Jes\u00fas y la mayor\u00eda de los musulmanes que conoc\u00eda. \u00abDescubr\u00ed que hay una relaci\u00f3n real entre estas personas y Dios\u00bb, dijo.<\/p>\n\n\n\n<p>Simo quer\u00eda ese tipo de relaci\u00f3n con Dios, por lo que pronto le dio la espalda al islam y puso su fe en Cristo. Cuando los maestros isl\u00e1micos locales insultaron a los cristianos, Simo no tuvo miedo de defender su fe y expresar sus opiniones. Los maestros musulmanes, a su vez, ordenaron un ataque contra Simo que result\u00f3 en una visita al hospital.<\/p>\n\n\n\n<p>Sin embargo, la presi\u00f3n de los musulmanes locales solo sirvi\u00f3 para fortalecer su fe. Cuando vio nuevas mezquitas y escuelas isl\u00e1micas en la regi\u00f3n de Cabilia financiadas por pa\u00edses como Qatar y Turqu\u00eda, decidi\u00f3 combatir su trabajo estableciendo una organizaci\u00f3n apolog\u00e9tica cristiana que lleva el nombre de San Agust\u00edn. \u00abEl objetivo principal de la asociaci\u00f3n era hacer que San Agust\u00edn fuera bien conocido entre los cabilas para que pudieran saber que este hombre era cristiano y un cabila como ellos\u00bb, dijo Simo.<\/p>\n\n\n\n<p>Pero el gobierno argelino neg\u00f3 su solicitud. Entonces, apel\u00f3 directamente a los creyentes argelinos: \u00abCualquier cristiano que est\u00e9 sufriendo por su fe o que est\u00e9 siendo perseguido, por favor, cont\u00e1cteme\u00bb. Luego, comenz\u00f3 a compartir sus historias de persecuci\u00f3n en Facebook.<\/p>\n\n\n\n<p>Para Simo era muy importante el trato injusto que recib\u00edan los cristianos argelinos. Escribi\u00f3 cartas al presidente de Argelia, a la Uni\u00f3n Europea, al canciller de Alemania y otros, expresando su preocupaci\u00f3n por el maltrato de los cristianos en Argelia.<\/p>\n\n\n\n<p>Luego, en julio de 2016, Simo fue arrestado despu\u00e9s de compartir un mensaje en Facebook que dec\u00eda que la luz de Jes\u00fas estaba venciendo la mentira del islam y su profeta. Pas\u00f3 veinte meses en prisi\u00f3n de una sentencia de cinco a\u00f1os, su salud se deterior\u00f3 debido a artritis reumatoide. Desde su liberaci\u00f3n a principios de 2018, Simo y su familia huyeron del pa\u00eds debido a amenazas de muerte.<\/p>\n","protected":false},"excerpt":{"rendered":"<p>Simo es un hombre alto con una postura erguida, lo cual revela su carrera en el ej\u00e9rcito y m\u00e1s tarde como investigador de la polic\u00eda. Como muchos de sus compatriotas, Simo naci\u00f3 siendo musulm\u00e1n, pero siempre le dio poca importancia a su fe. Era la tradici\u00f3n y era parte de su cultura, pero se hab\u00eda sentido m\u00e1s leal a su pa\u00eds que a su religi\u00f3n musulmana. A principios de los noventa, Argelia pas\u00f3 de un sistema pol\u00edtico de partido \u00fanico a un sistema multipartidista, y, sorprendentemente, un partido islamista gan\u00f3 las elecciones. Para evitar la posibilidad de un gobierno liderado por extremistas, el ej\u00e9rcito r\u00e1pidamente tom\u00f3 el control, lo cual provoc\u00f3 una insurgencia que dur\u00f3 seis a\u00f1os. Simo sirvi\u00f3 como detective de la polic\u00eda durante la insurgencia, y un d\u00eda se encontr\u00f3 interrogando a un joven musulm\u00e1n que justificaba sus acciones violentas citando el Cor\u00e1n y las ense\u00f1anzas del profeta Mahoma. \u00abPens\u00e9: \u201cSi todo esto es correcto y el islam nos est\u00e1 diciendo que matemos, entonces el islam no es una religi\u00f3n y ya no puedo seguirla\u201d\u00bb, dijo Simo. Desilusionado con la religi\u00f3n en la que hab\u00eda crecido, Simo comenz\u00f3 a considerar el cristianismo. Despu\u00e9s de visitar algunas iglesias, incluyendo<\/p>\n","protected":false},"author":12,"featured_media":3556,"comment_status":"closed","ping_status":"closed","sticky":false,"template":"","format":"standard","meta":{"footnotes":""},"categories":[6],"tags":[11],"class_list":["post-3554","post","type-post","status-publish","format-standard","has-post-thumbnail","hentry","category-historia","tag-argelia","","tg-column-two"],"yoast_head":"<!-- This site is optimized with the Yoast SEO plugin v27.5 - https:\/\/yoast.com\/product\/yoast-seo-wordpress\/ -->\n<title>Converso argelino encarcelado por mensaje cristiano en Facebook - Historias<\/title>\n<meta name=\"description\" content=\"Simo es un hombre alto con una postura erguida, lo cual revela su carrera en el ej\u00e9rcito y m\u00e1s tarde como investigador de la polic\u00eda.\" \/>\n<meta name=\"robots\" content=\"index, follow, max-snippet:-1, max-image-preview:large, max-video-preview:-1\" \/>\n<link rel=\"canonical\" href=\"https:\/\/www.persecution.com\/es\/historias\/converso-argelino-encarcelado-por-mensaje-cristiano-en-facebook\/\" \/>\n<meta property=\"og:locale\" content=\"es_MX\" \/>\n<meta property=\"og:type\" content=\"article\" \/>\n<meta property=\"og:title\" content=\"Converso argelino encarcelado por mensaje cristiano en Facebook - Historias\" \/>\n<meta property=\"og:description\" content=\"Simo es un hombre alto con una postura erguida, lo cual revela su carrera en el ej\u00e9rcito y m\u00e1s tarde como investigador de la polic\u00eda.\" \/>\n<meta property=\"og:url\" content=\"https:\/\/www.persecution.com\/es\/historias\/converso-argelino-encarcelado-por-mensaje-cristiano-en-facebook\/\" \/>\n<meta property=\"og:site_name\" content=\"Historias\" \/>\n<meta property=\"article:published_time\" content=\"2023-05-02T21:37:39+00:00\" \/>\n<meta property=\"article:modified_time\" content=\"2023-05-02T21:37:40+00:00\" \/>\n<meta property=\"og:image\" content=\"https:\/\/assets.persecution.com\/es\/historias\/wp-content\/uploads\/2022\/02\/fixedCUS1808AN_0056_Various_Simo.jpg\" \/>\n\t<meta property=\"og:image:width\" content=\"2560\" \/>\n\t<meta property=\"og:image:height\" content=\"1671\" \/>\n\t<meta property=\"og:image:type\" content=\"image\/jpeg\" \/>\n<meta name=\"author\" content=\"E Valenzuela\" \/>\n<meta name=\"twitter:card\" content=\"summary_large_image\" \/>\n<meta name=\"twitter:label1\" content=\"Escrito por\" \/>\n\t<meta name=\"twitter:data1\" content=\"E Valenzuela\" \/>\n\t<meta name=\"twitter:label2\" content=\"Tiempo de lectura\" \/>\n\t<meta name=\"twitter:data2\" content=\"3 minutos\" \/>\n<script type=\"application\/ld+json\" class=\"yoast-schema-graph\">{\"@context\":\"https:\\\/\\\/schema.org\",\"@graph\":[{\"@type\":\"Article\",\"@id\":\"https:\\\/\\\/www.persecution.com\\\/es\\\/historias\\\/converso-argelino-encarcelado-por-mensaje-cristiano-en-facebook\\\/#article\",\"isPartOf\":{\"@id\":\"https:\\\/\\\/www.persecution.com\\\/es\\\/historias\\\/converso-argelino-encarcelado-por-mensaje-cristiano-en-facebook\\\/\"},\"author\":{\"name\":\"E Valenzuela\",\"@id\":\"https:\\\/\\\/www.persecution.com\\\/es\\\/historias\\\/#\\\/schema\\\/person\\\/ae000ea52969cef1249f5afb05ccb961\"},\"headline\":\"Converso argelino encarcelado por mensaje cristiano en Facebook\",\"datePublished\":\"2023-05-02T21:37:39+00:00\",\"dateModified\":\"2023-05-02T21:37:40+00:00\",\"mainEntityOfPage\":{\"@id\":\"https:\\\/\\\/www.persecution.com\\\/es\\\/historias\\\/converso-argelino-encarcelado-por-mensaje-cristiano-en-facebook\\\/\"},\"wordCount\":584,\"image\":{\"@id\":\"https:\\\/\\\/www.persecution.com\\\/es\\\/historias\\\/converso-argelino-encarcelado-por-mensaje-cristiano-en-facebook\\\/#primaryimage\"},\"thumbnailUrl\":\"https:\\\/\\\/www.persecution.com\\\/es\\\/historias\\\/wp-content\\\/uploads\\\/2022\\\/02\\\/fixedCUS1808AN_0056_Various_Simo.jpg\",\"keywords\":[\"Argelia\"],\"articleSection\":[\"Historia\"],\"inLanguage\":\"es\"},{\"@type\":\"WebPage\",\"@id\":\"https:\\\/\\\/www.persecution.com\\\/es\\\/historias\\\/converso-argelino-encarcelado-por-mensaje-cristiano-en-facebook\\\/\",\"url\":\"https:\\\/\\\/www.persecution.com\\\/es\\\/historias\\\/converso-argelino-encarcelado-por-mensaje-cristiano-en-facebook\\\/\",\"name\":\"Converso argelino encarcelado por mensaje cristiano en Facebook - Historias\",\"isPartOf\":{\"@id\":\"https:\\\/\\\/www.persecution.com\\\/es\\\/historias\\\/#website\"},\"primaryImageOfPage\":{\"@id\":\"https:\\\/\\\/www.persecution.com\\\/es\\\/historias\\\/converso-argelino-encarcelado-por-mensaje-cristiano-en-facebook\\\/#primaryimage\"},\"image\":{\"@id\":\"https:\\\/\\\/www.persecution.com\\\/es\\\/historias\\\/converso-argelino-encarcelado-por-mensaje-cristiano-en-facebook\\\/#primaryimage\"},\"thumbnailUrl\":\"https:\\\/\\\/www.persecution.com\\\/es\\\/historias\\\/wp-content\\\/uploads\\\/2022\\\/02\\\/fixedCUS1808AN_0056_Various_Simo.jpg\",\"datePublished\":\"2023-05-02T21:37:39+00:00\",\"dateModified\":\"2023-05-02T21:37:40+00:00\",\"author\":{\"@id\":\"https:\\\/\\\/www.persecution.com\\\/es\\\/historias\\\/#\\\/schema\\\/person\\\/ae000ea52969cef1249f5afb05ccb961\"},\"description\":\"Simo es un hombre alto con una postura erguida, lo cual revela su carrera en el ej\u00e9rcito y m\u00e1s tarde como investigador de la polic\u00eda.\",\"breadcrumb\":{\"@id\":\"https:\\\/\\\/www.persecution.com\\\/es\\\/historias\\\/converso-argelino-encarcelado-por-mensaje-cristiano-en-facebook\\\/#breadcrumb\"},\"inLanguage\":\"es\",\"potentialAction\":[{\"@type\":\"ReadAction\",\"target\":[\"https:\\\/\\\/www.persecution.com\\\/es\\\/historias\\\/converso-argelino-encarcelado-por-mensaje-cristiano-en-facebook\\\/\"]}]},{\"@type\":\"ImageObject\",\"inLanguage\":\"es\",\"@id\":\"https:\\\/\\\/www.persecution.com\\\/es\\\/historias\\\/converso-argelino-encarcelado-por-mensaje-cristiano-en-facebook\\\/#primaryimage\",\"url\":\"https:\\\/\\\/www.persecution.com\\\/es\\\/historias\\\/wp-content\\\/uploads\\\/2022\\\/02\\\/fixedCUS1808AN_0056_Various_Simo.jpg\",\"contentUrl\":\"https:\\\/\\\/www.persecution.com\\\/es\\\/historias\\\/wp-content\\\/uploads\\\/2022\\\/02\\\/fixedCUS1808AN_0056_Various_Simo.jpg\",\"width\":2560,\"height\":1671,\"caption\":\"Algerian family standing together smiling\"},{\"@type\":\"BreadcrumbList\",\"@id\":\"https:\\\/\\\/www.persecution.com\\\/es\\\/historias\\\/converso-argelino-encarcelado-por-mensaje-cristiano-en-facebook\\\/#breadcrumb\",\"itemListElement\":[{\"@type\":\"ListItem\",\"position\":1,\"name\":\"Inicio\",\"item\":\"https:\\\/\\\/www.persecution.com\\\/es\\\/historias\\\/\"},{\"@type\":\"ListItem\",\"position\":2,\"name\":\"Converso argelino encarcelado por mensaje cristiano en Facebook\"}]},{\"@type\":\"WebSite\",\"@id\":\"https:\\\/\\\/www.persecution.com\\\/es\\\/historias\\\/#website\",\"url\":\"https:\\\/\\\/www.persecution.com\\\/es\\\/historias\\\/\",\"name\":\"Historias\",\"description\":\"La Voz de los M\u00e1rtires\",\"potentialAction\":[{\"@type\":\"SearchAction\",\"target\":{\"@type\":\"EntryPoint\",\"urlTemplate\":\"https:\\\/\\\/www.persecution.com\\\/es\\\/historias\\\/?s={search_term_string}\"},\"query-input\":{\"@type\":\"PropertyValueSpecification\",\"valueRequired\":true,\"valueName\":\"search_term_string\"}}],\"inLanguage\":\"es\"},{\"@type\":\"Person\",\"@id\":\"https:\\\/\\\/www.persecution.com\\\/es\\\/historias\\\/#\\\/schema\\\/person\\\/ae000ea52969cef1249f5afb05ccb961\",\"name\":\"E Valenzuela\",\"image\":{\"@type\":\"ImageObject\",\"inLanguage\":\"es\",\"@id\":\"https:\\\/\\\/secure.gravatar.com\\\/avatar\\\/72e02a942ef259240205425b9749482f07b1b2fb64225b038b4531b157d191a7?s=96&d=mm&r=g\",\"url\":\"https:\\\/\\\/secure.gravatar.com\\\/avatar\\\/72e02a942ef259240205425b9749482f07b1b2fb64225b038b4531b157d191a7?s=96&d=mm&r=g\",\"contentUrl\":\"https:\\\/\\\/secure.gravatar.com\\\/avatar\\\/72e02a942ef259240205425b9749482f07b1b2fb64225b038b4531b157d191a7?s=96&d=mm&r=g\",\"caption\":\"E Valenzuela\"},\"url\":\"https:\\\/\\\/www.persecution.com\\\/es\\\/historias\\\/author\\\/evalenzuelavom-org\\\/\"}]}<\/script>\n<!-- \/ Yoast SEO plugin. -->","yoast_head_json":{"title":"Converso argelino encarcelado por mensaje cristiano en Facebook - Historias","description":"Simo es un hombre alto con una postura erguida, lo cual revela su carrera en el ej\u00e9rcito y m\u00e1s tarde como investigador de la polic\u00eda.","robots":{"index":"index","follow":"follow","max-snippet":"max-snippet:-1","max-image-preview":"max-image-preview:large","max-video-preview":"max-video-preview:-1"},"canonical":"https:\/\/www.persecution.com\/es\/historias\/converso-argelino-encarcelado-por-mensaje-cristiano-en-facebook\/","og_locale":"es_MX","og_type":"article","og_title":"Converso argelino encarcelado por mensaje cristiano en Facebook - Historias","og_description":"Simo es un hombre alto con una postura erguida, lo cual revela su carrera en el ej\u00e9rcito y m\u00e1s tarde como investigador de la polic\u00eda.","og_url":"https:\/\/www.persecution.com\/es\/historias\/converso-argelino-encarcelado-por-mensaje-cristiano-en-facebook\/","og_site_name":"Historias","article_published_time":"2023-05-02T21:37:39+00:00","article_modified_time":"2023-05-02T21:37:40+00:00","og_image":[{"width":2560,"height":1671,"url":"https:\/\/assets.persecution.com\/es\/historias\/wp-content\/uploads\/2022\/02\/fixedCUS1808AN_0056_Various_Simo.jpg","type":"image\/jpeg"}],"author":"E Valenzuela","twitter_card":"summary_large_image","twitter_misc":{"Escrito por":"E Valenzuela","Tiempo de lectura":"3 minutos"},"schema":{"@context":"https:\/\/schema.org","@graph":[{"@type":"Article","@id":"https:\/\/www.persecution.com\/es\/historias\/converso-argelino-encarcelado-por-mensaje-cristiano-en-facebook\/#article","isPartOf":{"@id":"https:\/\/www.persecution.com\/es\/historias\/converso-argelino-encarcelado-por-mensaje-cristiano-en-facebook\/"},"author":{"name":"E Valenzuela","@id":"https:\/\/www.persecution.com\/es\/historias\/#\/schema\/person\/ae000ea52969cef1249f5afb05ccb961"},"headline":"Converso argelino encarcelado por mensaje cristiano en Facebook","datePublished":"2023-05-02T21:37:39+00:00","dateModified":"2023-05-02T21:37:40+00:00","mainEntityOfPage":{"@id":"https:\/\/www.persecution.com\/es\/historias\/converso-argelino-encarcelado-por-mensaje-cristiano-en-facebook\/"},"wordCount":584,"image":{"@id":"https:\/\/www.persecution.com\/es\/historias\/converso-argelino-encarcelado-por-mensaje-cristiano-en-facebook\/#primaryimage"},"thumbnailUrl":"https:\/\/assets.persecution.com\/es\/historias\/wp-content\/uploads\/2022\/02\/fixedCUS1808AN_0056_Various_Simo.jpg","keywords":["Argelia"],"articleSection":["Historia"],"inLanguage":"es"},{"@type":"WebPage","@id":"https:\/\/www.persecution.com\/es\/historias\/converso-argelino-encarcelado-por-mensaje-cristiano-en-facebook\/","url":"https:\/\/www.persecution.com\/es\/historias\/converso-argelino-encarcelado-por-mensaje-cristiano-en-facebook\/","name":"Converso argelino encarcelado por mensaje cristiano en Facebook - Historias","isPartOf":{"@id":"https:\/\/www.persecution.com\/es\/historias\/#website"},"primaryImageOfPage":{"@id":"https:\/\/www.persecution.com\/es\/historias\/converso-argelino-encarcelado-por-mensaje-cristiano-en-facebook\/#primaryimage"},"image":{"@id":"https:\/\/www.persecution.com\/es\/historias\/converso-argelino-encarcelado-por-mensaje-cristiano-en-facebook\/#primaryimage"},"thumbnailUrl":"https:\/\/assets.persecution.com\/es\/historias\/wp-content\/uploads\/2022\/02\/fixedCUS1808AN_0056_Various_Simo.jpg","datePublished":"2023-05-02T21:37:39+00:00","dateModified":"2023-05-02T21:37:40+00:00","author":{"@id":"https:\/\/www.persecution.com\/es\/historias\/#\/schema\/person\/ae000ea52969cef1249f5afb05ccb961"},"description":"Simo es un hombre alto con una postura erguida, lo cual revela su carrera en el ej\u00e9rcito y m\u00e1s tarde como investigador de la polic\u00eda.","breadcrumb":{"@id":"https:\/\/www.persecution.com\/es\/historias\/converso-argelino-encarcelado-por-mensaje-cristiano-en-facebook\/#breadcrumb"},"inLanguage":"es","potentialAction":[{"@type":"ReadAction","target":["https:\/\/www.persecution.com\/es\/historias\/converso-argelino-encarcelado-por-mensaje-cristiano-en-facebook\/"]}]},{"@type":"ImageObject","inLanguage":"es","@id":"https:\/\/www.persecution.com\/es\/historias\/converso-argelino-encarcelado-por-mensaje-cristiano-en-facebook\/#primaryimage","url":"https:\/\/assets.persecution.com\/es\/historias\/wp-content\/uploads\/2022\/02\/fixedCUS1808AN_0056_Various_Simo.jpg","contentUrl":"https:\/\/assets.persecution.com\/es\/historias\/wp-content\/uploads\/2022\/02\/fixedCUS1808AN_0056_Various_Simo.jpg","width":2560,"height":1671,"caption":"Algerian family standing together smiling"},{"@type":"BreadcrumbList","@id":"https:\/\/www.persecution.com\/es\/historias\/converso-argelino-encarcelado-por-mensaje-cristiano-en-facebook\/#breadcrumb","itemListElement":[{"@type":"ListItem","position":1,"name":"Inicio","item":"https:\/\/www.persecution.com\/es\/historias\/"},{"@type":"ListItem","position":2,"name":"Converso argelino encarcelado por mensaje cristiano en Facebook"}]},{"@type":"WebSite","@id":"https:\/\/www.persecution.com\/es\/historias\/#website","url":"https:\/\/www.persecution.com\/es\/historias\/","name":"Historias","description":"La Voz de los M\u00e1rtires","potentialAction":[{"@type":"SearchAction","target":{"@type":"EntryPoint","urlTemplate":"https:\/\/www.persecution.com\/es\/historias\/?s={search_term_string}"},"query-input":{"@type":"PropertyValueSpecification","valueRequired":true,"valueName":"search_term_string"}}],"inLanguage":"es"},{"@type":"Person","@id":"https:\/\/www.persecution.com\/es\/historias\/#\/schema\/person\/ae000ea52969cef1249f5afb05ccb961","name":"E Valenzuela","image":{"@type":"ImageObject","inLanguage":"es","@id":"https:\/\/secure.gravatar.com\/avatar\/72e02a942ef259240205425b9749482f07b1b2fb64225b038b4531b157d191a7?s=96&d=mm&r=g","url":"https:\/\/secure.gravatar.com\/avatar\/72e02a942ef259240205425b9749482f07b1b2fb64225b038b4531b157d191a7?s=96&d=mm&r=g","contentUrl":"https:\/\/secure.gravatar.com\/avatar\/72e02a942ef259240205425b9749482f07b1b2fb64225b038b4531b157d191a7?s=96&d=mm&r=g","caption":"E Valenzuela"},"url":"https:\/\/www.persecution.com\/es\/historias\/author\/evalenzuelavom-org\/"}]}},"_links":{"self":[{"href":"https:\/\/www.persecution.com\/es\/historias\/wp-json\/wp\/v2\/posts\/3554","targetHints":{"allow":["GET"]}}],"collection":[{"href":"https:\/\/www.persecution.com\/es\/historias\/wp-json\/wp\/v2\/posts"}],"about":[{"href":"https:\/\/www.persecution.com\/es\/historias\/wp-json\/wp\/v2\/types\/post"}],"author":[{"embeddable":true,"href":"https:\/\/www.persecution.com\/es\/historias\/wp-json\/wp\/v2\/users\/12"}],"replies":[{"embeddable":true,"href":"https:\/\/www.persecution.com\/es\/historias\/wp-json\/wp\/v2\/comments?post=3554"}],"version-history":[{"count":1,"href":"https:\/\/www.persecution.com\/es\/historias\/wp-json\/wp\/v2\/posts\/3554\/revisions"}],"predecessor-version":[{"id":4474,"href":"https:\/\/www.persecution.com\/es\/historias\/wp-json\/wp\/v2\/posts\/3554\/revisions\/4474"}],"wp:featuredmedia":[{"embeddable":true,"href":"https:\/\/www.persecution.com\/es\/historias\/wp-json\/wp\/v2\/media\/3556"}],"wp:attachment":[{"href":"https:\/\/www.persecution.com\/es\/historias\/wp-json\/wp\/v2\/media?parent=3554"}],"wp:term":[{"taxonomy":"category","embeddable":true,"href":"https:\/\/www.persecution.com\/es\/historias\/wp-json\/wp\/v2\/categories?post=3554"},{"taxonomy":"post_tag","embeddable":true,"href":"https:\/\/www.persecution.com\/es\/historias\/wp-json\/wp\/v2\/tags?post=3554"}],"curies":[{"name":"wp","href":"https:\/\/api.w.org\/{rel}","templated":true}]}}