{"id":3519,"date":"2022-01-13T08:07:01","date_gmt":"2022-01-13T08:07:01","guid":{"rendered":"https:\/\/www.persecution.com\/es\/historias\/police-threaten-to-nail-hands-and-feet-of-christians-who-gather-for-worship\/"},"modified":"2022-11-01T17:22:22","modified_gmt":"2022-11-01T17:22:22","slug":"la-policia-amenaza-con-clavar-las-manos-y-los-pies-de-los-cristianos-que-se-reunan-para-adorar","status":"publish","type":"post","link":"https:\/\/www.persecution.com\/es\/historias\/la-policia-amenaza-con-clavar-las-manos-y-los-pies-de-los-cristianos-que-se-reunan-para-adorar\/","title":{"rendered":"La polic\u00eda amenaza con clavar las manos y los pies de los cristianos que se re\u00fanan para adorar"},"content":{"rendered":"<p>A finales de octubre de 2021, la polic\u00eda les anunci\u00f3 a seis aldeas que a los cristianos no se les permitir\u00eda compartir sobre Jesucristo, y que a los ni\u00f1os menores de 17 a\u00f1os no se les permitir\u00eda creer en Jes\u00fas. Los oficiales tomaron fotos de cada creyente conocido en cada aldea, examinaron sus casas y derribaron cualquier cruz colgada en las paredes. La polic\u00eda tambi\u00e9n les advirti\u00f3 a los aldeanos que los cristianos no deb\u00edan adorar ni tampoco reunirse en grupos de m\u00e1s de cinco personas. Si lo hac\u00edan, podr\u00edan ser \u00abclavados de manos y pies\u00bb o, asesinados a tiros. En una aldea, un ni\u00f1o de 14 a\u00f1os llamado Kanoa fue detenido y lo amenazaron con meterlo a la c\u00e1rcel si segu\u00eda yendo a la iglesia y adorando a Jes\u00fas. Oremos por que Kanoa y los otros aldeanos cristianos crezcan en su fe a pesar del miedo que experimentan. Oremos por que otros en la aldea escuchen el evangelio y sean inspirados por la fidelidad de estos creyentes que est\u00e1n soportando persecuci\u00f3n. Oremos por la protecci\u00f3n de los cristianos mientras contin\u00faan siguiendo a Cristo.<\/p>\n<p><a href=\"https:\/\/www.persecution.com\/es\/guiadeoracionglobal\/laos\/?_source_code=WBPGGPG20B\">Haz clic aqu\u00ed<\/a> para informarte sobre la persecuci\u00f3n de los cristianos en <a href=\"https:\/\/www.persecution.com\/es\/guiadeoracionglobal\/laos\/?_source_code=WBPGGPG20B\">Laos<\/a> y saber c\u00f3mo orar.<\/p>\n","protected":false},"excerpt":{"rendered":"<p>A finales de octubre de 2021, la polic\u00eda les anunci\u00f3 a seis aldeas que a los cristianos no se les permitir\u00eda compartir sobre Jesucristo, y que a los ni\u00f1os menores de 17 a\u00f1os no se les permitir\u00eda creer en Jes\u00fas. Los oficiales tomaron fotos de cada creyente conocido en cada aldea, examinaron sus casas y derribaron cualquier cruz colgada en las paredes. La polic\u00eda tambi\u00e9n les advirti\u00f3 a los aldeanos que los cristianos no deb\u00edan adorar ni tampoco reunirse en grupos de m\u00e1s de cinco personas. Si lo hac\u00edan, podr\u00edan ser \u00abclavados de manos y pies\u00bb o, asesinados a tiros. En una aldea, un ni\u00f1o de 14 a\u00f1os llamado Kanoa fue detenido y lo amenazaron con meterlo a la c\u00e1rcel si segu\u00eda yendo a la iglesia y adorando a Jes\u00fas. Oremos por que Kanoa y los otros aldeanos cristianos crezcan en su fe a pesar del miedo que experimentan. Oremos por que otros en la aldea escuchen el evangelio y sean inspirados por la fidelidad de estos creyentes que est\u00e1n soportando persecuci\u00f3n. Oremos por la protecci\u00f3n de los cristianos mientras contin\u00faan siguiendo a Cristo. Haz clic aqu\u00ed para informarte sobre la persecuci\u00f3n de los cristianos en Laos y saber c\u00f3mo<\/p>\n","protected":false},"author":12,"featured_media":181,"comment_status":"closed","ping_status":"closed","sticky":false,"template":"","format":"standard","meta":{"footnotes":""},"categories":[79],"tags":[37],"class_list":["post-3519","post","type-post","status-publish","format-standard","has-post-thumbnail","hentry","category-oracion","tag-laos","","tg-column-two"],"yoast_head":"<!-- This site is optimized with the Yoast SEO plugin v27.5 - https:\/\/yoast.com\/product\/yoast-seo-wordpress\/ -->\n<title>La polic\u00eda amenaza con clavar las manos y los pies de los cristianos que se re\u00fanan para adorar - Historias<\/title>\n<meta name=\"description\" content=\"La polic\u00eda les anunci\u00f3 a seis aldeas que a los cristianos no se les permitir\u00eda compartir sobre Jesucristo.\" \/>\n<meta name=\"robots\" content=\"index, follow, max-snippet:-1, max-image-preview:large, max-video-preview:-1\" \/>\n<link rel=\"canonical\" href=\"https:\/\/www.persecution.com\/es\/historias\/la-policia-amenaza-con-clavar-las-manos-y-los-pies-de-los-cristianos-que-se-reunan-para-adorar\/\" \/>\n<meta property=\"og:locale\" content=\"es_MX\" \/>\n<meta property=\"og:type\" content=\"article\" \/>\n<meta property=\"og:title\" content=\"La polic\u00eda amenaza con clavar las manos y los pies de los cristianos que se re\u00fanan para adorar - Historias\" \/>\n<meta property=\"og:description\" content=\"La polic\u00eda les anunci\u00f3 a seis aldeas que a los cristianos no se les permitir\u00eda compartir sobre Jesucristo.\" \/>\n<meta property=\"og:url\" content=\"https:\/\/www.persecution.com\/es\/historias\/la-policia-amenaza-con-clavar-las-manos-y-los-pies-de-los-cristianos-que-se-reunan-para-adorar\/\" \/>\n<meta property=\"og:site_name\" content=\"Historias\" \/>\n<meta property=\"article:published_time\" content=\"2022-01-13T08:07:01+00:00\" \/>\n<meta property=\"article:modified_time\" content=\"2022-11-01T17:22:22+00:00\" \/>\n<meta property=\"og:image\" content=\"https:\/\/assets.persecution.com\/es\/historias\/wp-content\/uploads\/2021\/05\/VOM-Stories-iCommit-PlaceholderV2.jpg\" \/>\n\t<meta property=\"og:image:width\" content=\"978\" \/>\n\t<meta property=\"og:image:height\" content=\"640\" \/>\n\t<meta property=\"og:image:type\" content=\"image\/jpeg\" \/>\n<meta name=\"author\" content=\"E Valenzuela\" \/>\n<meta name=\"twitter:card\" content=\"summary_large_image\" \/>\n<meta name=\"twitter:label1\" content=\"Escrito por\" \/>\n\t<meta name=\"twitter:data1\" content=\"E Valenzuela\" \/>\n\t<meta name=\"twitter:label2\" content=\"Tiempo de lectura\" \/>\n\t<meta name=\"twitter:data2\" content=\"1 minuto\" \/>\n<script type=\"application\/ld+json\" class=\"yoast-schema-graph\">{\"@context\":\"https:\\\/\\\/schema.org\",\"@graph\":[{\"@type\":\"Article\",\"@id\":\"https:\\\/\\\/www.persecution.com\\\/es\\\/historias\\\/la-policia-amenaza-con-clavar-las-manos-y-los-pies-de-los-cristianos-que-se-reunan-para-adorar\\\/#article\",\"isPartOf\":{\"@id\":\"https:\\\/\\\/www.persecution.com\\\/es\\\/historias\\\/la-policia-amenaza-con-clavar-las-manos-y-los-pies-de-los-cristianos-que-se-reunan-para-adorar\\\/\"},\"author\":{\"name\":\"E Valenzuela\",\"@id\":\"https:\\\/\\\/www.persecution.com\\\/es\\\/historias\\\/#\\\/schema\\\/person\\\/ae000ea52969cef1249f5afb05ccb961\"},\"headline\":\"La polic\u00eda amenaza con clavar las manos y los pies de los cristianos que se re\u00fanan para adorar\",\"datePublished\":\"2022-01-13T08:07:01+00:00\",\"dateModified\":\"2022-11-01T17:22:22+00:00\",\"mainEntityOfPage\":{\"@id\":\"https:\\\/\\\/www.persecution.com\\\/es\\\/historias\\\/la-policia-amenaza-con-clavar-las-manos-y-los-pies-de-los-cristianos-que-se-reunan-para-adorar\\\/\"},\"wordCount\":241,\"image\":{\"@id\":\"https:\\\/\\\/www.persecution.com\\\/es\\\/historias\\\/la-policia-amenaza-con-clavar-las-manos-y-los-pies-de-los-cristianos-que-se-reunan-para-adorar\\\/#primaryimage\"},\"thumbnailUrl\":\"https:\\\/\\\/www.persecution.com\\\/es\\\/historias\\\/wp-content\\\/uploads\\\/2021\\\/05\\\/VOM-Stories-iCommit-PlaceholderV2.jpg\",\"keywords\":[\"Laos\"],\"articleSection\":[\"Oraci\u00f3n\"],\"inLanguage\":\"es\"},{\"@type\":\"WebPage\",\"@id\":\"https:\\\/\\\/www.persecution.com\\\/es\\\/historias\\\/la-policia-amenaza-con-clavar-las-manos-y-los-pies-de-los-cristianos-que-se-reunan-para-adorar\\\/\",\"url\":\"https:\\\/\\\/www.persecution.com\\\/es\\\/historias\\\/la-policia-amenaza-con-clavar-las-manos-y-los-pies-de-los-cristianos-que-se-reunan-para-adorar\\\/\",\"name\":\"La polic\u00eda amenaza con clavar las manos y los pies de los cristianos que se re\u00fanan para adorar - Historias\",\"isPartOf\":{\"@id\":\"https:\\\/\\\/www.persecution.com\\\/es\\\/historias\\\/#website\"},\"primaryImageOfPage\":{\"@id\":\"https:\\\/\\\/www.persecution.com\\\/es\\\/historias\\\/la-policia-amenaza-con-clavar-las-manos-y-los-pies-de-los-cristianos-que-se-reunan-para-adorar\\\/#primaryimage\"},\"image\":{\"@id\":\"https:\\\/\\\/www.persecution.com\\\/es\\\/historias\\\/la-policia-amenaza-con-clavar-las-manos-y-los-pies-de-los-cristianos-que-se-reunan-para-adorar\\\/#primaryimage\"},\"thumbnailUrl\":\"https:\\\/\\\/www.persecution.com\\\/es\\\/historias\\\/wp-content\\\/uploads\\\/2021\\\/05\\\/VOM-Stories-iCommit-PlaceholderV2.jpg\",\"datePublished\":\"2022-01-13T08:07:01+00:00\",\"dateModified\":\"2022-11-01T17:22:22+00:00\",\"author\":{\"@id\":\"https:\\\/\\\/www.persecution.com\\\/es\\\/historias\\\/#\\\/schema\\\/person\\\/ae000ea52969cef1249f5afb05ccb961\"},\"description\":\"La polic\u00eda les anunci\u00f3 a seis aldeas que a los cristianos no se les permitir\u00eda compartir sobre Jesucristo.\",\"breadcrumb\":{\"@id\":\"https:\\\/\\\/www.persecution.com\\\/es\\\/historias\\\/la-policia-amenaza-con-clavar-las-manos-y-los-pies-de-los-cristianos-que-se-reunan-para-adorar\\\/#breadcrumb\"},\"inLanguage\":\"es\",\"potentialAction\":[{\"@type\":\"ReadAction\",\"target\":[\"https:\\\/\\\/www.persecution.com\\\/es\\\/historias\\\/la-policia-amenaza-con-clavar-las-manos-y-los-pies-de-los-cristianos-que-se-reunan-para-adorar\\\/\"]}]},{\"@type\":\"ImageObject\",\"inLanguage\":\"es\",\"@id\":\"https:\\\/\\\/www.persecution.com\\\/es\\\/historias\\\/la-policia-amenaza-con-clavar-las-manos-y-los-pies-de-los-cristianos-que-se-reunan-para-adorar\\\/#primaryimage\",\"url\":\"https:\\\/\\\/www.persecution.com\\\/es\\\/historias\\\/wp-content\\\/uploads\\\/2021\\\/05\\\/VOM-Stories-iCommit-PlaceholderV2.jpg\",\"contentUrl\":\"https:\\\/\\\/www.persecution.com\\\/es\\\/historias\\\/wp-content\\\/uploads\\\/2021\\\/05\\\/VOM-Stories-iCommit-PlaceholderV2.jpg\",\"width\":978,\"height\":640},{\"@type\":\"BreadcrumbList\",\"@id\":\"https:\\\/\\\/www.persecution.com\\\/es\\\/historias\\\/la-policia-amenaza-con-clavar-las-manos-y-los-pies-de-los-cristianos-que-se-reunan-para-adorar\\\/#breadcrumb\",\"itemListElement\":[{\"@type\":\"ListItem\",\"position\":1,\"name\":\"Inicio\",\"item\":\"https:\\\/\\\/www.persecution.com\\\/es\\\/historias\\\/\"},{\"@type\":\"ListItem\",\"position\":2,\"name\":\"La polic\u00eda amenaza con clavar las manos y los pies de los cristianos que se re\u00fanan para adorar\"}]},{\"@type\":\"WebSite\",\"@id\":\"https:\\\/\\\/www.persecution.com\\\/es\\\/historias\\\/#website\",\"url\":\"https:\\\/\\\/www.persecution.com\\\/es\\\/historias\\\/\",\"name\":\"Historias\",\"description\":\"La Voz de los M\u00e1rtires\",\"potentialAction\":[{\"@type\":\"SearchAction\",\"target\":{\"@type\":\"EntryPoint\",\"urlTemplate\":\"https:\\\/\\\/www.persecution.com\\\/es\\\/historias\\\/?s={search_term_string}\"},\"query-input\":{\"@type\":\"PropertyValueSpecification\",\"valueRequired\":true,\"valueName\":\"search_term_string\"}}],\"inLanguage\":\"es\"},{\"@type\":\"Person\",\"@id\":\"https:\\\/\\\/www.persecution.com\\\/es\\\/historias\\\/#\\\/schema\\\/person\\\/ae000ea52969cef1249f5afb05ccb961\",\"name\":\"E Valenzuela\",\"image\":{\"@type\":\"ImageObject\",\"inLanguage\":\"es\",\"@id\":\"https:\\\/\\\/secure.gravatar.com\\\/avatar\\\/72e02a942ef259240205425b9749482f07b1b2fb64225b038b4531b157d191a7?s=96&d=mm&r=g\",\"url\":\"https:\\\/\\\/secure.gravatar.com\\\/avatar\\\/72e02a942ef259240205425b9749482f07b1b2fb64225b038b4531b157d191a7?s=96&d=mm&r=g\",\"contentUrl\":\"https:\\\/\\\/secure.gravatar.com\\\/avatar\\\/72e02a942ef259240205425b9749482f07b1b2fb64225b038b4531b157d191a7?s=96&d=mm&r=g\",\"caption\":\"E Valenzuela\"},\"url\":\"https:\\\/\\\/www.persecution.com\\\/es\\\/historias\\\/author\\\/evalenzuelavom-org\\\/\"}]}<\/script>\n<!-- \/ Yoast SEO plugin. -->","yoast_head_json":{"title":"La polic\u00eda amenaza con clavar las manos y los pies de los cristianos que se re\u00fanan para adorar - Historias","description":"La polic\u00eda les anunci\u00f3 a seis aldeas que a los cristianos no se les permitir\u00eda compartir sobre Jesucristo.","robots":{"index":"index","follow":"follow","max-snippet":"max-snippet:-1","max-image-preview":"max-image-preview:large","max-video-preview":"max-video-preview:-1"},"canonical":"https:\/\/www.persecution.com\/es\/historias\/la-policia-amenaza-con-clavar-las-manos-y-los-pies-de-los-cristianos-que-se-reunan-para-adorar\/","og_locale":"es_MX","og_type":"article","og_title":"La polic\u00eda amenaza con clavar las manos y los pies de los cristianos que se re\u00fanan para adorar - Historias","og_description":"La polic\u00eda les anunci\u00f3 a seis aldeas que a los cristianos no se les permitir\u00eda compartir sobre Jesucristo.","og_url":"https:\/\/www.persecution.com\/es\/historias\/la-policia-amenaza-con-clavar-las-manos-y-los-pies-de-los-cristianos-que-se-reunan-para-adorar\/","og_site_name":"Historias","article_published_time":"2022-01-13T08:07:01+00:00","article_modified_time":"2022-11-01T17:22:22+00:00","og_image":[{"width":978,"height":640,"url":"https:\/\/assets.persecution.com\/es\/historias\/wp-content\/uploads\/2021\/05\/VOM-Stories-iCommit-PlaceholderV2.jpg","type":"image\/jpeg"}],"author":"E Valenzuela","twitter_card":"summary_large_image","twitter_misc":{"Escrito por":"E Valenzuela","Tiempo de lectura":"1 minuto"},"schema":{"@context":"https:\/\/schema.org","@graph":[{"@type":"Article","@id":"https:\/\/www.persecution.com\/es\/historias\/la-policia-amenaza-con-clavar-las-manos-y-los-pies-de-los-cristianos-que-se-reunan-para-adorar\/#article","isPartOf":{"@id":"https:\/\/www.persecution.com\/es\/historias\/la-policia-amenaza-con-clavar-las-manos-y-los-pies-de-los-cristianos-que-se-reunan-para-adorar\/"},"author":{"name":"E Valenzuela","@id":"https:\/\/www.persecution.com\/es\/historias\/#\/schema\/person\/ae000ea52969cef1249f5afb05ccb961"},"headline":"La polic\u00eda amenaza con clavar las manos y los pies de los cristianos que se re\u00fanan para adorar","datePublished":"2022-01-13T08:07:01+00:00","dateModified":"2022-11-01T17:22:22+00:00","mainEntityOfPage":{"@id":"https:\/\/www.persecution.com\/es\/historias\/la-policia-amenaza-con-clavar-las-manos-y-los-pies-de-los-cristianos-que-se-reunan-para-adorar\/"},"wordCount":241,"image":{"@id":"https:\/\/www.persecution.com\/es\/historias\/la-policia-amenaza-con-clavar-las-manos-y-los-pies-de-los-cristianos-que-se-reunan-para-adorar\/#primaryimage"},"thumbnailUrl":"https:\/\/assets.persecution.com\/es\/historias\/wp-content\/uploads\/2021\/05\/VOM-Stories-iCommit-PlaceholderV2.jpg","keywords":["Laos"],"articleSection":["Oraci\u00f3n"],"inLanguage":"es"},{"@type":"WebPage","@id":"https:\/\/www.persecution.com\/es\/historias\/la-policia-amenaza-con-clavar-las-manos-y-los-pies-de-los-cristianos-que-se-reunan-para-adorar\/","url":"https:\/\/www.persecution.com\/es\/historias\/la-policia-amenaza-con-clavar-las-manos-y-los-pies-de-los-cristianos-que-se-reunan-para-adorar\/","name":"La polic\u00eda amenaza con clavar las manos y los pies de los cristianos que se re\u00fanan para adorar - Historias","isPartOf":{"@id":"https:\/\/www.persecution.com\/es\/historias\/#website"},"primaryImageOfPage":{"@id":"https:\/\/www.persecution.com\/es\/historias\/la-policia-amenaza-con-clavar-las-manos-y-los-pies-de-los-cristianos-que-se-reunan-para-adorar\/#primaryimage"},"image":{"@id":"https:\/\/www.persecution.com\/es\/historias\/la-policia-amenaza-con-clavar-las-manos-y-los-pies-de-los-cristianos-que-se-reunan-para-adorar\/#primaryimage"},"thumbnailUrl":"https:\/\/assets.persecution.com\/es\/historias\/wp-content\/uploads\/2021\/05\/VOM-Stories-iCommit-PlaceholderV2.jpg","datePublished":"2022-01-13T08:07:01+00:00","dateModified":"2022-11-01T17:22:22+00:00","author":{"@id":"https:\/\/www.persecution.com\/es\/historias\/#\/schema\/person\/ae000ea52969cef1249f5afb05ccb961"},"description":"La polic\u00eda les anunci\u00f3 a seis aldeas que a los cristianos no se les permitir\u00eda compartir sobre Jesucristo.","breadcrumb":{"@id":"https:\/\/www.persecution.com\/es\/historias\/la-policia-amenaza-con-clavar-las-manos-y-los-pies-de-los-cristianos-que-se-reunan-para-adorar\/#breadcrumb"},"inLanguage":"es","potentialAction":[{"@type":"ReadAction","target":["https:\/\/www.persecution.com\/es\/historias\/la-policia-amenaza-con-clavar-las-manos-y-los-pies-de-los-cristianos-que-se-reunan-para-adorar\/"]}]},{"@type":"ImageObject","inLanguage":"es","@id":"https:\/\/www.persecution.com\/es\/historias\/la-policia-amenaza-con-clavar-las-manos-y-los-pies-de-los-cristianos-que-se-reunan-para-adorar\/#primaryimage","url":"https:\/\/assets.persecution.com\/es\/historias\/wp-content\/uploads\/2021\/05\/VOM-Stories-iCommit-PlaceholderV2.jpg","contentUrl":"https:\/\/assets.persecution.com\/es\/historias\/wp-content\/uploads\/2021\/05\/VOM-Stories-iCommit-PlaceholderV2.jpg","width":978,"height":640},{"@type":"BreadcrumbList","@id":"https:\/\/www.persecution.com\/es\/historias\/la-policia-amenaza-con-clavar-las-manos-y-los-pies-de-los-cristianos-que-se-reunan-para-adorar\/#breadcrumb","itemListElement":[{"@type":"ListItem","position":1,"name":"Inicio","item":"https:\/\/www.persecution.com\/es\/historias\/"},{"@type":"ListItem","position":2,"name":"La polic\u00eda amenaza con clavar las manos y los pies de los cristianos que se re\u00fanan para adorar"}]},{"@type":"WebSite","@id":"https:\/\/www.persecution.com\/es\/historias\/#website","url":"https:\/\/www.persecution.com\/es\/historias\/","name":"Historias","description":"La Voz de los M\u00e1rtires","potentialAction":[{"@type":"SearchAction","target":{"@type":"EntryPoint","urlTemplate":"https:\/\/www.persecution.com\/es\/historias\/?s={search_term_string}"},"query-input":{"@type":"PropertyValueSpecification","valueRequired":true,"valueName":"search_term_string"}}],"inLanguage":"es"},{"@type":"Person","@id":"https:\/\/www.persecution.com\/es\/historias\/#\/schema\/person\/ae000ea52969cef1249f5afb05ccb961","name":"E Valenzuela","image":{"@type":"ImageObject","inLanguage":"es","@id":"https:\/\/secure.gravatar.com\/avatar\/72e02a942ef259240205425b9749482f07b1b2fb64225b038b4531b157d191a7?s=96&d=mm&r=g","url":"https:\/\/secure.gravatar.com\/avatar\/72e02a942ef259240205425b9749482f07b1b2fb64225b038b4531b157d191a7?s=96&d=mm&r=g","contentUrl":"https:\/\/secure.gravatar.com\/avatar\/72e02a942ef259240205425b9749482f07b1b2fb64225b038b4531b157d191a7?s=96&d=mm&r=g","caption":"E Valenzuela"},"url":"https:\/\/www.persecution.com\/es\/historias\/author\/evalenzuelavom-org\/"}]}},"_links":{"self":[{"href":"https:\/\/www.persecution.com\/es\/historias\/wp-json\/wp\/v2\/posts\/3519","targetHints":{"allow":["GET"]}}],"collection":[{"href":"https:\/\/www.persecution.com\/es\/historias\/wp-json\/wp\/v2\/posts"}],"about":[{"href":"https:\/\/www.persecution.com\/es\/historias\/wp-json\/wp\/v2\/types\/post"}],"author":[{"embeddable":true,"href":"https:\/\/www.persecution.com\/es\/historias\/wp-json\/wp\/v2\/users\/12"}],"replies":[{"embeddable":true,"href":"https:\/\/www.persecution.com\/es\/historias\/wp-json\/wp\/v2\/comments?post=3519"}],"version-history":[{"count":2,"href":"https:\/\/www.persecution.com\/es\/historias\/wp-json\/wp\/v2\/posts\/3519\/revisions"}],"predecessor-version":[{"id":4256,"href":"https:\/\/www.persecution.com\/es\/historias\/wp-json\/wp\/v2\/posts\/3519\/revisions\/4256"}],"wp:featuredmedia":[{"embeddable":true,"href":"https:\/\/www.persecution.com\/es\/historias\/wp-json\/wp\/v2\/media\/181"}],"wp:attachment":[{"href":"https:\/\/www.persecution.com\/es\/historias\/wp-json\/wp\/v2\/media?parent=3519"}],"wp:term":[{"taxonomy":"category","embeddable":true,"href":"https:\/\/www.persecution.com\/es\/historias\/wp-json\/wp\/v2\/categories?post=3519"},{"taxonomy":"post_tag","embeddable":true,"href":"https:\/\/www.persecution.com\/es\/historias\/wp-json\/wp\/v2\/tags?post=3519"}],"curies":[{"name":"wp","href":"https:\/\/api.w.org\/{rel}","templated":true}]}}