{"id":3009,"date":"2021-10-07T07:07:02","date_gmt":"2021-10-07T07:07:02","guid":{"rendered":"https:\/\/www.persecution.com\/es\/historias\/more-than-100-new-believers-baptized\/"},"modified":"2022-10-26T22:21:01","modified_gmt":"2022-10-26T22:21:01","slug":"mas-de-1000-nuevos-creyentes-bautizados","status":"publish","type":"post","link":"https:\/\/www.persecution.com\/es\/historias\/mas-de-1000-nuevos-creyentes-bautizados\/","title":{"rendered":"M\u00e1s de 100 nuevos creyentes bautizados"},"content":{"rendered":"<p>Varios trabajadores del frente en <a href=\"https:\/\/www.persecution.com\/es\/guiadeoracionglobal\/cuba\/?_source_code=WBPGGPG20B\">Cuba<\/a> celebraron recientemente el bautismo de m\u00e1s de 100 creyentes como parte de la manera en que el reino de Dios contin\u00faa avanzando en medio de la adversidad y la oposici\u00f3n. \u00abEn medio de amenazas, la pandemia y las muertes por el coronavirus, la iglesia de <a href=\"https:\/\/www.persecution.com\/es\/guiadeoracionglobal\/cuba\/?_source_code=WBPGGPG20B\">Cuba<\/a> contin\u00faa\u00bb, dijo un trabajador del frente. Alabemos a Dios por la fidelidad de nuestros hermanos y hermanas en Cristo all\u00e1 en <a href=\"https:\/\/www.persecution.com\/es\/guiadeoracionglobal\/cuba\/?_source_code=WBPGGPG20B\">Cuba<\/a>. <em>Oremos por que estos nuevos creyentes contin\u00faen creciendo en su fe y por que contin\u00faen haciendo avanzar el evangelio sin importar el riesgo.<\/em><\/p>\n<p><a href=\"https:\/\/www.persecution.com\/es\/guiadeoracionglobal\/cuba\/\">Haga clic aqu\u00ed<\/a> para conocer m\u00e1s sobre la persecuci\u00f3n contra los cristianos en <a href=\"https:\/\/www.persecution.com\/es\/guiadeoracionglobal\/cuba\/?_source_code=WBPGGPG20B\">Cuba<\/a> y saber c\u00f3mo orar.<\/p>\n","protected":false},"excerpt":{"rendered":"<p>Varios trabajadores del frente en Cuba celebraron recientemente el bautismo de m\u00e1s de 100 creyentes como parte de la manera en que el reino de Dios contin\u00faa avanzando en medio de la adversidad y la oposici\u00f3n. \u00abEn medio de amenazas, la pandemia y las muertes por el coronavirus, la iglesia de Cuba contin\u00faa\u00bb, dijo un trabajador del frente. Alabemos a Dios por la fidelidad de nuestros hermanos y hermanas en Cristo all\u00e1 en Cuba. Oremos por que estos nuevos creyentes contin\u00faen creciendo en su fe y por que contin\u00faen haciendo avanzar el evangelio sin importar el riesgo. Haga clic aqu\u00ed para conocer m\u00e1s sobre la persecuci\u00f3n contra los cristianos en Cuba y saber c\u00f3mo orar.<\/p>\n","protected":false},"author":12,"featured_media":181,"comment_status":"closed","ping_status":"closed","sticky":false,"template":"","format":"standard","meta":{"footnotes":""},"categories":[79],"tags":[23],"class_list":["post-3009","post","type-post","status-publish","format-standard","has-post-thumbnail","hentry","category-oracion","tag-cuba","","tg-column-two"],"yoast_head":"<!-- This site is optimized with the Yoast SEO plugin v27.5 - https:\/\/yoast.com\/product\/yoast-seo-wordpress\/ -->\n<title>M\u00e1s de 100 nuevos creyentes bautizados - Historias<\/title>\n<meta name=\"description\" content=\"Varios trabajadores del frente en Cuba celebraron recientemente el bautismo de m\u00e1s de 100 creyentes.\" \/>\n<meta name=\"robots\" content=\"index, follow, max-snippet:-1, max-image-preview:large, max-video-preview:-1\" \/>\n<link rel=\"canonical\" href=\"https:\/\/www.persecution.com\/es\/historias\/mas-de-1000-nuevos-creyentes-bautizados\/\" \/>\n<meta property=\"og:locale\" content=\"es_MX\" \/>\n<meta property=\"og:type\" content=\"article\" \/>\n<meta property=\"og:title\" content=\"M\u00e1s de 100 nuevos creyentes bautizados - Historias\" \/>\n<meta property=\"og:description\" content=\"Varios trabajadores del frente en Cuba celebraron recientemente el bautismo de m\u00e1s de 100 creyentes.\" \/>\n<meta property=\"og:url\" content=\"https:\/\/www.persecution.com\/es\/historias\/mas-de-1000-nuevos-creyentes-bautizados\/\" \/>\n<meta property=\"og:site_name\" content=\"Historias\" \/>\n<meta property=\"article:published_time\" content=\"2021-10-07T07:07:02+00:00\" \/>\n<meta property=\"article:modified_time\" content=\"2022-10-26T22:21:01+00:00\" \/>\n<meta property=\"og:image\" content=\"https:\/\/assets.persecution.com\/es\/historias\/wp-content\/uploads\/2021\/05\/VOM-Stories-iCommit-PlaceholderV2.jpg\" \/>\n\t<meta property=\"og:image:width\" content=\"978\" \/>\n\t<meta property=\"og:image:height\" content=\"640\" \/>\n\t<meta property=\"og:image:type\" content=\"image\/jpeg\" \/>\n<meta name=\"author\" content=\"E Valenzuela\" \/>\n<meta name=\"twitter:card\" content=\"summary_large_image\" \/>\n<meta name=\"twitter:label1\" content=\"Escrito por\" \/>\n\t<meta name=\"twitter:data1\" content=\"E Valenzuela\" \/>\n\t<meta name=\"twitter:label2\" content=\"Tiempo de lectura\" \/>\n\t<meta name=\"twitter:data2\" content=\"1 minuto\" \/>\n<script type=\"application\/ld+json\" class=\"yoast-schema-graph\">{\"@context\":\"https:\\\/\\\/schema.org\",\"@graph\":[{\"@type\":\"Article\",\"@id\":\"https:\\\/\\\/www.persecution.com\\\/es\\\/historias\\\/mas-de-1000-nuevos-creyentes-bautizados\\\/#article\",\"isPartOf\":{\"@id\":\"https:\\\/\\\/www.persecution.com\\\/es\\\/historias\\\/mas-de-1000-nuevos-creyentes-bautizados\\\/\"},\"author\":{\"name\":\"E Valenzuela\",\"@id\":\"https:\\\/\\\/www.persecution.com\\\/es\\\/historias\\\/#\\\/schema\\\/person\\\/ae000ea52969cef1249f5afb05ccb961\"},\"headline\":\"M\u00e1s de 100 nuevos creyentes bautizados\",\"datePublished\":\"2021-10-07T07:07:02+00:00\",\"dateModified\":\"2022-10-26T22:21:01+00:00\",\"mainEntityOfPage\":{\"@id\":\"https:\\\/\\\/www.persecution.com\\\/es\\\/historias\\\/mas-de-1000-nuevos-creyentes-bautizados\\\/\"},\"wordCount\":129,\"image\":{\"@id\":\"https:\\\/\\\/www.persecution.com\\\/es\\\/historias\\\/mas-de-1000-nuevos-creyentes-bautizados\\\/#primaryimage\"},\"thumbnailUrl\":\"https:\\\/\\\/www.persecution.com\\\/es\\\/historias\\\/wp-content\\\/uploads\\\/2021\\\/05\\\/VOM-Stories-iCommit-PlaceholderV2.jpg\",\"keywords\":[\"Cuba\"],\"articleSection\":[\"Oraci\u00f3n\"],\"inLanguage\":\"es\"},{\"@type\":\"WebPage\",\"@id\":\"https:\\\/\\\/www.persecution.com\\\/es\\\/historias\\\/mas-de-1000-nuevos-creyentes-bautizados\\\/\",\"url\":\"https:\\\/\\\/www.persecution.com\\\/es\\\/historias\\\/mas-de-1000-nuevos-creyentes-bautizados\\\/\",\"name\":\"M\u00e1s de 100 nuevos creyentes bautizados - Historias\",\"isPartOf\":{\"@id\":\"https:\\\/\\\/www.persecution.com\\\/es\\\/historias\\\/#website\"},\"primaryImageOfPage\":{\"@id\":\"https:\\\/\\\/www.persecution.com\\\/es\\\/historias\\\/mas-de-1000-nuevos-creyentes-bautizados\\\/#primaryimage\"},\"image\":{\"@id\":\"https:\\\/\\\/www.persecution.com\\\/es\\\/historias\\\/mas-de-1000-nuevos-creyentes-bautizados\\\/#primaryimage\"},\"thumbnailUrl\":\"https:\\\/\\\/www.persecution.com\\\/es\\\/historias\\\/wp-content\\\/uploads\\\/2021\\\/05\\\/VOM-Stories-iCommit-PlaceholderV2.jpg\",\"datePublished\":\"2021-10-07T07:07:02+00:00\",\"dateModified\":\"2022-10-26T22:21:01+00:00\",\"author\":{\"@id\":\"https:\\\/\\\/www.persecution.com\\\/es\\\/historias\\\/#\\\/schema\\\/person\\\/ae000ea52969cef1249f5afb05ccb961\"},\"description\":\"Varios trabajadores del frente en Cuba celebraron recientemente el bautismo de m\u00e1s de 100 creyentes.\",\"breadcrumb\":{\"@id\":\"https:\\\/\\\/www.persecution.com\\\/es\\\/historias\\\/mas-de-1000-nuevos-creyentes-bautizados\\\/#breadcrumb\"},\"inLanguage\":\"es\",\"potentialAction\":[{\"@type\":\"ReadAction\",\"target\":[\"https:\\\/\\\/www.persecution.com\\\/es\\\/historias\\\/mas-de-1000-nuevos-creyentes-bautizados\\\/\"]}]},{\"@type\":\"ImageObject\",\"inLanguage\":\"es\",\"@id\":\"https:\\\/\\\/www.persecution.com\\\/es\\\/historias\\\/mas-de-1000-nuevos-creyentes-bautizados\\\/#primaryimage\",\"url\":\"https:\\\/\\\/www.persecution.com\\\/es\\\/historias\\\/wp-content\\\/uploads\\\/2021\\\/05\\\/VOM-Stories-iCommit-PlaceholderV2.jpg\",\"contentUrl\":\"https:\\\/\\\/www.persecution.com\\\/es\\\/historias\\\/wp-content\\\/uploads\\\/2021\\\/05\\\/VOM-Stories-iCommit-PlaceholderV2.jpg\",\"width\":978,\"height\":640},{\"@type\":\"BreadcrumbList\",\"@id\":\"https:\\\/\\\/www.persecution.com\\\/es\\\/historias\\\/mas-de-1000-nuevos-creyentes-bautizados\\\/#breadcrumb\",\"itemListElement\":[{\"@type\":\"ListItem\",\"position\":1,\"name\":\"Inicio\",\"item\":\"https:\\\/\\\/www.persecution.com\\\/es\\\/historias\\\/\"},{\"@type\":\"ListItem\",\"position\":2,\"name\":\"M\u00e1s de 100 nuevos creyentes bautizados\"}]},{\"@type\":\"WebSite\",\"@id\":\"https:\\\/\\\/www.persecution.com\\\/es\\\/historias\\\/#website\",\"url\":\"https:\\\/\\\/www.persecution.com\\\/es\\\/historias\\\/\",\"name\":\"Historias\",\"description\":\"La Voz de los M\u00e1rtires\",\"potentialAction\":[{\"@type\":\"SearchAction\",\"target\":{\"@type\":\"EntryPoint\",\"urlTemplate\":\"https:\\\/\\\/www.persecution.com\\\/es\\\/historias\\\/?s={search_term_string}\"},\"query-input\":{\"@type\":\"PropertyValueSpecification\",\"valueRequired\":true,\"valueName\":\"search_term_string\"}}],\"inLanguage\":\"es\"},{\"@type\":\"Person\",\"@id\":\"https:\\\/\\\/www.persecution.com\\\/es\\\/historias\\\/#\\\/schema\\\/person\\\/ae000ea52969cef1249f5afb05ccb961\",\"name\":\"E Valenzuela\",\"image\":{\"@type\":\"ImageObject\",\"inLanguage\":\"es\",\"@id\":\"https:\\\/\\\/secure.gravatar.com\\\/avatar\\\/72e02a942ef259240205425b9749482f07b1b2fb64225b038b4531b157d191a7?s=96&d=mm&r=g\",\"url\":\"https:\\\/\\\/secure.gravatar.com\\\/avatar\\\/72e02a942ef259240205425b9749482f07b1b2fb64225b038b4531b157d191a7?s=96&d=mm&r=g\",\"contentUrl\":\"https:\\\/\\\/secure.gravatar.com\\\/avatar\\\/72e02a942ef259240205425b9749482f07b1b2fb64225b038b4531b157d191a7?s=96&d=mm&r=g\",\"caption\":\"E Valenzuela\"},\"url\":\"https:\\\/\\\/www.persecution.com\\\/es\\\/historias\\\/author\\\/evalenzuelavom-org\\\/\"}]}<\/script>\n<!-- \/ Yoast SEO plugin. -->","yoast_head_json":{"title":"M\u00e1s de 100 nuevos creyentes bautizados - Historias","description":"Varios trabajadores del frente en Cuba celebraron recientemente el bautismo de m\u00e1s de 100 creyentes.","robots":{"index":"index","follow":"follow","max-snippet":"max-snippet:-1","max-image-preview":"max-image-preview:large","max-video-preview":"max-video-preview:-1"},"canonical":"https:\/\/www.persecution.com\/es\/historias\/mas-de-1000-nuevos-creyentes-bautizados\/","og_locale":"es_MX","og_type":"article","og_title":"M\u00e1s de 100 nuevos creyentes bautizados - Historias","og_description":"Varios trabajadores del frente en Cuba celebraron recientemente el bautismo de m\u00e1s de 100 creyentes.","og_url":"https:\/\/www.persecution.com\/es\/historias\/mas-de-1000-nuevos-creyentes-bautizados\/","og_site_name":"Historias","article_published_time":"2021-10-07T07:07:02+00:00","article_modified_time":"2022-10-26T22:21:01+00:00","og_image":[{"width":978,"height":640,"url":"https:\/\/assets.persecution.com\/es\/historias\/wp-content\/uploads\/2021\/05\/VOM-Stories-iCommit-PlaceholderV2.jpg","type":"image\/jpeg"}],"author":"E Valenzuela","twitter_card":"summary_large_image","twitter_misc":{"Escrito por":"E Valenzuela","Tiempo de lectura":"1 minuto"},"schema":{"@context":"https:\/\/schema.org","@graph":[{"@type":"Article","@id":"https:\/\/www.persecution.com\/es\/historias\/mas-de-1000-nuevos-creyentes-bautizados\/#article","isPartOf":{"@id":"https:\/\/www.persecution.com\/es\/historias\/mas-de-1000-nuevos-creyentes-bautizados\/"},"author":{"name":"E Valenzuela","@id":"https:\/\/www.persecution.com\/es\/historias\/#\/schema\/person\/ae000ea52969cef1249f5afb05ccb961"},"headline":"M\u00e1s de 100 nuevos creyentes bautizados","datePublished":"2021-10-07T07:07:02+00:00","dateModified":"2022-10-26T22:21:01+00:00","mainEntityOfPage":{"@id":"https:\/\/www.persecution.com\/es\/historias\/mas-de-1000-nuevos-creyentes-bautizados\/"},"wordCount":129,"image":{"@id":"https:\/\/www.persecution.com\/es\/historias\/mas-de-1000-nuevos-creyentes-bautizados\/#primaryimage"},"thumbnailUrl":"https:\/\/assets.persecution.com\/es\/historias\/wp-content\/uploads\/2021\/05\/VOM-Stories-iCommit-PlaceholderV2.jpg","keywords":["Cuba"],"articleSection":["Oraci\u00f3n"],"inLanguage":"es"},{"@type":"WebPage","@id":"https:\/\/www.persecution.com\/es\/historias\/mas-de-1000-nuevos-creyentes-bautizados\/","url":"https:\/\/www.persecution.com\/es\/historias\/mas-de-1000-nuevos-creyentes-bautizados\/","name":"M\u00e1s de 100 nuevos creyentes bautizados - Historias","isPartOf":{"@id":"https:\/\/www.persecution.com\/es\/historias\/#website"},"primaryImageOfPage":{"@id":"https:\/\/www.persecution.com\/es\/historias\/mas-de-1000-nuevos-creyentes-bautizados\/#primaryimage"},"image":{"@id":"https:\/\/www.persecution.com\/es\/historias\/mas-de-1000-nuevos-creyentes-bautizados\/#primaryimage"},"thumbnailUrl":"https:\/\/assets.persecution.com\/es\/historias\/wp-content\/uploads\/2021\/05\/VOM-Stories-iCommit-PlaceholderV2.jpg","datePublished":"2021-10-07T07:07:02+00:00","dateModified":"2022-10-26T22:21:01+00:00","author":{"@id":"https:\/\/www.persecution.com\/es\/historias\/#\/schema\/person\/ae000ea52969cef1249f5afb05ccb961"},"description":"Varios trabajadores del frente en Cuba celebraron recientemente el bautismo de m\u00e1s de 100 creyentes.","breadcrumb":{"@id":"https:\/\/www.persecution.com\/es\/historias\/mas-de-1000-nuevos-creyentes-bautizados\/#breadcrumb"},"inLanguage":"es","potentialAction":[{"@type":"ReadAction","target":["https:\/\/www.persecution.com\/es\/historias\/mas-de-1000-nuevos-creyentes-bautizados\/"]}]},{"@type":"ImageObject","inLanguage":"es","@id":"https:\/\/www.persecution.com\/es\/historias\/mas-de-1000-nuevos-creyentes-bautizados\/#primaryimage","url":"https:\/\/assets.persecution.com\/es\/historias\/wp-content\/uploads\/2021\/05\/VOM-Stories-iCommit-PlaceholderV2.jpg","contentUrl":"https:\/\/assets.persecution.com\/es\/historias\/wp-content\/uploads\/2021\/05\/VOM-Stories-iCommit-PlaceholderV2.jpg","width":978,"height":640},{"@type":"BreadcrumbList","@id":"https:\/\/www.persecution.com\/es\/historias\/mas-de-1000-nuevos-creyentes-bautizados\/#breadcrumb","itemListElement":[{"@type":"ListItem","position":1,"name":"Inicio","item":"https:\/\/www.persecution.com\/es\/historias\/"},{"@type":"ListItem","position":2,"name":"M\u00e1s de 100 nuevos creyentes bautizados"}]},{"@type":"WebSite","@id":"https:\/\/www.persecution.com\/es\/historias\/#website","url":"https:\/\/www.persecution.com\/es\/historias\/","name":"Historias","description":"La Voz de los M\u00e1rtires","potentialAction":[{"@type":"SearchAction","target":{"@type":"EntryPoint","urlTemplate":"https:\/\/www.persecution.com\/es\/historias\/?s={search_term_string}"},"query-input":{"@type":"PropertyValueSpecification","valueRequired":true,"valueName":"search_term_string"}}],"inLanguage":"es"},{"@type":"Person","@id":"https:\/\/www.persecution.com\/es\/historias\/#\/schema\/person\/ae000ea52969cef1249f5afb05ccb961","name":"E Valenzuela","image":{"@type":"ImageObject","inLanguage":"es","@id":"https:\/\/secure.gravatar.com\/avatar\/72e02a942ef259240205425b9749482f07b1b2fb64225b038b4531b157d191a7?s=96&d=mm&r=g","url":"https:\/\/secure.gravatar.com\/avatar\/72e02a942ef259240205425b9749482f07b1b2fb64225b038b4531b157d191a7?s=96&d=mm&r=g","contentUrl":"https:\/\/secure.gravatar.com\/avatar\/72e02a942ef259240205425b9749482f07b1b2fb64225b038b4531b157d191a7?s=96&d=mm&r=g","caption":"E Valenzuela"},"url":"https:\/\/www.persecution.com\/es\/historias\/author\/evalenzuelavom-org\/"}]}},"_links":{"self":[{"href":"https:\/\/www.persecution.com\/es\/historias\/wp-json\/wp\/v2\/posts\/3009","targetHints":{"allow":["GET"]}}],"collection":[{"href":"https:\/\/www.persecution.com\/es\/historias\/wp-json\/wp\/v2\/posts"}],"about":[{"href":"https:\/\/www.persecution.com\/es\/historias\/wp-json\/wp\/v2\/types\/post"}],"author":[{"embeddable":true,"href":"https:\/\/www.persecution.com\/es\/historias\/wp-json\/wp\/v2\/users\/12"}],"replies":[{"embeddable":true,"href":"https:\/\/www.persecution.com\/es\/historias\/wp-json\/wp\/v2\/comments?post=3009"}],"version-history":[{"count":2,"href":"https:\/\/www.persecution.com\/es\/historias\/wp-json\/wp\/v2\/posts\/3009\/revisions"}],"predecessor-version":[{"id":4355,"href":"https:\/\/www.persecution.com\/es\/historias\/wp-json\/wp\/v2\/posts\/3009\/revisions\/4355"}],"wp:featuredmedia":[{"embeddable":true,"href":"https:\/\/www.persecution.com\/es\/historias\/wp-json\/wp\/v2\/media\/181"}],"wp:attachment":[{"href":"https:\/\/www.persecution.com\/es\/historias\/wp-json\/wp\/v2\/media?parent=3009"}],"wp:term":[{"taxonomy":"category","embeddable":true,"href":"https:\/\/www.persecution.com\/es\/historias\/wp-json\/wp\/v2\/categories?post=3009"},{"taxonomy":"post_tag","embeddable":true,"href":"https:\/\/www.persecution.com\/es\/historias\/wp-json\/wp\/v2\/tags?post=3009"}],"curies":[{"name":"wp","href":"https:\/\/api.w.org\/{rel}","templated":true}]}}