{"id":2791,"date":"2021-10-01T17:35:42","date_gmt":"2021-10-01T17:35:42","guid":{"rendered":"https:\/\/www.persecution.com\/es\/historias\/?p=2791"},"modified":"2022-10-28T15:03:11","modified_gmt":"2022-10-28T15:03:11","slug":"historias-de-martires-cristianos-patrick-hamilton-y-henry-forest","status":"publish","type":"post","link":"https:\/\/www.persecution.com\/es\/historias\/historias-de-martires-cristianos-patrick-hamilton-y-henry-forest\/","title":{"rendered":"Historias de m\u00e1rtires cristianos: Patrick Hamilton y Henry Forest"},"content":{"rendered":"\n<p>Nadie qued\u00f3 m\u00e1s sorprendido por la sentencia del tribunal, o tratado con mayor crueldad, que el primer m\u00e1rtir escoc\u00e9s Patrick Hamilton. Despu\u00e9s de todo, era miembro de la realeza, emparentado con el rey Estuardo Jacobo V. A trav\u00e9s de esa relaci\u00f3n se educ\u00f3 en Par\u00eds y conoci\u00f3 a Erasmo, uno de los principales eruditos de Europa.<\/p>\n\n\n\n<p>Hamilton hab\u00eda sido nombrado abad de Ferne el mismo a\u00f1o en que Mart\u00edn Lutero public\u00f3 sus noventa y cinco tesis en la puerta de la iglesia de Wittenberg. Hamilton hab\u00eda conocido al reformador alem\u00e1n y tambi\u00e9n conoc\u00eda a Philip Melancthon, cuyos escritos impulsaron la reforma luterana. Patrick era un m\u00fasico talentoso, compon\u00eda y dirig\u00eda en la catedral donde viv\u00eda. Este joven prometedor, brillante y conectado, carec\u00eda de una sola habilidad para la vida, al parecer: sentido de peligro.<br><\/p>\n\n\n\n<p>En el verano de 1523, Hamilton regres\u00f3 de Europa para unirse a la Universidad de St. Andrews como docente. Como en fechas recientes hab\u00eda sido desafiado en el continente a reconsiderar el significado de la fe cristiana, aprovech\u00f3 todas las oportunidades para ense\u00f1ar y debatir su recuperaci\u00f3n de la verdad b\u00edblica: la misericordia de Dios en Cristo aparte de las indulgencias y otras intervenciones artificiales. Pero el arzobispo, James Beaton, estaba escudri\u00f1ando al joven erudito desde lejos. Como era por completo devoto al papado, el arzobispo se asegurar\u00eda de que esta vil ense\u00f1anza de fe y gracia en St. Andrews no arruinara a la iglesia.<br><\/p>\n\n\n\n<p>Despachar a Hamilton fue una decisi\u00f3n r\u00e1pida y un proceso infrahumanamente lento. A finales del oto\u00f1o de 1527, justo despu\u00e9s de la boda de Hamilton, fue invitado a participar en una conferencia de l\u00edderes de la iglesia; eruditos quienes se estaban reuniendo, seg\u00fan parec\u00eda, para debatir las \u00abnuevas doctrinas\u00bb. Hamilton respondi\u00f3 sin demora, en espera de un animado coloquio. En cambio, el arzobispo Beaton llev\u00f3 a cabo un breve examen teol\u00f3gico y orden\u00f3 el arresto de Hamilton. A la ma\u00f1ana siguiente, el joven erudito fue interrogado por los obispos por trece cargos de herej\u00eda, declarado culpable y condenado a morir esa tarde. La sentencia deb\u00eda ejecutarse r\u00e1pido para que sus amigos no explotaran las conexiones reales del hereje y que Hamilton fuera indultado o absuelto. \u00c9l, por supuesto, hab\u00eda aceptado todos los cargos. Cre\u00eda mucho en lo que ense\u00f1aba. No pod\u00eda negar lo que \u00e9l y todos los que le rodeaban sab\u00edan claramente.<\/p>\n\n\n\n<p>No obstante, sin duda aturdido por el r\u00e1pido giro de los acontecimientos, Hamilton camin\u00f3 al lugar de la quema en un esp\u00edritu de oraci\u00f3n. Una vez fijado a la pira, le ataron una bolsa de p\u00f3lvora debajo de cada axila y colocaron a su alrededor una pila de madera todav\u00eda verde con yesca. La p\u00f3lvora estall\u00f3 en llamas, pero no explot\u00f3; la le\u00f1a ardi\u00f3, pero con calor insuficiente para matar. De modo que all\u00ed colgaba Hamilton, las llamas ard\u00edan, pero su cuerpo ampollado y quemado se retorc\u00eda de dolor. Mientras se recog\u00eda m\u00e1s le\u00f1a, rog\u00f3 que se pusiera fin a la miseria. Durante seis horas completas sufri\u00f3 frente a la multitud del St. Salvator\u2019s College, la cual lo escuch\u00f3 clamar en medio de la agon\u00eda: \u00abSe\u00f1or Jes\u00fas, recibe mi esp\u00edritu. \u00bfCu\u00e1nto tiempo las tinieblas abrumar\u00e1n esta tierra?\u00bb.<\/p>\n\n\n\n<p>Dos a\u00f1os m\u00e1s tarde, en 1529, un monje benedictino, Henry Forest, comenz\u00f3 a ilustrar sus sermones con la historia del maestro Patrick Hamilton, un m\u00e1rtir de la verdad. El arzobispo Beaton no estaba m\u00e1s inclinado a la ense\u00f1anza perversa de Forest que a la de Hamilton. Sin embargo, Beaton ten\u00eda una parroquia cada vez m\u00e1s inquieta con la cual lidiar. Los fieles muy recientemente hab\u00edan visto un coraje poco com\u00fan, y Beaton tem\u00eda su reacci\u00f3n si se mov\u00eda demasiado abiertamente contra otro.<br><\/p>\n\n\n\n<p>En lugar de confrontarlo, Beaton envi\u00f3 a un fraile a escuchar la confesi\u00f3n de Forest, siempre un asunto confidencial entre el pecador, el sacerdote y Dios. Pero en este caso, el confesionario era realmente un pretexto para la recopilaci\u00f3n de inteligencia, la cual Beaton utiliz\u00f3 r\u00e1pidamente para condenar a su presa. Sin embargo, en lugar de la hoguera, Beaton orden\u00f3 que Forest fuera asfixiado en una c\u00e1rcel del s\u00f3tano lejos de la gente, un asunto privado dentro de la iglesia.<br><\/p>\n\n\n\n<p>A medida que crec\u00eda la Reforma Escocesa, Hamilton y Forest fueron honrados como los primeros h\u00e9roes, y el hombre m\u00e1s conocido por cambiar el alma de Escocia, John Knox, tom\u00f3 su lugar despu\u00e9s de ellos para predicar y ense\u00f1ar el evangelio que el abad y el monje conoc\u00edan y por el cual murieron.<\/p>\n","protected":false},"excerpt":{"rendered":"<p>Nadie qued\u00f3 m\u00e1s sorprendido por la sentencia del tribunal, o tratado con mayor crueldad, que el primer m\u00e1rtir escoc\u00e9s Patrick Hamilton. Despu\u00e9s de todo, era miembro de la realeza, emparentado con el rey Estuardo Jacobo V. A trav\u00e9s de esa relaci\u00f3n se educ\u00f3 en Par\u00eds y conoci\u00f3 a Erasmo, uno de los principales eruditos de Europa. Hamilton hab\u00eda sido nombrado abad de Ferne el mismo a\u00f1o en que Mart\u00edn Lutero public\u00f3 sus noventa y cinco tesis en la puerta de la iglesia de Wittenberg. Hamilton hab\u00eda conocido al reformador alem\u00e1n y tambi\u00e9n conoc\u00eda a Philip Melancthon, cuyos escritos impulsaron la reforma luterana. Patrick era un m\u00fasico talentoso, compon\u00eda y dirig\u00eda en la catedral donde viv\u00eda. Este joven prometedor, brillante y conectado, carec\u00eda de una sola habilidad para la vida, al parecer: sentido de peligro. En el verano de 1523, Hamilton regres\u00f3 de Europa para unirse a la Universidad de St. Andrews como docente. Como en fechas recientes hab\u00eda sido desafiado en el continente a reconsiderar el significado de la fe cristiana, aprovech\u00f3 todas las oportunidades para ense\u00f1ar y debatir su recuperaci\u00f3n de la verdad b\u00edblica: la misericordia de Dios en Cristo aparte de las indulgencias y otras intervenciones artificiales. Pero<\/p>\n","protected":false},"author":12,"featured_media":1774,"comment_status":"closed","ping_status":"closed","sticky":false,"template":"","format":"standard","meta":{"footnotes":""},"categories":[6],"tags":[],"class_list":["post-2791","post","type-post","status-publish","format-standard","has-post-thumbnail","hentry","category-historia","","tg-column-two"],"yoast_head":"<!-- This site is optimized with the Yoast SEO plugin v27.5 - https:\/\/yoast.com\/product\/yoast-seo-wordpress\/ -->\n<title>Historias de m\u00e1rtires cristianos: Patrick Hamilton y Henry Forest - Historias<\/title>\n<meta name=\"description\" content=\"Hamilton hab\u00eda sido nombrado abad de Ferne el mismo a\u00f1o en que Mart\u00edn Lutero public\u00f3 sus noventa y cinco tesis en la puerta de la iglesia de Wittenberg.\" \/>\n<meta name=\"robots\" content=\"index, follow, max-snippet:-1, max-image-preview:large, max-video-preview:-1\" \/>\n<link rel=\"canonical\" href=\"https:\/\/www.persecution.com\/es\/historias\/historias-de-martires-cristianos-patrick-hamilton-y-henry-forest\/\" \/>\n<meta property=\"og:locale\" content=\"es_MX\" \/>\n<meta property=\"og:type\" content=\"article\" \/>\n<meta property=\"og:title\" content=\"Historias de m\u00e1rtires cristianos: Patrick Hamilton y Henry Forest - Historias\" \/>\n<meta property=\"og:description\" content=\"Hamilton hab\u00eda sido nombrado abad de Ferne el mismo a\u00f1o en que Mart\u00edn Lutero public\u00f3 sus noventa y cinco tesis en la puerta de la iglesia de Wittenberg.\" \/>\n<meta property=\"og:url\" content=\"https:\/\/www.persecution.com\/es\/historias\/historias-de-martires-cristianos-patrick-hamilton-y-henry-forest\/\" \/>\n<meta property=\"og:site_name\" content=\"Historias\" \/>\n<meta property=\"article:published_time\" content=\"2021-10-01T17:35:42+00:00\" \/>\n<meta property=\"article:modified_time\" content=\"2022-10-28T15:03:11+00:00\" \/>\n<meta property=\"og:image\" content=\"https:\/\/assets.persecution.com\/es\/historias\/wp-content\/uploads\/2021\/07\/Ignatius_of_Antioch.jpg\" \/>\n\t<meta property=\"og:image:width\" content=\"1024\" \/>\n\t<meta property=\"og:image:height\" content=\"836\" \/>\n\t<meta property=\"og:image:type\" content=\"image\/jpeg\" \/>\n<meta name=\"author\" content=\"E Valenzuela\" \/>\n<meta name=\"twitter:card\" content=\"summary_large_image\" \/>\n<meta name=\"twitter:label1\" content=\"Escrito por\" \/>\n\t<meta name=\"twitter:data1\" content=\"E Valenzuela\" \/>\n\t<meta name=\"twitter:label2\" content=\"Tiempo de lectura\" \/>\n\t<meta name=\"twitter:data2\" content=\"4 minutos\" \/>\n<script type=\"application\/ld+json\" class=\"yoast-schema-graph\">{\"@context\":\"https:\\\/\\\/schema.org\",\"@graph\":[{\"@type\":\"Article\",\"@id\":\"https:\\\/\\\/www.persecution.com\\\/es\\\/historias\\\/historias-de-martires-cristianos-patrick-hamilton-y-henry-forest\\\/#article\",\"isPartOf\":{\"@id\":\"https:\\\/\\\/www.persecution.com\\\/es\\\/historias\\\/historias-de-martires-cristianos-patrick-hamilton-y-henry-forest\\\/\"},\"author\":{\"name\":\"E Valenzuela\",\"@id\":\"https:\\\/\\\/www.persecution.com\\\/es\\\/historias\\\/#\\\/schema\\\/person\\\/ae000ea52969cef1249f5afb05ccb961\"},\"headline\":\"Historias de m\u00e1rtires cristianos: Patrick Hamilton y Henry Forest\",\"datePublished\":\"2021-10-01T17:35:42+00:00\",\"dateModified\":\"2022-10-28T15:03:11+00:00\",\"mainEntityOfPage\":{\"@id\":\"https:\\\/\\\/www.persecution.com\\\/es\\\/historias\\\/historias-de-martires-cristianos-patrick-hamilton-y-henry-forest\\\/\"},\"wordCount\":836,\"image\":{\"@id\":\"https:\\\/\\\/www.persecution.com\\\/es\\\/historias\\\/historias-de-martires-cristianos-patrick-hamilton-y-henry-forest\\\/#primaryimage\"},\"thumbnailUrl\":\"https:\\\/\\\/www.persecution.com\\\/es\\\/historias\\\/wp-content\\\/uploads\\\/2021\\\/07\\\/Ignatius_of_Antioch.jpg\",\"articleSection\":[\"Historia\"],\"inLanguage\":\"es\"},{\"@type\":\"WebPage\",\"@id\":\"https:\\\/\\\/www.persecution.com\\\/es\\\/historias\\\/historias-de-martires-cristianos-patrick-hamilton-y-henry-forest\\\/\",\"url\":\"https:\\\/\\\/www.persecution.com\\\/es\\\/historias\\\/historias-de-martires-cristianos-patrick-hamilton-y-henry-forest\\\/\",\"name\":\"Historias de m\u00e1rtires cristianos: Patrick Hamilton y Henry Forest - Historias\",\"isPartOf\":{\"@id\":\"https:\\\/\\\/www.persecution.com\\\/es\\\/historias\\\/#website\"},\"primaryImageOfPage\":{\"@id\":\"https:\\\/\\\/www.persecution.com\\\/es\\\/historias\\\/historias-de-martires-cristianos-patrick-hamilton-y-henry-forest\\\/#primaryimage\"},\"image\":{\"@id\":\"https:\\\/\\\/www.persecution.com\\\/es\\\/historias\\\/historias-de-martires-cristianos-patrick-hamilton-y-henry-forest\\\/#primaryimage\"},\"thumbnailUrl\":\"https:\\\/\\\/www.persecution.com\\\/es\\\/historias\\\/wp-content\\\/uploads\\\/2021\\\/07\\\/Ignatius_of_Antioch.jpg\",\"datePublished\":\"2021-10-01T17:35:42+00:00\",\"dateModified\":\"2022-10-28T15:03:11+00:00\",\"author\":{\"@id\":\"https:\\\/\\\/www.persecution.com\\\/es\\\/historias\\\/#\\\/schema\\\/person\\\/ae000ea52969cef1249f5afb05ccb961\"},\"description\":\"Hamilton hab\u00eda sido nombrado abad de Ferne el mismo a\u00f1o en que Mart\u00edn Lutero public\u00f3 sus noventa y cinco tesis en la puerta de la iglesia de Wittenberg.\",\"breadcrumb\":{\"@id\":\"https:\\\/\\\/www.persecution.com\\\/es\\\/historias\\\/historias-de-martires-cristianos-patrick-hamilton-y-henry-forest\\\/#breadcrumb\"},\"inLanguage\":\"es\",\"potentialAction\":[{\"@type\":\"ReadAction\",\"target\":[\"https:\\\/\\\/www.persecution.com\\\/es\\\/historias\\\/historias-de-martires-cristianos-patrick-hamilton-y-henry-forest\\\/\"]}]},{\"@type\":\"ImageObject\",\"inLanguage\":\"es\",\"@id\":\"https:\\\/\\\/www.persecution.com\\\/es\\\/historias\\\/historias-de-martires-cristianos-patrick-hamilton-y-henry-forest\\\/#primaryimage\",\"url\":\"https:\\\/\\\/www.persecution.com\\\/es\\\/historias\\\/wp-content\\\/uploads\\\/2021\\\/07\\\/Ignatius_of_Antioch.jpg\",\"contentUrl\":\"https:\\\/\\\/www.persecution.com\\\/es\\\/historias\\\/wp-content\\\/uploads\\\/2021\\\/07\\\/Ignatius_of_Antioch.jpg\",\"width\":1024,\"height\":836},{\"@type\":\"BreadcrumbList\",\"@id\":\"https:\\\/\\\/www.persecution.com\\\/es\\\/historias\\\/historias-de-martires-cristianos-patrick-hamilton-y-henry-forest\\\/#breadcrumb\",\"itemListElement\":[{\"@type\":\"ListItem\",\"position\":1,\"name\":\"Inicio\",\"item\":\"https:\\\/\\\/www.persecution.com\\\/es\\\/historias\\\/\"},{\"@type\":\"ListItem\",\"position\":2,\"name\":\"Historias de m\u00e1rtires cristianos: Patrick Hamilton y Henry Forest\"}]},{\"@type\":\"WebSite\",\"@id\":\"https:\\\/\\\/www.persecution.com\\\/es\\\/historias\\\/#website\",\"url\":\"https:\\\/\\\/www.persecution.com\\\/es\\\/historias\\\/\",\"name\":\"Historias\",\"description\":\"La Voz de los M\u00e1rtires\",\"potentialAction\":[{\"@type\":\"SearchAction\",\"target\":{\"@type\":\"EntryPoint\",\"urlTemplate\":\"https:\\\/\\\/www.persecution.com\\\/es\\\/historias\\\/?s={search_term_string}\"},\"query-input\":{\"@type\":\"PropertyValueSpecification\",\"valueRequired\":true,\"valueName\":\"search_term_string\"}}],\"inLanguage\":\"es\"},{\"@type\":\"Person\",\"@id\":\"https:\\\/\\\/www.persecution.com\\\/es\\\/historias\\\/#\\\/schema\\\/person\\\/ae000ea52969cef1249f5afb05ccb961\",\"name\":\"E Valenzuela\",\"image\":{\"@type\":\"ImageObject\",\"inLanguage\":\"es\",\"@id\":\"https:\\\/\\\/secure.gravatar.com\\\/avatar\\\/72e02a942ef259240205425b9749482f07b1b2fb64225b038b4531b157d191a7?s=96&d=mm&r=g\",\"url\":\"https:\\\/\\\/secure.gravatar.com\\\/avatar\\\/72e02a942ef259240205425b9749482f07b1b2fb64225b038b4531b157d191a7?s=96&d=mm&r=g\",\"contentUrl\":\"https:\\\/\\\/secure.gravatar.com\\\/avatar\\\/72e02a942ef259240205425b9749482f07b1b2fb64225b038b4531b157d191a7?s=96&d=mm&r=g\",\"caption\":\"E Valenzuela\"},\"url\":\"https:\\\/\\\/www.persecution.com\\\/es\\\/historias\\\/author\\\/evalenzuelavom-org\\\/\"}]}<\/script>\n<!-- \/ Yoast SEO plugin. -->","yoast_head_json":{"title":"Historias de m\u00e1rtires cristianos: Patrick Hamilton y Henry Forest - Historias","description":"Hamilton hab\u00eda sido nombrado abad de Ferne el mismo a\u00f1o en que Mart\u00edn Lutero public\u00f3 sus noventa y cinco tesis en la puerta de la iglesia de Wittenberg.","robots":{"index":"index","follow":"follow","max-snippet":"max-snippet:-1","max-image-preview":"max-image-preview:large","max-video-preview":"max-video-preview:-1"},"canonical":"https:\/\/www.persecution.com\/es\/historias\/historias-de-martires-cristianos-patrick-hamilton-y-henry-forest\/","og_locale":"es_MX","og_type":"article","og_title":"Historias de m\u00e1rtires cristianos: Patrick Hamilton y Henry Forest - Historias","og_description":"Hamilton hab\u00eda sido nombrado abad de Ferne el mismo a\u00f1o en que Mart\u00edn Lutero public\u00f3 sus noventa y cinco tesis en la puerta de la iglesia de Wittenberg.","og_url":"https:\/\/www.persecution.com\/es\/historias\/historias-de-martires-cristianos-patrick-hamilton-y-henry-forest\/","og_site_name":"Historias","article_published_time":"2021-10-01T17:35:42+00:00","article_modified_time":"2022-10-28T15:03:11+00:00","og_image":[{"width":1024,"height":836,"url":"https:\/\/assets.persecution.com\/es\/historias\/wp-content\/uploads\/2021\/07\/Ignatius_of_Antioch.jpg","type":"image\/jpeg"}],"author":"E Valenzuela","twitter_card":"summary_large_image","twitter_misc":{"Escrito por":"E Valenzuela","Tiempo de lectura":"4 minutos"},"schema":{"@context":"https:\/\/schema.org","@graph":[{"@type":"Article","@id":"https:\/\/www.persecution.com\/es\/historias\/historias-de-martires-cristianos-patrick-hamilton-y-henry-forest\/#article","isPartOf":{"@id":"https:\/\/www.persecution.com\/es\/historias\/historias-de-martires-cristianos-patrick-hamilton-y-henry-forest\/"},"author":{"name":"E Valenzuela","@id":"https:\/\/www.persecution.com\/es\/historias\/#\/schema\/person\/ae000ea52969cef1249f5afb05ccb961"},"headline":"Historias de m\u00e1rtires cristianos: Patrick Hamilton y Henry Forest","datePublished":"2021-10-01T17:35:42+00:00","dateModified":"2022-10-28T15:03:11+00:00","mainEntityOfPage":{"@id":"https:\/\/www.persecution.com\/es\/historias\/historias-de-martires-cristianos-patrick-hamilton-y-henry-forest\/"},"wordCount":836,"image":{"@id":"https:\/\/www.persecution.com\/es\/historias\/historias-de-martires-cristianos-patrick-hamilton-y-henry-forest\/#primaryimage"},"thumbnailUrl":"https:\/\/assets.persecution.com\/es\/historias\/wp-content\/uploads\/2021\/07\/Ignatius_of_Antioch.jpg","articleSection":["Historia"],"inLanguage":"es"},{"@type":"WebPage","@id":"https:\/\/www.persecution.com\/es\/historias\/historias-de-martires-cristianos-patrick-hamilton-y-henry-forest\/","url":"https:\/\/www.persecution.com\/es\/historias\/historias-de-martires-cristianos-patrick-hamilton-y-henry-forest\/","name":"Historias de m\u00e1rtires cristianos: Patrick Hamilton y Henry Forest - Historias","isPartOf":{"@id":"https:\/\/www.persecution.com\/es\/historias\/#website"},"primaryImageOfPage":{"@id":"https:\/\/www.persecution.com\/es\/historias\/historias-de-martires-cristianos-patrick-hamilton-y-henry-forest\/#primaryimage"},"image":{"@id":"https:\/\/www.persecution.com\/es\/historias\/historias-de-martires-cristianos-patrick-hamilton-y-henry-forest\/#primaryimage"},"thumbnailUrl":"https:\/\/assets.persecution.com\/es\/historias\/wp-content\/uploads\/2021\/07\/Ignatius_of_Antioch.jpg","datePublished":"2021-10-01T17:35:42+00:00","dateModified":"2022-10-28T15:03:11+00:00","author":{"@id":"https:\/\/www.persecution.com\/es\/historias\/#\/schema\/person\/ae000ea52969cef1249f5afb05ccb961"},"description":"Hamilton hab\u00eda sido nombrado abad de Ferne el mismo a\u00f1o en que Mart\u00edn Lutero public\u00f3 sus noventa y cinco tesis en la puerta de la iglesia de Wittenberg.","breadcrumb":{"@id":"https:\/\/www.persecution.com\/es\/historias\/historias-de-martires-cristianos-patrick-hamilton-y-henry-forest\/#breadcrumb"},"inLanguage":"es","potentialAction":[{"@type":"ReadAction","target":["https:\/\/www.persecution.com\/es\/historias\/historias-de-martires-cristianos-patrick-hamilton-y-henry-forest\/"]}]},{"@type":"ImageObject","inLanguage":"es","@id":"https:\/\/www.persecution.com\/es\/historias\/historias-de-martires-cristianos-patrick-hamilton-y-henry-forest\/#primaryimage","url":"https:\/\/assets.persecution.com\/es\/historias\/wp-content\/uploads\/2021\/07\/Ignatius_of_Antioch.jpg","contentUrl":"https:\/\/assets.persecution.com\/es\/historias\/wp-content\/uploads\/2021\/07\/Ignatius_of_Antioch.jpg","width":1024,"height":836},{"@type":"BreadcrumbList","@id":"https:\/\/www.persecution.com\/es\/historias\/historias-de-martires-cristianos-patrick-hamilton-y-henry-forest\/#breadcrumb","itemListElement":[{"@type":"ListItem","position":1,"name":"Inicio","item":"https:\/\/www.persecution.com\/es\/historias\/"},{"@type":"ListItem","position":2,"name":"Historias de m\u00e1rtires cristianos: Patrick Hamilton y Henry Forest"}]},{"@type":"WebSite","@id":"https:\/\/www.persecution.com\/es\/historias\/#website","url":"https:\/\/www.persecution.com\/es\/historias\/","name":"Historias","description":"La Voz de los M\u00e1rtires","potentialAction":[{"@type":"SearchAction","target":{"@type":"EntryPoint","urlTemplate":"https:\/\/www.persecution.com\/es\/historias\/?s={search_term_string}"},"query-input":{"@type":"PropertyValueSpecification","valueRequired":true,"valueName":"search_term_string"}}],"inLanguage":"es"},{"@type":"Person","@id":"https:\/\/www.persecution.com\/es\/historias\/#\/schema\/person\/ae000ea52969cef1249f5afb05ccb961","name":"E Valenzuela","image":{"@type":"ImageObject","inLanguage":"es","@id":"https:\/\/secure.gravatar.com\/avatar\/72e02a942ef259240205425b9749482f07b1b2fb64225b038b4531b157d191a7?s=96&d=mm&r=g","url":"https:\/\/secure.gravatar.com\/avatar\/72e02a942ef259240205425b9749482f07b1b2fb64225b038b4531b157d191a7?s=96&d=mm&r=g","contentUrl":"https:\/\/secure.gravatar.com\/avatar\/72e02a942ef259240205425b9749482f07b1b2fb64225b038b4531b157d191a7?s=96&d=mm&r=g","caption":"E Valenzuela"},"url":"https:\/\/www.persecution.com\/es\/historias\/author\/evalenzuelavom-org\/"}]}},"_links":{"self":[{"href":"https:\/\/www.persecution.com\/es\/historias\/wp-json\/wp\/v2\/posts\/2791","targetHints":{"allow":["GET"]}}],"collection":[{"href":"https:\/\/www.persecution.com\/es\/historias\/wp-json\/wp\/v2\/posts"}],"about":[{"href":"https:\/\/www.persecution.com\/es\/historias\/wp-json\/wp\/v2\/types\/post"}],"author":[{"embeddable":true,"href":"https:\/\/www.persecution.com\/es\/historias\/wp-json\/wp\/v2\/users\/12"}],"replies":[{"embeddable":true,"href":"https:\/\/www.persecution.com\/es\/historias\/wp-json\/wp\/v2\/comments?post=2791"}],"version-history":[{"count":3,"href":"https:\/\/www.persecution.com\/es\/historias\/wp-json\/wp\/v2\/posts\/2791\/revisions"}],"predecessor-version":[{"id":4358,"href":"https:\/\/www.persecution.com\/es\/historias\/wp-json\/wp\/v2\/posts\/2791\/revisions\/4358"}],"wp:featuredmedia":[{"embeddable":true,"href":"https:\/\/www.persecution.com\/es\/historias\/wp-json\/wp\/v2\/media\/1774"}],"wp:attachment":[{"href":"https:\/\/www.persecution.com\/es\/historias\/wp-json\/wp\/v2\/media?parent=2791"}],"wp:term":[{"taxonomy":"category","embeddable":true,"href":"https:\/\/www.persecution.com\/es\/historias\/wp-json\/wp\/v2\/categories?post=2791"},{"taxonomy":"post_tag","embeddable":true,"href":"https:\/\/www.persecution.com\/es\/historias\/wp-json\/wp\/v2\/tags?post=2791"}],"curies":[{"name":"wp","href":"https:\/\/api.w.org\/{rel}","templated":true}]}}