{"id":2542,"date":"2021-08-19T07:07:03","date_gmt":"2021-08-19T07:07:03","guid":{"rendered":"https:\/\/www.persecution.com\/es\/historias\/christian-man-loses-livelihood-in-riot-attack\/"},"modified":"2022-10-20T20:16:16","modified_gmt":"2022-10-20T20:16:16","slug":"hombre-cristiano-pierde-su-sustento-en-una-revuelta-alimayu","status":"publish","type":"post","link":"https:\/\/www.persecution.com\/es\/historias\/hombre-cristiano-pierde-su-sustento-en-una-revuelta-alimayu\/","title":{"rendered":"Hombre cristiano pierde su sustento en una revuelta"},"content":{"rendered":"<p>Alimayu creci\u00f3 en un hogar cristiano en la parte norte de <a href=\"https:\/\/www.persecution.com\/es\/guiadeoracionglobal\/etiopia\/\">Etiop\u00eda<\/a>. De joven puso su fe en Cristo y se convirti\u00f3 en un miembro activo de una iglesia local. Est\u00e1 casado, tiene dos hijos y tiene un peque\u00f1o caf\u00e9 en Shashemane. En julio, una turba de j\u00f3venes destruy\u00f3 el negocio de Alimayu en disturbios dirigidos contra las casas y los negocios de fuere\u00f1os o cristianos. El caf\u00e9 de Alimayu qued\u00f3 severamente da\u00f1ado, y todas sus cosas fueron destruidas. \u00abCuando el ataque comenz\u00f3, nos escondimos para salvar la vida de mis hijos \u2014dijo\u2014. D\u00edas despu\u00e9s, vi que todas nuestras cosas en el caf\u00e9 hab\u00edan sido quemadas. Estaba muy molesto y frustrado\u00bb. Alimayu ha tenido dificultades para suplir sus necesidades desde el ataque, pero el apoyo que ha recibido de VOM y de su iglesia local le ha ayudado a no perder la esperanza. \u00abLas oraciones y el consejo de mi pastor apoyaron mi coraz\u00f3n. Comenc\u00e9 a confiar en Dios \u2014dijo\u2014. Con el dinero que me dieron [de parte de VOM], pude pagar la comida y el alquiler\u00bb.<\/p>\n<p><em>Oremos por que el sustento de Alimayu le sea restaurado y que sus necesidades sean suplidas. Oremos por que su fe permanezca firme en medio de las pruebas en las que se encuentra.<\/em><\/p>\n","protected":false},"excerpt":{"rendered":"<p>Alimayu creci\u00f3 en un hogar cristiano en la parte norte de Etiop\u00eda. De joven puso su fe en Cristo y se convirti\u00f3 en un miembro activo de una iglesia local. Est\u00e1 casado, tiene dos hijos y tiene un peque\u00f1o caf\u00e9 en Shashemane. En julio, una turba de j\u00f3venes destruy\u00f3 el negocio de Alimayu en disturbios dirigidos contra las casas y los negocios de fuere\u00f1os o cristianos. El caf\u00e9 de Alimayu qued\u00f3 severamente da\u00f1ado, y todas sus cosas fueron destruidas. \u00abCuando el ataque comenz\u00f3, nos escondimos para salvar la vida de mis hijos \u2014dijo\u2014. D\u00edas despu\u00e9s, vi que todas nuestras cosas en el caf\u00e9 hab\u00edan sido quemadas. Estaba muy molesto y frustrado\u00bb. Alimayu ha tenido dificultades para suplir sus necesidades desde el ataque, pero el apoyo que ha recibido de VOM y de su iglesia local le ha ayudado a no perder la esperanza. \u00abLas oraciones y el consejo de mi pastor apoyaron mi coraz\u00f3n. Comenc\u00e9 a confiar en Dios \u2014dijo\u2014. Con el dinero que me dieron [de parte de VOM], pude pagar la comida y el alquiler\u00bb. Oremos por que el sustento de Alimayu le sea restaurado y que sus necesidades sean suplidas. Oremos por que su fe permanezca firme<\/p>\n","protected":false},"author":12,"featured_media":181,"comment_status":"closed","ping_status":"closed","sticky":false,"template":"","format":"standard","meta":{"footnotes":""},"categories":[79],"tags":[27],"class_list":["post-2542","post","type-post","status-publish","format-standard","has-post-thumbnail","hentry","category-oracion","tag-etiopia","","tg-column-two"],"yoast_head":"<!-- This site is optimized with the Yoast SEO plugin v27.5 - https:\/\/yoast.com\/product\/yoast-seo-wordpress\/ -->\n<title>Hombre cristiano pierde su sustento en una revuelta - Historias<\/title>\n<meta name=\"description\" content=\"Una turba de j\u00f3venes destruy\u00f3 el negocio de Alimayu en disturbios dirigidos contra las casas y los negocios de fuere\u00f1os o cristianos.\" \/>\n<meta name=\"robots\" content=\"index, follow, max-snippet:-1, max-image-preview:large, max-video-preview:-1\" \/>\n<link rel=\"canonical\" href=\"https:\/\/www.persecution.com\/es\/historias\/hombre-cristiano-pierde-su-sustento-en-una-revuelta-alimayu\/\" \/>\n<meta property=\"og:locale\" content=\"es_MX\" \/>\n<meta property=\"og:type\" content=\"article\" \/>\n<meta property=\"og:title\" content=\"Hombre cristiano pierde su sustento en una revuelta - Historias\" \/>\n<meta property=\"og:description\" content=\"Una turba de j\u00f3venes destruy\u00f3 el negocio de Alimayu en disturbios dirigidos contra las casas y los negocios de fuere\u00f1os o cristianos.\" \/>\n<meta property=\"og:url\" content=\"https:\/\/www.persecution.com\/es\/historias\/hombre-cristiano-pierde-su-sustento-en-una-revuelta-alimayu\/\" \/>\n<meta property=\"og:site_name\" content=\"Historias\" \/>\n<meta property=\"article:published_time\" content=\"2021-08-19T07:07:03+00:00\" \/>\n<meta property=\"article:modified_time\" content=\"2022-10-20T20:16:16+00:00\" \/>\n<meta property=\"og:image\" content=\"https:\/\/assets.persecution.com\/es\/historias\/wp-content\/uploads\/2021\/05\/VOM-Stories-iCommit-PlaceholderV2.jpg\" \/>\n\t<meta property=\"og:image:width\" content=\"978\" \/>\n\t<meta property=\"og:image:height\" content=\"640\" \/>\n\t<meta property=\"og:image:type\" content=\"image\/jpeg\" \/>\n<meta name=\"author\" content=\"E Valenzuela\" \/>\n<meta name=\"twitter:card\" content=\"summary_large_image\" \/>\n<meta name=\"twitter:label1\" content=\"Escrito por\" \/>\n\t<meta name=\"twitter:data1\" content=\"E Valenzuela\" \/>\n\t<meta name=\"twitter:label2\" content=\"Tiempo de lectura\" \/>\n\t<meta name=\"twitter:data2\" content=\"1 minuto\" \/>\n<script type=\"application\/ld+json\" class=\"yoast-schema-graph\">{\"@context\":\"https:\\\/\\\/schema.org\",\"@graph\":[{\"@type\":\"Article\",\"@id\":\"https:\\\/\\\/www.persecution.com\\\/es\\\/historias\\\/hombre-cristiano-pierde-su-sustento-en-una-revuelta-alimayu\\\/#article\",\"isPartOf\":{\"@id\":\"https:\\\/\\\/www.persecution.com\\\/es\\\/historias\\\/hombre-cristiano-pierde-su-sustento-en-una-revuelta-alimayu\\\/\"},\"author\":{\"name\":\"E Valenzuela\",\"@id\":\"https:\\\/\\\/www.persecution.com\\\/es\\\/historias\\\/#\\\/schema\\\/person\\\/ae000ea52969cef1249f5afb05ccb961\"},\"headline\":\"Hombre cristiano pierde su sustento en una revuelta\",\"datePublished\":\"2021-08-19T07:07:03+00:00\",\"dateModified\":\"2022-10-20T20:16:16+00:00\",\"mainEntityOfPage\":{\"@id\":\"https:\\\/\\\/www.persecution.com\\\/es\\\/historias\\\/hombre-cristiano-pierde-su-sustento-en-una-revuelta-alimayu\\\/\"},\"wordCount\":227,\"image\":{\"@id\":\"https:\\\/\\\/www.persecution.com\\\/es\\\/historias\\\/hombre-cristiano-pierde-su-sustento-en-una-revuelta-alimayu\\\/#primaryimage\"},\"thumbnailUrl\":\"https:\\\/\\\/www.persecution.com\\\/es\\\/historias\\\/wp-content\\\/uploads\\\/2021\\\/05\\\/VOM-Stories-iCommit-PlaceholderV2.jpg\",\"keywords\":[\"Etiop\u00eda\"],\"articleSection\":[\"Oraci\u00f3n\"],\"inLanguage\":\"es\"},{\"@type\":\"WebPage\",\"@id\":\"https:\\\/\\\/www.persecution.com\\\/es\\\/historias\\\/hombre-cristiano-pierde-su-sustento-en-una-revuelta-alimayu\\\/\",\"url\":\"https:\\\/\\\/www.persecution.com\\\/es\\\/historias\\\/hombre-cristiano-pierde-su-sustento-en-una-revuelta-alimayu\\\/\",\"name\":\"Hombre cristiano pierde su sustento en una revuelta - Historias\",\"isPartOf\":{\"@id\":\"https:\\\/\\\/www.persecution.com\\\/es\\\/historias\\\/#website\"},\"primaryImageOfPage\":{\"@id\":\"https:\\\/\\\/www.persecution.com\\\/es\\\/historias\\\/hombre-cristiano-pierde-su-sustento-en-una-revuelta-alimayu\\\/#primaryimage\"},\"image\":{\"@id\":\"https:\\\/\\\/www.persecution.com\\\/es\\\/historias\\\/hombre-cristiano-pierde-su-sustento-en-una-revuelta-alimayu\\\/#primaryimage\"},\"thumbnailUrl\":\"https:\\\/\\\/www.persecution.com\\\/es\\\/historias\\\/wp-content\\\/uploads\\\/2021\\\/05\\\/VOM-Stories-iCommit-PlaceholderV2.jpg\",\"datePublished\":\"2021-08-19T07:07:03+00:00\",\"dateModified\":\"2022-10-20T20:16:16+00:00\",\"author\":{\"@id\":\"https:\\\/\\\/www.persecution.com\\\/es\\\/historias\\\/#\\\/schema\\\/person\\\/ae000ea52969cef1249f5afb05ccb961\"},\"description\":\"Una turba de j\u00f3venes destruy\u00f3 el negocio de Alimayu en disturbios dirigidos contra las casas y los negocios de fuere\u00f1os o cristianos.\",\"breadcrumb\":{\"@id\":\"https:\\\/\\\/www.persecution.com\\\/es\\\/historias\\\/hombre-cristiano-pierde-su-sustento-en-una-revuelta-alimayu\\\/#breadcrumb\"},\"inLanguage\":\"es\",\"potentialAction\":[{\"@type\":\"ReadAction\",\"target\":[\"https:\\\/\\\/www.persecution.com\\\/es\\\/historias\\\/hombre-cristiano-pierde-su-sustento-en-una-revuelta-alimayu\\\/\"]}]},{\"@type\":\"ImageObject\",\"inLanguage\":\"es\",\"@id\":\"https:\\\/\\\/www.persecution.com\\\/es\\\/historias\\\/hombre-cristiano-pierde-su-sustento-en-una-revuelta-alimayu\\\/#primaryimage\",\"url\":\"https:\\\/\\\/www.persecution.com\\\/es\\\/historias\\\/wp-content\\\/uploads\\\/2021\\\/05\\\/VOM-Stories-iCommit-PlaceholderV2.jpg\",\"contentUrl\":\"https:\\\/\\\/www.persecution.com\\\/es\\\/historias\\\/wp-content\\\/uploads\\\/2021\\\/05\\\/VOM-Stories-iCommit-PlaceholderV2.jpg\",\"width\":978,\"height\":640},{\"@type\":\"BreadcrumbList\",\"@id\":\"https:\\\/\\\/www.persecution.com\\\/es\\\/historias\\\/hombre-cristiano-pierde-su-sustento-en-una-revuelta-alimayu\\\/#breadcrumb\",\"itemListElement\":[{\"@type\":\"ListItem\",\"position\":1,\"name\":\"Inicio\",\"item\":\"https:\\\/\\\/www.persecution.com\\\/es\\\/historias\\\/\"},{\"@type\":\"ListItem\",\"position\":2,\"name\":\"Hombre cristiano pierde su sustento en una revuelta\"}]},{\"@type\":\"WebSite\",\"@id\":\"https:\\\/\\\/www.persecution.com\\\/es\\\/historias\\\/#website\",\"url\":\"https:\\\/\\\/www.persecution.com\\\/es\\\/historias\\\/\",\"name\":\"Historias\",\"description\":\"La Voz de los M\u00e1rtires\",\"potentialAction\":[{\"@type\":\"SearchAction\",\"target\":{\"@type\":\"EntryPoint\",\"urlTemplate\":\"https:\\\/\\\/www.persecution.com\\\/es\\\/historias\\\/?s={search_term_string}\"},\"query-input\":{\"@type\":\"PropertyValueSpecification\",\"valueRequired\":true,\"valueName\":\"search_term_string\"}}],\"inLanguage\":\"es\"},{\"@type\":\"Person\",\"@id\":\"https:\\\/\\\/www.persecution.com\\\/es\\\/historias\\\/#\\\/schema\\\/person\\\/ae000ea52969cef1249f5afb05ccb961\",\"name\":\"E Valenzuela\",\"image\":{\"@type\":\"ImageObject\",\"inLanguage\":\"es\",\"@id\":\"https:\\\/\\\/secure.gravatar.com\\\/avatar\\\/72e02a942ef259240205425b9749482f07b1b2fb64225b038b4531b157d191a7?s=96&d=mm&r=g\",\"url\":\"https:\\\/\\\/secure.gravatar.com\\\/avatar\\\/72e02a942ef259240205425b9749482f07b1b2fb64225b038b4531b157d191a7?s=96&d=mm&r=g\",\"contentUrl\":\"https:\\\/\\\/secure.gravatar.com\\\/avatar\\\/72e02a942ef259240205425b9749482f07b1b2fb64225b038b4531b157d191a7?s=96&d=mm&r=g\",\"caption\":\"E Valenzuela\"},\"url\":\"https:\\\/\\\/www.persecution.com\\\/es\\\/historias\\\/author\\\/evalenzuelavom-org\\\/\"}]}<\/script>\n<!-- \/ Yoast SEO plugin. -->","yoast_head_json":{"title":"Hombre cristiano pierde su sustento en una revuelta - Historias","description":"Una turba de j\u00f3venes destruy\u00f3 el negocio de Alimayu en disturbios dirigidos contra las casas y los negocios de fuere\u00f1os o cristianos.","robots":{"index":"index","follow":"follow","max-snippet":"max-snippet:-1","max-image-preview":"max-image-preview:large","max-video-preview":"max-video-preview:-1"},"canonical":"https:\/\/www.persecution.com\/es\/historias\/hombre-cristiano-pierde-su-sustento-en-una-revuelta-alimayu\/","og_locale":"es_MX","og_type":"article","og_title":"Hombre cristiano pierde su sustento en una revuelta - Historias","og_description":"Una turba de j\u00f3venes destruy\u00f3 el negocio de Alimayu en disturbios dirigidos contra las casas y los negocios de fuere\u00f1os o cristianos.","og_url":"https:\/\/www.persecution.com\/es\/historias\/hombre-cristiano-pierde-su-sustento-en-una-revuelta-alimayu\/","og_site_name":"Historias","article_published_time":"2021-08-19T07:07:03+00:00","article_modified_time":"2022-10-20T20:16:16+00:00","og_image":[{"width":978,"height":640,"url":"https:\/\/assets.persecution.com\/es\/historias\/wp-content\/uploads\/2021\/05\/VOM-Stories-iCommit-PlaceholderV2.jpg","type":"image\/jpeg"}],"author":"E Valenzuela","twitter_card":"summary_large_image","twitter_misc":{"Escrito por":"E Valenzuela","Tiempo de lectura":"1 minuto"},"schema":{"@context":"https:\/\/schema.org","@graph":[{"@type":"Article","@id":"https:\/\/www.persecution.com\/es\/historias\/hombre-cristiano-pierde-su-sustento-en-una-revuelta-alimayu\/#article","isPartOf":{"@id":"https:\/\/www.persecution.com\/es\/historias\/hombre-cristiano-pierde-su-sustento-en-una-revuelta-alimayu\/"},"author":{"name":"E Valenzuela","@id":"https:\/\/www.persecution.com\/es\/historias\/#\/schema\/person\/ae000ea52969cef1249f5afb05ccb961"},"headline":"Hombre cristiano pierde su sustento en una revuelta","datePublished":"2021-08-19T07:07:03+00:00","dateModified":"2022-10-20T20:16:16+00:00","mainEntityOfPage":{"@id":"https:\/\/www.persecution.com\/es\/historias\/hombre-cristiano-pierde-su-sustento-en-una-revuelta-alimayu\/"},"wordCount":227,"image":{"@id":"https:\/\/www.persecution.com\/es\/historias\/hombre-cristiano-pierde-su-sustento-en-una-revuelta-alimayu\/#primaryimage"},"thumbnailUrl":"https:\/\/assets.persecution.com\/es\/historias\/wp-content\/uploads\/2021\/05\/VOM-Stories-iCommit-PlaceholderV2.jpg","keywords":["Etiop\u00eda"],"articleSection":["Oraci\u00f3n"],"inLanguage":"es"},{"@type":"WebPage","@id":"https:\/\/www.persecution.com\/es\/historias\/hombre-cristiano-pierde-su-sustento-en-una-revuelta-alimayu\/","url":"https:\/\/www.persecution.com\/es\/historias\/hombre-cristiano-pierde-su-sustento-en-una-revuelta-alimayu\/","name":"Hombre cristiano pierde su sustento en una revuelta - Historias","isPartOf":{"@id":"https:\/\/www.persecution.com\/es\/historias\/#website"},"primaryImageOfPage":{"@id":"https:\/\/www.persecution.com\/es\/historias\/hombre-cristiano-pierde-su-sustento-en-una-revuelta-alimayu\/#primaryimage"},"image":{"@id":"https:\/\/www.persecution.com\/es\/historias\/hombre-cristiano-pierde-su-sustento-en-una-revuelta-alimayu\/#primaryimage"},"thumbnailUrl":"https:\/\/assets.persecution.com\/es\/historias\/wp-content\/uploads\/2021\/05\/VOM-Stories-iCommit-PlaceholderV2.jpg","datePublished":"2021-08-19T07:07:03+00:00","dateModified":"2022-10-20T20:16:16+00:00","author":{"@id":"https:\/\/www.persecution.com\/es\/historias\/#\/schema\/person\/ae000ea52969cef1249f5afb05ccb961"},"description":"Una turba de j\u00f3venes destruy\u00f3 el negocio de Alimayu en disturbios dirigidos contra las casas y los negocios de fuere\u00f1os o cristianos.","breadcrumb":{"@id":"https:\/\/www.persecution.com\/es\/historias\/hombre-cristiano-pierde-su-sustento-en-una-revuelta-alimayu\/#breadcrumb"},"inLanguage":"es","potentialAction":[{"@type":"ReadAction","target":["https:\/\/www.persecution.com\/es\/historias\/hombre-cristiano-pierde-su-sustento-en-una-revuelta-alimayu\/"]}]},{"@type":"ImageObject","inLanguage":"es","@id":"https:\/\/www.persecution.com\/es\/historias\/hombre-cristiano-pierde-su-sustento-en-una-revuelta-alimayu\/#primaryimage","url":"https:\/\/assets.persecution.com\/es\/historias\/wp-content\/uploads\/2021\/05\/VOM-Stories-iCommit-PlaceholderV2.jpg","contentUrl":"https:\/\/assets.persecution.com\/es\/historias\/wp-content\/uploads\/2021\/05\/VOM-Stories-iCommit-PlaceholderV2.jpg","width":978,"height":640},{"@type":"BreadcrumbList","@id":"https:\/\/www.persecution.com\/es\/historias\/hombre-cristiano-pierde-su-sustento-en-una-revuelta-alimayu\/#breadcrumb","itemListElement":[{"@type":"ListItem","position":1,"name":"Inicio","item":"https:\/\/www.persecution.com\/es\/historias\/"},{"@type":"ListItem","position":2,"name":"Hombre cristiano pierde su sustento en una revuelta"}]},{"@type":"WebSite","@id":"https:\/\/www.persecution.com\/es\/historias\/#website","url":"https:\/\/www.persecution.com\/es\/historias\/","name":"Historias","description":"La Voz de los M\u00e1rtires","potentialAction":[{"@type":"SearchAction","target":{"@type":"EntryPoint","urlTemplate":"https:\/\/www.persecution.com\/es\/historias\/?s={search_term_string}"},"query-input":{"@type":"PropertyValueSpecification","valueRequired":true,"valueName":"search_term_string"}}],"inLanguage":"es"},{"@type":"Person","@id":"https:\/\/www.persecution.com\/es\/historias\/#\/schema\/person\/ae000ea52969cef1249f5afb05ccb961","name":"E Valenzuela","image":{"@type":"ImageObject","inLanguage":"es","@id":"https:\/\/secure.gravatar.com\/avatar\/72e02a942ef259240205425b9749482f07b1b2fb64225b038b4531b157d191a7?s=96&d=mm&r=g","url":"https:\/\/secure.gravatar.com\/avatar\/72e02a942ef259240205425b9749482f07b1b2fb64225b038b4531b157d191a7?s=96&d=mm&r=g","contentUrl":"https:\/\/secure.gravatar.com\/avatar\/72e02a942ef259240205425b9749482f07b1b2fb64225b038b4531b157d191a7?s=96&d=mm&r=g","caption":"E Valenzuela"},"url":"https:\/\/www.persecution.com\/es\/historias\/author\/evalenzuelavom-org\/"}]}},"_links":{"self":[{"href":"https:\/\/www.persecution.com\/es\/historias\/wp-json\/wp\/v2\/posts\/2542","targetHints":{"allow":["GET"]}}],"collection":[{"href":"https:\/\/www.persecution.com\/es\/historias\/wp-json\/wp\/v2\/posts"}],"about":[{"href":"https:\/\/www.persecution.com\/es\/historias\/wp-json\/wp\/v2\/types\/post"}],"author":[{"embeddable":true,"href":"https:\/\/www.persecution.com\/es\/historias\/wp-json\/wp\/v2\/users\/12"}],"replies":[{"embeddable":true,"href":"https:\/\/www.persecution.com\/es\/historias\/wp-json\/wp\/v2\/comments?post=2542"}],"version-history":[{"count":3,"href":"https:\/\/www.persecution.com\/es\/historias\/wp-json\/wp\/v2\/posts\/2542\/revisions"}],"predecessor-version":[{"id":3738,"href":"https:\/\/www.persecution.com\/es\/historias\/wp-json\/wp\/v2\/posts\/2542\/revisions\/3738"}],"wp:featuredmedia":[{"embeddable":true,"href":"https:\/\/www.persecution.com\/es\/historias\/wp-json\/wp\/v2\/media\/181"}],"wp:attachment":[{"href":"https:\/\/www.persecution.com\/es\/historias\/wp-json\/wp\/v2\/media?parent=2542"}],"wp:term":[{"taxonomy":"category","embeddable":true,"href":"https:\/\/www.persecution.com\/es\/historias\/wp-json\/wp\/v2\/categories?post=2542"},{"taxonomy":"post_tag","embeddable":true,"href":"https:\/\/www.persecution.com\/es\/historias\/wp-json\/wp\/v2\/tags?post=2542"}],"curies":[{"name":"wp","href":"https:\/\/api.w.org\/{rel}","templated":true}]}}