{"id":2487,"date":"2021-08-12T07:07:02","date_gmt":"2021-08-12T07:07:02","guid":{"rendered":"https:\/\/www.persecution.com\/es\/historias\/pastor-released-after-seven-months-in-captivity\/"},"modified":"2022-10-20T20:23:37","modified_gmt":"2022-10-20T20:23:37","slug":"pastor-es-liberado-despue-es-de-siete-meses-en-cautiverio","status":"publish","type":"post","link":"https:\/\/www.persecution.com\/es\/historias\/pastor-es-liberado-despue-es-de-siete-meses-en-cautiverio\/","title":{"rendered":"Pastor es liberado despu\u00e9s de siete meses en cautiverio"},"content":{"rendered":"<p>El 19 de octubre de 2020, el reverendo Polycarp Zongo fue secuestrado por miembros del grupo terrorista Estado Isl\u00e1mico de la Provincia de \u00c1frica Occidental (ISWAP) mientras viajaba de su casa en Jos a Gombe para una conferencia. A las pocas semanas de su secuestro, sus secuestradores publicaron un v\u00eddeo de \u00e9l, exigiendo un alto rescate por su liberaci\u00f3n. Despu\u00e9s de meses de negociaciones, el grupo terrorista liber\u00f3 al pastor en junio, y ahora est\u00e1 en casa con su familia despu\u00e9s de siete meses en cautiverio. A pesar de las dificultades que enfrent\u00f3, la fe del reverendo Polycarp es fuerte, y ha hablado en su iglesia desde su liberaci\u00f3n. \u00abTodav\u00eda lleva el mensaje de esperanza, y no parece haber sido disuadido de la fe \u2014comparti\u00f3 un obrero de VOM\u2014. Por favor, oremos por que Dios sane tanto la mente como el cuerpo del reverendo mientras se recupera de esta prueba\u00bb.<\/p>\n<p><a href=\"https:\/\/www.persecution.com\/es\/guiadeoracionglobal\/?_source_code=WBPGGPG20B#country-list\">Haz clic aqu\u00ed<\/a> para informarte sobre la persecuci\u00f3n de los cristianos y saber c\u00f3mo orar.<\/p>\n","protected":false},"excerpt":{"rendered":"<p>El 19 de octubre de 2020, el reverendo Polycarp Zongo fue secuestrado por miembros del grupo terrorista Estado Isl\u00e1mico de la Provincia de \u00c1frica Occidental (ISWAP) mientras viajaba de su casa en Jos a Gombe para una conferencia. A las pocas semanas de su secuestro, sus secuestradores publicaron un v\u00eddeo de \u00e9l, exigiendo un alto rescate por su liberaci\u00f3n. Despu\u00e9s de meses de negociaciones, el grupo terrorista liber\u00f3 al pastor en junio, y ahora est\u00e1 en casa con su familia despu\u00e9s de siete meses en cautiverio. A pesar de las dificultades que enfrent\u00f3, la fe del reverendo Polycarp es fuerte, y ha hablado en su iglesia desde su liberaci\u00f3n. \u00abTodav\u00eda lleva el mensaje de esperanza, y no parece haber sido disuadido de la fe \u2014comparti\u00f3 un obrero de VOM\u2014. Por favor, oremos por que Dios sane tanto la mente como el cuerpo del reverendo mientras se recupera de esta prueba\u00bb. Haz clic aqu\u00ed para informarte sobre la persecuci\u00f3n de los cristianos y saber c\u00f3mo orar.<\/p>\n","protected":false},"author":12,"featured_media":181,"comment_status":"closed","ping_status":"closed","sticky":false,"template":"","format":"standard","meta":{"footnotes":""},"categories":[79],"tags":[47],"class_list":["post-2487","post","type-post","status-publish","format-standard","has-post-thumbnail","hentry","category-oracion","tag-nigeria","","tg-column-two"],"yoast_head":"<!-- This site is optimized with the Yoast SEO plugin v27.5 - https:\/\/yoast.com\/product\/yoast-seo-wordpress\/ -->\n<title>Pastor es liberado despu\u00e9s de siete meses en cautiverio - Historias<\/title>\n<meta name=\"description\" content=\"A las pocas semanas de su secuestro, sus secuestradores publicaron un v\u00eddeo de \u00e9l, exigiendo un alto rescate por su liberaci\u00f3n.\" \/>\n<meta name=\"robots\" content=\"index, follow, max-snippet:-1, max-image-preview:large, max-video-preview:-1\" \/>\n<link rel=\"canonical\" href=\"https:\/\/www.persecution.com\/es\/historias\/pastor-es-liberado-despue-es-de-siete-meses-en-cautiverio\/\" \/>\n<meta property=\"og:locale\" content=\"es_MX\" \/>\n<meta property=\"og:type\" content=\"article\" \/>\n<meta property=\"og:title\" content=\"Pastor es liberado despu\u00e9s de siete meses en cautiverio - Historias\" \/>\n<meta property=\"og:description\" content=\"A las pocas semanas de su secuestro, sus secuestradores publicaron un v\u00eddeo de \u00e9l, exigiendo un alto rescate por su liberaci\u00f3n.\" \/>\n<meta property=\"og:url\" content=\"https:\/\/www.persecution.com\/es\/historias\/pastor-es-liberado-despue-es-de-siete-meses-en-cautiverio\/\" \/>\n<meta property=\"og:site_name\" content=\"Historias\" \/>\n<meta property=\"article:published_time\" content=\"2021-08-12T07:07:02+00:00\" \/>\n<meta property=\"article:modified_time\" content=\"2022-10-20T20:23:37+00:00\" \/>\n<meta property=\"og:image\" content=\"https:\/\/assets.persecution.com\/es\/historias\/wp-content\/uploads\/2021\/05\/VOM-Stories-iCommit-PlaceholderV2.jpg\" \/>\n\t<meta property=\"og:image:width\" content=\"978\" \/>\n\t<meta property=\"og:image:height\" content=\"640\" \/>\n\t<meta property=\"og:image:type\" content=\"image\/jpeg\" \/>\n<meta name=\"author\" content=\"E Valenzuela\" \/>\n<meta name=\"twitter:card\" content=\"summary_large_image\" \/>\n<meta name=\"twitter:label1\" content=\"Escrito por\" \/>\n\t<meta name=\"twitter:data1\" content=\"E Valenzuela\" \/>\n\t<meta name=\"twitter:label2\" content=\"Tiempo de lectura\" \/>\n\t<meta name=\"twitter:data2\" content=\"1 minuto\" \/>\n<script type=\"application\/ld+json\" class=\"yoast-schema-graph\">{\"@context\":\"https:\\\/\\\/schema.org\",\"@graph\":[{\"@type\":\"Article\",\"@id\":\"https:\\\/\\\/www.persecution.com\\\/es\\\/historias\\\/pastor-es-liberado-despue-es-de-siete-meses-en-cautiverio\\\/#article\",\"isPartOf\":{\"@id\":\"https:\\\/\\\/www.persecution.com\\\/es\\\/historias\\\/pastor-es-liberado-despue-es-de-siete-meses-en-cautiverio\\\/\"},\"author\":{\"name\":\"E Valenzuela\",\"@id\":\"https:\\\/\\\/www.persecution.com\\\/es\\\/historias\\\/#\\\/schema\\\/person\\\/ae000ea52969cef1249f5afb05ccb961\"},\"headline\":\"Pastor es liberado despu\u00e9s de siete meses en cautiverio\",\"datePublished\":\"2021-08-12T07:07:02+00:00\",\"dateModified\":\"2022-10-20T20:23:37+00:00\",\"mainEntityOfPage\":{\"@id\":\"https:\\\/\\\/www.persecution.com\\\/es\\\/historias\\\/pastor-es-liberado-despue-es-de-siete-meses-en-cautiverio\\\/\"},\"wordCount\":182,\"image\":{\"@id\":\"https:\\\/\\\/www.persecution.com\\\/es\\\/historias\\\/pastor-es-liberado-despue-es-de-siete-meses-en-cautiverio\\\/#primaryimage\"},\"thumbnailUrl\":\"https:\\\/\\\/www.persecution.com\\\/es\\\/historias\\\/wp-content\\\/uploads\\\/2021\\\/05\\\/VOM-Stories-iCommit-PlaceholderV2.jpg\",\"keywords\":[\"Nigeria\"],\"articleSection\":[\"Oraci\u00f3n\"],\"inLanguage\":\"es\"},{\"@type\":\"WebPage\",\"@id\":\"https:\\\/\\\/www.persecution.com\\\/es\\\/historias\\\/pastor-es-liberado-despue-es-de-siete-meses-en-cautiverio\\\/\",\"url\":\"https:\\\/\\\/www.persecution.com\\\/es\\\/historias\\\/pastor-es-liberado-despue-es-de-siete-meses-en-cautiverio\\\/\",\"name\":\"Pastor es liberado despu\u00e9s de siete meses en cautiverio - Historias\",\"isPartOf\":{\"@id\":\"https:\\\/\\\/www.persecution.com\\\/es\\\/historias\\\/#website\"},\"primaryImageOfPage\":{\"@id\":\"https:\\\/\\\/www.persecution.com\\\/es\\\/historias\\\/pastor-es-liberado-despue-es-de-siete-meses-en-cautiverio\\\/#primaryimage\"},\"image\":{\"@id\":\"https:\\\/\\\/www.persecution.com\\\/es\\\/historias\\\/pastor-es-liberado-despue-es-de-siete-meses-en-cautiverio\\\/#primaryimage\"},\"thumbnailUrl\":\"https:\\\/\\\/www.persecution.com\\\/es\\\/historias\\\/wp-content\\\/uploads\\\/2021\\\/05\\\/VOM-Stories-iCommit-PlaceholderV2.jpg\",\"datePublished\":\"2021-08-12T07:07:02+00:00\",\"dateModified\":\"2022-10-20T20:23:37+00:00\",\"author\":{\"@id\":\"https:\\\/\\\/www.persecution.com\\\/es\\\/historias\\\/#\\\/schema\\\/person\\\/ae000ea52969cef1249f5afb05ccb961\"},\"description\":\"A las pocas semanas de su secuestro, sus secuestradores publicaron un v\u00eddeo de \u00e9l, exigiendo un alto rescate por su liberaci\u00f3n.\",\"breadcrumb\":{\"@id\":\"https:\\\/\\\/www.persecution.com\\\/es\\\/historias\\\/pastor-es-liberado-despue-es-de-siete-meses-en-cautiverio\\\/#breadcrumb\"},\"inLanguage\":\"es\",\"potentialAction\":[{\"@type\":\"ReadAction\",\"target\":[\"https:\\\/\\\/www.persecution.com\\\/es\\\/historias\\\/pastor-es-liberado-despue-es-de-siete-meses-en-cautiverio\\\/\"]}]},{\"@type\":\"ImageObject\",\"inLanguage\":\"es\",\"@id\":\"https:\\\/\\\/www.persecution.com\\\/es\\\/historias\\\/pastor-es-liberado-despue-es-de-siete-meses-en-cautiverio\\\/#primaryimage\",\"url\":\"https:\\\/\\\/www.persecution.com\\\/es\\\/historias\\\/wp-content\\\/uploads\\\/2021\\\/05\\\/VOM-Stories-iCommit-PlaceholderV2.jpg\",\"contentUrl\":\"https:\\\/\\\/www.persecution.com\\\/es\\\/historias\\\/wp-content\\\/uploads\\\/2021\\\/05\\\/VOM-Stories-iCommit-PlaceholderV2.jpg\",\"width\":978,\"height\":640},{\"@type\":\"BreadcrumbList\",\"@id\":\"https:\\\/\\\/www.persecution.com\\\/es\\\/historias\\\/pastor-es-liberado-despue-es-de-siete-meses-en-cautiverio\\\/#breadcrumb\",\"itemListElement\":[{\"@type\":\"ListItem\",\"position\":1,\"name\":\"Inicio\",\"item\":\"https:\\\/\\\/www.persecution.com\\\/es\\\/historias\\\/\"},{\"@type\":\"ListItem\",\"position\":2,\"name\":\"Pastor es liberado despu\u00e9s de siete meses en cautiverio\"}]},{\"@type\":\"WebSite\",\"@id\":\"https:\\\/\\\/www.persecution.com\\\/es\\\/historias\\\/#website\",\"url\":\"https:\\\/\\\/www.persecution.com\\\/es\\\/historias\\\/\",\"name\":\"Historias\",\"description\":\"La Voz de los M\u00e1rtires\",\"potentialAction\":[{\"@type\":\"SearchAction\",\"target\":{\"@type\":\"EntryPoint\",\"urlTemplate\":\"https:\\\/\\\/www.persecution.com\\\/es\\\/historias\\\/?s={search_term_string}\"},\"query-input\":{\"@type\":\"PropertyValueSpecification\",\"valueRequired\":true,\"valueName\":\"search_term_string\"}}],\"inLanguage\":\"es\"},{\"@type\":\"Person\",\"@id\":\"https:\\\/\\\/www.persecution.com\\\/es\\\/historias\\\/#\\\/schema\\\/person\\\/ae000ea52969cef1249f5afb05ccb961\",\"name\":\"E Valenzuela\",\"image\":{\"@type\":\"ImageObject\",\"inLanguage\":\"es\",\"@id\":\"https:\\\/\\\/secure.gravatar.com\\\/avatar\\\/72e02a942ef259240205425b9749482f07b1b2fb64225b038b4531b157d191a7?s=96&d=mm&r=g\",\"url\":\"https:\\\/\\\/secure.gravatar.com\\\/avatar\\\/72e02a942ef259240205425b9749482f07b1b2fb64225b038b4531b157d191a7?s=96&d=mm&r=g\",\"contentUrl\":\"https:\\\/\\\/secure.gravatar.com\\\/avatar\\\/72e02a942ef259240205425b9749482f07b1b2fb64225b038b4531b157d191a7?s=96&d=mm&r=g\",\"caption\":\"E Valenzuela\"},\"url\":\"https:\\\/\\\/www.persecution.com\\\/es\\\/historias\\\/author\\\/evalenzuelavom-org\\\/\"}]}<\/script>\n<!-- \/ Yoast SEO plugin. -->","yoast_head_json":{"title":"Pastor es liberado despu\u00e9s de siete meses en cautiverio - Historias","description":"A las pocas semanas de su secuestro, sus secuestradores publicaron un v\u00eddeo de \u00e9l, exigiendo un alto rescate por su liberaci\u00f3n.","robots":{"index":"index","follow":"follow","max-snippet":"max-snippet:-1","max-image-preview":"max-image-preview:large","max-video-preview":"max-video-preview:-1"},"canonical":"https:\/\/www.persecution.com\/es\/historias\/pastor-es-liberado-despue-es-de-siete-meses-en-cautiverio\/","og_locale":"es_MX","og_type":"article","og_title":"Pastor es liberado despu\u00e9s de siete meses en cautiverio - Historias","og_description":"A las pocas semanas de su secuestro, sus secuestradores publicaron un v\u00eddeo de \u00e9l, exigiendo un alto rescate por su liberaci\u00f3n.","og_url":"https:\/\/www.persecution.com\/es\/historias\/pastor-es-liberado-despue-es-de-siete-meses-en-cautiverio\/","og_site_name":"Historias","article_published_time":"2021-08-12T07:07:02+00:00","article_modified_time":"2022-10-20T20:23:37+00:00","og_image":[{"width":978,"height":640,"url":"https:\/\/assets.persecution.com\/es\/historias\/wp-content\/uploads\/2021\/05\/VOM-Stories-iCommit-PlaceholderV2.jpg","type":"image\/jpeg"}],"author":"E Valenzuela","twitter_card":"summary_large_image","twitter_misc":{"Escrito por":"E Valenzuela","Tiempo de lectura":"1 minuto"},"schema":{"@context":"https:\/\/schema.org","@graph":[{"@type":"Article","@id":"https:\/\/www.persecution.com\/es\/historias\/pastor-es-liberado-despue-es-de-siete-meses-en-cautiverio\/#article","isPartOf":{"@id":"https:\/\/www.persecution.com\/es\/historias\/pastor-es-liberado-despue-es-de-siete-meses-en-cautiverio\/"},"author":{"name":"E Valenzuela","@id":"https:\/\/www.persecution.com\/es\/historias\/#\/schema\/person\/ae000ea52969cef1249f5afb05ccb961"},"headline":"Pastor es liberado despu\u00e9s de siete meses en cautiverio","datePublished":"2021-08-12T07:07:02+00:00","dateModified":"2022-10-20T20:23:37+00:00","mainEntityOfPage":{"@id":"https:\/\/www.persecution.com\/es\/historias\/pastor-es-liberado-despue-es-de-siete-meses-en-cautiverio\/"},"wordCount":182,"image":{"@id":"https:\/\/www.persecution.com\/es\/historias\/pastor-es-liberado-despue-es-de-siete-meses-en-cautiverio\/#primaryimage"},"thumbnailUrl":"https:\/\/assets.persecution.com\/es\/historias\/wp-content\/uploads\/2021\/05\/VOM-Stories-iCommit-PlaceholderV2.jpg","keywords":["Nigeria"],"articleSection":["Oraci\u00f3n"],"inLanguage":"es"},{"@type":"WebPage","@id":"https:\/\/www.persecution.com\/es\/historias\/pastor-es-liberado-despue-es-de-siete-meses-en-cautiverio\/","url":"https:\/\/www.persecution.com\/es\/historias\/pastor-es-liberado-despue-es-de-siete-meses-en-cautiverio\/","name":"Pastor es liberado despu\u00e9s de siete meses en cautiverio - Historias","isPartOf":{"@id":"https:\/\/www.persecution.com\/es\/historias\/#website"},"primaryImageOfPage":{"@id":"https:\/\/www.persecution.com\/es\/historias\/pastor-es-liberado-despue-es-de-siete-meses-en-cautiverio\/#primaryimage"},"image":{"@id":"https:\/\/www.persecution.com\/es\/historias\/pastor-es-liberado-despue-es-de-siete-meses-en-cautiverio\/#primaryimage"},"thumbnailUrl":"https:\/\/assets.persecution.com\/es\/historias\/wp-content\/uploads\/2021\/05\/VOM-Stories-iCommit-PlaceholderV2.jpg","datePublished":"2021-08-12T07:07:02+00:00","dateModified":"2022-10-20T20:23:37+00:00","author":{"@id":"https:\/\/www.persecution.com\/es\/historias\/#\/schema\/person\/ae000ea52969cef1249f5afb05ccb961"},"description":"A las pocas semanas de su secuestro, sus secuestradores publicaron un v\u00eddeo de \u00e9l, exigiendo un alto rescate por su liberaci\u00f3n.","breadcrumb":{"@id":"https:\/\/www.persecution.com\/es\/historias\/pastor-es-liberado-despue-es-de-siete-meses-en-cautiverio\/#breadcrumb"},"inLanguage":"es","potentialAction":[{"@type":"ReadAction","target":["https:\/\/www.persecution.com\/es\/historias\/pastor-es-liberado-despue-es-de-siete-meses-en-cautiverio\/"]}]},{"@type":"ImageObject","inLanguage":"es","@id":"https:\/\/www.persecution.com\/es\/historias\/pastor-es-liberado-despue-es-de-siete-meses-en-cautiverio\/#primaryimage","url":"https:\/\/assets.persecution.com\/es\/historias\/wp-content\/uploads\/2021\/05\/VOM-Stories-iCommit-PlaceholderV2.jpg","contentUrl":"https:\/\/assets.persecution.com\/es\/historias\/wp-content\/uploads\/2021\/05\/VOM-Stories-iCommit-PlaceholderV2.jpg","width":978,"height":640},{"@type":"BreadcrumbList","@id":"https:\/\/www.persecution.com\/es\/historias\/pastor-es-liberado-despue-es-de-siete-meses-en-cautiverio\/#breadcrumb","itemListElement":[{"@type":"ListItem","position":1,"name":"Inicio","item":"https:\/\/www.persecution.com\/es\/historias\/"},{"@type":"ListItem","position":2,"name":"Pastor es liberado despu\u00e9s de siete meses en cautiverio"}]},{"@type":"WebSite","@id":"https:\/\/www.persecution.com\/es\/historias\/#website","url":"https:\/\/www.persecution.com\/es\/historias\/","name":"Historias","description":"La Voz de los M\u00e1rtires","potentialAction":[{"@type":"SearchAction","target":{"@type":"EntryPoint","urlTemplate":"https:\/\/www.persecution.com\/es\/historias\/?s={search_term_string}"},"query-input":{"@type":"PropertyValueSpecification","valueRequired":true,"valueName":"search_term_string"}}],"inLanguage":"es"},{"@type":"Person","@id":"https:\/\/www.persecution.com\/es\/historias\/#\/schema\/person\/ae000ea52969cef1249f5afb05ccb961","name":"E Valenzuela","image":{"@type":"ImageObject","inLanguage":"es","@id":"https:\/\/secure.gravatar.com\/avatar\/72e02a942ef259240205425b9749482f07b1b2fb64225b038b4531b157d191a7?s=96&d=mm&r=g","url":"https:\/\/secure.gravatar.com\/avatar\/72e02a942ef259240205425b9749482f07b1b2fb64225b038b4531b157d191a7?s=96&d=mm&r=g","contentUrl":"https:\/\/secure.gravatar.com\/avatar\/72e02a942ef259240205425b9749482f07b1b2fb64225b038b4531b157d191a7?s=96&d=mm&r=g","caption":"E Valenzuela"},"url":"https:\/\/www.persecution.com\/es\/historias\/author\/evalenzuelavom-org\/"}]}},"_links":{"self":[{"href":"https:\/\/www.persecution.com\/es\/historias\/wp-json\/wp\/v2\/posts\/2487","targetHints":{"allow":["GET"]}}],"collection":[{"href":"https:\/\/www.persecution.com\/es\/historias\/wp-json\/wp\/v2\/posts"}],"about":[{"href":"https:\/\/www.persecution.com\/es\/historias\/wp-json\/wp\/v2\/types\/post"}],"author":[{"embeddable":true,"href":"https:\/\/www.persecution.com\/es\/historias\/wp-json\/wp\/v2\/users\/12"}],"replies":[{"embeddable":true,"href":"https:\/\/www.persecution.com\/es\/historias\/wp-json\/wp\/v2\/comments?post=2487"}],"version-history":[{"count":2,"href":"https:\/\/www.persecution.com\/es\/historias\/wp-json\/wp\/v2\/posts\/2487\/revisions"}],"predecessor-version":[{"id":4326,"href":"https:\/\/www.persecution.com\/es\/historias\/wp-json\/wp\/v2\/posts\/2487\/revisions\/4326"}],"wp:featuredmedia":[{"embeddable":true,"href":"https:\/\/www.persecution.com\/es\/historias\/wp-json\/wp\/v2\/media\/181"}],"wp:attachment":[{"href":"https:\/\/www.persecution.com\/es\/historias\/wp-json\/wp\/v2\/media?parent=2487"}],"wp:term":[{"taxonomy":"category","embeddable":true,"href":"https:\/\/www.persecution.com\/es\/historias\/wp-json\/wp\/v2\/categories?post=2487"},{"taxonomy":"post_tag","embeddable":true,"href":"https:\/\/www.persecution.com\/es\/historias\/wp-json\/wp\/v2\/tags?post=2487"}],"curies":[{"name":"wp","href":"https:\/\/api.w.org\/{rel}","templated":true}]}}