{"id":2187,"date":"2021-07-22T07:07:03","date_gmt":"2021-07-22T07:07:03","guid":{"rendered":"https:\/\/www.persecution.com\/es\/historias\/from-atheism-to-joy-in-christ\/"},"modified":"2022-05-18T16:26:31","modified_gmt":"2022-05-18T16:26:31","slug":"del-ateismo-al-gozo-en-cristo","status":"publish","type":"post","link":"https:\/\/www.persecution.com\/es\/historias\/del-ateismo-al-gozo-en-cristo\/","title":{"rendered":"Del ate\u00edsmo al gozo en Cristo"},"content":{"rendered":"<p>Ibrahim tiene 65 a\u00f1os y es padre de catorce hijos. Hab\u00eda vivido sin ninguna religi\u00f3n excepto por la creencia en esp\u00edritus malignos. Pero Ibrahim ahora conf\u00eda en Cristo. Escuch\u00f3 el evangelio cuando un joven obrero de primera l\u00ednea fulani le explic\u00f3 las Escrituras, y le ayud\u00f3 cuidadosamente a entender la salvaci\u00f3n que est\u00e1 disponible solo a trav\u00e9s de Jesucristo. Ibrahim le entreg\u00f3 su vida a Jes\u00fas y fue bautizado. Ahora les comparte el evangelio a otros y anima a los miembros de su familia a que tambi\u00e9n le entreguen su vida a Cristo. \u00abCuando Ibrahim estaba siendo bautizado, estaba lleno de alegr\u00eda y dijo que de inmediato sinti\u00f3 un gran cambio en su coraz\u00f3n \u2014dijo otro obrero de primera l\u00ednea\u2014. \u00a1Nos pide que oremos por \u00e9l en su nuevo caminar con Jesucristo y tambi\u00e9n por su familia!\u00bb<\/p>\n","protected":false},"excerpt":{"rendered":"<p>Ibrahim tiene 65 a\u00f1os y es padre de catorce hijos. Hab\u00eda vivido sin ninguna religi\u00f3n excepto por la creencia en esp\u00edritus malignos. Pero Ibrahim ahora conf\u00eda en Cristo. Escuch\u00f3 el evangelio cuando un joven obrero de primera l\u00ednea fulani le explic\u00f3 las Escrituras, y le ayud\u00f3 cuidadosamente a entender la salvaci\u00f3n que est\u00e1 disponible solo a trav\u00e9s de Jesucristo. Ibrahim le entreg\u00f3 su vida a Jes\u00fas y fue bautizado. Ahora les comparte el evangelio a otros y anima a los miembros de su familia a que tambi\u00e9n le entreguen su vida a Cristo. \u00abCuando Ibrahim estaba siendo bautizado, estaba lleno de alegr\u00eda y dijo que de inmediato sinti\u00f3 un gran cambio en su coraz\u00f3n \u2014dijo otro obrero de primera l\u00ednea\u2014. \u00a1Nos pide que oremos por \u00e9l en su nuevo caminar con Jesucristo y tambi\u00e9n por su familia!\u00bb<\/p>\n","protected":false},"author":12,"featured_media":181,"comment_status":"closed","ping_status":"closed","sticky":false,"template":"","format":"standard","meta":{"footnotes":""},"categories":[79],"tags":[],"class_list":["post-2187","post","type-post","status-publish","format-standard","has-post-thumbnail","hentry","category-oracion","","tg-column-two"],"yoast_head":"<!-- This site is optimized with the Yoast SEO plugin v27.5 - https:\/\/yoast.com\/product\/yoast-seo-wordpress\/ -->\n<title>Del ate\u00edsmo al gozo en Cristo - Historias<\/title>\n<meta name=\"description\" content=\"Hab\u00eda vivido sin ninguna religi\u00f3n excepto por la creencia en esp\u00edritus malignos. Pero Ibrahim ahora conf\u00eda en Cristo.\" \/>\n<meta name=\"robots\" content=\"index, follow, max-snippet:-1, max-image-preview:large, max-video-preview:-1\" \/>\n<link rel=\"canonical\" href=\"https:\/\/www.persecution.com\/es\/historias\/del-ateismo-al-gozo-en-cristo\/\" \/>\n<meta property=\"og:locale\" content=\"es_MX\" \/>\n<meta property=\"og:type\" content=\"article\" \/>\n<meta property=\"og:title\" content=\"Del ate\u00edsmo al gozo en Cristo - Historias\" \/>\n<meta property=\"og:description\" content=\"Hab\u00eda vivido sin ninguna religi\u00f3n excepto por la creencia en esp\u00edritus malignos. Pero Ibrahim ahora conf\u00eda en Cristo.\" \/>\n<meta property=\"og:url\" content=\"https:\/\/www.persecution.com\/es\/historias\/del-ateismo-al-gozo-en-cristo\/\" \/>\n<meta property=\"og:site_name\" content=\"Historias\" \/>\n<meta property=\"article:published_time\" content=\"2021-07-22T07:07:03+00:00\" \/>\n<meta property=\"article:modified_time\" content=\"2022-05-18T16:26:31+00:00\" \/>\n<meta property=\"og:image\" content=\"https:\/\/assets.persecution.com\/es\/historias\/wp-content\/uploads\/2021\/05\/VOM-Stories-iCommit-PlaceholderV2.jpg\" \/>\n\t<meta property=\"og:image:width\" content=\"978\" \/>\n\t<meta property=\"og:image:height\" content=\"640\" \/>\n\t<meta property=\"og:image:type\" content=\"image\/jpeg\" \/>\n<meta name=\"author\" content=\"E Valenzuela\" \/>\n<meta name=\"twitter:card\" content=\"summary_large_image\" \/>\n<meta name=\"twitter:label1\" content=\"Escrito por\" \/>\n\t<meta name=\"twitter:data1\" content=\"E Valenzuela\" \/>\n\t<meta name=\"twitter:label2\" content=\"Tiempo de lectura\" \/>\n\t<meta name=\"twitter:data2\" content=\"1 minuto\" \/>\n<script type=\"application\/ld+json\" class=\"yoast-schema-graph\">{\"@context\":\"https:\\\/\\\/schema.org\",\"@graph\":[{\"@type\":\"Article\",\"@id\":\"https:\\\/\\\/www.persecution.com\\\/es\\\/historias\\\/del-ateismo-al-gozo-en-cristo\\\/#article\",\"isPartOf\":{\"@id\":\"https:\\\/\\\/www.persecution.com\\\/es\\\/historias\\\/del-ateismo-al-gozo-en-cristo\\\/\"},\"author\":{\"name\":\"E Valenzuela\",\"@id\":\"https:\\\/\\\/www.persecution.com\\\/es\\\/historias\\\/#\\\/schema\\\/person\\\/ae000ea52969cef1249f5afb05ccb961\"},\"headline\":\"Del ate\u00edsmo al gozo en Cristo\",\"datePublished\":\"2021-07-22T07:07:03+00:00\",\"dateModified\":\"2022-05-18T16:26:31+00:00\",\"mainEntityOfPage\":{\"@id\":\"https:\\\/\\\/www.persecution.com\\\/es\\\/historias\\\/del-ateismo-al-gozo-en-cristo\\\/\"},\"wordCount\":157,\"image\":{\"@id\":\"https:\\\/\\\/www.persecution.com\\\/es\\\/historias\\\/del-ateismo-al-gozo-en-cristo\\\/#primaryimage\"},\"thumbnailUrl\":\"https:\\\/\\\/www.persecution.com\\\/es\\\/historias\\\/wp-content\\\/uploads\\\/2021\\\/05\\\/VOM-Stories-iCommit-PlaceholderV2.jpg\",\"articleSection\":[\"Oraci\u00f3n\"],\"inLanguage\":\"es\"},{\"@type\":\"WebPage\",\"@id\":\"https:\\\/\\\/www.persecution.com\\\/es\\\/historias\\\/del-ateismo-al-gozo-en-cristo\\\/\",\"url\":\"https:\\\/\\\/www.persecution.com\\\/es\\\/historias\\\/del-ateismo-al-gozo-en-cristo\\\/\",\"name\":\"Del ate\u00edsmo al gozo en Cristo - Historias\",\"isPartOf\":{\"@id\":\"https:\\\/\\\/www.persecution.com\\\/es\\\/historias\\\/#website\"},\"primaryImageOfPage\":{\"@id\":\"https:\\\/\\\/www.persecution.com\\\/es\\\/historias\\\/del-ateismo-al-gozo-en-cristo\\\/#primaryimage\"},\"image\":{\"@id\":\"https:\\\/\\\/www.persecution.com\\\/es\\\/historias\\\/del-ateismo-al-gozo-en-cristo\\\/#primaryimage\"},\"thumbnailUrl\":\"https:\\\/\\\/www.persecution.com\\\/es\\\/historias\\\/wp-content\\\/uploads\\\/2021\\\/05\\\/VOM-Stories-iCommit-PlaceholderV2.jpg\",\"datePublished\":\"2021-07-22T07:07:03+00:00\",\"dateModified\":\"2022-05-18T16:26:31+00:00\",\"author\":{\"@id\":\"https:\\\/\\\/www.persecution.com\\\/es\\\/historias\\\/#\\\/schema\\\/person\\\/ae000ea52969cef1249f5afb05ccb961\"},\"description\":\"Hab\u00eda vivido sin ninguna religi\u00f3n excepto por la creencia en esp\u00edritus malignos. Pero Ibrahim ahora conf\u00eda en Cristo.\",\"breadcrumb\":{\"@id\":\"https:\\\/\\\/www.persecution.com\\\/es\\\/historias\\\/del-ateismo-al-gozo-en-cristo\\\/#breadcrumb\"},\"inLanguage\":\"es\",\"potentialAction\":[{\"@type\":\"ReadAction\",\"target\":[\"https:\\\/\\\/www.persecution.com\\\/es\\\/historias\\\/del-ateismo-al-gozo-en-cristo\\\/\"]}]},{\"@type\":\"ImageObject\",\"inLanguage\":\"es\",\"@id\":\"https:\\\/\\\/www.persecution.com\\\/es\\\/historias\\\/del-ateismo-al-gozo-en-cristo\\\/#primaryimage\",\"url\":\"https:\\\/\\\/www.persecution.com\\\/es\\\/historias\\\/wp-content\\\/uploads\\\/2021\\\/05\\\/VOM-Stories-iCommit-PlaceholderV2.jpg\",\"contentUrl\":\"https:\\\/\\\/www.persecution.com\\\/es\\\/historias\\\/wp-content\\\/uploads\\\/2021\\\/05\\\/VOM-Stories-iCommit-PlaceholderV2.jpg\",\"width\":978,\"height\":640},{\"@type\":\"BreadcrumbList\",\"@id\":\"https:\\\/\\\/www.persecution.com\\\/es\\\/historias\\\/del-ateismo-al-gozo-en-cristo\\\/#breadcrumb\",\"itemListElement\":[{\"@type\":\"ListItem\",\"position\":1,\"name\":\"Inicio\",\"item\":\"https:\\\/\\\/www.persecution.com\\\/es\\\/historias\\\/\"},{\"@type\":\"ListItem\",\"position\":2,\"name\":\"Del ate\u00edsmo al gozo en Cristo\"}]},{\"@type\":\"WebSite\",\"@id\":\"https:\\\/\\\/www.persecution.com\\\/es\\\/historias\\\/#website\",\"url\":\"https:\\\/\\\/www.persecution.com\\\/es\\\/historias\\\/\",\"name\":\"Historias\",\"description\":\"La Voz de los M\u00e1rtires\",\"potentialAction\":[{\"@type\":\"SearchAction\",\"target\":{\"@type\":\"EntryPoint\",\"urlTemplate\":\"https:\\\/\\\/www.persecution.com\\\/es\\\/historias\\\/?s={search_term_string}\"},\"query-input\":{\"@type\":\"PropertyValueSpecification\",\"valueRequired\":true,\"valueName\":\"search_term_string\"}}],\"inLanguage\":\"es\"},{\"@type\":\"Person\",\"@id\":\"https:\\\/\\\/www.persecution.com\\\/es\\\/historias\\\/#\\\/schema\\\/person\\\/ae000ea52969cef1249f5afb05ccb961\",\"name\":\"E Valenzuela\",\"image\":{\"@type\":\"ImageObject\",\"inLanguage\":\"es\",\"@id\":\"https:\\\/\\\/secure.gravatar.com\\\/avatar\\\/72e02a942ef259240205425b9749482f07b1b2fb64225b038b4531b157d191a7?s=96&d=mm&r=g\",\"url\":\"https:\\\/\\\/secure.gravatar.com\\\/avatar\\\/72e02a942ef259240205425b9749482f07b1b2fb64225b038b4531b157d191a7?s=96&d=mm&r=g\",\"contentUrl\":\"https:\\\/\\\/secure.gravatar.com\\\/avatar\\\/72e02a942ef259240205425b9749482f07b1b2fb64225b038b4531b157d191a7?s=96&d=mm&r=g\",\"caption\":\"E Valenzuela\"},\"url\":\"https:\\\/\\\/www.persecution.com\\\/es\\\/historias\\\/author\\\/evalenzuelavom-org\\\/\"}]}<\/script>\n<!-- \/ Yoast SEO plugin. -->","yoast_head_json":{"title":"Del ate\u00edsmo al gozo en Cristo - Historias","description":"Hab\u00eda vivido sin ninguna religi\u00f3n excepto por la creencia en esp\u00edritus malignos. Pero Ibrahim ahora conf\u00eda en Cristo.","robots":{"index":"index","follow":"follow","max-snippet":"max-snippet:-1","max-image-preview":"max-image-preview:large","max-video-preview":"max-video-preview:-1"},"canonical":"https:\/\/www.persecution.com\/es\/historias\/del-ateismo-al-gozo-en-cristo\/","og_locale":"es_MX","og_type":"article","og_title":"Del ate\u00edsmo al gozo en Cristo - Historias","og_description":"Hab\u00eda vivido sin ninguna religi\u00f3n excepto por la creencia en esp\u00edritus malignos. Pero Ibrahim ahora conf\u00eda en Cristo.","og_url":"https:\/\/www.persecution.com\/es\/historias\/del-ateismo-al-gozo-en-cristo\/","og_site_name":"Historias","article_published_time":"2021-07-22T07:07:03+00:00","article_modified_time":"2022-05-18T16:26:31+00:00","og_image":[{"width":978,"height":640,"url":"https:\/\/assets.persecution.com\/es\/historias\/wp-content\/uploads\/2021\/05\/VOM-Stories-iCommit-PlaceholderV2.jpg","type":"image\/jpeg"}],"author":"E Valenzuela","twitter_card":"summary_large_image","twitter_misc":{"Escrito por":"E Valenzuela","Tiempo de lectura":"1 minuto"},"schema":{"@context":"https:\/\/schema.org","@graph":[{"@type":"Article","@id":"https:\/\/www.persecution.com\/es\/historias\/del-ateismo-al-gozo-en-cristo\/#article","isPartOf":{"@id":"https:\/\/www.persecution.com\/es\/historias\/del-ateismo-al-gozo-en-cristo\/"},"author":{"name":"E Valenzuela","@id":"https:\/\/www.persecution.com\/es\/historias\/#\/schema\/person\/ae000ea52969cef1249f5afb05ccb961"},"headline":"Del ate\u00edsmo al gozo en Cristo","datePublished":"2021-07-22T07:07:03+00:00","dateModified":"2022-05-18T16:26:31+00:00","mainEntityOfPage":{"@id":"https:\/\/www.persecution.com\/es\/historias\/del-ateismo-al-gozo-en-cristo\/"},"wordCount":157,"image":{"@id":"https:\/\/www.persecution.com\/es\/historias\/del-ateismo-al-gozo-en-cristo\/#primaryimage"},"thumbnailUrl":"https:\/\/assets.persecution.com\/es\/historias\/wp-content\/uploads\/2021\/05\/VOM-Stories-iCommit-PlaceholderV2.jpg","articleSection":["Oraci\u00f3n"],"inLanguage":"es"},{"@type":"WebPage","@id":"https:\/\/www.persecution.com\/es\/historias\/del-ateismo-al-gozo-en-cristo\/","url":"https:\/\/www.persecution.com\/es\/historias\/del-ateismo-al-gozo-en-cristo\/","name":"Del ate\u00edsmo al gozo en Cristo - Historias","isPartOf":{"@id":"https:\/\/www.persecution.com\/es\/historias\/#website"},"primaryImageOfPage":{"@id":"https:\/\/www.persecution.com\/es\/historias\/del-ateismo-al-gozo-en-cristo\/#primaryimage"},"image":{"@id":"https:\/\/www.persecution.com\/es\/historias\/del-ateismo-al-gozo-en-cristo\/#primaryimage"},"thumbnailUrl":"https:\/\/assets.persecution.com\/es\/historias\/wp-content\/uploads\/2021\/05\/VOM-Stories-iCommit-PlaceholderV2.jpg","datePublished":"2021-07-22T07:07:03+00:00","dateModified":"2022-05-18T16:26:31+00:00","author":{"@id":"https:\/\/www.persecution.com\/es\/historias\/#\/schema\/person\/ae000ea52969cef1249f5afb05ccb961"},"description":"Hab\u00eda vivido sin ninguna religi\u00f3n excepto por la creencia en esp\u00edritus malignos. Pero Ibrahim ahora conf\u00eda en Cristo.","breadcrumb":{"@id":"https:\/\/www.persecution.com\/es\/historias\/del-ateismo-al-gozo-en-cristo\/#breadcrumb"},"inLanguage":"es","potentialAction":[{"@type":"ReadAction","target":["https:\/\/www.persecution.com\/es\/historias\/del-ateismo-al-gozo-en-cristo\/"]}]},{"@type":"ImageObject","inLanguage":"es","@id":"https:\/\/www.persecution.com\/es\/historias\/del-ateismo-al-gozo-en-cristo\/#primaryimage","url":"https:\/\/assets.persecution.com\/es\/historias\/wp-content\/uploads\/2021\/05\/VOM-Stories-iCommit-PlaceholderV2.jpg","contentUrl":"https:\/\/assets.persecution.com\/es\/historias\/wp-content\/uploads\/2021\/05\/VOM-Stories-iCommit-PlaceholderV2.jpg","width":978,"height":640},{"@type":"BreadcrumbList","@id":"https:\/\/www.persecution.com\/es\/historias\/del-ateismo-al-gozo-en-cristo\/#breadcrumb","itemListElement":[{"@type":"ListItem","position":1,"name":"Inicio","item":"https:\/\/www.persecution.com\/es\/historias\/"},{"@type":"ListItem","position":2,"name":"Del ate\u00edsmo al gozo en Cristo"}]},{"@type":"WebSite","@id":"https:\/\/www.persecution.com\/es\/historias\/#website","url":"https:\/\/www.persecution.com\/es\/historias\/","name":"Historias","description":"La Voz de los M\u00e1rtires","potentialAction":[{"@type":"SearchAction","target":{"@type":"EntryPoint","urlTemplate":"https:\/\/www.persecution.com\/es\/historias\/?s={search_term_string}"},"query-input":{"@type":"PropertyValueSpecification","valueRequired":true,"valueName":"search_term_string"}}],"inLanguage":"es"},{"@type":"Person","@id":"https:\/\/www.persecution.com\/es\/historias\/#\/schema\/person\/ae000ea52969cef1249f5afb05ccb961","name":"E Valenzuela","image":{"@type":"ImageObject","inLanguage":"es","@id":"https:\/\/secure.gravatar.com\/avatar\/72e02a942ef259240205425b9749482f07b1b2fb64225b038b4531b157d191a7?s=96&d=mm&r=g","url":"https:\/\/secure.gravatar.com\/avatar\/72e02a942ef259240205425b9749482f07b1b2fb64225b038b4531b157d191a7?s=96&d=mm&r=g","contentUrl":"https:\/\/secure.gravatar.com\/avatar\/72e02a942ef259240205425b9749482f07b1b2fb64225b038b4531b157d191a7?s=96&d=mm&r=g","caption":"E Valenzuela"},"url":"https:\/\/www.persecution.com\/es\/historias\/author\/evalenzuelavom-org\/"}]}},"_links":{"self":[{"href":"https:\/\/www.persecution.com\/es\/historias\/wp-json\/wp\/v2\/posts\/2187","targetHints":{"allow":["GET"]}}],"collection":[{"href":"https:\/\/www.persecution.com\/es\/historias\/wp-json\/wp\/v2\/posts"}],"about":[{"href":"https:\/\/www.persecution.com\/es\/historias\/wp-json\/wp\/v2\/types\/post"}],"author":[{"embeddable":true,"href":"https:\/\/www.persecution.com\/es\/historias\/wp-json\/wp\/v2\/users\/12"}],"replies":[{"embeddable":true,"href":"https:\/\/www.persecution.com\/es\/historias\/wp-json\/wp\/v2\/comments?post=2187"}],"version-history":[{"count":2,"href":"https:\/\/www.persecution.com\/es\/historias\/wp-json\/wp\/v2\/posts\/2187\/revisions"}],"predecessor-version":[{"id":3855,"href":"https:\/\/www.persecution.com\/es\/historias\/wp-json\/wp\/v2\/posts\/2187\/revisions\/3855"}],"wp:featuredmedia":[{"embeddable":true,"href":"https:\/\/www.persecution.com\/es\/historias\/wp-json\/wp\/v2\/media\/181"}],"wp:attachment":[{"href":"https:\/\/www.persecution.com\/es\/historias\/wp-json\/wp\/v2\/media?parent=2187"}],"wp:term":[{"taxonomy":"category","embeddable":true,"href":"https:\/\/www.persecution.com\/es\/historias\/wp-json\/wp\/v2\/categories?post=2187"},{"taxonomy":"post_tag","embeddable":true,"href":"https:\/\/www.persecution.com\/es\/historias\/wp-json\/wp\/v2\/tags?post=2187"}],"curies":[{"name":"wp","href":"https:\/\/api.w.org\/{rel}","templated":true}]}}