{"id":2186,"date":"2021-07-22T07:07:02","date_gmt":"2021-07-22T07:07:02","guid":{"rendered":"https:\/\/www.persecution.com\/es\/historias\/more-than-100-students-kidnapped-from-baptist-high-school\/"},"modified":"2022-10-17T17:54:21","modified_gmt":"2022-10-17T17:54:21","slug":"secuestran-a-mas-de-100-estudiantes-de-bachillerato-bautista","status":"publish","type":"post","link":"https:\/\/www.persecution.com\/es\/historias\/secuestran-a-mas-de-100-estudiantes-de-bachillerato-bautista\/","title":{"rendered":"Secuestran a m\u00e1s de 100 estudiantes de bachillerato bautista"},"content":{"rendered":"<p>Musulmanes fulan\u00edes radicales atacaron el Bachillerato Bautista Bethel en el estado de Kaduna al norte de <a href=\"https:\/\/www.persecution.com\/es\/guiadeoracionglobal\/nigeria\/?_source_code=WBPGGPG20B\">Nigeria<\/a> el 5 de julio de 2021. Los atacantes entraron en motocicletas disparando salvajemente al aire mientras atravesaban la valla que rodeaba la escuela. El n\u00famero exacto de los alumnos secuestrados es incierto, ya que algunos pudieron escapar durante el ataque. El hijo del pastor de la Iglesia Bautista Bethel estaba entre los alumnos que escaparon. \u00abEn este momento me he quedado sin palabras \u2014dijo el pastor\u2014. La escuela es un ministerio educativo de mi iglesia. Esta es una situaci\u00f3n muy, muy triste para nosotros\u00bb. Por favor oremos por el regreso seguro de todos los alumnos que a\u00fan est\u00e1n desaparecidos, y por que sus secuestradores sean llevados ante la justicia. Oremos tambi\u00e9n por que los padres cuyos hijos fueron secuestrados reciban consuelo.<\/p>\n<p><a href=\"https:\/\/www.persecution.com\/es\/guiadeoracionglobal\/nigeria\/?_source_code=WBPGGPG20B\">Haz clic aqu\u00ed<\/a> para informarte sobre la persecuci\u00f3n de los cristianos en Nigeria y saber c\u00f3mo orar.<\/p>\n","protected":false},"excerpt":{"rendered":"<p>Musulmanes fulan\u00edes radicales atacaron el Bachillerato Bautista Bethel en el estado de Kaduna al norte de Nigeria el 5 de julio de 2021. Los atacantes entraron en motocicletas disparando salvajemente al aire mientras atravesaban la valla que rodeaba la escuela. El n\u00famero exacto de los alumnos secuestrados es incierto, ya que algunos pudieron escapar durante el ataque. El hijo del pastor de la Iglesia Bautista Bethel estaba entre los alumnos que escaparon. \u00abEn este momento me he quedado sin palabras \u2014dijo el pastor\u2014. La escuela es un ministerio educativo de mi iglesia. Esta es una situaci\u00f3n muy, muy triste para nosotros\u00bb. Por favor oremos por el regreso seguro de todos los alumnos que a\u00fan est\u00e1n desaparecidos, y por que sus secuestradores sean llevados ante la justicia. Oremos tambi\u00e9n por que los padres cuyos hijos fueron secuestrados reciban consuelo. Haz clic aqu\u00ed para informarte sobre la persecuci\u00f3n de los cristianos en Nigeria y saber c\u00f3mo orar.<\/p>\n","protected":false},"author":12,"featured_media":181,"comment_status":"closed","ping_status":"closed","sticky":false,"template":"","format":"standard","meta":{"footnotes":""},"categories":[79],"tags":[47],"class_list":["post-2186","post","type-post","status-publish","format-standard","has-post-thumbnail","hentry","category-oracion","tag-nigeria","","tg-column-two"],"yoast_head":"<!-- This site is optimized with the Yoast SEO plugin v27.5 - https:\/\/yoast.com\/product\/yoast-seo-wordpress\/ -->\n<title>Secuestran a m\u00e1s de 100 estudiantes de bachillerato bautista - Historias<\/title>\n<meta name=\"description\" content=\"Los atacantes entraron en motocicletas disparando salvajemente al aire mientras atravesaban la valla que rodeaba la escuela.\" \/>\n<meta name=\"robots\" content=\"index, follow, max-snippet:-1, max-image-preview:large, max-video-preview:-1\" \/>\n<link rel=\"canonical\" href=\"https:\/\/www.persecution.com\/es\/historias\/secuestran-a-mas-de-100-estudiantes-de-bachillerato-bautista\/\" \/>\n<meta property=\"og:locale\" content=\"es_MX\" \/>\n<meta property=\"og:type\" content=\"article\" \/>\n<meta property=\"og:title\" content=\"Secuestran a m\u00e1s de 100 estudiantes de bachillerato bautista - Historias\" \/>\n<meta property=\"og:description\" content=\"Los atacantes entraron en motocicletas disparando salvajemente al aire mientras atravesaban la valla que rodeaba la escuela.\" \/>\n<meta property=\"og:url\" content=\"https:\/\/www.persecution.com\/es\/historias\/secuestran-a-mas-de-100-estudiantes-de-bachillerato-bautista\/\" \/>\n<meta property=\"og:site_name\" content=\"Historias\" \/>\n<meta property=\"article:published_time\" content=\"2021-07-22T07:07:02+00:00\" \/>\n<meta property=\"article:modified_time\" content=\"2022-10-17T17:54:21+00:00\" \/>\n<meta property=\"og:image\" content=\"https:\/\/assets.persecution.com\/es\/historias\/wp-content\/uploads\/2021\/05\/VOM-Stories-iCommit-PlaceholderV2.jpg\" \/>\n\t<meta property=\"og:image:width\" content=\"978\" \/>\n\t<meta property=\"og:image:height\" content=\"640\" \/>\n\t<meta property=\"og:image:type\" content=\"image\/jpeg\" \/>\n<meta name=\"author\" content=\"E Valenzuela\" \/>\n<meta name=\"twitter:card\" content=\"summary_large_image\" \/>\n<meta name=\"twitter:label1\" content=\"Escrito por\" \/>\n\t<meta name=\"twitter:data1\" content=\"E Valenzuela\" \/>\n\t<meta name=\"twitter:label2\" content=\"Tiempo de lectura\" \/>\n\t<meta name=\"twitter:data2\" content=\"1 minuto\" \/>\n<script type=\"application\/ld+json\" class=\"yoast-schema-graph\">{\"@context\":\"https:\\\/\\\/schema.org\",\"@graph\":[{\"@type\":\"Article\",\"@id\":\"https:\\\/\\\/www.persecution.com\\\/es\\\/historias\\\/secuestran-a-mas-de-100-estudiantes-de-bachillerato-bautista\\\/#article\",\"isPartOf\":{\"@id\":\"https:\\\/\\\/www.persecution.com\\\/es\\\/historias\\\/secuestran-a-mas-de-100-estudiantes-de-bachillerato-bautista\\\/\"},\"author\":{\"name\":\"E Valenzuela\",\"@id\":\"https:\\\/\\\/www.persecution.com\\\/es\\\/historias\\\/#\\\/schema\\\/person\\\/ae000ea52969cef1249f5afb05ccb961\"},\"headline\":\"Secuestran a m\u00e1s de 100 estudiantes de bachillerato bautista\",\"datePublished\":\"2021-07-22T07:07:02+00:00\",\"dateModified\":\"2022-10-17T17:54:21+00:00\",\"mainEntityOfPage\":{\"@id\":\"https:\\\/\\\/www.persecution.com\\\/es\\\/historias\\\/secuestran-a-mas-de-100-estudiantes-de-bachillerato-bautista\\\/\"},\"wordCount\":170,\"image\":{\"@id\":\"https:\\\/\\\/www.persecution.com\\\/es\\\/historias\\\/secuestran-a-mas-de-100-estudiantes-de-bachillerato-bautista\\\/#primaryimage\"},\"thumbnailUrl\":\"https:\\\/\\\/www.persecution.com\\\/es\\\/historias\\\/wp-content\\\/uploads\\\/2021\\\/05\\\/VOM-Stories-iCommit-PlaceholderV2.jpg\",\"keywords\":[\"Nigeria\"],\"articleSection\":[\"Oraci\u00f3n\"],\"inLanguage\":\"es\"},{\"@type\":\"WebPage\",\"@id\":\"https:\\\/\\\/www.persecution.com\\\/es\\\/historias\\\/secuestran-a-mas-de-100-estudiantes-de-bachillerato-bautista\\\/\",\"url\":\"https:\\\/\\\/www.persecution.com\\\/es\\\/historias\\\/secuestran-a-mas-de-100-estudiantes-de-bachillerato-bautista\\\/\",\"name\":\"Secuestran a m\u00e1s de 100 estudiantes de bachillerato bautista - Historias\",\"isPartOf\":{\"@id\":\"https:\\\/\\\/www.persecution.com\\\/es\\\/historias\\\/#website\"},\"primaryImageOfPage\":{\"@id\":\"https:\\\/\\\/www.persecution.com\\\/es\\\/historias\\\/secuestran-a-mas-de-100-estudiantes-de-bachillerato-bautista\\\/#primaryimage\"},\"image\":{\"@id\":\"https:\\\/\\\/www.persecution.com\\\/es\\\/historias\\\/secuestran-a-mas-de-100-estudiantes-de-bachillerato-bautista\\\/#primaryimage\"},\"thumbnailUrl\":\"https:\\\/\\\/www.persecution.com\\\/es\\\/historias\\\/wp-content\\\/uploads\\\/2021\\\/05\\\/VOM-Stories-iCommit-PlaceholderV2.jpg\",\"datePublished\":\"2021-07-22T07:07:02+00:00\",\"dateModified\":\"2022-10-17T17:54:21+00:00\",\"author\":{\"@id\":\"https:\\\/\\\/www.persecution.com\\\/es\\\/historias\\\/#\\\/schema\\\/person\\\/ae000ea52969cef1249f5afb05ccb961\"},\"description\":\"Los atacantes entraron en motocicletas disparando salvajemente al aire mientras atravesaban la valla que rodeaba la escuela.\",\"breadcrumb\":{\"@id\":\"https:\\\/\\\/www.persecution.com\\\/es\\\/historias\\\/secuestran-a-mas-de-100-estudiantes-de-bachillerato-bautista\\\/#breadcrumb\"},\"inLanguage\":\"es\",\"potentialAction\":[{\"@type\":\"ReadAction\",\"target\":[\"https:\\\/\\\/www.persecution.com\\\/es\\\/historias\\\/secuestran-a-mas-de-100-estudiantes-de-bachillerato-bautista\\\/\"]}]},{\"@type\":\"ImageObject\",\"inLanguage\":\"es\",\"@id\":\"https:\\\/\\\/www.persecution.com\\\/es\\\/historias\\\/secuestran-a-mas-de-100-estudiantes-de-bachillerato-bautista\\\/#primaryimage\",\"url\":\"https:\\\/\\\/www.persecution.com\\\/es\\\/historias\\\/wp-content\\\/uploads\\\/2021\\\/05\\\/VOM-Stories-iCommit-PlaceholderV2.jpg\",\"contentUrl\":\"https:\\\/\\\/www.persecution.com\\\/es\\\/historias\\\/wp-content\\\/uploads\\\/2021\\\/05\\\/VOM-Stories-iCommit-PlaceholderV2.jpg\",\"width\":978,\"height\":640},{\"@type\":\"BreadcrumbList\",\"@id\":\"https:\\\/\\\/www.persecution.com\\\/es\\\/historias\\\/secuestran-a-mas-de-100-estudiantes-de-bachillerato-bautista\\\/#breadcrumb\",\"itemListElement\":[{\"@type\":\"ListItem\",\"position\":1,\"name\":\"Inicio\",\"item\":\"https:\\\/\\\/www.persecution.com\\\/es\\\/historias\\\/\"},{\"@type\":\"ListItem\",\"position\":2,\"name\":\"Secuestran a m\u00e1s de 100 estudiantes de bachillerato bautista\"}]},{\"@type\":\"WebSite\",\"@id\":\"https:\\\/\\\/www.persecution.com\\\/es\\\/historias\\\/#website\",\"url\":\"https:\\\/\\\/www.persecution.com\\\/es\\\/historias\\\/\",\"name\":\"Historias\",\"description\":\"La Voz de los M\u00e1rtires\",\"potentialAction\":[{\"@type\":\"SearchAction\",\"target\":{\"@type\":\"EntryPoint\",\"urlTemplate\":\"https:\\\/\\\/www.persecution.com\\\/es\\\/historias\\\/?s={search_term_string}\"},\"query-input\":{\"@type\":\"PropertyValueSpecification\",\"valueRequired\":true,\"valueName\":\"search_term_string\"}}],\"inLanguage\":\"es\"},{\"@type\":\"Person\",\"@id\":\"https:\\\/\\\/www.persecution.com\\\/es\\\/historias\\\/#\\\/schema\\\/person\\\/ae000ea52969cef1249f5afb05ccb961\",\"name\":\"E Valenzuela\",\"image\":{\"@type\":\"ImageObject\",\"inLanguage\":\"es\",\"@id\":\"https:\\\/\\\/secure.gravatar.com\\\/avatar\\\/72e02a942ef259240205425b9749482f07b1b2fb64225b038b4531b157d191a7?s=96&d=mm&r=g\",\"url\":\"https:\\\/\\\/secure.gravatar.com\\\/avatar\\\/72e02a942ef259240205425b9749482f07b1b2fb64225b038b4531b157d191a7?s=96&d=mm&r=g\",\"contentUrl\":\"https:\\\/\\\/secure.gravatar.com\\\/avatar\\\/72e02a942ef259240205425b9749482f07b1b2fb64225b038b4531b157d191a7?s=96&d=mm&r=g\",\"caption\":\"E Valenzuela\"},\"url\":\"https:\\\/\\\/www.persecution.com\\\/es\\\/historias\\\/author\\\/evalenzuelavom-org\\\/\"}]}<\/script>\n<!-- \/ Yoast SEO plugin. -->","yoast_head_json":{"title":"Secuestran a m\u00e1s de 100 estudiantes de bachillerato bautista - Historias","description":"Los atacantes entraron en motocicletas disparando salvajemente al aire mientras atravesaban la valla que rodeaba la escuela.","robots":{"index":"index","follow":"follow","max-snippet":"max-snippet:-1","max-image-preview":"max-image-preview:large","max-video-preview":"max-video-preview:-1"},"canonical":"https:\/\/www.persecution.com\/es\/historias\/secuestran-a-mas-de-100-estudiantes-de-bachillerato-bautista\/","og_locale":"es_MX","og_type":"article","og_title":"Secuestran a m\u00e1s de 100 estudiantes de bachillerato bautista - Historias","og_description":"Los atacantes entraron en motocicletas disparando salvajemente al aire mientras atravesaban la valla que rodeaba la escuela.","og_url":"https:\/\/www.persecution.com\/es\/historias\/secuestran-a-mas-de-100-estudiantes-de-bachillerato-bautista\/","og_site_name":"Historias","article_published_time":"2021-07-22T07:07:02+00:00","article_modified_time":"2022-10-17T17:54:21+00:00","og_image":[{"width":978,"height":640,"url":"https:\/\/assets.persecution.com\/es\/historias\/wp-content\/uploads\/2021\/05\/VOM-Stories-iCommit-PlaceholderV2.jpg","type":"image\/jpeg"}],"author":"E Valenzuela","twitter_card":"summary_large_image","twitter_misc":{"Escrito por":"E Valenzuela","Tiempo de lectura":"1 minuto"},"schema":{"@context":"https:\/\/schema.org","@graph":[{"@type":"Article","@id":"https:\/\/www.persecution.com\/es\/historias\/secuestran-a-mas-de-100-estudiantes-de-bachillerato-bautista\/#article","isPartOf":{"@id":"https:\/\/www.persecution.com\/es\/historias\/secuestran-a-mas-de-100-estudiantes-de-bachillerato-bautista\/"},"author":{"name":"E Valenzuela","@id":"https:\/\/www.persecution.com\/es\/historias\/#\/schema\/person\/ae000ea52969cef1249f5afb05ccb961"},"headline":"Secuestran a m\u00e1s de 100 estudiantes de bachillerato bautista","datePublished":"2021-07-22T07:07:02+00:00","dateModified":"2022-10-17T17:54:21+00:00","mainEntityOfPage":{"@id":"https:\/\/www.persecution.com\/es\/historias\/secuestran-a-mas-de-100-estudiantes-de-bachillerato-bautista\/"},"wordCount":170,"image":{"@id":"https:\/\/www.persecution.com\/es\/historias\/secuestran-a-mas-de-100-estudiantes-de-bachillerato-bautista\/#primaryimage"},"thumbnailUrl":"https:\/\/assets.persecution.com\/es\/historias\/wp-content\/uploads\/2021\/05\/VOM-Stories-iCommit-PlaceholderV2.jpg","keywords":["Nigeria"],"articleSection":["Oraci\u00f3n"],"inLanguage":"es"},{"@type":"WebPage","@id":"https:\/\/www.persecution.com\/es\/historias\/secuestran-a-mas-de-100-estudiantes-de-bachillerato-bautista\/","url":"https:\/\/www.persecution.com\/es\/historias\/secuestran-a-mas-de-100-estudiantes-de-bachillerato-bautista\/","name":"Secuestran a m\u00e1s de 100 estudiantes de bachillerato bautista - Historias","isPartOf":{"@id":"https:\/\/www.persecution.com\/es\/historias\/#website"},"primaryImageOfPage":{"@id":"https:\/\/www.persecution.com\/es\/historias\/secuestran-a-mas-de-100-estudiantes-de-bachillerato-bautista\/#primaryimage"},"image":{"@id":"https:\/\/www.persecution.com\/es\/historias\/secuestran-a-mas-de-100-estudiantes-de-bachillerato-bautista\/#primaryimage"},"thumbnailUrl":"https:\/\/assets.persecution.com\/es\/historias\/wp-content\/uploads\/2021\/05\/VOM-Stories-iCommit-PlaceholderV2.jpg","datePublished":"2021-07-22T07:07:02+00:00","dateModified":"2022-10-17T17:54:21+00:00","author":{"@id":"https:\/\/www.persecution.com\/es\/historias\/#\/schema\/person\/ae000ea52969cef1249f5afb05ccb961"},"description":"Los atacantes entraron en motocicletas disparando salvajemente al aire mientras atravesaban la valla que rodeaba la escuela.","breadcrumb":{"@id":"https:\/\/www.persecution.com\/es\/historias\/secuestran-a-mas-de-100-estudiantes-de-bachillerato-bautista\/#breadcrumb"},"inLanguage":"es","potentialAction":[{"@type":"ReadAction","target":["https:\/\/www.persecution.com\/es\/historias\/secuestran-a-mas-de-100-estudiantes-de-bachillerato-bautista\/"]}]},{"@type":"ImageObject","inLanguage":"es","@id":"https:\/\/www.persecution.com\/es\/historias\/secuestran-a-mas-de-100-estudiantes-de-bachillerato-bautista\/#primaryimage","url":"https:\/\/assets.persecution.com\/es\/historias\/wp-content\/uploads\/2021\/05\/VOM-Stories-iCommit-PlaceholderV2.jpg","contentUrl":"https:\/\/assets.persecution.com\/es\/historias\/wp-content\/uploads\/2021\/05\/VOM-Stories-iCommit-PlaceholderV2.jpg","width":978,"height":640},{"@type":"BreadcrumbList","@id":"https:\/\/www.persecution.com\/es\/historias\/secuestran-a-mas-de-100-estudiantes-de-bachillerato-bautista\/#breadcrumb","itemListElement":[{"@type":"ListItem","position":1,"name":"Inicio","item":"https:\/\/www.persecution.com\/es\/historias\/"},{"@type":"ListItem","position":2,"name":"Secuestran a m\u00e1s de 100 estudiantes de bachillerato bautista"}]},{"@type":"WebSite","@id":"https:\/\/www.persecution.com\/es\/historias\/#website","url":"https:\/\/www.persecution.com\/es\/historias\/","name":"Historias","description":"La Voz de los M\u00e1rtires","potentialAction":[{"@type":"SearchAction","target":{"@type":"EntryPoint","urlTemplate":"https:\/\/www.persecution.com\/es\/historias\/?s={search_term_string}"},"query-input":{"@type":"PropertyValueSpecification","valueRequired":true,"valueName":"search_term_string"}}],"inLanguage":"es"},{"@type":"Person","@id":"https:\/\/www.persecution.com\/es\/historias\/#\/schema\/person\/ae000ea52969cef1249f5afb05ccb961","name":"E Valenzuela","image":{"@type":"ImageObject","inLanguage":"es","@id":"https:\/\/secure.gravatar.com\/avatar\/72e02a942ef259240205425b9749482f07b1b2fb64225b038b4531b157d191a7?s=96&d=mm&r=g","url":"https:\/\/secure.gravatar.com\/avatar\/72e02a942ef259240205425b9749482f07b1b2fb64225b038b4531b157d191a7?s=96&d=mm&r=g","contentUrl":"https:\/\/secure.gravatar.com\/avatar\/72e02a942ef259240205425b9749482f07b1b2fb64225b038b4531b157d191a7?s=96&d=mm&r=g","caption":"E Valenzuela"},"url":"https:\/\/www.persecution.com\/es\/historias\/author\/evalenzuelavom-org\/"}]}},"_links":{"self":[{"href":"https:\/\/www.persecution.com\/es\/historias\/wp-json\/wp\/v2\/posts\/2186","targetHints":{"allow":["GET"]}}],"collection":[{"href":"https:\/\/www.persecution.com\/es\/historias\/wp-json\/wp\/v2\/posts"}],"about":[{"href":"https:\/\/www.persecution.com\/es\/historias\/wp-json\/wp\/v2\/types\/post"}],"author":[{"embeddable":true,"href":"https:\/\/www.persecution.com\/es\/historias\/wp-json\/wp\/v2\/users\/12"}],"replies":[{"embeddable":true,"href":"https:\/\/www.persecution.com\/es\/historias\/wp-json\/wp\/v2\/comments?post=2186"}],"version-history":[{"count":1,"href":"https:\/\/www.persecution.com\/es\/historias\/wp-json\/wp\/v2\/posts\/2186\/revisions"}],"predecessor-version":[{"id":3929,"href":"https:\/\/www.persecution.com\/es\/historias\/wp-json\/wp\/v2\/posts\/2186\/revisions\/3929"}],"wp:featuredmedia":[{"embeddable":true,"href":"https:\/\/www.persecution.com\/es\/historias\/wp-json\/wp\/v2\/media\/181"}],"wp:attachment":[{"href":"https:\/\/www.persecution.com\/es\/historias\/wp-json\/wp\/v2\/media?parent=2186"}],"wp:term":[{"taxonomy":"category","embeddable":true,"href":"https:\/\/www.persecution.com\/es\/historias\/wp-json\/wp\/v2\/categories?post=2186"},{"taxonomy":"post_tag","embeddable":true,"href":"https:\/\/www.persecution.com\/es\/historias\/wp-json\/wp\/v2\/tags?post=2186"}],"curies":[{"name":"wp","href":"https:\/\/api.w.org\/{rel}","templated":true}]}}