{"id":1967,"date":"2021-07-15T07:07:03","date_gmt":"2021-07-15T07:07:03","guid":{"rendered":"https:\/\/www.persecution.com\/es\/historias\/christian-man-cares-for-neighbors-shares-gospel-during-pandemic\/"},"modified":"2022-10-17T21:50:34","modified_gmt":"2022-10-17T21:50:34","slug":"cristiano-cuida-de-sus-vecinos-y-comparte-el-evangelio-durante-la-pandemia","status":"publish","type":"post","link":"https:\/\/www.persecution.com\/es\/historias\/cristiano-cuida-de-sus-vecinos-y-comparte-el-evangelio-durante-la-pandemia\/","title":{"rendered":"Cristiano cuida de sus vecinos y comparte el evangelio durante la pandemia"},"content":{"rendered":"<p>Debido al reciente aumento de muertes por coronavirus en la <a href=\"https:\/\/www.persecution.com\/es\/guiadeoracionglobal\/india\/?_source_code=WBPGGPG20B\">India<\/a>, Sandeep conoc\u00eda las necesidades desesperadas de las personas que viv\u00edan en las aldeas circundantes. Arriesg\u00f3 su propia salud y viaj\u00f3 a una aldea remota donde la gente no hab\u00eda comido en tres d\u00edas y les proporcion\u00f3 comida y cubri\u00f3 otras necesidades. Los hambrientos aldeanos quedaron impactados por sus actos de amor y servicio. Cuando Sandeep les pregunt\u00f3 a los aldeanos si estar\u00edan dispuestos a escuchar historias de la <a href=\"https:\/\/www.persecution.com\/es\/biblias\/?utm_campaign=bibles_es&amp;utm_source=ESSTORIES\">Biblia<\/a>, un hombre llamado Ram dijo: \u00abNuestro (l\u00edder del gobierno local) no vino a vernos ni la gente local de la aldea nos comparti\u00f3 nada de comida debido al miedo, pero usted, un completo extra\u00f1o, ha venido y ha cuidado de nosotros. No sabemos por qu\u00e9. Queremos escuchar todo lo que nos diga\u00bb. Alabemos a Dios por la fidelidad de Sandeep para amar a sus vecinos sin importar el costo y por su apertura para compartir el evangelio. Alabemos a Dios por la manera en que el amor abri\u00f3 el coraz\u00f3n de los aldeanos para escuchar el evangelio. Oremos por que los cristianos de toda la India amen sacrificialmente a su pr\u00f3jimo de manera similar y que m\u00e1s corazones se abran.<\/p>\n<p><a href=\"https:\/\/www.persecution.com\/es\/guiadeoracionglobal\/india\/?_source_code=WBPGGPG20B\">Haz clic<\/a> aqu\u00ed para informarte sobre la persecuci\u00f3n de los cristianos en <a href=\"https:\/\/www.persecution.com\/es\/guiadeoracionglobal\/india\/?_source_code=WBPGGPG20B\">India<\/a> y saber c\u00f3mo orar.<\/p>\n","protected":false},"excerpt":{"rendered":"<p>Debido al reciente aumento de muertes por coronavirus en la India, Sandeep conoc\u00eda las necesidades desesperadas de las personas que viv\u00edan en las aldeas circundantes. Arriesg\u00f3 su propia salud y viaj\u00f3 a una aldea remota donde la gente no hab\u00eda comido en tres d\u00edas y les proporcion\u00f3 comida y cubri\u00f3 otras necesidades. Los hambrientos aldeanos quedaron impactados por sus actos de amor y servicio. Cuando Sandeep les pregunt\u00f3 a los aldeanos si estar\u00edan dispuestos a escuchar historias de la Biblia, un hombre llamado Ram dijo: \u00abNuestro (l\u00edder del gobierno local) no vino a vernos ni la gente local de la aldea nos comparti\u00f3 nada de comida debido al miedo, pero usted, un completo extra\u00f1o, ha venido y ha cuidado de nosotros. No sabemos por qu\u00e9. Queremos escuchar todo lo que nos diga\u00bb. Alabemos a Dios por la fidelidad de Sandeep para amar a sus vecinos sin importar el costo y por su apertura para compartir el evangelio. Alabemos a Dios por la manera en que el amor abri\u00f3 el coraz\u00f3n de los aldeanos para escuchar el evangelio. Oremos por que los cristianos de toda la India amen sacrificialmente a su pr\u00f3jimo de manera similar y que m\u00e1s corazones se abran.<\/p>\n","protected":false},"author":12,"featured_media":181,"comment_status":"closed","ping_status":"closed","sticky":false,"template":"","format":"standard","meta":{"footnotes":""},"categories":[79],"tags":[28],"class_list":["post-1967","post","type-post","status-publish","format-standard","has-post-thumbnail","hentry","category-oracion","tag-india","","tg-column-two"],"yoast_head":"<!-- This site is optimized with the Yoast SEO plugin v27.5 - https:\/\/yoast.com\/product\/yoast-seo-wordpress\/ -->\n<title>Cristiano cuida de sus vecinos y comparte el evangelio durante la pandemia - Historias<\/title>\n<meta name=\"description\" content=\"Debido al reciente aumento de muertes por coronavirus, Sandeep conoc\u00eda las necesidades desesperadas de las personas que viv\u00edan en las aldeas.\" \/>\n<meta name=\"robots\" content=\"index, follow, max-snippet:-1, max-image-preview:large, max-video-preview:-1\" \/>\n<link rel=\"canonical\" href=\"https:\/\/www.persecution.com\/es\/historias\/cristiano-cuida-de-sus-vecinos-y-comparte-el-evangelio-durante-la-pandemia\/\" \/>\n<meta property=\"og:locale\" content=\"es_MX\" \/>\n<meta property=\"og:type\" content=\"article\" \/>\n<meta property=\"og:title\" content=\"Cristiano cuida de sus vecinos y comparte el evangelio durante la pandemia - Historias\" \/>\n<meta property=\"og:description\" content=\"Debido al reciente aumento de muertes por coronavirus, Sandeep conoc\u00eda las necesidades desesperadas de las personas que viv\u00edan en las aldeas.\" \/>\n<meta property=\"og:url\" content=\"https:\/\/www.persecution.com\/es\/historias\/cristiano-cuida-de-sus-vecinos-y-comparte-el-evangelio-durante-la-pandemia\/\" \/>\n<meta property=\"og:site_name\" content=\"Historias\" \/>\n<meta property=\"article:published_time\" content=\"2021-07-15T07:07:03+00:00\" \/>\n<meta property=\"article:modified_time\" content=\"2022-10-17T21:50:34+00:00\" \/>\n<meta property=\"og:image\" content=\"https:\/\/assets.persecution.com\/es\/historias\/wp-content\/uploads\/2021\/05\/VOM-Stories-iCommit-PlaceholderV2.jpg\" \/>\n\t<meta property=\"og:image:width\" content=\"978\" \/>\n\t<meta property=\"og:image:height\" content=\"640\" \/>\n\t<meta property=\"og:image:type\" content=\"image\/jpeg\" \/>\n<meta name=\"author\" content=\"E Valenzuela\" \/>\n<meta name=\"twitter:card\" content=\"summary_large_image\" \/>\n<meta name=\"twitter:label1\" content=\"Escrito por\" \/>\n\t<meta name=\"twitter:data1\" content=\"E Valenzuela\" \/>\n\t<meta name=\"twitter:label2\" content=\"Tiempo de lectura\" \/>\n\t<meta name=\"twitter:data2\" content=\"1 minuto\" \/>\n<script type=\"application\/ld+json\" class=\"yoast-schema-graph\">{\"@context\":\"https:\\\/\\\/schema.org\",\"@graph\":[{\"@type\":\"Article\",\"@id\":\"https:\\\/\\\/www.persecution.com\\\/es\\\/historias\\\/cristiano-cuida-de-sus-vecinos-y-comparte-el-evangelio-durante-la-pandemia\\\/#article\",\"isPartOf\":{\"@id\":\"https:\\\/\\\/www.persecution.com\\\/es\\\/historias\\\/cristiano-cuida-de-sus-vecinos-y-comparte-el-evangelio-durante-la-pandemia\\\/\"},\"author\":{\"name\":\"E Valenzuela\",\"@id\":\"https:\\\/\\\/www.persecution.com\\\/es\\\/historias\\\/#\\\/schema\\\/person\\\/ae000ea52969cef1249f5afb05ccb961\"},\"headline\":\"Cristiano cuida de sus vecinos y comparte el evangelio durante la pandemia\",\"datePublished\":\"2021-07-15T07:07:03+00:00\",\"dateModified\":\"2022-10-17T21:50:34+00:00\",\"mainEntityOfPage\":{\"@id\":\"https:\\\/\\\/www.persecution.com\\\/es\\\/historias\\\/cristiano-cuida-de-sus-vecinos-y-comparte-el-evangelio-durante-la-pandemia\\\/\"},\"wordCount\":241,\"image\":{\"@id\":\"https:\\\/\\\/www.persecution.com\\\/es\\\/historias\\\/cristiano-cuida-de-sus-vecinos-y-comparte-el-evangelio-durante-la-pandemia\\\/#primaryimage\"},\"thumbnailUrl\":\"https:\\\/\\\/www.persecution.com\\\/es\\\/historias\\\/wp-content\\\/uploads\\\/2021\\\/05\\\/VOM-Stories-iCommit-PlaceholderV2.jpg\",\"keywords\":[\"India\"],\"articleSection\":[\"Oraci\u00f3n\"],\"inLanguage\":\"es\"},{\"@type\":\"WebPage\",\"@id\":\"https:\\\/\\\/www.persecution.com\\\/es\\\/historias\\\/cristiano-cuida-de-sus-vecinos-y-comparte-el-evangelio-durante-la-pandemia\\\/\",\"url\":\"https:\\\/\\\/www.persecution.com\\\/es\\\/historias\\\/cristiano-cuida-de-sus-vecinos-y-comparte-el-evangelio-durante-la-pandemia\\\/\",\"name\":\"Cristiano cuida de sus vecinos y comparte el evangelio durante la pandemia - Historias\",\"isPartOf\":{\"@id\":\"https:\\\/\\\/www.persecution.com\\\/es\\\/historias\\\/#website\"},\"primaryImageOfPage\":{\"@id\":\"https:\\\/\\\/www.persecution.com\\\/es\\\/historias\\\/cristiano-cuida-de-sus-vecinos-y-comparte-el-evangelio-durante-la-pandemia\\\/#primaryimage\"},\"image\":{\"@id\":\"https:\\\/\\\/www.persecution.com\\\/es\\\/historias\\\/cristiano-cuida-de-sus-vecinos-y-comparte-el-evangelio-durante-la-pandemia\\\/#primaryimage\"},\"thumbnailUrl\":\"https:\\\/\\\/www.persecution.com\\\/es\\\/historias\\\/wp-content\\\/uploads\\\/2021\\\/05\\\/VOM-Stories-iCommit-PlaceholderV2.jpg\",\"datePublished\":\"2021-07-15T07:07:03+00:00\",\"dateModified\":\"2022-10-17T21:50:34+00:00\",\"author\":{\"@id\":\"https:\\\/\\\/www.persecution.com\\\/es\\\/historias\\\/#\\\/schema\\\/person\\\/ae000ea52969cef1249f5afb05ccb961\"},\"description\":\"Debido al reciente aumento de muertes por coronavirus, Sandeep conoc\u00eda las necesidades desesperadas de las personas que viv\u00edan en las aldeas.\",\"breadcrumb\":{\"@id\":\"https:\\\/\\\/www.persecution.com\\\/es\\\/historias\\\/cristiano-cuida-de-sus-vecinos-y-comparte-el-evangelio-durante-la-pandemia\\\/#breadcrumb\"},\"inLanguage\":\"es\",\"potentialAction\":[{\"@type\":\"ReadAction\",\"target\":[\"https:\\\/\\\/www.persecution.com\\\/es\\\/historias\\\/cristiano-cuida-de-sus-vecinos-y-comparte-el-evangelio-durante-la-pandemia\\\/\"]}]},{\"@type\":\"ImageObject\",\"inLanguage\":\"es\",\"@id\":\"https:\\\/\\\/www.persecution.com\\\/es\\\/historias\\\/cristiano-cuida-de-sus-vecinos-y-comparte-el-evangelio-durante-la-pandemia\\\/#primaryimage\",\"url\":\"https:\\\/\\\/www.persecution.com\\\/es\\\/historias\\\/wp-content\\\/uploads\\\/2021\\\/05\\\/VOM-Stories-iCommit-PlaceholderV2.jpg\",\"contentUrl\":\"https:\\\/\\\/www.persecution.com\\\/es\\\/historias\\\/wp-content\\\/uploads\\\/2021\\\/05\\\/VOM-Stories-iCommit-PlaceholderV2.jpg\",\"width\":978,\"height\":640},{\"@type\":\"BreadcrumbList\",\"@id\":\"https:\\\/\\\/www.persecution.com\\\/es\\\/historias\\\/cristiano-cuida-de-sus-vecinos-y-comparte-el-evangelio-durante-la-pandemia\\\/#breadcrumb\",\"itemListElement\":[{\"@type\":\"ListItem\",\"position\":1,\"name\":\"Inicio\",\"item\":\"https:\\\/\\\/www.persecution.com\\\/es\\\/historias\\\/\"},{\"@type\":\"ListItem\",\"position\":2,\"name\":\"Cristiano cuida de sus vecinos y comparte el evangelio durante la pandemia\"}]},{\"@type\":\"WebSite\",\"@id\":\"https:\\\/\\\/www.persecution.com\\\/es\\\/historias\\\/#website\",\"url\":\"https:\\\/\\\/www.persecution.com\\\/es\\\/historias\\\/\",\"name\":\"Historias\",\"description\":\"La Voz de los M\u00e1rtires\",\"potentialAction\":[{\"@type\":\"SearchAction\",\"target\":{\"@type\":\"EntryPoint\",\"urlTemplate\":\"https:\\\/\\\/www.persecution.com\\\/es\\\/historias\\\/?s={search_term_string}\"},\"query-input\":{\"@type\":\"PropertyValueSpecification\",\"valueRequired\":true,\"valueName\":\"search_term_string\"}}],\"inLanguage\":\"es\"},{\"@type\":\"Person\",\"@id\":\"https:\\\/\\\/www.persecution.com\\\/es\\\/historias\\\/#\\\/schema\\\/person\\\/ae000ea52969cef1249f5afb05ccb961\",\"name\":\"E Valenzuela\",\"image\":{\"@type\":\"ImageObject\",\"inLanguage\":\"es\",\"@id\":\"https:\\\/\\\/secure.gravatar.com\\\/avatar\\\/72e02a942ef259240205425b9749482f07b1b2fb64225b038b4531b157d191a7?s=96&d=mm&r=g\",\"url\":\"https:\\\/\\\/secure.gravatar.com\\\/avatar\\\/72e02a942ef259240205425b9749482f07b1b2fb64225b038b4531b157d191a7?s=96&d=mm&r=g\",\"contentUrl\":\"https:\\\/\\\/secure.gravatar.com\\\/avatar\\\/72e02a942ef259240205425b9749482f07b1b2fb64225b038b4531b157d191a7?s=96&d=mm&r=g\",\"caption\":\"E Valenzuela\"},\"url\":\"https:\\\/\\\/www.persecution.com\\\/es\\\/historias\\\/author\\\/evalenzuelavom-org\\\/\"}]}<\/script>\n<!-- \/ Yoast SEO plugin. -->","yoast_head_json":{"title":"Cristiano cuida de sus vecinos y comparte el evangelio durante la pandemia - Historias","description":"Debido al reciente aumento de muertes por coronavirus, Sandeep conoc\u00eda las necesidades desesperadas de las personas que viv\u00edan en las aldeas.","robots":{"index":"index","follow":"follow","max-snippet":"max-snippet:-1","max-image-preview":"max-image-preview:large","max-video-preview":"max-video-preview:-1"},"canonical":"https:\/\/www.persecution.com\/es\/historias\/cristiano-cuida-de-sus-vecinos-y-comparte-el-evangelio-durante-la-pandemia\/","og_locale":"es_MX","og_type":"article","og_title":"Cristiano cuida de sus vecinos y comparte el evangelio durante la pandemia - Historias","og_description":"Debido al reciente aumento de muertes por coronavirus, Sandeep conoc\u00eda las necesidades desesperadas de las personas que viv\u00edan en las aldeas.","og_url":"https:\/\/www.persecution.com\/es\/historias\/cristiano-cuida-de-sus-vecinos-y-comparte-el-evangelio-durante-la-pandemia\/","og_site_name":"Historias","article_published_time":"2021-07-15T07:07:03+00:00","article_modified_time":"2022-10-17T21:50:34+00:00","og_image":[{"width":978,"height":640,"url":"https:\/\/assets.persecution.com\/es\/historias\/wp-content\/uploads\/2021\/05\/VOM-Stories-iCommit-PlaceholderV2.jpg","type":"image\/jpeg"}],"author":"E Valenzuela","twitter_card":"summary_large_image","twitter_misc":{"Escrito por":"E Valenzuela","Tiempo de lectura":"1 minuto"},"schema":{"@context":"https:\/\/schema.org","@graph":[{"@type":"Article","@id":"https:\/\/www.persecution.com\/es\/historias\/cristiano-cuida-de-sus-vecinos-y-comparte-el-evangelio-durante-la-pandemia\/#article","isPartOf":{"@id":"https:\/\/www.persecution.com\/es\/historias\/cristiano-cuida-de-sus-vecinos-y-comparte-el-evangelio-durante-la-pandemia\/"},"author":{"name":"E Valenzuela","@id":"https:\/\/www.persecution.com\/es\/historias\/#\/schema\/person\/ae000ea52969cef1249f5afb05ccb961"},"headline":"Cristiano cuida de sus vecinos y comparte el evangelio durante la pandemia","datePublished":"2021-07-15T07:07:03+00:00","dateModified":"2022-10-17T21:50:34+00:00","mainEntityOfPage":{"@id":"https:\/\/www.persecution.com\/es\/historias\/cristiano-cuida-de-sus-vecinos-y-comparte-el-evangelio-durante-la-pandemia\/"},"wordCount":241,"image":{"@id":"https:\/\/www.persecution.com\/es\/historias\/cristiano-cuida-de-sus-vecinos-y-comparte-el-evangelio-durante-la-pandemia\/#primaryimage"},"thumbnailUrl":"https:\/\/assets.persecution.com\/es\/historias\/wp-content\/uploads\/2021\/05\/VOM-Stories-iCommit-PlaceholderV2.jpg","keywords":["India"],"articleSection":["Oraci\u00f3n"],"inLanguage":"es"},{"@type":"WebPage","@id":"https:\/\/www.persecution.com\/es\/historias\/cristiano-cuida-de-sus-vecinos-y-comparte-el-evangelio-durante-la-pandemia\/","url":"https:\/\/www.persecution.com\/es\/historias\/cristiano-cuida-de-sus-vecinos-y-comparte-el-evangelio-durante-la-pandemia\/","name":"Cristiano cuida de sus vecinos y comparte el evangelio durante la pandemia - Historias","isPartOf":{"@id":"https:\/\/www.persecution.com\/es\/historias\/#website"},"primaryImageOfPage":{"@id":"https:\/\/www.persecution.com\/es\/historias\/cristiano-cuida-de-sus-vecinos-y-comparte-el-evangelio-durante-la-pandemia\/#primaryimage"},"image":{"@id":"https:\/\/www.persecution.com\/es\/historias\/cristiano-cuida-de-sus-vecinos-y-comparte-el-evangelio-durante-la-pandemia\/#primaryimage"},"thumbnailUrl":"https:\/\/assets.persecution.com\/es\/historias\/wp-content\/uploads\/2021\/05\/VOM-Stories-iCommit-PlaceholderV2.jpg","datePublished":"2021-07-15T07:07:03+00:00","dateModified":"2022-10-17T21:50:34+00:00","author":{"@id":"https:\/\/www.persecution.com\/es\/historias\/#\/schema\/person\/ae000ea52969cef1249f5afb05ccb961"},"description":"Debido al reciente aumento de muertes por coronavirus, Sandeep conoc\u00eda las necesidades desesperadas de las personas que viv\u00edan en las aldeas.","breadcrumb":{"@id":"https:\/\/www.persecution.com\/es\/historias\/cristiano-cuida-de-sus-vecinos-y-comparte-el-evangelio-durante-la-pandemia\/#breadcrumb"},"inLanguage":"es","potentialAction":[{"@type":"ReadAction","target":["https:\/\/www.persecution.com\/es\/historias\/cristiano-cuida-de-sus-vecinos-y-comparte-el-evangelio-durante-la-pandemia\/"]}]},{"@type":"ImageObject","inLanguage":"es","@id":"https:\/\/www.persecution.com\/es\/historias\/cristiano-cuida-de-sus-vecinos-y-comparte-el-evangelio-durante-la-pandemia\/#primaryimage","url":"https:\/\/assets.persecution.com\/es\/historias\/wp-content\/uploads\/2021\/05\/VOM-Stories-iCommit-PlaceholderV2.jpg","contentUrl":"https:\/\/assets.persecution.com\/es\/historias\/wp-content\/uploads\/2021\/05\/VOM-Stories-iCommit-PlaceholderV2.jpg","width":978,"height":640},{"@type":"BreadcrumbList","@id":"https:\/\/www.persecution.com\/es\/historias\/cristiano-cuida-de-sus-vecinos-y-comparte-el-evangelio-durante-la-pandemia\/#breadcrumb","itemListElement":[{"@type":"ListItem","position":1,"name":"Inicio","item":"https:\/\/www.persecution.com\/es\/historias\/"},{"@type":"ListItem","position":2,"name":"Cristiano cuida de sus vecinos y comparte el evangelio durante la pandemia"}]},{"@type":"WebSite","@id":"https:\/\/www.persecution.com\/es\/historias\/#website","url":"https:\/\/www.persecution.com\/es\/historias\/","name":"Historias","description":"La Voz de los M\u00e1rtires","potentialAction":[{"@type":"SearchAction","target":{"@type":"EntryPoint","urlTemplate":"https:\/\/www.persecution.com\/es\/historias\/?s={search_term_string}"},"query-input":{"@type":"PropertyValueSpecification","valueRequired":true,"valueName":"search_term_string"}}],"inLanguage":"es"},{"@type":"Person","@id":"https:\/\/www.persecution.com\/es\/historias\/#\/schema\/person\/ae000ea52969cef1249f5afb05ccb961","name":"E Valenzuela","image":{"@type":"ImageObject","inLanguage":"es","@id":"https:\/\/secure.gravatar.com\/avatar\/72e02a942ef259240205425b9749482f07b1b2fb64225b038b4531b157d191a7?s=96&d=mm&r=g","url":"https:\/\/secure.gravatar.com\/avatar\/72e02a942ef259240205425b9749482f07b1b2fb64225b038b4531b157d191a7?s=96&d=mm&r=g","contentUrl":"https:\/\/secure.gravatar.com\/avatar\/72e02a942ef259240205425b9749482f07b1b2fb64225b038b4531b157d191a7?s=96&d=mm&r=g","caption":"E Valenzuela"},"url":"https:\/\/www.persecution.com\/es\/historias\/author\/evalenzuelavom-org\/"}]}},"_links":{"self":[{"href":"https:\/\/www.persecution.com\/es\/historias\/wp-json\/wp\/v2\/posts\/1967","targetHints":{"allow":["GET"]}}],"collection":[{"href":"https:\/\/www.persecution.com\/es\/historias\/wp-json\/wp\/v2\/posts"}],"about":[{"href":"https:\/\/www.persecution.com\/es\/historias\/wp-json\/wp\/v2\/types\/post"}],"author":[{"embeddable":true,"href":"https:\/\/www.persecution.com\/es\/historias\/wp-json\/wp\/v2\/users\/12"}],"replies":[{"embeddable":true,"href":"https:\/\/www.persecution.com\/es\/historias\/wp-json\/wp\/v2\/comments?post=1967"}],"version-history":[{"count":2,"href":"https:\/\/www.persecution.com\/es\/historias\/wp-json\/wp\/v2\/posts\/1967\/revisions"}],"predecessor-version":[{"id":4293,"href":"https:\/\/www.persecution.com\/es\/historias\/wp-json\/wp\/v2\/posts\/1967\/revisions\/4293"}],"wp:featuredmedia":[{"embeddable":true,"href":"https:\/\/www.persecution.com\/es\/historias\/wp-json\/wp\/v2\/media\/181"}],"wp:attachment":[{"href":"https:\/\/www.persecution.com\/es\/historias\/wp-json\/wp\/v2\/media?parent=1967"}],"wp:term":[{"taxonomy":"category","embeddable":true,"href":"https:\/\/www.persecution.com\/es\/historias\/wp-json\/wp\/v2\/categories?post=1967"},{"taxonomy":"post_tag","embeddable":true,"href":"https:\/\/www.persecution.com\/es\/historias\/wp-json\/wp\/v2\/tags?post=1967"}],"curies":[{"name":"wp","href":"https:\/\/api.w.org\/{rel}","templated":true}]}}