{"id":1965,"date":"2021-07-15T07:07:01","date_gmt":"2021-07-15T07:07:01","guid":{"rendered":"https:\/\/www.persecution.com\/es\/historias\/church-in-tripoli-faces-eviction\/"},"modified":"2022-10-17T21:54:58","modified_gmt":"2022-10-17T21:54:58","slug":"iglesia-en-tripoli-se-enfrenta-al-desalojo","status":"publish","type":"post","link":"https:\/\/www.persecution.com\/es\/historias\/iglesia-en-tripoli-se-enfrenta-al-desalojo\/","title":{"rendered":"Iglesia en Tr\u00edpoli se enfrenta al desalojo"},"content":{"rendered":"<p>La Iglesia de la Uni\u00f3n de Tr\u00edpoli, una de las cinco denominaciones cristianas reconocidas por el gobierno <a href=\"https:\/\/www.persecution.com\/es\/guiadeoracionglobal\/libia\/?_source_code=WBPGGPG20B\">libio<\/a>, ha adorado en el mismo edificio eclesial durante m\u00e1s de cincuenta a\u00f1os. El edificio se tom\u00f3 en alquiler del antiguo r\u00e9gimen gubernamental en terrenos que el gobierno hab\u00eda expropiado debido a su proximidad a la sede del gobierno. Recientemente, un comit\u00e9 gubernamental decidi\u00f3 devolver la tierra y los edificios a los descendientes de los propietarios originales, quienes ahora han presentado un caso judicial para el desalojo de la iglesia, la cual sirve como hogar de cuatro congregaciones protestantes con cristianos de muchas nacionalidades. Oremos por que el liderazgo de estas congregaciones conozca la paz de Dios mientras esperan la decisi\u00f3n de la corte. Oremos por que la iglesia pueda asegurar una nueva ubicaci\u00f3n dentro de sus medios financieros antes de ser desalojada.<\/p>\n<p><a href=\"https:\/\/www.persecution.com\/es\/guiadeoracionglobal\/libia\/?_source_code=WBPGGPG20B\">Haz clic aqu\u00ed<\/a> para informarte sobre la persecuci\u00f3n de los cristianos en <a href=\"https:\/\/www.persecution.com\/es\/guiadeoracionglobal\/libia\/?_source_code=WBPGGPG20B\">Libia<\/a> y saber c\u00f3mo orar.<\/p>\n","protected":false},"excerpt":{"rendered":"<p>La Iglesia de la Uni\u00f3n de Tr\u00edpoli, una de las cinco denominaciones cristianas reconocidas por el gobierno libio, ha adorado en el mismo edificio eclesial durante m\u00e1s de cincuenta a\u00f1os. El edificio se tom\u00f3 en alquiler del antiguo r\u00e9gimen gubernamental en terrenos que el gobierno hab\u00eda expropiado debido a su proximidad a la sede del gobierno. Recientemente, un comit\u00e9 gubernamental decidi\u00f3 devolver la tierra y los edificios a los descendientes de los propietarios originales, quienes ahora han presentado un caso judicial para el desalojo de la iglesia, la cual sirve como hogar de cuatro congregaciones protestantes con cristianos de muchas nacionalidades. Oremos por que el liderazgo de estas congregaciones conozca la paz de Dios mientras esperan la decisi\u00f3n de la corte. Oremos por que la iglesia pueda asegurar una nueva ubicaci\u00f3n dentro de sus medios financieros antes de ser desalojada. Haz clic aqu\u00ed para informarte sobre la persecuci\u00f3n de los cristianos en Libia y saber c\u00f3mo orar.<\/p>\n","protected":false},"author":12,"featured_media":181,"comment_status":"closed","ping_status":"closed","sticky":false,"template":"","format":"standard","meta":{"footnotes":""},"categories":[79],"tags":[39],"class_list":["post-1965","post","type-post","status-publish","format-standard","has-post-thumbnail","hentry","category-oracion","tag-libia","","tg-column-two"],"yoast_head":"<!-- This site is optimized with the Yoast SEO plugin v27.5 - https:\/\/yoast.com\/product\/yoast-seo-wordpress\/ -->\n<title>Iglesia en Tr\u00edpoli se enfrenta al desalojo - Historias<\/title>\n<meta name=\"description\" content=\"La Iglesia de la Uni\u00f3n de Tr\u00edpoli, ha adorado en el mismo edificio eclesial durante m\u00e1s de cincuenta a\u00f1os.\" \/>\n<meta name=\"robots\" content=\"index, follow, max-snippet:-1, max-image-preview:large, max-video-preview:-1\" \/>\n<link rel=\"canonical\" href=\"https:\/\/www.persecution.com\/es\/historias\/iglesia-en-tripoli-se-enfrenta-al-desalojo\/\" \/>\n<meta property=\"og:locale\" content=\"es_MX\" \/>\n<meta property=\"og:type\" content=\"article\" \/>\n<meta property=\"og:title\" content=\"Iglesia en Tr\u00edpoli se enfrenta al desalojo - Historias\" \/>\n<meta property=\"og:description\" content=\"La Iglesia de la Uni\u00f3n de Tr\u00edpoli, ha adorado en el mismo edificio eclesial durante m\u00e1s de cincuenta a\u00f1os.\" \/>\n<meta property=\"og:url\" content=\"https:\/\/www.persecution.com\/es\/historias\/iglesia-en-tripoli-se-enfrenta-al-desalojo\/\" \/>\n<meta property=\"og:site_name\" content=\"Historias\" \/>\n<meta property=\"article:published_time\" content=\"2021-07-15T07:07:01+00:00\" \/>\n<meta property=\"article:modified_time\" content=\"2022-10-17T21:54:58+00:00\" \/>\n<meta property=\"og:image\" content=\"https:\/\/assets.persecution.com\/es\/historias\/wp-content\/uploads\/2021\/05\/VOM-Stories-iCommit-PlaceholderV2.jpg\" \/>\n\t<meta property=\"og:image:width\" content=\"978\" \/>\n\t<meta property=\"og:image:height\" content=\"640\" \/>\n\t<meta property=\"og:image:type\" content=\"image\/jpeg\" \/>\n<meta name=\"author\" content=\"E Valenzuela\" \/>\n<meta name=\"twitter:card\" content=\"summary_large_image\" \/>\n<meta name=\"twitter:label1\" content=\"Escrito por\" \/>\n\t<meta name=\"twitter:data1\" content=\"E Valenzuela\" \/>\n\t<meta name=\"twitter:label2\" content=\"Tiempo de lectura\" \/>\n\t<meta name=\"twitter:data2\" content=\"1 minuto\" \/>\n<script type=\"application\/ld+json\" class=\"yoast-schema-graph\">{\"@context\":\"https:\\\/\\\/schema.org\",\"@graph\":[{\"@type\":\"Article\",\"@id\":\"https:\\\/\\\/www.persecution.com\\\/es\\\/historias\\\/iglesia-en-tripoli-se-enfrenta-al-desalojo\\\/#article\",\"isPartOf\":{\"@id\":\"https:\\\/\\\/www.persecution.com\\\/es\\\/historias\\\/iglesia-en-tripoli-se-enfrenta-al-desalojo\\\/\"},\"author\":{\"name\":\"E Valenzuela\",\"@id\":\"https:\\\/\\\/www.persecution.com\\\/es\\\/historias\\\/#\\\/schema\\\/person\\\/ae000ea52969cef1249f5afb05ccb961\"},\"headline\":\"Iglesia en Tr\u00edpoli se enfrenta al desalojo\",\"datePublished\":\"2021-07-15T07:07:01+00:00\",\"dateModified\":\"2022-10-17T21:54:58+00:00\",\"mainEntityOfPage\":{\"@id\":\"https:\\\/\\\/www.persecution.com\\\/es\\\/historias\\\/iglesia-en-tripoli-se-enfrenta-al-desalojo\\\/\"},\"wordCount\":175,\"image\":{\"@id\":\"https:\\\/\\\/www.persecution.com\\\/es\\\/historias\\\/iglesia-en-tripoli-se-enfrenta-al-desalojo\\\/#primaryimage\"},\"thumbnailUrl\":\"https:\\\/\\\/www.persecution.com\\\/es\\\/historias\\\/wp-content\\\/uploads\\\/2021\\\/05\\\/VOM-Stories-iCommit-PlaceholderV2.jpg\",\"keywords\":[\"Libia\"],\"articleSection\":[\"Oraci\u00f3n\"],\"inLanguage\":\"es\"},{\"@type\":\"WebPage\",\"@id\":\"https:\\\/\\\/www.persecution.com\\\/es\\\/historias\\\/iglesia-en-tripoli-se-enfrenta-al-desalojo\\\/\",\"url\":\"https:\\\/\\\/www.persecution.com\\\/es\\\/historias\\\/iglesia-en-tripoli-se-enfrenta-al-desalojo\\\/\",\"name\":\"Iglesia en Tr\u00edpoli se enfrenta al desalojo - Historias\",\"isPartOf\":{\"@id\":\"https:\\\/\\\/www.persecution.com\\\/es\\\/historias\\\/#website\"},\"primaryImageOfPage\":{\"@id\":\"https:\\\/\\\/www.persecution.com\\\/es\\\/historias\\\/iglesia-en-tripoli-se-enfrenta-al-desalojo\\\/#primaryimage\"},\"image\":{\"@id\":\"https:\\\/\\\/www.persecution.com\\\/es\\\/historias\\\/iglesia-en-tripoli-se-enfrenta-al-desalojo\\\/#primaryimage\"},\"thumbnailUrl\":\"https:\\\/\\\/www.persecution.com\\\/es\\\/historias\\\/wp-content\\\/uploads\\\/2021\\\/05\\\/VOM-Stories-iCommit-PlaceholderV2.jpg\",\"datePublished\":\"2021-07-15T07:07:01+00:00\",\"dateModified\":\"2022-10-17T21:54:58+00:00\",\"author\":{\"@id\":\"https:\\\/\\\/www.persecution.com\\\/es\\\/historias\\\/#\\\/schema\\\/person\\\/ae000ea52969cef1249f5afb05ccb961\"},\"description\":\"La Iglesia de la Uni\u00f3n de Tr\u00edpoli, ha adorado en el mismo edificio eclesial durante m\u00e1s de cincuenta a\u00f1os.\",\"breadcrumb\":{\"@id\":\"https:\\\/\\\/www.persecution.com\\\/es\\\/historias\\\/iglesia-en-tripoli-se-enfrenta-al-desalojo\\\/#breadcrumb\"},\"inLanguage\":\"es\",\"potentialAction\":[{\"@type\":\"ReadAction\",\"target\":[\"https:\\\/\\\/www.persecution.com\\\/es\\\/historias\\\/iglesia-en-tripoli-se-enfrenta-al-desalojo\\\/\"]}]},{\"@type\":\"ImageObject\",\"inLanguage\":\"es\",\"@id\":\"https:\\\/\\\/www.persecution.com\\\/es\\\/historias\\\/iglesia-en-tripoli-se-enfrenta-al-desalojo\\\/#primaryimage\",\"url\":\"https:\\\/\\\/www.persecution.com\\\/es\\\/historias\\\/wp-content\\\/uploads\\\/2021\\\/05\\\/VOM-Stories-iCommit-PlaceholderV2.jpg\",\"contentUrl\":\"https:\\\/\\\/www.persecution.com\\\/es\\\/historias\\\/wp-content\\\/uploads\\\/2021\\\/05\\\/VOM-Stories-iCommit-PlaceholderV2.jpg\",\"width\":978,\"height\":640},{\"@type\":\"BreadcrumbList\",\"@id\":\"https:\\\/\\\/www.persecution.com\\\/es\\\/historias\\\/iglesia-en-tripoli-se-enfrenta-al-desalojo\\\/#breadcrumb\",\"itemListElement\":[{\"@type\":\"ListItem\",\"position\":1,\"name\":\"Inicio\",\"item\":\"https:\\\/\\\/www.persecution.com\\\/es\\\/historias\\\/\"},{\"@type\":\"ListItem\",\"position\":2,\"name\":\"Iglesia en Tr\u00edpoli se enfrenta al desalojo\"}]},{\"@type\":\"WebSite\",\"@id\":\"https:\\\/\\\/www.persecution.com\\\/es\\\/historias\\\/#website\",\"url\":\"https:\\\/\\\/www.persecution.com\\\/es\\\/historias\\\/\",\"name\":\"Historias\",\"description\":\"La Voz de los M\u00e1rtires\",\"potentialAction\":[{\"@type\":\"SearchAction\",\"target\":{\"@type\":\"EntryPoint\",\"urlTemplate\":\"https:\\\/\\\/www.persecution.com\\\/es\\\/historias\\\/?s={search_term_string}\"},\"query-input\":{\"@type\":\"PropertyValueSpecification\",\"valueRequired\":true,\"valueName\":\"search_term_string\"}}],\"inLanguage\":\"es\"},{\"@type\":\"Person\",\"@id\":\"https:\\\/\\\/www.persecution.com\\\/es\\\/historias\\\/#\\\/schema\\\/person\\\/ae000ea52969cef1249f5afb05ccb961\",\"name\":\"E Valenzuela\",\"image\":{\"@type\":\"ImageObject\",\"inLanguage\":\"es\",\"@id\":\"https:\\\/\\\/secure.gravatar.com\\\/avatar\\\/72e02a942ef259240205425b9749482f07b1b2fb64225b038b4531b157d191a7?s=96&d=mm&r=g\",\"url\":\"https:\\\/\\\/secure.gravatar.com\\\/avatar\\\/72e02a942ef259240205425b9749482f07b1b2fb64225b038b4531b157d191a7?s=96&d=mm&r=g\",\"contentUrl\":\"https:\\\/\\\/secure.gravatar.com\\\/avatar\\\/72e02a942ef259240205425b9749482f07b1b2fb64225b038b4531b157d191a7?s=96&d=mm&r=g\",\"caption\":\"E Valenzuela\"},\"url\":\"https:\\\/\\\/www.persecution.com\\\/es\\\/historias\\\/author\\\/evalenzuelavom-org\\\/\"}]}<\/script>\n<!-- \/ Yoast SEO plugin. -->","yoast_head_json":{"title":"Iglesia en Tr\u00edpoli se enfrenta al desalojo - Historias","description":"La Iglesia de la Uni\u00f3n de Tr\u00edpoli, ha adorado en el mismo edificio eclesial durante m\u00e1s de cincuenta a\u00f1os.","robots":{"index":"index","follow":"follow","max-snippet":"max-snippet:-1","max-image-preview":"max-image-preview:large","max-video-preview":"max-video-preview:-1"},"canonical":"https:\/\/www.persecution.com\/es\/historias\/iglesia-en-tripoli-se-enfrenta-al-desalojo\/","og_locale":"es_MX","og_type":"article","og_title":"Iglesia en Tr\u00edpoli se enfrenta al desalojo - Historias","og_description":"La Iglesia de la Uni\u00f3n de Tr\u00edpoli, ha adorado en el mismo edificio eclesial durante m\u00e1s de cincuenta a\u00f1os.","og_url":"https:\/\/www.persecution.com\/es\/historias\/iglesia-en-tripoli-se-enfrenta-al-desalojo\/","og_site_name":"Historias","article_published_time":"2021-07-15T07:07:01+00:00","article_modified_time":"2022-10-17T21:54:58+00:00","og_image":[{"width":978,"height":640,"url":"https:\/\/assets.persecution.com\/es\/historias\/wp-content\/uploads\/2021\/05\/VOM-Stories-iCommit-PlaceholderV2.jpg","type":"image\/jpeg"}],"author":"E Valenzuela","twitter_card":"summary_large_image","twitter_misc":{"Escrito por":"E Valenzuela","Tiempo de lectura":"1 minuto"},"schema":{"@context":"https:\/\/schema.org","@graph":[{"@type":"Article","@id":"https:\/\/www.persecution.com\/es\/historias\/iglesia-en-tripoli-se-enfrenta-al-desalojo\/#article","isPartOf":{"@id":"https:\/\/www.persecution.com\/es\/historias\/iglesia-en-tripoli-se-enfrenta-al-desalojo\/"},"author":{"name":"E Valenzuela","@id":"https:\/\/www.persecution.com\/es\/historias\/#\/schema\/person\/ae000ea52969cef1249f5afb05ccb961"},"headline":"Iglesia en Tr\u00edpoli se enfrenta al desalojo","datePublished":"2021-07-15T07:07:01+00:00","dateModified":"2022-10-17T21:54:58+00:00","mainEntityOfPage":{"@id":"https:\/\/www.persecution.com\/es\/historias\/iglesia-en-tripoli-se-enfrenta-al-desalojo\/"},"wordCount":175,"image":{"@id":"https:\/\/www.persecution.com\/es\/historias\/iglesia-en-tripoli-se-enfrenta-al-desalojo\/#primaryimage"},"thumbnailUrl":"https:\/\/assets.persecution.com\/es\/historias\/wp-content\/uploads\/2021\/05\/VOM-Stories-iCommit-PlaceholderV2.jpg","keywords":["Libia"],"articleSection":["Oraci\u00f3n"],"inLanguage":"es"},{"@type":"WebPage","@id":"https:\/\/www.persecution.com\/es\/historias\/iglesia-en-tripoli-se-enfrenta-al-desalojo\/","url":"https:\/\/www.persecution.com\/es\/historias\/iglesia-en-tripoli-se-enfrenta-al-desalojo\/","name":"Iglesia en Tr\u00edpoli se enfrenta al desalojo - Historias","isPartOf":{"@id":"https:\/\/www.persecution.com\/es\/historias\/#website"},"primaryImageOfPage":{"@id":"https:\/\/www.persecution.com\/es\/historias\/iglesia-en-tripoli-se-enfrenta-al-desalojo\/#primaryimage"},"image":{"@id":"https:\/\/www.persecution.com\/es\/historias\/iglesia-en-tripoli-se-enfrenta-al-desalojo\/#primaryimage"},"thumbnailUrl":"https:\/\/assets.persecution.com\/es\/historias\/wp-content\/uploads\/2021\/05\/VOM-Stories-iCommit-PlaceholderV2.jpg","datePublished":"2021-07-15T07:07:01+00:00","dateModified":"2022-10-17T21:54:58+00:00","author":{"@id":"https:\/\/www.persecution.com\/es\/historias\/#\/schema\/person\/ae000ea52969cef1249f5afb05ccb961"},"description":"La Iglesia de la Uni\u00f3n de Tr\u00edpoli, ha adorado en el mismo edificio eclesial durante m\u00e1s de cincuenta a\u00f1os.","breadcrumb":{"@id":"https:\/\/www.persecution.com\/es\/historias\/iglesia-en-tripoli-se-enfrenta-al-desalojo\/#breadcrumb"},"inLanguage":"es","potentialAction":[{"@type":"ReadAction","target":["https:\/\/www.persecution.com\/es\/historias\/iglesia-en-tripoli-se-enfrenta-al-desalojo\/"]}]},{"@type":"ImageObject","inLanguage":"es","@id":"https:\/\/www.persecution.com\/es\/historias\/iglesia-en-tripoli-se-enfrenta-al-desalojo\/#primaryimage","url":"https:\/\/assets.persecution.com\/es\/historias\/wp-content\/uploads\/2021\/05\/VOM-Stories-iCommit-PlaceholderV2.jpg","contentUrl":"https:\/\/assets.persecution.com\/es\/historias\/wp-content\/uploads\/2021\/05\/VOM-Stories-iCommit-PlaceholderV2.jpg","width":978,"height":640},{"@type":"BreadcrumbList","@id":"https:\/\/www.persecution.com\/es\/historias\/iglesia-en-tripoli-se-enfrenta-al-desalojo\/#breadcrumb","itemListElement":[{"@type":"ListItem","position":1,"name":"Inicio","item":"https:\/\/www.persecution.com\/es\/historias\/"},{"@type":"ListItem","position":2,"name":"Iglesia en Tr\u00edpoli se enfrenta al desalojo"}]},{"@type":"WebSite","@id":"https:\/\/www.persecution.com\/es\/historias\/#website","url":"https:\/\/www.persecution.com\/es\/historias\/","name":"Historias","description":"La Voz de los M\u00e1rtires","potentialAction":[{"@type":"SearchAction","target":{"@type":"EntryPoint","urlTemplate":"https:\/\/www.persecution.com\/es\/historias\/?s={search_term_string}"},"query-input":{"@type":"PropertyValueSpecification","valueRequired":true,"valueName":"search_term_string"}}],"inLanguage":"es"},{"@type":"Person","@id":"https:\/\/www.persecution.com\/es\/historias\/#\/schema\/person\/ae000ea52969cef1249f5afb05ccb961","name":"E Valenzuela","image":{"@type":"ImageObject","inLanguage":"es","@id":"https:\/\/secure.gravatar.com\/avatar\/72e02a942ef259240205425b9749482f07b1b2fb64225b038b4531b157d191a7?s=96&d=mm&r=g","url":"https:\/\/secure.gravatar.com\/avatar\/72e02a942ef259240205425b9749482f07b1b2fb64225b038b4531b157d191a7?s=96&d=mm&r=g","contentUrl":"https:\/\/secure.gravatar.com\/avatar\/72e02a942ef259240205425b9749482f07b1b2fb64225b038b4531b157d191a7?s=96&d=mm&r=g","caption":"E Valenzuela"},"url":"https:\/\/www.persecution.com\/es\/historias\/author\/evalenzuelavom-org\/"}]}},"_links":{"self":[{"href":"https:\/\/www.persecution.com\/es\/historias\/wp-json\/wp\/v2\/posts\/1965","targetHints":{"allow":["GET"]}}],"collection":[{"href":"https:\/\/www.persecution.com\/es\/historias\/wp-json\/wp\/v2\/posts"}],"about":[{"href":"https:\/\/www.persecution.com\/es\/historias\/wp-json\/wp\/v2\/types\/post"}],"author":[{"embeddable":true,"href":"https:\/\/www.persecution.com\/es\/historias\/wp-json\/wp\/v2\/users\/12"}],"replies":[{"embeddable":true,"href":"https:\/\/www.persecution.com\/es\/historias\/wp-json\/wp\/v2\/comments?post=1965"}],"version-history":[{"count":3,"href":"https:\/\/www.persecution.com\/es\/historias\/wp-json\/wp\/v2\/posts\/1965\/revisions"}],"predecessor-version":[{"id":4294,"href":"https:\/\/www.persecution.com\/es\/historias\/wp-json\/wp\/v2\/posts\/1965\/revisions\/4294"}],"wp:featuredmedia":[{"embeddable":true,"href":"https:\/\/www.persecution.com\/es\/historias\/wp-json\/wp\/v2\/media\/181"}],"wp:attachment":[{"href":"https:\/\/www.persecution.com\/es\/historias\/wp-json\/wp\/v2\/media?parent=1965"}],"wp:term":[{"taxonomy":"category","embeddable":true,"href":"https:\/\/www.persecution.com\/es\/historias\/wp-json\/wp\/v2\/categories?post=1965"},{"taxonomy":"post_tag","embeddable":true,"href":"https:\/\/www.persecution.com\/es\/historias\/wp-json\/wp\/v2\/tags?post=1965"}],"curies":[{"name":"wp","href":"https:\/\/api.w.org\/{rel}","templated":true}]}}