{"id":1766,"date":"2021-07-08T07:07:02","date_gmt":"2021-07-08T07:07:02","guid":{"rendered":"https:\/\/www.persecution.com\/es\/historias\/mother-curses-daughter-for-faith-in-christ\/"},"modified":"2022-10-17T22:00:57","modified_gmt":"2022-10-17T22:00:57","slug":"madre-maldice-a-su-hija-a-causa-de-su-fe-en-cristo","status":"publish","type":"post","link":"https:\/\/www.persecution.com\/es\/historias\/madre-maldice-a-su-hija-a-causa-de-su-fe-en-cristo\/","title":{"rendered":"Madre maldice a su hija a causa de su fe en Cristo"},"content":{"rendered":"<div class=\"textLayer\">Anifatiene 19 a\u00f1os y lleg\u00f3 a la fe en Cristo a principios de este a\u00f1o. Hab\u00eda estado sufriendo convulsiones y recibi\u00f3 sanidad a trav\u00e9s de la oraci\u00f3n en una iglesia cristiana en Arua. Su madre, una musulmana radical, se enfureci\u00f3 por la conversi\u00f3n de su hija y la ech\u00f3 de su casa. Su madre tambi\u00e9n la maldijo y amenaz\u00f3 con matarla. Despu\u00e9s de que su madre la ech\u00f3, Anifa se mud\u00f3 con su t\u00eda, quien tambi\u00e9n es cristiana. Anifa se ha inscrito en clases de sastrer\u00eda, pero su t\u00eda est\u00e1 planeando mudarse a <a href=\"https:\/\/www.persecution.com\/es\/guiadeoracionglobal\/sudan\/?_source_code=WBPGGPG20B\">Sud\u00e1n<\/a> del Sur, y Anifa buscar\u00e1 un hogar una vez m\u00e1s. Oremos por que Anifa permanezca firme en su fe mientras enfrenta las pruebas. Oremos por su seguridad y paz mental mientras reconstruye su vida.<\/div>\n<p><a href=\"https:\/\/www.persecution.com\/es\/guiadeoracionglobal\/uganda\/?_source_code=WBPGGPG20B\">Haz clic aqu\u00ed<\/a> para informarte sobre la persecuci\u00f3n de los cristianos en <a href=\"https:\/\/www.persecution.com\/es\/guiadeoracionglobal\/uganda\/?_source_code=WBPGGPG20B\">Unganda<\/a> y saber c\u00f3mo orar.<\/p>\n","protected":false},"excerpt":{"rendered":"<p>Anifatiene 19 a\u00f1os y lleg\u00f3 a la fe en Cristo a principios de este a\u00f1o. Hab\u00eda estado sufriendo convulsiones y recibi\u00f3 sanidad a trav\u00e9s de la oraci\u00f3n en una iglesia cristiana en Arua. Su madre, una musulmana radical, se enfureci\u00f3 por la conversi\u00f3n de su hija y la ech\u00f3 de su casa. Su madre tambi\u00e9n la maldijo y amenaz\u00f3 con matarla. Despu\u00e9s de que su madre la ech\u00f3, Anifa se mud\u00f3 con su t\u00eda, quien tambi\u00e9n es cristiana. Anifa se ha inscrito en clases de sastrer\u00eda, pero su t\u00eda est\u00e1 planeando mudarse a Sud\u00e1n del Sur, y Anifa buscar\u00e1 un hogar una vez m\u00e1s. Oremos por que Anifa permanezca firme en su fe mientras enfrenta las pruebas. Oremos por su seguridad y paz mental mientras reconstruye su vida. Haz clic aqu\u00ed para informarte sobre la persecuci\u00f3n de los cristianos en Unganda y saber c\u00f3mo orar.<\/p>\n","protected":false},"author":12,"featured_media":181,"comment_status":"closed","ping_status":"closed","sticky":false,"template":"","format":"standard","meta":{"footnotes":""},"categories":[79],"tags":[],"class_list":["post-1766","post","type-post","status-publish","format-standard","has-post-thumbnail","hentry","category-oracion","","tg-column-two"],"yoast_head":"<!-- This site is optimized with the Yoast SEO plugin v27.5 - https:\/\/yoast.com\/product\/yoast-seo-wordpress\/ -->\n<title>Madre maldice a su hija a causa de su fe en Cristo - Historias<\/title>\n<meta name=\"description\" content=\"Su madre, una musulmana radical, se enfureci\u00f3 por la conversi\u00f3n de su hija y la ech\u00f3 de su casa.\" \/>\n<meta name=\"robots\" content=\"index, follow, max-snippet:-1, max-image-preview:large, max-video-preview:-1\" \/>\n<link rel=\"canonical\" href=\"https:\/\/www.persecution.com\/es\/historias\/madre-maldice-a-su-hija-a-causa-de-su-fe-en-cristo\/\" \/>\n<meta property=\"og:locale\" content=\"es_MX\" \/>\n<meta property=\"og:type\" content=\"article\" \/>\n<meta property=\"og:title\" content=\"Madre maldice a su hija a causa de su fe en Cristo - Historias\" \/>\n<meta property=\"og:description\" content=\"Su madre, una musulmana radical, se enfureci\u00f3 por la conversi\u00f3n de su hija y la ech\u00f3 de su casa.\" \/>\n<meta property=\"og:url\" content=\"https:\/\/www.persecution.com\/es\/historias\/madre-maldice-a-su-hija-a-causa-de-su-fe-en-cristo\/\" \/>\n<meta property=\"og:site_name\" content=\"Historias\" \/>\n<meta property=\"article:published_time\" content=\"2021-07-08T07:07:02+00:00\" \/>\n<meta property=\"article:modified_time\" content=\"2022-10-17T22:00:57+00:00\" \/>\n<meta property=\"og:image\" content=\"https:\/\/assets.persecution.com\/es\/historias\/wp-content\/uploads\/2021\/05\/VOM-Stories-iCommit-PlaceholderV2.jpg\" \/>\n\t<meta property=\"og:image:width\" content=\"978\" \/>\n\t<meta property=\"og:image:height\" content=\"640\" \/>\n\t<meta property=\"og:image:type\" content=\"image\/jpeg\" \/>\n<meta name=\"author\" content=\"E Valenzuela\" \/>\n<meta name=\"twitter:card\" content=\"summary_large_image\" \/>\n<meta name=\"twitter:label1\" content=\"Escrito por\" \/>\n\t<meta name=\"twitter:data1\" content=\"E Valenzuela\" \/>\n\t<meta name=\"twitter:label2\" content=\"Tiempo de lectura\" \/>\n\t<meta name=\"twitter:data2\" content=\"1 minuto\" \/>\n<script type=\"application\/ld+json\" class=\"yoast-schema-graph\">{\"@context\":\"https:\\\/\\\/schema.org\",\"@graph\":[{\"@type\":\"Article\",\"@id\":\"https:\\\/\\\/www.persecution.com\\\/es\\\/historias\\\/madre-maldice-a-su-hija-a-causa-de-su-fe-en-cristo\\\/#article\",\"isPartOf\":{\"@id\":\"https:\\\/\\\/www.persecution.com\\\/es\\\/historias\\\/madre-maldice-a-su-hija-a-causa-de-su-fe-en-cristo\\\/\"},\"author\":{\"name\":\"E Valenzuela\",\"@id\":\"https:\\\/\\\/www.persecution.com\\\/es\\\/historias\\\/#\\\/schema\\\/person\\\/ae000ea52969cef1249f5afb05ccb961\"},\"headline\":\"Madre maldice a su hija a causa de su fe en Cristo\",\"datePublished\":\"2021-07-08T07:07:02+00:00\",\"dateModified\":\"2022-10-17T22:00:57+00:00\",\"mainEntityOfPage\":{\"@id\":\"https:\\\/\\\/www.persecution.com\\\/es\\\/historias\\\/madre-maldice-a-su-hija-a-causa-de-su-fe-en-cristo\\\/\"},\"wordCount\":172,\"image\":{\"@id\":\"https:\\\/\\\/www.persecution.com\\\/es\\\/historias\\\/madre-maldice-a-su-hija-a-causa-de-su-fe-en-cristo\\\/#primaryimage\"},\"thumbnailUrl\":\"https:\\\/\\\/www.persecution.com\\\/es\\\/historias\\\/wp-content\\\/uploads\\\/2021\\\/05\\\/VOM-Stories-iCommit-PlaceholderV2.jpg\",\"articleSection\":[\"Oraci\u00f3n\"],\"inLanguage\":\"es\"},{\"@type\":\"WebPage\",\"@id\":\"https:\\\/\\\/www.persecution.com\\\/es\\\/historias\\\/madre-maldice-a-su-hija-a-causa-de-su-fe-en-cristo\\\/\",\"url\":\"https:\\\/\\\/www.persecution.com\\\/es\\\/historias\\\/madre-maldice-a-su-hija-a-causa-de-su-fe-en-cristo\\\/\",\"name\":\"Madre maldice a su hija a causa de su fe en Cristo - Historias\",\"isPartOf\":{\"@id\":\"https:\\\/\\\/www.persecution.com\\\/es\\\/historias\\\/#website\"},\"primaryImageOfPage\":{\"@id\":\"https:\\\/\\\/www.persecution.com\\\/es\\\/historias\\\/madre-maldice-a-su-hija-a-causa-de-su-fe-en-cristo\\\/#primaryimage\"},\"image\":{\"@id\":\"https:\\\/\\\/www.persecution.com\\\/es\\\/historias\\\/madre-maldice-a-su-hija-a-causa-de-su-fe-en-cristo\\\/#primaryimage\"},\"thumbnailUrl\":\"https:\\\/\\\/www.persecution.com\\\/es\\\/historias\\\/wp-content\\\/uploads\\\/2021\\\/05\\\/VOM-Stories-iCommit-PlaceholderV2.jpg\",\"datePublished\":\"2021-07-08T07:07:02+00:00\",\"dateModified\":\"2022-10-17T22:00:57+00:00\",\"author\":{\"@id\":\"https:\\\/\\\/www.persecution.com\\\/es\\\/historias\\\/#\\\/schema\\\/person\\\/ae000ea52969cef1249f5afb05ccb961\"},\"description\":\"Su madre, una musulmana radical, se enfureci\u00f3 por la conversi\u00f3n de su hija y la ech\u00f3 de su casa.\",\"breadcrumb\":{\"@id\":\"https:\\\/\\\/www.persecution.com\\\/es\\\/historias\\\/madre-maldice-a-su-hija-a-causa-de-su-fe-en-cristo\\\/#breadcrumb\"},\"inLanguage\":\"es\",\"potentialAction\":[{\"@type\":\"ReadAction\",\"target\":[\"https:\\\/\\\/www.persecution.com\\\/es\\\/historias\\\/madre-maldice-a-su-hija-a-causa-de-su-fe-en-cristo\\\/\"]}]},{\"@type\":\"ImageObject\",\"inLanguage\":\"es\",\"@id\":\"https:\\\/\\\/www.persecution.com\\\/es\\\/historias\\\/madre-maldice-a-su-hija-a-causa-de-su-fe-en-cristo\\\/#primaryimage\",\"url\":\"https:\\\/\\\/www.persecution.com\\\/es\\\/historias\\\/wp-content\\\/uploads\\\/2021\\\/05\\\/VOM-Stories-iCommit-PlaceholderV2.jpg\",\"contentUrl\":\"https:\\\/\\\/www.persecution.com\\\/es\\\/historias\\\/wp-content\\\/uploads\\\/2021\\\/05\\\/VOM-Stories-iCommit-PlaceholderV2.jpg\",\"width\":978,\"height\":640},{\"@type\":\"BreadcrumbList\",\"@id\":\"https:\\\/\\\/www.persecution.com\\\/es\\\/historias\\\/madre-maldice-a-su-hija-a-causa-de-su-fe-en-cristo\\\/#breadcrumb\",\"itemListElement\":[{\"@type\":\"ListItem\",\"position\":1,\"name\":\"Inicio\",\"item\":\"https:\\\/\\\/www.persecution.com\\\/es\\\/historias\\\/\"},{\"@type\":\"ListItem\",\"position\":2,\"name\":\"Madre maldice a su hija a causa de su fe en Cristo\"}]},{\"@type\":\"WebSite\",\"@id\":\"https:\\\/\\\/www.persecution.com\\\/es\\\/historias\\\/#website\",\"url\":\"https:\\\/\\\/www.persecution.com\\\/es\\\/historias\\\/\",\"name\":\"Historias\",\"description\":\"La Voz de los M\u00e1rtires\",\"potentialAction\":[{\"@type\":\"SearchAction\",\"target\":{\"@type\":\"EntryPoint\",\"urlTemplate\":\"https:\\\/\\\/www.persecution.com\\\/es\\\/historias\\\/?s={search_term_string}\"},\"query-input\":{\"@type\":\"PropertyValueSpecification\",\"valueRequired\":true,\"valueName\":\"search_term_string\"}}],\"inLanguage\":\"es\"},{\"@type\":\"Person\",\"@id\":\"https:\\\/\\\/www.persecution.com\\\/es\\\/historias\\\/#\\\/schema\\\/person\\\/ae000ea52969cef1249f5afb05ccb961\",\"name\":\"E Valenzuela\",\"image\":{\"@type\":\"ImageObject\",\"inLanguage\":\"es\",\"@id\":\"https:\\\/\\\/secure.gravatar.com\\\/avatar\\\/72e02a942ef259240205425b9749482f07b1b2fb64225b038b4531b157d191a7?s=96&d=mm&r=g\",\"url\":\"https:\\\/\\\/secure.gravatar.com\\\/avatar\\\/72e02a942ef259240205425b9749482f07b1b2fb64225b038b4531b157d191a7?s=96&d=mm&r=g\",\"contentUrl\":\"https:\\\/\\\/secure.gravatar.com\\\/avatar\\\/72e02a942ef259240205425b9749482f07b1b2fb64225b038b4531b157d191a7?s=96&d=mm&r=g\",\"caption\":\"E Valenzuela\"},\"url\":\"https:\\\/\\\/www.persecution.com\\\/es\\\/historias\\\/author\\\/evalenzuelavom-org\\\/\"}]}<\/script>\n<!-- \/ Yoast SEO plugin. -->","yoast_head_json":{"title":"Madre maldice a su hija a causa de su fe en Cristo - Historias","description":"Su madre, una musulmana radical, se enfureci\u00f3 por la conversi\u00f3n de su hija y la ech\u00f3 de su casa.","robots":{"index":"index","follow":"follow","max-snippet":"max-snippet:-1","max-image-preview":"max-image-preview:large","max-video-preview":"max-video-preview:-1"},"canonical":"https:\/\/www.persecution.com\/es\/historias\/madre-maldice-a-su-hija-a-causa-de-su-fe-en-cristo\/","og_locale":"es_MX","og_type":"article","og_title":"Madre maldice a su hija a causa de su fe en Cristo - Historias","og_description":"Su madre, una musulmana radical, se enfureci\u00f3 por la conversi\u00f3n de su hija y la ech\u00f3 de su casa.","og_url":"https:\/\/www.persecution.com\/es\/historias\/madre-maldice-a-su-hija-a-causa-de-su-fe-en-cristo\/","og_site_name":"Historias","article_published_time":"2021-07-08T07:07:02+00:00","article_modified_time":"2022-10-17T22:00:57+00:00","og_image":[{"width":978,"height":640,"url":"https:\/\/assets.persecution.com\/es\/historias\/wp-content\/uploads\/2021\/05\/VOM-Stories-iCommit-PlaceholderV2.jpg","type":"image\/jpeg"}],"author":"E Valenzuela","twitter_card":"summary_large_image","twitter_misc":{"Escrito por":"E Valenzuela","Tiempo de lectura":"1 minuto"},"schema":{"@context":"https:\/\/schema.org","@graph":[{"@type":"Article","@id":"https:\/\/www.persecution.com\/es\/historias\/madre-maldice-a-su-hija-a-causa-de-su-fe-en-cristo\/#article","isPartOf":{"@id":"https:\/\/www.persecution.com\/es\/historias\/madre-maldice-a-su-hija-a-causa-de-su-fe-en-cristo\/"},"author":{"name":"E Valenzuela","@id":"https:\/\/www.persecution.com\/es\/historias\/#\/schema\/person\/ae000ea52969cef1249f5afb05ccb961"},"headline":"Madre maldice a su hija a causa de su fe en Cristo","datePublished":"2021-07-08T07:07:02+00:00","dateModified":"2022-10-17T22:00:57+00:00","mainEntityOfPage":{"@id":"https:\/\/www.persecution.com\/es\/historias\/madre-maldice-a-su-hija-a-causa-de-su-fe-en-cristo\/"},"wordCount":172,"image":{"@id":"https:\/\/www.persecution.com\/es\/historias\/madre-maldice-a-su-hija-a-causa-de-su-fe-en-cristo\/#primaryimage"},"thumbnailUrl":"https:\/\/assets.persecution.com\/es\/historias\/wp-content\/uploads\/2021\/05\/VOM-Stories-iCommit-PlaceholderV2.jpg","articleSection":["Oraci\u00f3n"],"inLanguage":"es"},{"@type":"WebPage","@id":"https:\/\/www.persecution.com\/es\/historias\/madre-maldice-a-su-hija-a-causa-de-su-fe-en-cristo\/","url":"https:\/\/www.persecution.com\/es\/historias\/madre-maldice-a-su-hija-a-causa-de-su-fe-en-cristo\/","name":"Madre maldice a su hija a causa de su fe en Cristo - Historias","isPartOf":{"@id":"https:\/\/www.persecution.com\/es\/historias\/#website"},"primaryImageOfPage":{"@id":"https:\/\/www.persecution.com\/es\/historias\/madre-maldice-a-su-hija-a-causa-de-su-fe-en-cristo\/#primaryimage"},"image":{"@id":"https:\/\/www.persecution.com\/es\/historias\/madre-maldice-a-su-hija-a-causa-de-su-fe-en-cristo\/#primaryimage"},"thumbnailUrl":"https:\/\/assets.persecution.com\/es\/historias\/wp-content\/uploads\/2021\/05\/VOM-Stories-iCommit-PlaceholderV2.jpg","datePublished":"2021-07-08T07:07:02+00:00","dateModified":"2022-10-17T22:00:57+00:00","author":{"@id":"https:\/\/www.persecution.com\/es\/historias\/#\/schema\/person\/ae000ea52969cef1249f5afb05ccb961"},"description":"Su madre, una musulmana radical, se enfureci\u00f3 por la conversi\u00f3n de su hija y la ech\u00f3 de su casa.","breadcrumb":{"@id":"https:\/\/www.persecution.com\/es\/historias\/madre-maldice-a-su-hija-a-causa-de-su-fe-en-cristo\/#breadcrumb"},"inLanguage":"es","potentialAction":[{"@type":"ReadAction","target":["https:\/\/www.persecution.com\/es\/historias\/madre-maldice-a-su-hija-a-causa-de-su-fe-en-cristo\/"]}]},{"@type":"ImageObject","inLanguage":"es","@id":"https:\/\/www.persecution.com\/es\/historias\/madre-maldice-a-su-hija-a-causa-de-su-fe-en-cristo\/#primaryimage","url":"https:\/\/assets.persecution.com\/es\/historias\/wp-content\/uploads\/2021\/05\/VOM-Stories-iCommit-PlaceholderV2.jpg","contentUrl":"https:\/\/assets.persecution.com\/es\/historias\/wp-content\/uploads\/2021\/05\/VOM-Stories-iCommit-PlaceholderV2.jpg","width":978,"height":640},{"@type":"BreadcrumbList","@id":"https:\/\/www.persecution.com\/es\/historias\/madre-maldice-a-su-hija-a-causa-de-su-fe-en-cristo\/#breadcrumb","itemListElement":[{"@type":"ListItem","position":1,"name":"Inicio","item":"https:\/\/www.persecution.com\/es\/historias\/"},{"@type":"ListItem","position":2,"name":"Madre maldice a su hija a causa de su fe en Cristo"}]},{"@type":"WebSite","@id":"https:\/\/www.persecution.com\/es\/historias\/#website","url":"https:\/\/www.persecution.com\/es\/historias\/","name":"Historias","description":"La Voz de los M\u00e1rtires","potentialAction":[{"@type":"SearchAction","target":{"@type":"EntryPoint","urlTemplate":"https:\/\/www.persecution.com\/es\/historias\/?s={search_term_string}"},"query-input":{"@type":"PropertyValueSpecification","valueRequired":true,"valueName":"search_term_string"}}],"inLanguage":"es"},{"@type":"Person","@id":"https:\/\/www.persecution.com\/es\/historias\/#\/schema\/person\/ae000ea52969cef1249f5afb05ccb961","name":"E Valenzuela","image":{"@type":"ImageObject","inLanguage":"es","@id":"https:\/\/secure.gravatar.com\/avatar\/72e02a942ef259240205425b9749482f07b1b2fb64225b038b4531b157d191a7?s=96&d=mm&r=g","url":"https:\/\/secure.gravatar.com\/avatar\/72e02a942ef259240205425b9749482f07b1b2fb64225b038b4531b157d191a7?s=96&d=mm&r=g","contentUrl":"https:\/\/secure.gravatar.com\/avatar\/72e02a942ef259240205425b9749482f07b1b2fb64225b038b4531b157d191a7?s=96&d=mm&r=g","caption":"E Valenzuela"},"url":"https:\/\/www.persecution.com\/es\/historias\/author\/evalenzuelavom-org\/"}]}},"_links":{"self":[{"href":"https:\/\/www.persecution.com\/es\/historias\/wp-json\/wp\/v2\/posts\/1766","targetHints":{"allow":["GET"]}}],"collection":[{"href":"https:\/\/www.persecution.com\/es\/historias\/wp-json\/wp\/v2\/posts"}],"about":[{"href":"https:\/\/www.persecution.com\/es\/historias\/wp-json\/wp\/v2\/types\/post"}],"author":[{"embeddable":true,"href":"https:\/\/www.persecution.com\/es\/historias\/wp-json\/wp\/v2\/users\/12"}],"replies":[{"embeddable":true,"href":"https:\/\/www.persecution.com\/es\/historias\/wp-json\/wp\/v2\/comments?post=1766"}],"version-history":[{"count":2,"href":"https:\/\/www.persecution.com\/es\/historias\/wp-json\/wp\/v2\/posts\/1766\/revisions"}],"predecessor-version":[{"id":4295,"href":"https:\/\/www.persecution.com\/es\/historias\/wp-json\/wp\/v2\/posts\/1766\/revisions\/4295"}],"wp:featuredmedia":[{"embeddable":true,"href":"https:\/\/www.persecution.com\/es\/historias\/wp-json\/wp\/v2\/media\/181"}],"wp:attachment":[{"href":"https:\/\/www.persecution.com\/es\/historias\/wp-json\/wp\/v2\/media?parent=1766"}],"wp:term":[{"taxonomy":"category","embeddable":true,"href":"https:\/\/www.persecution.com\/es\/historias\/wp-json\/wp\/v2\/categories?post=1766"},{"taxonomy":"post_tag","embeddable":true,"href":"https:\/\/www.persecution.com\/es\/historias\/wp-json\/wp\/v2\/tags?post=1766"}],"curies":[{"name":"wp","href":"https:\/\/api.w.org\/{rel}","templated":true}]}}