{"id":1764,"date":"2021-07-08T07:07:01","date_gmt":"2021-07-08T07:07:01","guid":{"rendered":"https:\/\/www.persecution.com\/es\/historias\/young-womans-health-improves-with-prayer\/"},"modified":"2022-10-17T22:50:33","modified_gmt":"2022-10-17T22:50:33","slug":"la-salud-de-una-joven-mejora-con-la-oracion","status":"publish","type":"post","link":"https:\/\/www.persecution.com\/es\/historias\/la-salud-de-una-joven-mejora-con-la-oracion\/","title":{"rendered":"La salud de una joven mejora con la oraci\u00f3n"},"content":{"rendered":"<p>Nadia es una cristiana que estaba preocupada por la salud de su compa\u00f1era de cuarto. Su compa\u00f1era de cuarto hab\u00eda estado involucrada en pr\u00e1cticas ocultistas y vud\u00fa, y estaba experimentando ansiedad y sentimientos de desesperanza. Nadia comparti\u00f3 sus preocupaciones con algunos otros creyentes, y comenzaron a orar por su compa\u00f1era de cuarto. Dos damas tambi\u00e9n accedieron a visitar a Nadia y orar con ella en su apartamento. Despu\u00e9s de que llegaron, la compa\u00f1era de cuarto de Nadia se uni\u00f3 a ellas en la sala de estar. Mientras hablaban y oraban, la compa\u00f1era de cuarto quer\u00eda saber m\u00e1s, ya que sus sentimientos de ansiedad y depresi\u00f3n se hab\u00edan disipado. Las creyentes le compartieron c\u00f3mo orar a Cristo las hab\u00eda ayudado muchas veces, y la compa\u00f1era de cuarto les pidi\u00f3 que oraran por ella. M\u00e1s tarde, le dijo a Nadia que hab\u00eda dormido mejor esa noche de lo que hab\u00eda dormido en mucho tiempo, y desde entonces han comenzado a estudiar las Escrituras juntas. \u00abMe siento bendecida al ver lo que Dios est\u00e1 haciendo en ella\u00bb, dijo Nadia. Alabado sea Dios por el testimonio de Nadia hacia su compa\u00f1era de cuarto. Oremos por que su compa\u00f1era de cuarto conf\u00ede en Cristo mientras contin\u00faa estudiando la Palabra de Dios con Nadia.<\/p>\n<p><a href=\"https:\/\/www.persecution.com\/es\/guiadeoracionglobal\/iran\/?_source_code=WBPGGPG20B\">Haz clic aqu\u00ed<\/a> para informarte sobre la persecuci\u00f3n de los cristianos en <a href=\"https:\/\/www.persecution.com\/es\/guiadeoracionglobal\/iran\/?_source_code=WBPGGPG20B\">Ir\u00e1n<\/a> y saber c\u00f3mo orar.<\/p>\n","protected":false},"excerpt":{"rendered":"<p>Nadia es una cristiana que estaba preocupada por la salud de su compa\u00f1era de cuarto. Su compa\u00f1era de cuarto hab\u00eda estado involucrada en pr\u00e1cticas ocultistas y vud\u00fa, y estaba experimentando ansiedad y sentimientos de desesperanza. Nadia comparti\u00f3 sus preocupaciones con algunos otros creyentes, y comenzaron a orar por su compa\u00f1era de cuarto. Dos damas tambi\u00e9n accedieron a visitar a Nadia y orar con ella en su apartamento. Despu\u00e9s de que llegaron, la compa\u00f1era de cuarto de Nadia se uni\u00f3 a ellas en la sala de estar. Mientras hablaban y oraban, la compa\u00f1era de cuarto quer\u00eda saber m\u00e1s, ya que sus sentimientos de ansiedad y depresi\u00f3n se hab\u00edan disipado. Las creyentes le compartieron c\u00f3mo orar a Cristo las hab\u00eda ayudado muchas veces, y la compa\u00f1era de cuarto les pidi\u00f3 que oraran por ella. M\u00e1s tarde, le dijo a Nadia que hab\u00eda dormido mejor esa noche de lo que hab\u00eda dormido en mucho tiempo, y desde entonces han comenzado a estudiar las Escrituras juntas. \u00abMe siento bendecida al ver lo que Dios est\u00e1 haciendo en ella\u00bb, dijo Nadia. Alabado sea Dios por el testimonio de Nadia hacia su compa\u00f1era de cuarto. Oremos por que su compa\u00f1era de cuarto conf\u00ede en Cristo mientras<\/p>\n","protected":false},"author":12,"featured_media":181,"comment_status":"closed","ping_status":"closed","sticky":false,"template":"","format":"standard","meta":{"footnotes":""},"categories":[79],"tags":[3],"class_list":["post-1764","post","type-post","status-publish","format-standard","has-post-thumbnail","hentry","category-oracion","tag-iran","","tg-column-two"],"yoast_head":"<!-- This site is optimized with the Yoast SEO plugin v27.5 - https:\/\/yoast.com\/product\/yoast-seo-wordpress\/ -->\n<title>La salud de una joven mejora con la oraci\u00f3n - Historias<\/title>\n<meta name=\"description\" content=\"Mientras hablaban y oraban, la compa\u00f1era de cuarto quer\u00eda saber m\u00e1s, ya que sus sentimientos de ansiedad y depresi\u00f3n se hab\u00edan disipado.\" \/>\n<meta name=\"robots\" content=\"index, follow, max-snippet:-1, max-image-preview:large, max-video-preview:-1\" \/>\n<link rel=\"canonical\" href=\"https:\/\/www.persecution.com\/es\/historias\/la-salud-de-una-joven-mejora-con-la-oracion\/\" \/>\n<meta property=\"og:locale\" content=\"es_MX\" \/>\n<meta property=\"og:type\" content=\"article\" \/>\n<meta property=\"og:title\" content=\"La salud de una joven mejora con la oraci\u00f3n - Historias\" \/>\n<meta property=\"og:description\" content=\"Mientras hablaban y oraban, la compa\u00f1era de cuarto quer\u00eda saber m\u00e1s, ya que sus sentimientos de ansiedad y depresi\u00f3n se hab\u00edan disipado.\" \/>\n<meta property=\"og:url\" content=\"https:\/\/www.persecution.com\/es\/historias\/la-salud-de-una-joven-mejora-con-la-oracion\/\" \/>\n<meta property=\"og:site_name\" content=\"Historias\" \/>\n<meta property=\"article:published_time\" content=\"2021-07-08T07:07:01+00:00\" \/>\n<meta property=\"article:modified_time\" content=\"2022-10-17T22:50:33+00:00\" \/>\n<meta property=\"og:image\" content=\"https:\/\/assets.persecution.com\/es\/historias\/wp-content\/uploads\/2021\/05\/VOM-Stories-iCommit-PlaceholderV2.jpg\" \/>\n\t<meta property=\"og:image:width\" content=\"978\" \/>\n\t<meta property=\"og:image:height\" content=\"640\" \/>\n\t<meta property=\"og:image:type\" content=\"image\/jpeg\" \/>\n<meta name=\"author\" content=\"E Valenzuela\" \/>\n<meta name=\"twitter:card\" content=\"summary_large_image\" \/>\n<meta name=\"twitter:label1\" content=\"Escrito por\" \/>\n\t<meta name=\"twitter:data1\" content=\"E Valenzuela\" \/>\n\t<meta name=\"twitter:label2\" content=\"Tiempo de lectura\" \/>\n\t<meta name=\"twitter:data2\" content=\"2 minutos\" \/>\n<script type=\"application\/ld+json\" class=\"yoast-schema-graph\">{\"@context\":\"https:\\\/\\\/schema.org\",\"@graph\":[{\"@type\":\"Article\",\"@id\":\"https:\\\/\\\/www.persecution.com\\\/es\\\/historias\\\/la-salud-de-una-joven-mejora-con-la-oracion\\\/#article\",\"isPartOf\":{\"@id\":\"https:\\\/\\\/www.persecution.com\\\/es\\\/historias\\\/la-salud-de-una-joven-mejora-con-la-oracion\\\/\"},\"author\":{\"name\":\"E Valenzuela\",\"@id\":\"https:\\\/\\\/www.persecution.com\\\/es\\\/historias\\\/#\\\/schema\\\/person\\\/ae000ea52969cef1249f5afb05ccb961\"},\"headline\":\"La salud de una joven mejora con la oraci\u00f3n\",\"datePublished\":\"2021-07-08T07:07:01+00:00\",\"dateModified\":\"2022-10-17T22:50:33+00:00\",\"mainEntityOfPage\":{\"@id\":\"https:\\\/\\\/www.persecution.com\\\/es\\\/historias\\\/la-salud-de-una-joven-mejora-con-la-oracion\\\/\"},\"wordCount\":261,\"image\":{\"@id\":\"https:\\\/\\\/www.persecution.com\\\/es\\\/historias\\\/la-salud-de-una-joven-mejora-con-la-oracion\\\/#primaryimage\"},\"thumbnailUrl\":\"https:\\\/\\\/www.persecution.com\\\/es\\\/historias\\\/wp-content\\\/uploads\\\/2021\\\/05\\\/VOM-Stories-iCommit-PlaceholderV2.jpg\",\"keywords\":[\"Ir\u00e1n\"],\"articleSection\":[\"Oraci\u00f3n\"],\"inLanguage\":\"es\"},{\"@type\":\"WebPage\",\"@id\":\"https:\\\/\\\/www.persecution.com\\\/es\\\/historias\\\/la-salud-de-una-joven-mejora-con-la-oracion\\\/\",\"url\":\"https:\\\/\\\/www.persecution.com\\\/es\\\/historias\\\/la-salud-de-una-joven-mejora-con-la-oracion\\\/\",\"name\":\"La salud de una joven mejora con la oraci\u00f3n - Historias\",\"isPartOf\":{\"@id\":\"https:\\\/\\\/www.persecution.com\\\/es\\\/historias\\\/#website\"},\"primaryImageOfPage\":{\"@id\":\"https:\\\/\\\/www.persecution.com\\\/es\\\/historias\\\/la-salud-de-una-joven-mejora-con-la-oracion\\\/#primaryimage\"},\"image\":{\"@id\":\"https:\\\/\\\/www.persecution.com\\\/es\\\/historias\\\/la-salud-de-una-joven-mejora-con-la-oracion\\\/#primaryimage\"},\"thumbnailUrl\":\"https:\\\/\\\/www.persecution.com\\\/es\\\/historias\\\/wp-content\\\/uploads\\\/2021\\\/05\\\/VOM-Stories-iCommit-PlaceholderV2.jpg\",\"datePublished\":\"2021-07-08T07:07:01+00:00\",\"dateModified\":\"2022-10-17T22:50:33+00:00\",\"author\":{\"@id\":\"https:\\\/\\\/www.persecution.com\\\/es\\\/historias\\\/#\\\/schema\\\/person\\\/ae000ea52969cef1249f5afb05ccb961\"},\"description\":\"Mientras hablaban y oraban, la compa\u00f1era de cuarto quer\u00eda saber m\u00e1s, ya que sus sentimientos de ansiedad y depresi\u00f3n se hab\u00edan disipado.\",\"breadcrumb\":{\"@id\":\"https:\\\/\\\/www.persecution.com\\\/es\\\/historias\\\/la-salud-de-una-joven-mejora-con-la-oracion\\\/#breadcrumb\"},\"inLanguage\":\"es\",\"potentialAction\":[{\"@type\":\"ReadAction\",\"target\":[\"https:\\\/\\\/www.persecution.com\\\/es\\\/historias\\\/la-salud-de-una-joven-mejora-con-la-oracion\\\/\"]}]},{\"@type\":\"ImageObject\",\"inLanguage\":\"es\",\"@id\":\"https:\\\/\\\/www.persecution.com\\\/es\\\/historias\\\/la-salud-de-una-joven-mejora-con-la-oracion\\\/#primaryimage\",\"url\":\"https:\\\/\\\/www.persecution.com\\\/es\\\/historias\\\/wp-content\\\/uploads\\\/2021\\\/05\\\/VOM-Stories-iCommit-PlaceholderV2.jpg\",\"contentUrl\":\"https:\\\/\\\/www.persecution.com\\\/es\\\/historias\\\/wp-content\\\/uploads\\\/2021\\\/05\\\/VOM-Stories-iCommit-PlaceholderV2.jpg\",\"width\":978,\"height\":640},{\"@type\":\"BreadcrumbList\",\"@id\":\"https:\\\/\\\/www.persecution.com\\\/es\\\/historias\\\/la-salud-de-una-joven-mejora-con-la-oracion\\\/#breadcrumb\",\"itemListElement\":[{\"@type\":\"ListItem\",\"position\":1,\"name\":\"Inicio\",\"item\":\"https:\\\/\\\/www.persecution.com\\\/es\\\/historias\\\/\"},{\"@type\":\"ListItem\",\"position\":2,\"name\":\"La salud de una joven mejora con la oraci\u00f3n\"}]},{\"@type\":\"WebSite\",\"@id\":\"https:\\\/\\\/www.persecution.com\\\/es\\\/historias\\\/#website\",\"url\":\"https:\\\/\\\/www.persecution.com\\\/es\\\/historias\\\/\",\"name\":\"Historias\",\"description\":\"La Voz de los M\u00e1rtires\",\"potentialAction\":[{\"@type\":\"SearchAction\",\"target\":{\"@type\":\"EntryPoint\",\"urlTemplate\":\"https:\\\/\\\/www.persecution.com\\\/es\\\/historias\\\/?s={search_term_string}\"},\"query-input\":{\"@type\":\"PropertyValueSpecification\",\"valueRequired\":true,\"valueName\":\"search_term_string\"}}],\"inLanguage\":\"es\"},{\"@type\":\"Person\",\"@id\":\"https:\\\/\\\/www.persecution.com\\\/es\\\/historias\\\/#\\\/schema\\\/person\\\/ae000ea52969cef1249f5afb05ccb961\",\"name\":\"E Valenzuela\",\"image\":{\"@type\":\"ImageObject\",\"inLanguage\":\"es\",\"@id\":\"https:\\\/\\\/secure.gravatar.com\\\/avatar\\\/72e02a942ef259240205425b9749482f07b1b2fb64225b038b4531b157d191a7?s=96&d=mm&r=g\",\"url\":\"https:\\\/\\\/secure.gravatar.com\\\/avatar\\\/72e02a942ef259240205425b9749482f07b1b2fb64225b038b4531b157d191a7?s=96&d=mm&r=g\",\"contentUrl\":\"https:\\\/\\\/secure.gravatar.com\\\/avatar\\\/72e02a942ef259240205425b9749482f07b1b2fb64225b038b4531b157d191a7?s=96&d=mm&r=g\",\"caption\":\"E Valenzuela\"},\"url\":\"https:\\\/\\\/www.persecution.com\\\/es\\\/historias\\\/author\\\/evalenzuelavom-org\\\/\"}]}<\/script>\n<!-- \/ Yoast SEO plugin. -->","yoast_head_json":{"title":"La salud de una joven mejora con la oraci\u00f3n - Historias","description":"Mientras hablaban y oraban, la compa\u00f1era de cuarto quer\u00eda saber m\u00e1s, ya que sus sentimientos de ansiedad y depresi\u00f3n se hab\u00edan disipado.","robots":{"index":"index","follow":"follow","max-snippet":"max-snippet:-1","max-image-preview":"max-image-preview:large","max-video-preview":"max-video-preview:-1"},"canonical":"https:\/\/www.persecution.com\/es\/historias\/la-salud-de-una-joven-mejora-con-la-oracion\/","og_locale":"es_MX","og_type":"article","og_title":"La salud de una joven mejora con la oraci\u00f3n - Historias","og_description":"Mientras hablaban y oraban, la compa\u00f1era de cuarto quer\u00eda saber m\u00e1s, ya que sus sentimientos de ansiedad y depresi\u00f3n se hab\u00edan disipado.","og_url":"https:\/\/www.persecution.com\/es\/historias\/la-salud-de-una-joven-mejora-con-la-oracion\/","og_site_name":"Historias","article_published_time":"2021-07-08T07:07:01+00:00","article_modified_time":"2022-10-17T22:50:33+00:00","og_image":[{"width":978,"height":640,"url":"https:\/\/assets.persecution.com\/es\/historias\/wp-content\/uploads\/2021\/05\/VOM-Stories-iCommit-PlaceholderV2.jpg","type":"image\/jpeg"}],"author":"E Valenzuela","twitter_card":"summary_large_image","twitter_misc":{"Escrito por":"E Valenzuela","Tiempo de lectura":"2 minutos"},"schema":{"@context":"https:\/\/schema.org","@graph":[{"@type":"Article","@id":"https:\/\/www.persecution.com\/es\/historias\/la-salud-de-una-joven-mejora-con-la-oracion\/#article","isPartOf":{"@id":"https:\/\/www.persecution.com\/es\/historias\/la-salud-de-una-joven-mejora-con-la-oracion\/"},"author":{"name":"E Valenzuela","@id":"https:\/\/www.persecution.com\/es\/historias\/#\/schema\/person\/ae000ea52969cef1249f5afb05ccb961"},"headline":"La salud de una joven mejora con la oraci\u00f3n","datePublished":"2021-07-08T07:07:01+00:00","dateModified":"2022-10-17T22:50:33+00:00","mainEntityOfPage":{"@id":"https:\/\/www.persecution.com\/es\/historias\/la-salud-de-una-joven-mejora-con-la-oracion\/"},"wordCount":261,"image":{"@id":"https:\/\/www.persecution.com\/es\/historias\/la-salud-de-una-joven-mejora-con-la-oracion\/#primaryimage"},"thumbnailUrl":"https:\/\/assets.persecution.com\/es\/historias\/wp-content\/uploads\/2021\/05\/VOM-Stories-iCommit-PlaceholderV2.jpg","keywords":["Ir\u00e1n"],"articleSection":["Oraci\u00f3n"],"inLanguage":"es"},{"@type":"WebPage","@id":"https:\/\/www.persecution.com\/es\/historias\/la-salud-de-una-joven-mejora-con-la-oracion\/","url":"https:\/\/www.persecution.com\/es\/historias\/la-salud-de-una-joven-mejora-con-la-oracion\/","name":"La salud de una joven mejora con la oraci\u00f3n - Historias","isPartOf":{"@id":"https:\/\/www.persecution.com\/es\/historias\/#website"},"primaryImageOfPage":{"@id":"https:\/\/www.persecution.com\/es\/historias\/la-salud-de-una-joven-mejora-con-la-oracion\/#primaryimage"},"image":{"@id":"https:\/\/www.persecution.com\/es\/historias\/la-salud-de-una-joven-mejora-con-la-oracion\/#primaryimage"},"thumbnailUrl":"https:\/\/assets.persecution.com\/es\/historias\/wp-content\/uploads\/2021\/05\/VOM-Stories-iCommit-PlaceholderV2.jpg","datePublished":"2021-07-08T07:07:01+00:00","dateModified":"2022-10-17T22:50:33+00:00","author":{"@id":"https:\/\/www.persecution.com\/es\/historias\/#\/schema\/person\/ae000ea52969cef1249f5afb05ccb961"},"description":"Mientras hablaban y oraban, la compa\u00f1era de cuarto quer\u00eda saber m\u00e1s, ya que sus sentimientos de ansiedad y depresi\u00f3n se hab\u00edan disipado.","breadcrumb":{"@id":"https:\/\/www.persecution.com\/es\/historias\/la-salud-de-una-joven-mejora-con-la-oracion\/#breadcrumb"},"inLanguage":"es","potentialAction":[{"@type":"ReadAction","target":["https:\/\/www.persecution.com\/es\/historias\/la-salud-de-una-joven-mejora-con-la-oracion\/"]}]},{"@type":"ImageObject","inLanguage":"es","@id":"https:\/\/www.persecution.com\/es\/historias\/la-salud-de-una-joven-mejora-con-la-oracion\/#primaryimage","url":"https:\/\/assets.persecution.com\/es\/historias\/wp-content\/uploads\/2021\/05\/VOM-Stories-iCommit-PlaceholderV2.jpg","contentUrl":"https:\/\/assets.persecution.com\/es\/historias\/wp-content\/uploads\/2021\/05\/VOM-Stories-iCommit-PlaceholderV2.jpg","width":978,"height":640},{"@type":"BreadcrumbList","@id":"https:\/\/www.persecution.com\/es\/historias\/la-salud-de-una-joven-mejora-con-la-oracion\/#breadcrumb","itemListElement":[{"@type":"ListItem","position":1,"name":"Inicio","item":"https:\/\/www.persecution.com\/es\/historias\/"},{"@type":"ListItem","position":2,"name":"La salud de una joven mejora con la oraci\u00f3n"}]},{"@type":"WebSite","@id":"https:\/\/www.persecution.com\/es\/historias\/#website","url":"https:\/\/www.persecution.com\/es\/historias\/","name":"Historias","description":"La Voz de los M\u00e1rtires","potentialAction":[{"@type":"SearchAction","target":{"@type":"EntryPoint","urlTemplate":"https:\/\/www.persecution.com\/es\/historias\/?s={search_term_string}"},"query-input":{"@type":"PropertyValueSpecification","valueRequired":true,"valueName":"search_term_string"}}],"inLanguage":"es"},{"@type":"Person","@id":"https:\/\/www.persecution.com\/es\/historias\/#\/schema\/person\/ae000ea52969cef1249f5afb05ccb961","name":"E Valenzuela","image":{"@type":"ImageObject","inLanguage":"es","@id":"https:\/\/secure.gravatar.com\/avatar\/72e02a942ef259240205425b9749482f07b1b2fb64225b038b4531b157d191a7?s=96&d=mm&r=g","url":"https:\/\/secure.gravatar.com\/avatar\/72e02a942ef259240205425b9749482f07b1b2fb64225b038b4531b157d191a7?s=96&d=mm&r=g","contentUrl":"https:\/\/secure.gravatar.com\/avatar\/72e02a942ef259240205425b9749482f07b1b2fb64225b038b4531b157d191a7?s=96&d=mm&r=g","caption":"E Valenzuela"},"url":"https:\/\/www.persecution.com\/es\/historias\/author\/evalenzuelavom-org\/"}]}},"_links":{"self":[{"href":"https:\/\/www.persecution.com\/es\/historias\/wp-json\/wp\/v2\/posts\/1764","targetHints":{"allow":["GET"]}}],"collection":[{"href":"https:\/\/www.persecution.com\/es\/historias\/wp-json\/wp\/v2\/posts"}],"about":[{"href":"https:\/\/www.persecution.com\/es\/historias\/wp-json\/wp\/v2\/types\/post"}],"author":[{"embeddable":true,"href":"https:\/\/www.persecution.com\/es\/historias\/wp-json\/wp\/v2\/users\/12"}],"replies":[{"embeddable":true,"href":"https:\/\/www.persecution.com\/es\/historias\/wp-json\/wp\/v2\/comments?post=1764"}],"version-history":[{"count":2,"href":"https:\/\/www.persecution.com\/es\/historias\/wp-json\/wp\/v2\/posts\/1764\/revisions"}],"predecessor-version":[{"id":4298,"href":"https:\/\/www.persecution.com\/es\/historias\/wp-json\/wp\/v2\/posts\/1764\/revisions\/4298"}],"wp:featuredmedia":[{"embeddable":true,"href":"https:\/\/www.persecution.com\/es\/historias\/wp-json\/wp\/v2\/media\/181"}],"wp:attachment":[{"href":"https:\/\/www.persecution.com\/es\/historias\/wp-json\/wp\/v2\/media?parent=1764"}],"wp:term":[{"taxonomy":"category","embeddable":true,"href":"https:\/\/www.persecution.com\/es\/historias\/wp-json\/wp\/v2\/categories?post=1764"},{"taxonomy":"post_tag","embeddable":true,"href":"https:\/\/www.persecution.com\/es\/historias\/wp-json\/wp\/v2\/tags?post=1764"}],"curies":[{"name":"wp","href":"https:\/\/api.w.org\/{rel}","templated":true}]}}