{"id":1713,"date":"2021-06-26T22:11:43","date_gmt":"2021-06-26T22:11:43","guid":{"rendered":"https:\/\/www.persecution.com\/es\/historias\/?p=1713"},"modified":"2022-03-02T16:33:10","modified_gmt":"2022-03-02T16:33:10","slug":"historias-de-martires-cristianos-andres","status":"publish","type":"post","link":"https:\/\/www.persecution.com\/es\/historias\/historias-de-martires-cristianos-andres\/","title":{"rendered":"Historias de m\u00e1rtires cristianos: Andr\u00e9s"},"content":{"rendered":"\n<p>Sin duda, con el permiso de su hermano Sim\u00f3n, Andr\u00e9s dej\u00f3 atr\u00e1s las redes temporalmente y viaj\u00f3 para escuchar a un hombre llamado Juan el Bautista. Juan era la comidilla de la ciudad y el muelle. Instaba a las personas a ponerse a cuentas con Dios porque el tan esperado Salvador estaba por llegar. Andr\u00e9s vio y escuch\u00f3 algo en Juan que le gust\u00f3. Este hombre salvaje no solo era un cr\u00edtico mordaz de los defectos de la sociedad, sino que tambi\u00e9n le ofrec\u00eda esperanza a la gente a trav\u00e9s del arrepentimiento. Ten\u00eda la habilidad especial de hacer que la gente se sintiera bastante mal antes de mostrarles c\u00f3mo pod\u00edan ser perdonados. As\u00ed que, Andr\u00e9s se convirti\u00f3 en un seguidor de Juan el Bautista. Con el tiempo, es probable que se haya unido su amigo Juan, el hijo de Zebedeo, quien registr\u00f3 los pasos iniciales que Jes\u00fas dio al elegir un grupo de disc\u00edpulos que entrenar\u00eda. En alg\u00fan momento, por lo menos cinco de los ap\u00f3stoles originales se encontraban en el \u00e1rea donde Juan el Bautista estaba llevando a cabo su ministerio.<br><\/p>\n\n\n\n<p>Seg\u00fan el relato b\u00edblico, Andr\u00e9s fue el primero de la banda apost\u00f3lica en descubrir a Jesucristo en su papel \u00fanico como Cordero de Dios que quita el pecado del mundo. Andr\u00e9s estaba junto a Juan el Bautista cuando el apasionado profeta se\u00f1al\u00f3 a Jes\u00fas como Aquel a quien hab\u00eda venido a anunciar. No sabemos si Andr\u00e9s fue testigo del bautismo de Jes\u00fas, pero Juan el Bautista probablemente identific\u00f3 a Jes\u00fas, quien acababa de regresar de Su experiencia de cuarenta d\u00edas en el desierto, la cual hab\u00eda ocurrido inmediatamente despu\u00e9s de Su bautismo.<br><\/p>\n\n\n\n<p>Andr\u00e9s y su compa\u00f1ero an\u00f3nimo (probablemente Juan) se acercaron a Jes\u00fas. Jes\u00fas los invit\u00f3 a pasar tiempo con \u00c9l. Ellos inmediatamente ampliaron esa invitaci\u00f3n para incluir a Sim\u00f3n. En un par de d\u00edas, tanto Felipe como Natanael se unieron a ese peque\u00f1o grupo de buscadores. Estaban con Jes\u00fas cuando regres\u00f3 a Can\u00e1 para una boda, y presenciaron Su primer milagro. No mucho despu\u00e9s de esto, Jes\u00fas llam\u00f3 a Sim\u00f3n y a Andr\u00e9s a dejar sus redes y seguirlo. Andr\u00e9s nunca mir\u00f3 hacia atr\u00e1s. <\/p>\n\n\n\n<p>Se tomaba el tiempo de tratar a la gente de manera personal. Identificaba sus necesidades y cualidades, y las entend\u00eda. Silenciosamente tomaba cartas en el asunto. Conectaba a las personas entre s\u00ed. Y con Cristo. Le present\u00f3 a Jes\u00fas a su hermano mayor. Jug\u00f3 un papel decisivo en otras presentaciones significativas, y produjo un impacto en la vida de las personas, una por una. Nos dice la tradici\u00f3n que, al final, fue esta gran cualidad del primer disc\u00edpulo lo que hizo que lo mataran.<br><\/p>\n\n\n\n<p>Rara vez es mencionado en los relatos de las acciones de Jesucristo, pero era una presencia constante. Sus pocos momentos en el centro de atenci\u00f3n revelan que siempre estuvo al tanto de lo que estaba sucediendo y buscaba formas de ayudar.<br><\/p>\n\n\n\n<p>En el relato de Juan de la alimentaci\u00f3n de los cinco mil (Juan 6:4-13), Andr\u00e9s fue quien hizo la tranquila sugerencia de que acababa de hablar con un muchacho que ten\u00eda cinco panes y dos peces. \u00a1No era mucho, pero era algo! Y lo que Jes\u00fas hizo con ese peque\u00f1o regalo fue asombroso. Juan 12:20-26 describe a un grupo de griegos que quer\u00edan encontrarse con Jes\u00fas. Seleccionaron a Felipe para acerc\u00e1rsele, quiz\u00e1 debido a su nombre griego, pero vale la pena se\u00f1alar que Felipe le pidi\u00f3 a Andr\u00e9s que lo ayudara a presentarlos. La \u00faltima menci\u00f3n de Andr\u00e9s por su nombre en las Escrituras ocurre en Hechos 1:13, donde es contado entre los once disc\u00edpulos cuando eligieron a Mat\u00edas para reemplazar a Judas. Sin duda, estuvo presente durante esos emocionantes y turbulentos primeros a\u00f1os en Jerusal\u00e9n, sirviendo entre los l\u00edderes de la iglesia.<br><\/p>\n\n\n\n<p>Si bien los viajes misioneros futuros de Andr\u00e9s quiz\u00e1 lo llevaron tan al norte como Escitia (sur de Rusia) e incluyeron tiempo alrededor de \u00c9feso con Juan, es probable que haya terminado en la pen\u00ednsula griega en la ciudad de Patras, donde comenz\u00f3 a relacionarse con las personas y a presentarles al Salvador. Entre los conversos hab\u00eda una mujer llamada Maximilla, la esposa de un alto funcionario romano, un gobernador llamado Egeas, quien estaba tan enojado por la conversi\u00f3n de su esposa que amenaz\u00f3 a Andr\u00e9s con la muerte por crucifixi\u00f3n. A esto, Andr\u00e9s respondi\u00f3: &#8220;Si hubiera temido la muerte de la cruz, no habr\u00eda predicado la majestad y gloria de Cristo&#8221;<br><\/p>\n\n\n\n<p>Andr\u00e9s fue arrestado y juzgado. A pesar de haber sido amenazado, azotado y torturado, se mantuvo firme. Se dice que el juez le suplic\u00f3 a Andr\u00e9s que no echara por la borda su vida, y el viejo ap\u00f3stol respondi\u00f3 con igual pasi\u00f3n, instando al juez a no echar por la borda su alma.<br><\/p>\n\n\n\n<p>Poco dispuesto a retractarse de su fe en Cristo, Andr\u00e9s fue atado a una cruz en forma de X para morir de una manera lenta y dolorosa. Esta cruz en particular todav\u00eda se llama la cruz de San Andr\u00e9s. Una fuente dice que cuando Andr\u00e9s se acerc\u00f3 a ella, dijo: &#8220;\u00a1Oh amada cruz! Grandemente te he a\u00f1orado. Me regocijo al verte erigida aqu\u00ed. Vengo a ti con la conciencia en paz y con alegr\u00eda y el anhelo de que yo, que soy disc\u00edpulo de Aquel que colg\u00f3 en la cruz, tambi\u00e9n pueda ser crucificado. Cuanto m\u00e1s me acerco a la cruz, m\u00e1s me acerco a Dios; y cuanto m\u00e1s lejos estoy de la cruz, m\u00e1s lejos permanezco de Dios&#8221;.<br><\/p>\n\n\n\n<p>Andr\u00e9s colg\u00f3 durante tres d\u00edas en la cruz; y durante este tiempo ense\u00f1\u00f3 a las personas que estaban cerca de \u00e9l por medio de decirles cosas tales como: &#8220;Doy gracias a mi Se\u00f1or Jesucristo, quien, despu\u00e9s de haberme usado por un tiempo como embajador, ahora me permita tener este cuerpo, para que yo, a trav\u00e9s de una buena confesi\u00f3n, pueda obtener gracia y misericordia eternas. Permanezcan firmes en la palabra y en la doctrina que han recibido, e instr\u00fayanse unos a otros para que puedan morar con Dios en la eternidad, y recibir el fruto de Sus promesas&#8221;. Solo el Cielo revelar\u00e1 las miles y miles de vidas que finalmente fueron transformadas por el trabajo silencioso y persistente de Andr\u00e9s entre bastidores, quien toc\u00f3 una vida a la vez.<br><\/p>\n\n\n\n<p>&#8220;Estimada es a los ojos<br>de Jehov\u00e1 la muerte<br>de sus santos&#8221;.<br>Salmos 116:15<\/p>\n","protected":false},"excerpt":{"rendered":"<p>Sin duda, con el permiso de su hermano Sim\u00f3n, Andr\u00e9s dej\u00f3 atr\u00e1s las redes temporalmente y viaj\u00f3 para escuchar a un hombre llamado Juan el Bautista. Juan era la comidilla de la ciudad y el muelle. Instaba a las personas a ponerse a cuentas con Dios porque el tan esperado Salvador estaba por llegar. Andr\u00e9s vio y escuch\u00f3 algo en Juan que le gust\u00f3. Este hombre salvaje no solo era un cr\u00edtico mordaz de los defectos de la sociedad, sino que tambi\u00e9n le ofrec\u00eda esperanza a la gente a trav\u00e9s del arrepentimiento. Ten\u00eda la habilidad especial de hacer que la gente se sintiera bastante mal antes de mostrarles c\u00f3mo pod\u00edan ser perdonados. As\u00ed que, Andr\u00e9s se convirti\u00f3 en un seguidor de Juan el Bautista. Con el tiempo, es probable que se haya unido su amigo Juan, el hijo de Zebedeo, quien registr\u00f3 los pasos iniciales que Jes\u00fas dio al elegir un grupo de disc\u00edpulos que entrenar\u00eda. En alg\u00fan momento, por lo menos cinco de los ap\u00f3stoles originales se encontraban en el \u00e1rea donde Juan el Bautista estaba llevando a cabo su ministerio. Seg\u00fan el relato b\u00edblico, Andr\u00e9s fue el primero de la banda apost\u00f3lica en descubrir a Jesucristo en su<\/p>\n","protected":false},"author":4,"featured_media":1774,"comment_status":"closed","ping_status":"closed","sticky":false,"template":"","format":"standard","meta":{"footnotes":""},"categories":[6],"tags":[90],"class_list":["post-1713","post","type-post","status-publish","format-standard","has-post-thumbnail","hentry","category-historia","tag-roma","","tg-column-two"],"yoast_head":"<!-- This site is optimized with the Yoast SEO plugin v27.5 - https:\/\/yoast.com\/product\/yoast-seo-wordpress\/ -->\n<title>Historias de m\u00e1rtires cristianos: Andr\u00e9s - Historias<\/title>\n<meta name=\"description\" content=\"No mucho despu\u00e9s de esto, Jes\u00fas llam\u00f3 a Sim\u00f3n y a Andr\u00e9s a dejar sus redes y seguirlo. Andr\u00e9s nunca mir\u00f3 hacia atr\u00e1s.\" \/>\n<meta name=\"robots\" content=\"index, follow, max-snippet:-1, max-image-preview:large, max-video-preview:-1\" \/>\n<link rel=\"canonical\" href=\"https:\/\/www.persecution.com\/es\/historias\/historias-de-martires-cristianos-andres\/\" \/>\n<meta property=\"og:locale\" content=\"es_MX\" \/>\n<meta property=\"og:type\" content=\"article\" \/>\n<meta property=\"og:title\" content=\"Historias de m\u00e1rtires cristianos: Andr\u00e9s - Historias\" \/>\n<meta property=\"og:description\" content=\"No mucho despu\u00e9s de esto, Jes\u00fas llam\u00f3 a Sim\u00f3n y a Andr\u00e9s a dejar sus redes y seguirlo. Andr\u00e9s nunca mir\u00f3 hacia atr\u00e1s.\" \/>\n<meta property=\"og:url\" content=\"https:\/\/www.persecution.com\/es\/historias\/historias-de-martires-cristianos-andres\/\" \/>\n<meta property=\"og:site_name\" content=\"Historias\" \/>\n<meta property=\"article:published_time\" content=\"2021-06-26T22:11:43+00:00\" \/>\n<meta property=\"article:modified_time\" content=\"2022-03-02T16:33:10+00:00\" \/>\n<meta property=\"og:image\" content=\"https:\/\/assets.persecution.com\/es\/historias\/wp-content\/uploads\/2021\/07\/Ignatius_of_Antioch.jpg\" \/>\n\t<meta property=\"og:image:width\" content=\"1024\" \/>\n\t<meta property=\"og:image:height\" content=\"836\" \/>\n\t<meta property=\"og:image:type\" content=\"image\/jpeg\" \/>\n<meta name=\"author\" content=\"vomtechsupport@ncol.com\" \/>\n<meta name=\"twitter:card\" content=\"summary_large_image\" \/>\n<meta name=\"twitter:label1\" content=\"Escrito por\" \/>\n\t<meta name=\"twitter:data1\" content=\"vomtechsupport@ncol.com\" \/>\n\t<meta name=\"twitter:label2\" content=\"Tiempo de lectura\" \/>\n\t<meta name=\"twitter:data2\" content=\"5 minutos\" \/>\n<script type=\"application\/ld+json\" class=\"yoast-schema-graph\">{\"@context\":\"https:\\\/\\\/schema.org\",\"@graph\":[{\"@type\":\"Article\",\"@id\":\"https:\\\/\\\/www.persecution.com\\\/es\\\/historias\\\/historias-de-martires-cristianos-andres\\\/#article\",\"isPartOf\":{\"@id\":\"https:\\\/\\\/www.persecution.com\\\/es\\\/historias\\\/historias-de-martires-cristianos-andres\\\/\"},\"author\":{\"name\":\"vomtechsupport@ncol.com\",\"@id\":\"https:\\\/\\\/www.persecution.com\\\/es\\\/historias\\\/#\\\/schema\\\/person\\\/84a330c40fa81a990a92a431cd1d79fa\"},\"headline\":\"Historias de m\u00e1rtires cristianos: Andr\u00e9s\",\"datePublished\":\"2021-06-26T22:11:43+00:00\",\"dateModified\":\"2022-03-02T16:33:10+00:00\",\"mainEntityOfPage\":{\"@id\":\"https:\\\/\\\/www.persecution.com\\\/es\\\/historias\\\/historias-de-martires-cristianos-andres\\\/\"},\"wordCount\":1156,\"image\":{\"@id\":\"https:\\\/\\\/www.persecution.com\\\/es\\\/historias\\\/historias-de-martires-cristianos-andres\\\/#primaryimage\"},\"thumbnailUrl\":\"https:\\\/\\\/www.persecution.com\\\/es\\\/historias\\\/wp-content\\\/uploads\\\/2021\\\/07\\\/Ignatius_of_Antioch.jpg\",\"keywords\":[\"Roma\"],\"articleSection\":[\"Historia\"],\"inLanguage\":\"es\"},{\"@type\":\"WebPage\",\"@id\":\"https:\\\/\\\/www.persecution.com\\\/es\\\/historias\\\/historias-de-martires-cristianos-andres\\\/\",\"url\":\"https:\\\/\\\/www.persecution.com\\\/es\\\/historias\\\/historias-de-martires-cristianos-andres\\\/\",\"name\":\"Historias de m\u00e1rtires cristianos: Andr\u00e9s - Historias\",\"isPartOf\":{\"@id\":\"https:\\\/\\\/www.persecution.com\\\/es\\\/historias\\\/#website\"},\"primaryImageOfPage\":{\"@id\":\"https:\\\/\\\/www.persecution.com\\\/es\\\/historias\\\/historias-de-martires-cristianos-andres\\\/#primaryimage\"},\"image\":{\"@id\":\"https:\\\/\\\/www.persecution.com\\\/es\\\/historias\\\/historias-de-martires-cristianos-andres\\\/#primaryimage\"},\"thumbnailUrl\":\"https:\\\/\\\/www.persecution.com\\\/es\\\/historias\\\/wp-content\\\/uploads\\\/2021\\\/07\\\/Ignatius_of_Antioch.jpg\",\"datePublished\":\"2021-06-26T22:11:43+00:00\",\"dateModified\":\"2022-03-02T16:33:10+00:00\",\"author\":{\"@id\":\"https:\\\/\\\/www.persecution.com\\\/es\\\/historias\\\/#\\\/schema\\\/person\\\/84a330c40fa81a990a92a431cd1d79fa\"},\"description\":\"No mucho despu\u00e9s de esto, Jes\u00fas llam\u00f3 a Sim\u00f3n y a Andr\u00e9s a dejar sus redes y seguirlo. Andr\u00e9s nunca mir\u00f3 hacia atr\u00e1s.\",\"breadcrumb\":{\"@id\":\"https:\\\/\\\/www.persecution.com\\\/es\\\/historias\\\/historias-de-martires-cristianos-andres\\\/#breadcrumb\"},\"inLanguage\":\"es\",\"potentialAction\":[{\"@type\":\"ReadAction\",\"target\":[\"https:\\\/\\\/www.persecution.com\\\/es\\\/historias\\\/historias-de-martires-cristianos-andres\\\/\"]}]},{\"@type\":\"ImageObject\",\"inLanguage\":\"es\",\"@id\":\"https:\\\/\\\/www.persecution.com\\\/es\\\/historias\\\/historias-de-martires-cristianos-andres\\\/#primaryimage\",\"url\":\"https:\\\/\\\/www.persecution.com\\\/es\\\/historias\\\/wp-content\\\/uploads\\\/2021\\\/07\\\/Ignatius_of_Antioch.jpg\",\"contentUrl\":\"https:\\\/\\\/www.persecution.com\\\/es\\\/historias\\\/wp-content\\\/uploads\\\/2021\\\/07\\\/Ignatius_of_Antioch.jpg\",\"width\":1024,\"height\":836},{\"@type\":\"BreadcrumbList\",\"@id\":\"https:\\\/\\\/www.persecution.com\\\/es\\\/historias\\\/historias-de-martires-cristianos-andres\\\/#breadcrumb\",\"itemListElement\":[{\"@type\":\"ListItem\",\"position\":1,\"name\":\"Inicio\",\"item\":\"https:\\\/\\\/www.persecution.com\\\/es\\\/historias\\\/\"},{\"@type\":\"ListItem\",\"position\":2,\"name\":\"Historias de m\u00e1rtires cristianos: Andr\u00e9s\"}]},{\"@type\":\"WebSite\",\"@id\":\"https:\\\/\\\/www.persecution.com\\\/es\\\/historias\\\/#website\",\"url\":\"https:\\\/\\\/www.persecution.com\\\/es\\\/historias\\\/\",\"name\":\"Historias\",\"description\":\"La Voz de los M\u00e1rtires\",\"potentialAction\":[{\"@type\":\"SearchAction\",\"target\":{\"@type\":\"EntryPoint\",\"urlTemplate\":\"https:\\\/\\\/www.persecution.com\\\/es\\\/historias\\\/?s={search_term_string}\"},\"query-input\":{\"@type\":\"PropertyValueSpecification\",\"valueRequired\":true,\"valueName\":\"search_term_string\"}}],\"inLanguage\":\"es\"},{\"@type\":\"Person\",\"@id\":\"https:\\\/\\\/www.persecution.com\\\/es\\\/historias\\\/#\\\/schema\\\/person\\\/84a330c40fa81a990a92a431cd1d79fa\",\"name\":\"vomtechsupport@ncol.com\",\"image\":{\"@type\":\"ImageObject\",\"inLanguage\":\"es\",\"@id\":\"https:\\\/\\\/secure.gravatar.com\\\/avatar\\\/56abf41aaad92dceb4cfa25e0a29cb1f744b86aceb206be3435e6e45da62f65a?s=96&d=mm&r=g\",\"url\":\"https:\\\/\\\/secure.gravatar.com\\\/avatar\\\/56abf41aaad92dceb4cfa25e0a29cb1f744b86aceb206be3435e6e45da62f65a?s=96&d=mm&r=g\",\"contentUrl\":\"https:\\\/\\\/secure.gravatar.com\\\/avatar\\\/56abf41aaad92dceb4cfa25e0a29cb1f744b86aceb206be3435e6e45da62f65a?s=96&d=mm&r=g\",\"caption\":\"vomtechsupport@ncol.com\"},\"url\":\"https:\\\/\\\/www.persecution.com\\\/es\\\/historias\\\/author\\\/vomtechsupportncol-com\\\/\"}]}<\/script>\n<!-- \/ Yoast SEO plugin. -->","yoast_head_json":{"title":"Historias de m\u00e1rtires cristianos: Andr\u00e9s - Historias","description":"No mucho despu\u00e9s de esto, Jes\u00fas llam\u00f3 a Sim\u00f3n y a Andr\u00e9s a dejar sus redes y seguirlo. Andr\u00e9s nunca mir\u00f3 hacia atr\u00e1s.","robots":{"index":"index","follow":"follow","max-snippet":"max-snippet:-1","max-image-preview":"max-image-preview:large","max-video-preview":"max-video-preview:-1"},"canonical":"https:\/\/www.persecution.com\/es\/historias\/historias-de-martires-cristianos-andres\/","og_locale":"es_MX","og_type":"article","og_title":"Historias de m\u00e1rtires cristianos: Andr\u00e9s - Historias","og_description":"No mucho despu\u00e9s de esto, Jes\u00fas llam\u00f3 a Sim\u00f3n y a Andr\u00e9s a dejar sus redes y seguirlo. Andr\u00e9s nunca mir\u00f3 hacia atr\u00e1s.","og_url":"https:\/\/www.persecution.com\/es\/historias\/historias-de-martires-cristianos-andres\/","og_site_name":"Historias","article_published_time":"2021-06-26T22:11:43+00:00","article_modified_time":"2022-03-02T16:33:10+00:00","og_image":[{"width":1024,"height":836,"url":"https:\/\/assets.persecution.com\/es\/historias\/wp-content\/uploads\/2021\/07\/Ignatius_of_Antioch.jpg","type":"image\/jpeg"}],"author":"vomtechsupport@ncol.com","twitter_card":"summary_large_image","twitter_misc":{"Escrito por":"vomtechsupport@ncol.com","Tiempo de lectura":"5 minutos"},"schema":{"@context":"https:\/\/schema.org","@graph":[{"@type":"Article","@id":"https:\/\/www.persecution.com\/es\/historias\/historias-de-martires-cristianos-andres\/#article","isPartOf":{"@id":"https:\/\/www.persecution.com\/es\/historias\/historias-de-martires-cristianos-andres\/"},"author":{"name":"vomtechsupport@ncol.com","@id":"https:\/\/www.persecution.com\/es\/historias\/#\/schema\/person\/84a330c40fa81a990a92a431cd1d79fa"},"headline":"Historias de m\u00e1rtires cristianos: Andr\u00e9s","datePublished":"2021-06-26T22:11:43+00:00","dateModified":"2022-03-02T16:33:10+00:00","mainEntityOfPage":{"@id":"https:\/\/www.persecution.com\/es\/historias\/historias-de-martires-cristianos-andres\/"},"wordCount":1156,"image":{"@id":"https:\/\/www.persecution.com\/es\/historias\/historias-de-martires-cristianos-andres\/#primaryimage"},"thumbnailUrl":"https:\/\/assets.persecution.com\/es\/historias\/wp-content\/uploads\/2021\/07\/Ignatius_of_Antioch.jpg","keywords":["Roma"],"articleSection":["Historia"],"inLanguage":"es"},{"@type":"WebPage","@id":"https:\/\/www.persecution.com\/es\/historias\/historias-de-martires-cristianos-andres\/","url":"https:\/\/www.persecution.com\/es\/historias\/historias-de-martires-cristianos-andres\/","name":"Historias de m\u00e1rtires cristianos: Andr\u00e9s - Historias","isPartOf":{"@id":"https:\/\/www.persecution.com\/es\/historias\/#website"},"primaryImageOfPage":{"@id":"https:\/\/www.persecution.com\/es\/historias\/historias-de-martires-cristianos-andres\/#primaryimage"},"image":{"@id":"https:\/\/www.persecution.com\/es\/historias\/historias-de-martires-cristianos-andres\/#primaryimage"},"thumbnailUrl":"https:\/\/assets.persecution.com\/es\/historias\/wp-content\/uploads\/2021\/07\/Ignatius_of_Antioch.jpg","datePublished":"2021-06-26T22:11:43+00:00","dateModified":"2022-03-02T16:33:10+00:00","author":{"@id":"https:\/\/www.persecution.com\/es\/historias\/#\/schema\/person\/84a330c40fa81a990a92a431cd1d79fa"},"description":"No mucho despu\u00e9s de esto, Jes\u00fas llam\u00f3 a Sim\u00f3n y a Andr\u00e9s a dejar sus redes y seguirlo. Andr\u00e9s nunca mir\u00f3 hacia atr\u00e1s.","breadcrumb":{"@id":"https:\/\/www.persecution.com\/es\/historias\/historias-de-martires-cristianos-andres\/#breadcrumb"},"inLanguage":"es","potentialAction":[{"@type":"ReadAction","target":["https:\/\/www.persecution.com\/es\/historias\/historias-de-martires-cristianos-andres\/"]}]},{"@type":"ImageObject","inLanguage":"es","@id":"https:\/\/www.persecution.com\/es\/historias\/historias-de-martires-cristianos-andres\/#primaryimage","url":"https:\/\/assets.persecution.com\/es\/historias\/wp-content\/uploads\/2021\/07\/Ignatius_of_Antioch.jpg","contentUrl":"https:\/\/assets.persecution.com\/es\/historias\/wp-content\/uploads\/2021\/07\/Ignatius_of_Antioch.jpg","width":1024,"height":836},{"@type":"BreadcrumbList","@id":"https:\/\/www.persecution.com\/es\/historias\/historias-de-martires-cristianos-andres\/#breadcrumb","itemListElement":[{"@type":"ListItem","position":1,"name":"Inicio","item":"https:\/\/www.persecution.com\/es\/historias\/"},{"@type":"ListItem","position":2,"name":"Historias de m\u00e1rtires cristianos: Andr\u00e9s"}]},{"@type":"WebSite","@id":"https:\/\/www.persecution.com\/es\/historias\/#website","url":"https:\/\/www.persecution.com\/es\/historias\/","name":"Historias","description":"La Voz de los M\u00e1rtires","potentialAction":[{"@type":"SearchAction","target":{"@type":"EntryPoint","urlTemplate":"https:\/\/www.persecution.com\/es\/historias\/?s={search_term_string}"},"query-input":{"@type":"PropertyValueSpecification","valueRequired":true,"valueName":"search_term_string"}}],"inLanguage":"es"},{"@type":"Person","@id":"https:\/\/www.persecution.com\/es\/historias\/#\/schema\/person\/84a330c40fa81a990a92a431cd1d79fa","name":"vomtechsupport@ncol.com","image":{"@type":"ImageObject","inLanguage":"es","@id":"https:\/\/secure.gravatar.com\/avatar\/56abf41aaad92dceb4cfa25e0a29cb1f744b86aceb206be3435e6e45da62f65a?s=96&d=mm&r=g","url":"https:\/\/secure.gravatar.com\/avatar\/56abf41aaad92dceb4cfa25e0a29cb1f744b86aceb206be3435e6e45da62f65a?s=96&d=mm&r=g","contentUrl":"https:\/\/secure.gravatar.com\/avatar\/56abf41aaad92dceb4cfa25e0a29cb1f744b86aceb206be3435e6e45da62f65a?s=96&d=mm&r=g","caption":"vomtechsupport@ncol.com"},"url":"https:\/\/www.persecution.com\/es\/historias\/author\/vomtechsupportncol-com\/"}]}},"_links":{"self":[{"href":"https:\/\/www.persecution.com\/es\/historias\/wp-json\/wp\/v2\/posts\/1713","targetHints":{"allow":["GET"]}}],"collection":[{"href":"https:\/\/www.persecution.com\/es\/historias\/wp-json\/wp\/v2\/posts"}],"about":[{"href":"https:\/\/www.persecution.com\/es\/historias\/wp-json\/wp\/v2\/types\/post"}],"author":[{"embeddable":true,"href":"https:\/\/www.persecution.com\/es\/historias\/wp-json\/wp\/v2\/users\/4"}],"replies":[{"embeddable":true,"href":"https:\/\/www.persecution.com\/es\/historias\/wp-json\/wp\/v2\/comments?post=1713"}],"version-history":[{"count":1,"href":"https:\/\/www.persecution.com\/es\/historias\/wp-json\/wp\/v2\/posts\/1713\/revisions"}],"predecessor-version":[{"id":3638,"href":"https:\/\/www.persecution.com\/es\/historias\/wp-json\/wp\/v2\/posts\/1713\/revisions\/3638"}],"wp:featuredmedia":[{"embeddable":true,"href":"https:\/\/www.persecution.com\/es\/historias\/wp-json\/wp\/v2\/media\/1774"}],"wp:attachment":[{"href":"https:\/\/www.persecution.com\/es\/historias\/wp-json\/wp\/v2\/media?parent=1713"}],"wp:term":[{"taxonomy":"category","embeddable":true,"href":"https:\/\/www.persecution.com\/es\/historias\/wp-json\/wp\/v2\/categories?post=1713"},{"taxonomy":"post_tag","embeddable":true,"href":"https:\/\/www.persecution.com\/es\/historias\/wp-json\/wp\/v2\/tags?post=1713"}],"curies":[{"name":"wp","href":"https:\/\/api.w.org\/{rel}","templated":true}]}}