{"id":1693,"date":"2021-07-01T07:07:02","date_gmt":"2021-07-01T07:07:02","guid":{"rendered":"https:\/\/www.persecution.com\/es\/historias\/muslim-family-hungers-for-gods-word\/"},"modified":"2022-10-18T20:38:48","modified_gmt":"2022-10-18T20:38:48","slug":"familia-musulmana-hambrienta-por-la-palabra-de-dios","status":"publish","type":"post","link":"https:\/\/www.persecution.com\/es\/historias\/familia-musulmana-hambrienta-por-la-palabra-de-dios\/","title":{"rendered":"Familia musulmana hambrienta por la Palabra de Dios"},"content":{"rendered":"<p>Recientemente, un obrero de primera l\u00ednea pidi\u00f3 oraci\u00f3n por una familia musulmana que vino a Cristo despu\u00e9s de estudiar las Escrituras. Shakeel y su familia eran unos musulmanes que compart\u00edan casa con una familia cristiana cat\u00f3lica. Un obrero de primera l\u00ednea visitaba regularmente a la familia cristiana para orar y animarlos cuando le presentaron a la familia de Shakeel. El obrero or\u00f3 por la familia musulmana, y se sintieron conmovidos y llenos de paz durante su oraci\u00f3n. Le pidieron que continuara visit\u00e1ndolos y ense\u00f1\u00e1ndoles la Palabra de Dios. El obrero de primera l\u00ednea les dio una <a href=\"https:\/\/www.persecution.com\/es\/biblias\/?utm_campaign=bibles_es&amp;utm_source=ESSTORIES\">Biblia<\/a> en Urdu que su hijo adolescente les pudo leer. Despu\u00e9s de un poco de tiempo, Shakeel le dijo al obrero que quer\u00eda aceptar a Jesucristo como Se\u00f1or. El obrero inmediatamente bautiz\u00f3 a Shakeel, y el resto de su familia tambi\u00e9n est\u00e1n en espera de ser bautizados. Oremos por que Shakeel y su familia contin\u00faen creciendo en su fe. Oremos por que muchos m\u00e1s musulmanes en Pakist\u00e1n tengan hambre de la verdad de la Palabra de Dios.<\/p>\n<p>Haz clic aqu\u00ed para informarte sobre la persecuci\u00f3n de los cristianos en <a href=\"https:\/\/www.persecution.com\/es\/guiadeoracionglobal\/pakistan\/?_source_code=WBPGGPG20B\">Pakist\u00e1n<\/a> y saber c\u00f3mo orar.<\/p>\n","protected":false},"excerpt":{"rendered":"<p>Recientemente, un obrero de primera l\u00ednea pidi\u00f3 oraci\u00f3n por una familia musulmana que vino a Cristo despu\u00e9s de estudiar las Escrituras. Shakeel y su familia eran unos musulmanes que compart\u00edan casa con una familia cristiana cat\u00f3lica. Un obrero de primera l\u00ednea visitaba regularmente a la familia cristiana para orar y animarlos cuando le presentaron a la familia de Shakeel. El obrero or\u00f3 por la familia musulmana, y se sintieron conmovidos y llenos de paz durante su oraci\u00f3n. Le pidieron que continuara visit\u00e1ndolos y ense\u00f1\u00e1ndoles la Palabra de Dios. El obrero de primera l\u00ednea les dio una Biblia en Urdu que su hijo adolescente les pudo leer. Despu\u00e9s de un poco de tiempo, Shakeel le dijo al obrero que quer\u00eda aceptar a Jesucristo como Se\u00f1or. El obrero inmediatamente bautiz\u00f3 a Shakeel, y el resto de su familia tambi\u00e9n est\u00e1n en espera de ser bautizados. Oremos por que Shakeel y su familia contin\u00faen creciendo en su fe. Oremos por que muchos m\u00e1s musulmanes en Pakist\u00e1n tengan hambre de la verdad de la Palabra de Dios. Haz clic aqu\u00ed para informarte sobre la persecuci\u00f3n de los cristianos en Pakist\u00e1n y saber c\u00f3mo orar.<\/p>\n","protected":false},"author":12,"featured_media":181,"comment_status":"closed","ping_status":"closed","sticky":false,"template":"","format":"standard","meta":{"footnotes":""},"categories":[79],"tags":[50],"class_list":["post-1693","post","type-post","status-publish","format-standard","has-post-thumbnail","hentry","category-oracion","tag-pakistan","","tg-column-two"],"yoast_head":"<!-- This site is optimized with the Yoast SEO plugin v27.5 - https:\/\/yoast.com\/product\/yoast-seo-wordpress\/ -->\n<title>Familia musulmana hambrienta por la Palabra de Dios - Historias<\/title>\n<meta name=\"description\" content=\"El obrero or\u00f3 por la familia musulmana, y se sintieron conmovidos y llenos de paz durante su oraci\u00f3n.\" \/>\n<meta name=\"robots\" content=\"index, follow, max-snippet:-1, max-image-preview:large, max-video-preview:-1\" \/>\n<link rel=\"canonical\" href=\"https:\/\/www.persecution.com\/es\/historias\/familia-musulmana-hambrienta-por-la-palabra-de-dios\/\" \/>\n<meta property=\"og:locale\" content=\"es_MX\" \/>\n<meta property=\"og:type\" content=\"article\" \/>\n<meta property=\"og:title\" content=\"Familia musulmana hambrienta por la Palabra de Dios - Historias\" \/>\n<meta property=\"og:description\" content=\"El obrero or\u00f3 por la familia musulmana, y se sintieron conmovidos y llenos de paz durante su oraci\u00f3n.\" \/>\n<meta property=\"og:url\" content=\"https:\/\/www.persecution.com\/es\/historias\/familia-musulmana-hambrienta-por-la-palabra-de-dios\/\" \/>\n<meta property=\"og:site_name\" content=\"Historias\" \/>\n<meta property=\"article:published_time\" content=\"2021-07-01T07:07:02+00:00\" \/>\n<meta property=\"article:modified_time\" content=\"2022-10-18T20:38:48+00:00\" \/>\n<meta property=\"og:image\" content=\"https:\/\/assets.persecution.com\/es\/historias\/wp-content\/uploads\/2021\/05\/VOM-Stories-iCommit-PlaceholderV2.jpg\" \/>\n\t<meta property=\"og:image:width\" content=\"978\" \/>\n\t<meta property=\"og:image:height\" content=\"640\" \/>\n\t<meta property=\"og:image:type\" content=\"image\/jpeg\" \/>\n<meta name=\"author\" content=\"E Valenzuela\" \/>\n<meta name=\"twitter:card\" content=\"summary_large_image\" \/>\n<meta name=\"twitter:label1\" content=\"Escrito por\" \/>\n\t<meta name=\"twitter:data1\" content=\"E Valenzuela\" \/>\n\t<meta name=\"twitter:label2\" content=\"Tiempo de lectura\" \/>\n\t<meta name=\"twitter:data2\" content=\"1 minuto\" \/>\n<script type=\"application\/ld+json\" class=\"yoast-schema-graph\">{\"@context\":\"https:\\\/\\\/schema.org\",\"@graph\":[{\"@type\":\"Article\",\"@id\":\"https:\\\/\\\/www.persecution.com\\\/es\\\/historias\\\/familia-musulmana-hambrienta-por-la-palabra-de-dios\\\/#article\",\"isPartOf\":{\"@id\":\"https:\\\/\\\/www.persecution.com\\\/es\\\/historias\\\/familia-musulmana-hambrienta-por-la-palabra-de-dios\\\/\"},\"author\":{\"name\":\"E Valenzuela\",\"@id\":\"https:\\\/\\\/www.persecution.com\\\/es\\\/historias\\\/#\\\/schema\\\/person\\\/ae000ea52969cef1249f5afb05ccb961\"},\"headline\":\"Familia musulmana hambrienta por la Palabra de Dios\",\"datePublished\":\"2021-07-01T07:07:02+00:00\",\"dateModified\":\"2022-10-18T20:38:48+00:00\",\"mainEntityOfPage\":{\"@id\":\"https:\\\/\\\/www.persecution.com\\\/es\\\/historias\\\/familia-musulmana-hambrienta-por-la-palabra-de-dios\\\/\"},\"wordCount\":219,\"image\":{\"@id\":\"https:\\\/\\\/www.persecution.com\\\/es\\\/historias\\\/familia-musulmana-hambrienta-por-la-palabra-de-dios\\\/#primaryimage\"},\"thumbnailUrl\":\"https:\\\/\\\/www.persecution.com\\\/es\\\/historias\\\/wp-content\\\/uploads\\\/2021\\\/05\\\/VOM-Stories-iCommit-PlaceholderV2.jpg\",\"keywords\":[\"Pakistan\"],\"articleSection\":[\"Oraci\u00f3n\"],\"inLanguage\":\"es\"},{\"@type\":\"WebPage\",\"@id\":\"https:\\\/\\\/www.persecution.com\\\/es\\\/historias\\\/familia-musulmana-hambrienta-por-la-palabra-de-dios\\\/\",\"url\":\"https:\\\/\\\/www.persecution.com\\\/es\\\/historias\\\/familia-musulmana-hambrienta-por-la-palabra-de-dios\\\/\",\"name\":\"Familia musulmana hambrienta por la Palabra de Dios - Historias\",\"isPartOf\":{\"@id\":\"https:\\\/\\\/www.persecution.com\\\/es\\\/historias\\\/#website\"},\"primaryImageOfPage\":{\"@id\":\"https:\\\/\\\/www.persecution.com\\\/es\\\/historias\\\/familia-musulmana-hambrienta-por-la-palabra-de-dios\\\/#primaryimage\"},\"image\":{\"@id\":\"https:\\\/\\\/www.persecution.com\\\/es\\\/historias\\\/familia-musulmana-hambrienta-por-la-palabra-de-dios\\\/#primaryimage\"},\"thumbnailUrl\":\"https:\\\/\\\/www.persecution.com\\\/es\\\/historias\\\/wp-content\\\/uploads\\\/2021\\\/05\\\/VOM-Stories-iCommit-PlaceholderV2.jpg\",\"datePublished\":\"2021-07-01T07:07:02+00:00\",\"dateModified\":\"2022-10-18T20:38:48+00:00\",\"author\":{\"@id\":\"https:\\\/\\\/www.persecution.com\\\/es\\\/historias\\\/#\\\/schema\\\/person\\\/ae000ea52969cef1249f5afb05ccb961\"},\"description\":\"El obrero or\u00f3 por la familia musulmana, y se sintieron conmovidos y llenos de paz durante su oraci\u00f3n.\",\"breadcrumb\":{\"@id\":\"https:\\\/\\\/www.persecution.com\\\/es\\\/historias\\\/familia-musulmana-hambrienta-por-la-palabra-de-dios\\\/#breadcrumb\"},\"inLanguage\":\"es\",\"potentialAction\":[{\"@type\":\"ReadAction\",\"target\":[\"https:\\\/\\\/www.persecution.com\\\/es\\\/historias\\\/familia-musulmana-hambrienta-por-la-palabra-de-dios\\\/\"]}]},{\"@type\":\"ImageObject\",\"inLanguage\":\"es\",\"@id\":\"https:\\\/\\\/www.persecution.com\\\/es\\\/historias\\\/familia-musulmana-hambrienta-por-la-palabra-de-dios\\\/#primaryimage\",\"url\":\"https:\\\/\\\/www.persecution.com\\\/es\\\/historias\\\/wp-content\\\/uploads\\\/2021\\\/05\\\/VOM-Stories-iCommit-PlaceholderV2.jpg\",\"contentUrl\":\"https:\\\/\\\/www.persecution.com\\\/es\\\/historias\\\/wp-content\\\/uploads\\\/2021\\\/05\\\/VOM-Stories-iCommit-PlaceholderV2.jpg\",\"width\":978,\"height\":640},{\"@type\":\"BreadcrumbList\",\"@id\":\"https:\\\/\\\/www.persecution.com\\\/es\\\/historias\\\/familia-musulmana-hambrienta-por-la-palabra-de-dios\\\/#breadcrumb\",\"itemListElement\":[{\"@type\":\"ListItem\",\"position\":1,\"name\":\"Inicio\",\"item\":\"https:\\\/\\\/www.persecution.com\\\/es\\\/historias\\\/\"},{\"@type\":\"ListItem\",\"position\":2,\"name\":\"Familia musulmana hambrienta por la Palabra de Dios\"}]},{\"@type\":\"WebSite\",\"@id\":\"https:\\\/\\\/www.persecution.com\\\/es\\\/historias\\\/#website\",\"url\":\"https:\\\/\\\/www.persecution.com\\\/es\\\/historias\\\/\",\"name\":\"Historias\",\"description\":\"La Voz de los M\u00e1rtires\",\"potentialAction\":[{\"@type\":\"SearchAction\",\"target\":{\"@type\":\"EntryPoint\",\"urlTemplate\":\"https:\\\/\\\/www.persecution.com\\\/es\\\/historias\\\/?s={search_term_string}\"},\"query-input\":{\"@type\":\"PropertyValueSpecification\",\"valueRequired\":true,\"valueName\":\"search_term_string\"}}],\"inLanguage\":\"es\"},{\"@type\":\"Person\",\"@id\":\"https:\\\/\\\/www.persecution.com\\\/es\\\/historias\\\/#\\\/schema\\\/person\\\/ae000ea52969cef1249f5afb05ccb961\",\"name\":\"E Valenzuela\",\"image\":{\"@type\":\"ImageObject\",\"inLanguage\":\"es\",\"@id\":\"https:\\\/\\\/secure.gravatar.com\\\/avatar\\\/72e02a942ef259240205425b9749482f07b1b2fb64225b038b4531b157d191a7?s=96&d=mm&r=g\",\"url\":\"https:\\\/\\\/secure.gravatar.com\\\/avatar\\\/72e02a942ef259240205425b9749482f07b1b2fb64225b038b4531b157d191a7?s=96&d=mm&r=g\",\"contentUrl\":\"https:\\\/\\\/secure.gravatar.com\\\/avatar\\\/72e02a942ef259240205425b9749482f07b1b2fb64225b038b4531b157d191a7?s=96&d=mm&r=g\",\"caption\":\"E Valenzuela\"},\"url\":\"https:\\\/\\\/www.persecution.com\\\/es\\\/historias\\\/author\\\/evalenzuelavom-org\\\/\"}]}<\/script>\n<!-- \/ Yoast SEO plugin. -->","yoast_head_json":{"title":"Familia musulmana hambrienta por la Palabra de Dios - Historias","description":"El obrero or\u00f3 por la familia musulmana, y se sintieron conmovidos y llenos de paz durante su oraci\u00f3n.","robots":{"index":"index","follow":"follow","max-snippet":"max-snippet:-1","max-image-preview":"max-image-preview:large","max-video-preview":"max-video-preview:-1"},"canonical":"https:\/\/www.persecution.com\/es\/historias\/familia-musulmana-hambrienta-por-la-palabra-de-dios\/","og_locale":"es_MX","og_type":"article","og_title":"Familia musulmana hambrienta por la Palabra de Dios - Historias","og_description":"El obrero or\u00f3 por la familia musulmana, y se sintieron conmovidos y llenos de paz durante su oraci\u00f3n.","og_url":"https:\/\/www.persecution.com\/es\/historias\/familia-musulmana-hambrienta-por-la-palabra-de-dios\/","og_site_name":"Historias","article_published_time":"2021-07-01T07:07:02+00:00","article_modified_time":"2022-10-18T20:38:48+00:00","og_image":[{"width":978,"height":640,"url":"https:\/\/assets.persecution.com\/es\/historias\/wp-content\/uploads\/2021\/05\/VOM-Stories-iCommit-PlaceholderV2.jpg","type":"image\/jpeg"}],"author":"E Valenzuela","twitter_card":"summary_large_image","twitter_misc":{"Escrito por":"E Valenzuela","Tiempo de lectura":"1 minuto"},"schema":{"@context":"https:\/\/schema.org","@graph":[{"@type":"Article","@id":"https:\/\/www.persecution.com\/es\/historias\/familia-musulmana-hambrienta-por-la-palabra-de-dios\/#article","isPartOf":{"@id":"https:\/\/www.persecution.com\/es\/historias\/familia-musulmana-hambrienta-por-la-palabra-de-dios\/"},"author":{"name":"E Valenzuela","@id":"https:\/\/www.persecution.com\/es\/historias\/#\/schema\/person\/ae000ea52969cef1249f5afb05ccb961"},"headline":"Familia musulmana hambrienta por la Palabra de Dios","datePublished":"2021-07-01T07:07:02+00:00","dateModified":"2022-10-18T20:38:48+00:00","mainEntityOfPage":{"@id":"https:\/\/www.persecution.com\/es\/historias\/familia-musulmana-hambrienta-por-la-palabra-de-dios\/"},"wordCount":219,"image":{"@id":"https:\/\/www.persecution.com\/es\/historias\/familia-musulmana-hambrienta-por-la-palabra-de-dios\/#primaryimage"},"thumbnailUrl":"https:\/\/assets.persecution.com\/es\/historias\/wp-content\/uploads\/2021\/05\/VOM-Stories-iCommit-PlaceholderV2.jpg","keywords":["Pakistan"],"articleSection":["Oraci\u00f3n"],"inLanguage":"es"},{"@type":"WebPage","@id":"https:\/\/www.persecution.com\/es\/historias\/familia-musulmana-hambrienta-por-la-palabra-de-dios\/","url":"https:\/\/www.persecution.com\/es\/historias\/familia-musulmana-hambrienta-por-la-palabra-de-dios\/","name":"Familia musulmana hambrienta por la Palabra de Dios - Historias","isPartOf":{"@id":"https:\/\/www.persecution.com\/es\/historias\/#website"},"primaryImageOfPage":{"@id":"https:\/\/www.persecution.com\/es\/historias\/familia-musulmana-hambrienta-por-la-palabra-de-dios\/#primaryimage"},"image":{"@id":"https:\/\/www.persecution.com\/es\/historias\/familia-musulmana-hambrienta-por-la-palabra-de-dios\/#primaryimage"},"thumbnailUrl":"https:\/\/assets.persecution.com\/es\/historias\/wp-content\/uploads\/2021\/05\/VOM-Stories-iCommit-PlaceholderV2.jpg","datePublished":"2021-07-01T07:07:02+00:00","dateModified":"2022-10-18T20:38:48+00:00","author":{"@id":"https:\/\/www.persecution.com\/es\/historias\/#\/schema\/person\/ae000ea52969cef1249f5afb05ccb961"},"description":"El obrero or\u00f3 por la familia musulmana, y se sintieron conmovidos y llenos de paz durante su oraci\u00f3n.","breadcrumb":{"@id":"https:\/\/www.persecution.com\/es\/historias\/familia-musulmana-hambrienta-por-la-palabra-de-dios\/#breadcrumb"},"inLanguage":"es","potentialAction":[{"@type":"ReadAction","target":["https:\/\/www.persecution.com\/es\/historias\/familia-musulmana-hambrienta-por-la-palabra-de-dios\/"]}]},{"@type":"ImageObject","inLanguage":"es","@id":"https:\/\/www.persecution.com\/es\/historias\/familia-musulmana-hambrienta-por-la-palabra-de-dios\/#primaryimage","url":"https:\/\/assets.persecution.com\/es\/historias\/wp-content\/uploads\/2021\/05\/VOM-Stories-iCommit-PlaceholderV2.jpg","contentUrl":"https:\/\/assets.persecution.com\/es\/historias\/wp-content\/uploads\/2021\/05\/VOM-Stories-iCommit-PlaceholderV2.jpg","width":978,"height":640},{"@type":"BreadcrumbList","@id":"https:\/\/www.persecution.com\/es\/historias\/familia-musulmana-hambrienta-por-la-palabra-de-dios\/#breadcrumb","itemListElement":[{"@type":"ListItem","position":1,"name":"Inicio","item":"https:\/\/www.persecution.com\/es\/historias\/"},{"@type":"ListItem","position":2,"name":"Familia musulmana hambrienta por la Palabra de Dios"}]},{"@type":"WebSite","@id":"https:\/\/www.persecution.com\/es\/historias\/#website","url":"https:\/\/www.persecution.com\/es\/historias\/","name":"Historias","description":"La Voz de los M\u00e1rtires","potentialAction":[{"@type":"SearchAction","target":{"@type":"EntryPoint","urlTemplate":"https:\/\/www.persecution.com\/es\/historias\/?s={search_term_string}"},"query-input":{"@type":"PropertyValueSpecification","valueRequired":true,"valueName":"search_term_string"}}],"inLanguage":"es"},{"@type":"Person","@id":"https:\/\/www.persecution.com\/es\/historias\/#\/schema\/person\/ae000ea52969cef1249f5afb05ccb961","name":"E Valenzuela","image":{"@type":"ImageObject","inLanguage":"es","@id":"https:\/\/secure.gravatar.com\/avatar\/72e02a942ef259240205425b9749482f07b1b2fb64225b038b4531b157d191a7?s=96&d=mm&r=g","url":"https:\/\/secure.gravatar.com\/avatar\/72e02a942ef259240205425b9749482f07b1b2fb64225b038b4531b157d191a7?s=96&d=mm&r=g","contentUrl":"https:\/\/secure.gravatar.com\/avatar\/72e02a942ef259240205425b9749482f07b1b2fb64225b038b4531b157d191a7?s=96&d=mm&r=g","caption":"E Valenzuela"},"url":"https:\/\/www.persecution.com\/es\/historias\/author\/evalenzuelavom-org\/"}]}},"_links":{"self":[{"href":"https:\/\/www.persecution.com\/es\/historias\/wp-json\/wp\/v2\/posts\/1693","targetHints":{"allow":["GET"]}}],"collection":[{"href":"https:\/\/www.persecution.com\/es\/historias\/wp-json\/wp\/v2\/posts"}],"about":[{"href":"https:\/\/www.persecution.com\/es\/historias\/wp-json\/wp\/v2\/types\/post"}],"author":[{"embeddable":true,"href":"https:\/\/www.persecution.com\/es\/historias\/wp-json\/wp\/v2\/users\/12"}],"replies":[{"embeddable":true,"href":"https:\/\/www.persecution.com\/es\/historias\/wp-json\/wp\/v2\/comments?post=1693"}],"version-history":[{"count":2,"href":"https:\/\/www.persecution.com\/es\/historias\/wp-json\/wp\/v2\/posts\/1693\/revisions"}],"predecessor-version":[{"id":4040,"href":"https:\/\/www.persecution.com\/es\/historias\/wp-json\/wp\/v2\/posts\/1693\/revisions\/4040"}],"wp:featuredmedia":[{"embeddable":true,"href":"https:\/\/www.persecution.com\/es\/historias\/wp-json\/wp\/v2\/media\/181"}],"wp:attachment":[{"href":"https:\/\/www.persecution.com\/es\/historias\/wp-json\/wp\/v2\/media?parent=1693"}],"wp:term":[{"taxonomy":"category","embeddable":true,"href":"https:\/\/www.persecution.com\/es\/historias\/wp-json\/wp\/v2\/categories?post=1693"},{"taxonomy":"post_tag","embeddable":true,"href":"https:\/\/www.persecution.com\/es\/historias\/wp-json\/wp\/v2\/tags?post=1693"}],"curies":[{"name":"wp","href":"https:\/\/api.w.org\/{rel}","templated":true}]}}