{"id":1636,"date":"2021-06-24T16:22:45","date_gmt":"2021-06-24T16:22:45","guid":{"rendered":"https:\/\/www.persecution.com\/es\/historias\/?p=1636"},"modified":"2022-03-10T23:52:39","modified_gmt":"2022-03-10T23:52:39","slug":"historias-de-martires-cristianos-maurice-tornay","status":"publish","type":"post","link":"https:\/\/www.persecution.com\/es\/historias\/historias-de-martires-cristianos-maurice-tornay\/","title":{"rendered":"Historias de m\u00e1rtires cristianos: Maurice Tornay"},"content":{"rendered":"\n<p>Maurice Tornay era el s\u00e9ptimo de ocho hijos de una familia cat\u00f3lica que viv\u00eda en lo alto de las monta\u00f1as suizas, cerca de Valais. La familia estaba unida en el trabajo necesario para vivir y en la fe por la cual viv\u00edan. Tornay recordaba a su madre en la chimenea contando la historia de Santa In\u00e9s, virgen y m\u00e1rtir. \u00abUstedes son v\u00edrgenes \u2014les dijo a sus hijos\u2014, pero ser m\u00e1rtires, eso es m\u00e1s dif\u00edcil. Tienen que amar a Dios m\u00e1s que a nada, y estar dispuestos a dar su vida, a derramar la \u00faltima gota de sangre por \u00c9l\u00bb. El joven Tornay nunca olvid\u00f3 la lecci\u00f3n de su madre.<br><\/p>\n\n\n\n<p>Despu\u00e9s de la escuela secundaria, Tornay se uni\u00f3 a los can\u00f3nigos regulares de la Congregaci\u00f3n Hospitalaria del Gran San Bernardo, m\u00e1s conocidos por su labor de rescate en los Alpes y por los famosos perros San Bernardo que cr\u00edan y entrenan como \u00abasistentes\u00bb. Una vez que Tornay hab\u00eda progresado, la iglesia les pidi\u00f3 a los can\u00f3nigos que enviaran misioneros acostumbrados a vivir en zonas m\u00e1s elevadas para que comenzaran a evangelizar a los habitantes del Himalaya o de \u00ablos Alpes asi\u00e1ticos\u00bb, como se les llamaba en Europa. Tornay se ofreci\u00f3 como voluntario, pero tuvo que esperar a someterse a una cirug\u00eda para tratar una \u00falcera. En 1936 lleg\u00f3 a la provincia de Weixi, cerca de la frontera tibetana, donde termin\u00f3 sus estudios de teolog\u00eda, aprendi\u00f3 chino y recibi\u00f3 su ordenaci\u00f3n como sacerdote. Tornay escribi\u00f3: \u00abY ahora casi he dado una vuelta al mundo. He visto y sentido que la gente es infeliz en todas partes, y que la verdadera felicidad est\u00e1 en servir a Dios. Realmente, nada m\u00e1s importa. Nada, nada\u00bb.<br><\/p>\n\n\n\n<p>El trabajo en la frontera entre <a href=\"https:\/\/www.persecution.com\/es\/guiadeoracionglobal\/china\/\">China<\/a> y el T\u00edbet, dif\u00edcil en cualquier momento, se hizo m\u00e1s peligroso con la invasi\u00f3n de las fuerzas japonesas en 1939. Tornay estaba a cargo de una escuela de ni\u00f1os, y todo lo necesario para vivir (alimentaci\u00f3n, ropa, calefacci\u00f3n) escaseaba.<\/p>\n\n\n\n<p>A esto hay que a\u00f1adir el antagonismo de los lamas budistas locales, especialmente un tal Gun-Akhio, quien intu\u00eda que los misioneros minar\u00edan su base de poder. Gun-Akhio no era reacio a utilizar las amenazas y la fuerza contra los extranjeros.  <\/p>\n\n\n\n<p>En 1946 Tornay fue nombrado sacerdote de la parroquia de Yerkalo en el sureste del T\u00edbet. Apenas unos d\u00edas despu\u00e9s, cuarenta lamas locales irrumpieron en la residencia del sacerdote, la saquearon y, a punta de fusil, obligaron a Tornay a abandonar la ciudad. Fue a Pame, en la provincia de Yunnan (<a href=\"https:\/\/www.persecution.com\/es\/guiadeoracionglobal\/china\/\">China<\/a>), para prestar toda la ayuda posible a su pueblo: oraci\u00f3n, correspondencia, consuelo y atenci\u00f3n a los enfermos que llegaban hasta \u00e9l. Al llegar el mes de mayo, estaba seguro de que el riesgo de volver era menor que el de seguir esperando. \u00abDejen una parroquia sin p\u00e1rroco&#8230; y la gente adorar\u00e1 a los animales\u00bb, dijo.<br><\/p>\n\n\n\n<p>En el borde de Yerkalo, Gun-Akhio lo esperaba. Una vez m\u00e1s, Tornay se qued\u00f3 fuera de su parroquia. Sin embargo, ten\u00eda un plan: apelar\u00eda directamente al Dalai Lama para que le permitiera llevar a cabo su misi\u00f3n, y para que le diera tolerancia religiosa en lugar de beligerancia e intimidaci\u00f3n. Tornay comenz\u00f3 el viaje de dos meses a Lhasa, la capital del T\u00edbet.<br><\/p>\n\n\n\n<p>Pero Gun-Akhio ten\u00eda sus agentes, y Tornay no pod\u00eda hacer un movimiento sin que \u00e9l lo supiera. Los lamas interceptaron la caravana de Tornay y le obligaron a retroceder. El 11 de agosto, en el desfiladero de Choula, cerca de la frontera <a href=\"https:\/\/www.persecution.com\/es\/guiadeoracionglobal\/china\/\">china<\/a>, Tornay cay\u00f3 en una emboscada y fue abatido junto con sus compa\u00f1eros.<br><\/p>\n\n\n\n<p>Las autoridades chinas acabaron condenando a los miembros de la lamaser\u00eda de Karmda por los asesinatos. Maurice Tornay hab\u00eda escrito cuando era adolescente: \u00abLa muerte es el d\u00eda m\u00e1s feliz de nuestras vidas. Debemos alegrarnos en ella m\u00e1s que nada, porque es la llegada a nuestra verdadera patria\u00bb. Tornay, el sacerdote que rara vez pis\u00f3 un terreno llano y que nunca sirvi\u00f3 un d\u00eda con comodidad o facilidad, estaba por fin en casa.<\/p>\n","protected":false},"excerpt":{"rendered":"<p>Maurice Tornay era el s\u00e9ptimo de ocho hijos de una familia cat\u00f3lica que viv\u00eda en lo alto de las monta\u00f1as suizas, cerca de Valais. La familia estaba unida en el trabajo necesario para vivir y en la fe por la cual viv\u00edan. Tornay recordaba a su madre en la chimenea contando la historia de Santa In\u00e9s, virgen y m\u00e1rtir. \u00abUstedes son v\u00edrgenes \u2014les dijo a sus hijos\u2014, pero ser m\u00e1rtires, eso es m\u00e1s dif\u00edcil. Tienen que amar a Dios m\u00e1s que a nada, y estar dispuestos a dar su vida, a derramar la \u00faltima gota de sangre por \u00c9l\u00bb. El joven Tornay nunca olvid\u00f3 la lecci\u00f3n de su madre. Despu\u00e9s de la escuela secundaria, Tornay se uni\u00f3 a los can\u00f3nigos regulares de la Congregaci\u00f3n Hospitalaria del Gran San Bernardo, m\u00e1s conocidos por su labor de rescate en los Alpes y por los famosos perros San Bernardo que cr\u00edan y entrenan como \u00abasistentes\u00bb. Una vez que Tornay hab\u00eda progresado, la iglesia les pidi\u00f3 a los can\u00f3nigos que enviaran misioneros acostumbrados a vivir en zonas m\u00e1s elevadas para que comenzaran a evangelizar a los habitantes del Himalaya o de \u00ablos Alpes asi\u00e1ticos\u00bb, como se les llamaba en Europa. Tornay se ofreci\u00f3 como<\/p>\n","protected":false},"author":4,"featured_media":1774,"comment_status":"closed","ping_status":"closed","sticky":false,"template":"","format":"standard","meta":{"footnotes":""},"categories":[6],"tags":[20],"class_list":["post-1636","post","type-post","status-publish","format-standard","has-post-thumbnail","hentry","category-historia","tag-china","","tg-column-two"],"yoast_head":"<!-- This site is optimized with the Yoast SEO plugin v27.5 - https:\/\/yoast.com\/product\/yoast-seo-wordpress\/ -->\n<title>Historias de m\u00e1rtires cristianos: Maurice Tornay - Historias<\/title>\n<meta name=\"description\" content=\"El 11 de agosto, en el desfiladero de Choula, cerca de la frontera china, Tornay cay\u00f3 en una emboscada y fue abatido junto con sus compa\u00f1eros.\" \/>\n<meta name=\"robots\" content=\"index, follow, max-snippet:-1, max-image-preview:large, max-video-preview:-1\" \/>\n<link rel=\"canonical\" href=\"https:\/\/www.persecution.com\/es\/historias\/historias-de-martires-cristianos-maurice-tornay\/\" \/>\n<meta property=\"og:locale\" content=\"es_MX\" \/>\n<meta property=\"og:type\" content=\"article\" \/>\n<meta property=\"og:title\" content=\"Historias de m\u00e1rtires cristianos: Maurice Tornay - Historias\" \/>\n<meta property=\"og:description\" content=\"El 11 de agosto, en el desfiladero de Choula, cerca de la frontera china, Tornay cay\u00f3 en una emboscada y fue abatido junto con sus compa\u00f1eros.\" \/>\n<meta property=\"og:url\" content=\"https:\/\/www.persecution.com\/es\/historias\/historias-de-martires-cristianos-maurice-tornay\/\" \/>\n<meta property=\"og:site_name\" content=\"Historias\" \/>\n<meta property=\"article:published_time\" content=\"2021-06-24T16:22:45+00:00\" \/>\n<meta property=\"article:modified_time\" content=\"2022-03-10T23:52:39+00:00\" \/>\n<meta property=\"og:image\" content=\"https:\/\/assets.persecution.com\/es\/historias\/wp-content\/uploads\/2021\/07\/Ignatius_of_Antioch.jpg\" \/>\n\t<meta property=\"og:image:width\" content=\"1024\" \/>\n\t<meta property=\"og:image:height\" content=\"836\" \/>\n\t<meta property=\"og:image:type\" content=\"image\/jpeg\" \/>\n<meta name=\"author\" content=\"vomtechsupport@ncol.com\" \/>\n<meta name=\"twitter:card\" content=\"summary_large_image\" \/>\n<meta name=\"twitter:label1\" content=\"Escrito por\" \/>\n\t<meta name=\"twitter:data1\" content=\"vomtechsupport@ncol.com\" \/>\n\t<meta name=\"twitter:label2\" content=\"Tiempo de lectura\" \/>\n\t<meta name=\"twitter:data2\" content=\"4 minutos\" \/>\n<script type=\"application\/ld+json\" class=\"yoast-schema-graph\">{\"@context\":\"https:\\\/\\\/schema.org\",\"@graph\":[{\"@type\":\"Article\",\"@id\":\"https:\\\/\\\/www.persecution.com\\\/es\\\/historias\\\/historias-de-martires-cristianos-maurice-tornay\\\/#article\",\"isPartOf\":{\"@id\":\"https:\\\/\\\/www.persecution.com\\\/es\\\/historias\\\/historias-de-martires-cristianos-maurice-tornay\\\/\"},\"author\":{\"name\":\"vomtechsupport@ncol.com\",\"@id\":\"https:\\\/\\\/www.persecution.com\\\/es\\\/historias\\\/#\\\/schema\\\/person\\\/84a330c40fa81a990a92a431cd1d79fa\"},\"headline\":\"Historias de m\u00e1rtires cristianos: Maurice Tornay\",\"datePublished\":\"2021-06-24T16:22:45+00:00\",\"dateModified\":\"2022-03-10T23:52:39+00:00\",\"mainEntityOfPage\":{\"@id\":\"https:\\\/\\\/www.persecution.com\\\/es\\\/historias\\\/historias-de-martires-cristianos-maurice-tornay\\\/\"},\"wordCount\":724,\"image\":{\"@id\":\"https:\\\/\\\/www.persecution.com\\\/es\\\/historias\\\/historias-de-martires-cristianos-maurice-tornay\\\/#primaryimage\"},\"thumbnailUrl\":\"https:\\\/\\\/www.persecution.com\\\/es\\\/historias\\\/wp-content\\\/uploads\\\/2021\\\/07\\\/Ignatius_of_Antioch.jpg\",\"keywords\":[\"China\"],\"articleSection\":[\"Historia\"],\"inLanguage\":\"es\"},{\"@type\":\"WebPage\",\"@id\":\"https:\\\/\\\/www.persecution.com\\\/es\\\/historias\\\/historias-de-martires-cristianos-maurice-tornay\\\/\",\"url\":\"https:\\\/\\\/www.persecution.com\\\/es\\\/historias\\\/historias-de-martires-cristianos-maurice-tornay\\\/\",\"name\":\"Historias de m\u00e1rtires cristianos: Maurice Tornay - Historias\",\"isPartOf\":{\"@id\":\"https:\\\/\\\/www.persecution.com\\\/es\\\/historias\\\/#website\"},\"primaryImageOfPage\":{\"@id\":\"https:\\\/\\\/www.persecution.com\\\/es\\\/historias\\\/historias-de-martires-cristianos-maurice-tornay\\\/#primaryimage\"},\"image\":{\"@id\":\"https:\\\/\\\/www.persecution.com\\\/es\\\/historias\\\/historias-de-martires-cristianos-maurice-tornay\\\/#primaryimage\"},\"thumbnailUrl\":\"https:\\\/\\\/www.persecution.com\\\/es\\\/historias\\\/wp-content\\\/uploads\\\/2021\\\/07\\\/Ignatius_of_Antioch.jpg\",\"datePublished\":\"2021-06-24T16:22:45+00:00\",\"dateModified\":\"2022-03-10T23:52:39+00:00\",\"author\":{\"@id\":\"https:\\\/\\\/www.persecution.com\\\/es\\\/historias\\\/#\\\/schema\\\/person\\\/84a330c40fa81a990a92a431cd1d79fa\"},\"description\":\"El 11 de agosto, en el desfiladero de Choula, cerca de la frontera china, Tornay cay\u00f3 en una emboscada y fue abatido junto con sus compa\u00f1eros.\",\"breadcrumb\":{\"@id\":\"https:\\\/\\\/www.persecution.com\\\/es\\\/historias\\\/historias-de-martires-cristianos-maurice-tornay\\\/#breadcrumb\"},\"inLanguage\":\"es\",\"potentialAction\":[{\"@type\":\"ReadAction\",\"target\":[\"https:\\\/\\\/www.persecution.com\\\/es\\\/historias\\\/historias-de-martires-cristianos-maurice-tornay\\\/\"]}]},{\"@type\":\"ImageObject\",\"inLanguage\":\"es\",\"@id\":\"https:\\\/\\\/www.persecution.com\\\/es\\\/historias\\\/historias-de-martires-cristianos-maurice-tornay\\\/#primaryimage\",\"url\":\"https:\\\/\\\/www.persecution.com\\\/es\\\/historias\\\/wp-content\\\/uploads\\\/2021\\\/07\\\/Ignatius_of_Antioch.jpg\",\"contentUrl\":\"https:\\\/\\\/www.persecution.com\\\/es\\\/historias\\\/wp-content\\\/uploads\\\/2021\\\/07\\\/Ignatius_of_Antioch.jpg\",\"width\":1024,\"height\":836},{\"@type\":\"BreadcrumbList\",\"@id\":\"https:\\\/\\\/www.persecution.com\\\/es\\\/historias\\\/historias-de-martires-cristianos-maurice-tornay\\\/#breadcrumb\",\"itemListElement\":[{\"@type\":\"ListItem\",\"position\":1,\"name\":\"Inicio\",\"item\":\"https:\\\/\\\/www.persecution.com\\\/es\\\/historias\\\/\"},{\"@type\":\"ListItem\",\"position\":2,\"name\":\"Historias de m\u00e1rtires cristianos: Maurice Tornay\"}]},{\"@type\":\"WebSite\",\"@id\":\"https:\\\/\\\/www.persecution.com\\\/es\\\/historias\\\/#website\",\"url\":\"https:\\\/\\\/www.persecution.com\\\/es\\\/historias\\\/\",\"name\":\"Historias\",\"description\":\"La Voz de los M\u00e1rtires\",\"potentialAction\":[{\"@type\":\"SearchAction\",\"target\":{\"@type\":\"EntryPoint\",\"urlTemplate\":\"https:\\\/\\\/www.persecution.com\\\/es\\\/historias\\\/?s={search_term_string}\"},\"query-input\":{\"@type\":\"PropertyValueSpecification\",\"valueRequired\":true,\"valueName\":\"search_term_string\"}}],\"inLanguage\":\"es\"},{\"@type\":\"Person\",\"@id\":\"https:\\\/\\\/www.persecution.com\\\/es\\\/historias\\\/#\\\/schema\\\/person\\\/84a330c40fa81a990a92a431cd1d79fa\",\"name\":\"vomtechsupport@ncol.com\",\"image\":{\"@type\":\"ImageObject\",\"inLanguage\":\"es\",\"@id\":\"https:\\\/\\\/secure.gravatar.com\\\/avatar\\\/56abf41aaad92dceb4cfa25e0a29cb1f744b86aceb206be3435e6e45da62f65a?s=96&d=mm&r=g\",\"url\":\"https:\\\/\\\/secure.gravatar.com\\\/avatar\\\/56abf41aaad92dceb4cfa25e0a29cb1f744b86aceb206be3435e6e45da62f65a?s=96&d=mm&r=g\",\"contentUrl\":\"https:\\\/\\\/secure.gravatar.com\\\/avatar\\\/56abf41aaad92dceb4cfa25e0a29cb1f744b86aceb206be3435e6e45da62f65a?s=96&d=mm&r=g\",\"caption\":\"vomtechsupport@ncol.com\"},\"url\":\"https:\\\/\\\/www.persecution.com\\\/es\\\/historias\\\/author\\\/vomtechsupportncol-com\\\/\"}]}<\/script>\n<!-- \/ Yoast SEO plugin. -->","yoast_head_json":{"title":"Historias de m\u00e1rtires cristianos: Maurice Tornay - Historias","description":"El 11 de agosto, en el desfiladero de Choula, cerca de la frontera china, Tornay cay\u00f3 en una emboscada y fue abatido junto con sus compa\u00f1eros.","robots":{"index":"index","follow":"follow","max-snippet":"max-snippet:-1","max-image-preview":"max-image-preview:large","max-video-preview":"max-video-preview:-1"},"canonical":"https:\/\/www.persecution.com\/es\/historias\/historias-de-martires-cristianos-maurice-tornay\/","og_locale":"es_MX","og_type":"article","og_title":"Historias de m\u00e1rtires cristianos: Maurice Tornay - Historias","og_description":"El 11 de agosto, en el desfiladero de Choula, cerca de la frontera china, Tornay cay\u00f3 en una emboscada y fue abatido junto con sus compa\u00f1eros.","og_url":"https:\/\/www.persecution.com\/es\/historias\/historias-de-martires-cristianos-maurice-tornay\/","og_site_name":"Historias","article_published_time":"2021-06-24T16:22:45+00:00","article_modified_time":"2022-03-10T23:52:39+00:00","og_image":[{"width":1024,"height":836,"url":"https:\/\/assets.persecution.com\/es\/historias\/wp-content\/uploads\/2021\/07\/Ignatius_of_Antioch.jpg","type":"image\/jpeg"}],"author":"vomtechsupport@ncol.com","twitter_card":"summary_large_image","twitter_misc":{"Escrito por":"vomtechsupport@ncol.com","Tiempo de lectura":"4 minutos"},"schema":{"@context":"https:\/\/schema.org","@graph":[{"@type":"Article","@id":"https:\/\/www.persecution.com\/es\/historias\/historias-de-martires-cristianos-maurice-tornay\/#article","isPartOf":{"@id":"https:\/\/www.persecution.com\/es\/historias\/historias-de-martires-cristianos-maurice-tornay\/"},"author":{"name":"vomtechsupport@ncol.com","@id":"https:\/\/www.persecution.com\/es\/historias\/#\/schema\/person\/84a330c40fa81a990a92a431cd1d79fa"},"headline":"Historias de m\u00e1rtires cristianos: Maurice Tornay","datePublished":"2021-06-24T16:22:45+00:00","dateModified":"2022-03-10T23:52:39+00:00","mainEntityOfPage":{"@id":"https:\/\/www.persecution.com\/es\/historias\/historias-de-martires-cristianos-maurice-tornay\/"},"wordCount":724,"image":{"@id":"https:\/\/www.persecution.com\/es\/historias\/historias-de-martires-cristianos-maurice-tornay\/#primaryimage"},"thumbnailUrl":"https:\/\/assets.persecution.com\/es\/historias\/wp-content\/uploads\/2021\/07\/Ignatius_of_Antioch.jpg","keywords":["China"],"articleSection":["Historia"],"inLanguage":"es"},{"@type":"WebPage","@id":"https:\/\/www.persecution.com\/es\/historias\/historias-de-martires-cristianos-maurice-tornay\/","url":"https:\/\/www.persecution.com\/es\/historias\/historias-de-martires-cristianos-maurice-tornay\/","name":"Historias de m\u00e1rtires cristianos: Maurice Tornay - Historias","isPartOf":{"@id":"https:\/\/www.persecution.com\/es\/historias\/#website"},"primaryImageOfPage":{"@id":"https:\/\/www.persecution.com\/es\/historias\/historias-de-martires-cristianos-maurice-tornay\/#primaryimage"},"image":{"@id":"https:\/\/www.persecution.com\/es\/historias\/historias-de-martires-cristianos-maurice-tornay\/#primaryimage"},"thumbnailUrl":"https:\/\/assets.persecution.com\/es\/historias\/wp-content\/uploads\/2021\/07\/Ignatius_of_Antioch.jpg","datePublished":"2021-06-24T16:22:45+00:00","dateModified":"2022-03-10T23:52:39+00:00","author":{"@id":"https:\/\/www.persecution.com\/es\/historias\/#\/schema\/person\/84a330c40fa81a990a92a431cd1d79fa"},"description":"El 11 de agosto, en el desfiladero de Choula, cerca de la frontera china, Tornay cay\u00f3 en una emboscada y fue abatido junto con sus compa\u00f1eros.","breadcrumb":{"@id":"https:\/\/www.persecution.com\/es\/historias\/historias-de-martires-cristianos-maurice-tornay\/#breadcrumb"},"inLanguage":"es","potentialAction":[{"@type":"ReadAction","target":["https:\/\/www.persecution.com\/es\/historias\/historias-de-martires-cristianos-maurice-tornay\/"]}]},{"@type":"ImageObject","inLanguage":"es","@id":"https:\/\/www.persecution.com\/es\/historias\/historias-de-martires-cristianos-maurice-tornay\/#primaryimage","url":"https:\/\/assets.persecution.com\/es\/historias\/wp-content\/uploads\/2021\/07\/Ignatius_of_Antioch.jpg","contentUrl":"https:\/\/assets.persecution.com\/es\/historias\/wp-content\/uploads\/2021\/07\/Ignatius_of_Antioch.jpg","width":1024,"height":836},{"@type":"BreadcrumbList","@id":"https:\/\/www.persecution.com\/es\/historias\/historias-de-martires-cristianos-maurice-tornay\/#breadcrumb","itemListElement":[{"@type":"ListItem","position":1,"name":"Inicio","item":"https:\/\/www.persecution.com\/es\/historias\/"},{"@type":"ListItem","position":2,"name":"Historias de m\u00e1rtires cristianos: Maurice Tornay"}]},{"@type":"WebSite","@id":"https:\/\/www.persecution.com\/es\/historias\/#website","url":"https:\/\/www.persecution.com\/es\/historias\/","name":"Historias","description":"La Voz de los M\u00e1rtires","potentialAction":[{"@type":"SearchAction","target":{"@type":"EntryPoint","urlTemplate":"https:\/\/www.persecution.com\/es\/historias\/?s={search_term_string}"},"query-input":{"@type":"PropertyValueSpecification","valueRequired":true,"valueName":"search_term_string"}}],"inLanguage":"es"},{"@type":"Person","@id":"https:\/\/www.persecution.com\/es\/historias\/#\/schema\/person\/84a330c40fa81a990a92a431cd1d79fa","name":"vomtechsupport@ncol.com","image":{"@type":"ImageObject","inLanguage":"es","@id":"https:\/\/secure.gravatar.com\/avatar\/56abf41aaad92dceb4cfa25e0a29cb1f744b86aceb206be3435e6e45da62f65a?s=96&d=mm&r=g","url":"https:\/\/secure.gravatar.com\/avatar\/56abf41aaad92dceb4cfa25e0a29cb1f744b86aceb206be3435e6e45da62f65a?s=96&d=mm&r=g","contentUrl":"https:\/\/secure.gravatar.com\/avatar\/56abf41aaad92dceb4cfa25e0a29cb1f744b86aceb206be3435e6e45da62f65a?s=96&d=mm&r=g","caption":"vomtechsupport@ncol.com"},"url":"https:\/\/www.persecution.com\/es\/historias\/author\/vomtechsupportncol-com\/"}]}},"_links":{"self":[{"href":"https:\/\/www.persecution.com\/es\/historias\/wp-json\/wp\/v2\/posts\/1636","targetHints":{"allow":["GET"]}}],"collection":[{"href":"https:\/\/www.persecution.com\/es\/historias\/wp-json\/wp\/v2\/posts"}],"about":[{"href":"https:\/\/www.persecution.com\/es\/historias\/wp-json\/wp\/v2\/types\/post"}],"author":[{"embeddable":true,"href":"https:\/\/www.persecution.com\/es\/historias\/wp-json\/wp\/v2\/users\/4"}],"replies":[{"embeddable":true,"href":"https:\/\/www.persecution.com\/es\/historias\/wp-json\/wp\/v2\/comments?post=1636"}],"version-history":[{"count":2,"href":"https:\/\/www.persecution.com\/es\/historias\/wp-json\/wp\/v2\/posts\/1636\/revisions"}],"predecessor-version":[{"id":3765,"href":"https:\/\/www.persecution.com\/es\/historias\/wp-json\/wp\/v2\/posts\/1636\/revisions\/3765"}],"wp:featuredmedia":[{"embeddable":true,"href":"https:\/\/www.persecution.com\/es\/historias\/wp-json\/wp\/v2\/media\/1774"}],"wp:attachment":[{"href":"https:\/\/www.persecution.com\/es\/historias\/wp-json\/wp\/v2\/media?parent=1636"}],"wp:term":[{"taxonomy":"category","embeddable":true,"href":"https:\/\/www.persecution.com\/es\/historias\/wp-json\/wp\/v2\/categories?post=1636"},{"taxonomy":"post_tag","embeddable":true,"href":"https:\/\/www.persecution.com\/es\/historias\/wp-json\/wp\/v2\/tags?post=1636"}],"curies":[{"name":"wp","href":"https:\/\/api.w.org\/{rel}","templated":true}]}}