{"id":1573,"date":"2021-06-24T07:07:02","date_gmt":"2021-06-24T07:07:02","guid":{"rendered":"https:\/\/www.persecution.com\/es\/historias\/three-families-facing-jail-time-for-following-jesus\/"},"modified":"2022-03-24T05:05:28","modified_gmt":"2022-03-24T05:05:28","slug":"tres-familias-enfrentan-la-carcel-por-seguir-a-jesus","status":"publish","type":"post","link":"https:\/\/www.persecution.com\/es\/historias\/tres-familias-enfrentan-la-carcel-por-seguir-a-jesus\/","title":{"rendered":"Tres familias enfrentan la c\u00e1rcel por seguir a Jes\u00fas"},"content":{"rendered":"<p class=\"p1\">El 4 de mayo, tres familias de una aldea aceptaron a Cristo, las cuales representan un total de trece nuevos creyentes. Las tres familias, las cuales est\u00e1n emparentadas, decidieron seguir a Jes\u00fas despu\u00e9s de que uno de los familiares experimentara una sanidad milagrosa tras la oraci\u00f3n de un pastor. En vista de que cuarenta de las ciento veinte familias del pueblo ya eran cristianas, la polic\u00eda del pueblo les inform\u00f3 a los l\u00edderes porque tem\u00edan que todo el pueblo se volviera cristiano. Los hombres de las tres familias fueron detenidos e interrogados. Las autoridades les dijeron que si continuaban siguiendo la religi\u00f3n extranjera, tendr\u00edan que obtener documentaci\u00f3n oficial de una oficina gubernamental o ser\u00edan encarcelados. El caso de las familias est\u00e1 ahora en manos de las autoridades provinciales. Oremos por que las familias puedan obtener la documentaci\u00f3n adecuada sin m\u00e1s amenazas, por que su nueva fe sea un testimonio de su nueva vida en Cristo y por que en su aldea otras familias lleguen a conocer al Se\u00f1or.<\/p>\n<p><a href=\"https:\/\/www.persecution.com\/es\/guiadeoracionglobal\/laos\/\">Haz clic aqu\u00ed <\/a>para informarte sobre la persecuci\u00f3n de los cristianos en Laos y saber c\u00f3mo orar.<\/p>\n","protected":false},"excerpt":{"rendered":"<p>El 4 de mayo, tres familias de una aldea aceptaron a Cristo, las cuales representan un total de trece nuevos creyentes. Las tres familias, las cuales est\u00e1n emparentadas, decidieron seguir a Jes\u00fas despu\u00e9s de que uno de los familiares experimentara una sanidad milagrosa tras la oraci\u00f3n de un pastor. En vista de que cuarenta de las ciento veinte familias del pueblo ya eran cristianas, la polic\u00eda del pueblo les inform\u00f3 a los l\u00edderes porque tem\u00edan que todo el pueblo se volviera cristiano. Los hombres de las tres familias fueron detenidos e interrogados. Las autoridades les dijeron que si continuaban siguiendo la religi\u00f3n extranjera, tendr\u00edan que obtener documentaci\u00f3n oficial de una oficina gubernamental o ser\u00edan encarcelados. El caso de las familias est\u00e1 ahora en manos de las autoridades provinciales. Oremos por que las familias puedan obtener la documentaci\u00f3n adecuada sin m\u00e1s amenazas, por que su nueva fe sea un testimonio de su nueva vida en Cristo y por que en su aldea otras familias lleguen a conocer al Se\u00f1or. Haz clic aqu\u00ed para informarte sobre la persecuci\u00f3n de los cristianos en Laos y saber c\u00f3mo orar.<\/p>\n","protected":false},"author":4,"featured_media":181,"comment_status":"closed","ping_status":"closed","sticky":false,"template":"","format":"standard","meta":{"footnotes":""},"categories":[79],"tags":[37],"class_list":["post-1573","post","type-post","status-publish","format-standard","has-post-thumbnail","hentry","category-oracion","tag-laos","","tg-column-two"],"yoast_head":"<!-- This site is optimized with the Yoast SEO plugin v27.5 - https:\/\/yoast.com\/product\/yoast-seo-wordpress\/ -->\n<title>Tres familias enfrentan la c\u00e1rcel por seguir a Jes\u00fas - Historias<\/title>\n<meta name=\"description\" content=\"Las tres familias, las cuales est\u00e1n emparentadas, decidieron seguir a Jes\u00fas despu\u00e9s de que uno de los familiares experimentara una sanidad...\" \/>\n<meta name=\"robots\" content=\"index, follow, max-snippet:-1, max-image-preview:large, max-video-preview:-1\" \/>\n<link rel=\"canonical\" href=\"https:\/\/www.persecution.com\/es\/historias\/tres-familias-enfrentan-la-carcel-por-seguir-a-jesus\/\" \/>\n<meta property=\"og:locale\" content=\"es_MX\" \/>\n<meta property=\"og:type\" content=\"article\" \/>\n<meta property=\"og:title\" content=\"Tres familias enfrentan la c\u00e1rcel por seguir a Jes\u00fas - Historias\" \/>\n<meta property=\"og:description\" content=\"Las tres familias, las cuales est\u00e1n emparentadas, decidieron seguir a Jes\u00fas despu\u00e9s de que uno de los familiares experimentara una sanidad...\" \/>\n<meta property=\"og:url\" content=\"https:\/\/www.persecution.com\/es\/historias\/tres-familias-enfrentan-la-carcel-por-seguir-a-jesus\/\" \/>\n<meta property=\"og:site_name\" content=\"Historias\" \/>\n<meta property=\"article:published_time\" content=\"2021-06-24T07:07:02+00:00\" \/>\n<meta property=\"article:modified_time\" content=\"2022-03-24T05:05:28+00:00\" \/>\n<meta property=\"og:image\" content=\"https:\/\/assets.persecution.com\/es\/historias\/wp-content\/uploads\/2021\/05\/VOM-Stories-iCommit-PlaceholderV2.jpg\" \/>\n\t<meta property=\"og:image:width\" content=\"978\" \/>\n\t<meta property=\"og:image:height\" content=\"640\" \/>\n\t<meta property=\"og:image:type\" content=\"image\/jpeg\" \/>\n<meta name=\"author\" content=\"vomtechsupport@ncol.com\" \/>\n<meta name=\"twitter:card\" content=\"summary_large_image\" \/>\n<meta name=\"twitter:label1\" content=\"Escrito por\" \/>\n\t<meta name=\"twitter:data1\" content=\"vomtechsupport@ncol.com\" \/>\n\t<meta name=\"twitter:label2\" content=\"Tiempo de lectura\" \/>\n\t<meta name=\"twitter:data2\" content=\"1 minuto\" \/>\n<script type=\"application\/ld+json\" class=\"yoast-schema-graph\">{\"@context\":\"https:\\\/\\\/schema.org\",\"@graph\":[{\"@type\":\"Article\",\"@id\":\"https:\\\/\\\/www.persecution.com\\\/es\\\/historias\\\/tres-familias-enfrentan-la-carcel-por-seguir-a-jesus\\\/#article\",\"isPartOf\":{\"@id\":\"https:\\\/\\\/www.persecution.com\\\/es\\\/historias\\\/tres-familias-enfrentan-la-carcel-por-seguir-a-jesus\\\/\"},\"author\":{\"name\":\"vomtechsupport@ncol.com\",\"@id\":\"https:\\\/\\\/www.persecution.com\\\/es\\\/historias\\\/#\\\/schema\\\/person\\\/84a330c40fa81a990a92a431cd1d79fa\"},\"headline\":\"Tres familias enfrentan la c\u00e1rcel por seguir a Jes\u00fas\",\"datePublished\":\"2021-06-24T07:07:02+00:00\",\"dateModified\":\"2022-03-24T05:05:28+00:00\",\"mainEntityOfPage\":{\"@id\":\"https:\\\/\\\/www.persecution.com\\\/es\\\/historias\\\/tres-familias-enfrentan-la-carcel-por-seguir-a-jesus\\\/\"},\"wordCount\":211,\"image\":{\"@id\":\"https:\\\/\\\/www.persecution.com\\\/es\\\/historias\\\/tres-familias-enfrentan-la-carcel-por-seguir-a-jesus\\\/#primaryimage\"},\"thumbnailUrl\":\"https:\\\/\\\/www.persecution.com\\\/es\\\/historias\\\/wp-content\\\/uploads\\\/2021\\\/05\\\/VOM-Stories-iCommit-PlaceholderV2.jpg\",\"keywords\":[\"Laos\"],\"articleSection\":[\"Oraci\u00f3n\"],\"inLanguage\":\"es\"},{\"@type\":\"WebPage\",\"@id\":\"https:\\\/\\\/www.persecution.com\\\/es\\\/historias\\\/tres-familias-enfrentan-la-carcel-por-seguir-a-jesus\\\/\",\"url\":\"https:\\\/\\\/www.persecution.com\\\/es\\\/historias\\\/tres-familias-enfrentan-la-carcel-por-seguir-a-jesus\\\/\",\"name\":\"Tres familias enfrentan la c\u00e1rcel por seguir a Jes\u00fas - Historias\",\"isPartOf\":{\"@id\":\"https:\\\/\\\/www.persecution.com\\\/es\\\/historias\\\/#website\"},\"primaryImageOfPage\":{\"@id\":\"https:\\\/\\\/www.persecution.com\\\/es\\\/historias\\\/tres-familias-enfrentan-la-carcel-por-seguir-a-jesus\\\/#primaryimage\"},\"image\":{\"@id\":\"https:\\\/\\\/www.persecution.com\\\/es\\\/historias\\\/tres-familias-enfrentan-la-carcel-por-seguir-a-jesus\\\/#primaryimage\"},\"thumbnailUrl\":\"https:\\\/\\\/www.persecution.com\\\/es\\\/historias\\\/wp-content\\\/uploads\\\/2021\\\/05\\\/VOM-Stories-iCommit-PlaceholderV2.jpg\",\"datePublished\":\"2021-06-24T07:07:02+00:00\",\"dateModified\":\"2022-03-24T05:05:28+00:00\",\"author\":{\"@id\":\"https:\\\/\\\/www.persecution.com\\\/es\\\/historias\\\/#\\\/schema\\\/person\\\/84a330c40fa81a990a92a431cd1d79fa\"},\"description\":\"Las tres familias, las cuales est\u00e1n emparentadas, decidieron seguir a Jes\u00fas despu\u00e9s de que uno de los familiares experimentara una sanidad...\",\"breadcrumb\":{\"@id\":\"https:\\\/\\\/www.persecution.com\\\/es\\\/historias\\\/tres-familias-enfrentan-la-carcel-por-seguir-a-jesus\\\/#breadcrumb\"},\"inLanguage\":\"es\",\"potentialAction\":[{\"@type\":\"ReadAction\",\"target\":[\"https:\\\/\\\/www.persecution.com\\\/es\\\/historias\\\/tres-familias-enfrentan-la-carcel-por-seguir-a-jesus\\\/\"]}]},{\"@type\":\"ImageObject\",\"inLanguage\":\"es\",\"@id\":\"https:\\\/\\\/www.persecution.com\\\/es\\\/historias\\\/tres-familias-enfrentan-la-carcel-por-seguir-a-jesus\\\/#primaryimage\",\"url\":\"https:\\\/\\\/www.persecution.com\\\/es\\\/historias\\\/wp-content\\\/uploads\\\/2021\\\/05\\\/VOM-Stories-iCommit-PlaceholderV2.jpg\",\"contentUrl\":\"https:\\\/\\\/www.persecution.com\\\/es\\\/historias\\\/wp-content\\\/uploads\\\/2021\\\/05\\\/VOM-Stories-iCommit-PlaceholderV2.jpg\",\"width\":978,\"height\":640},{\"@type\":\"BreadcrumbList\",\"@id\":\"https:\\\/\\\/www.persecution.com\\\/es\\\/historias\\\/tres-familias-enfrentan-la-carcel-por-seguir-a-jesus\\\/#breadcrumb\",\"itemListElement\":[{\"@type\":\"ListItem\",\"position\":1,\"name\":\"Inicio\",\"item\":\"https:\\\/\\\/www.persecution.com\\\/es\\\/historias\\\/\"},{\"@type\":\"ListItem\",\"position\":2,\"name\":\"Tres familias enfrentan la c\u00e1rcel por seguir a Jes\u00fas\"}]},{\"@type\":\"WebSite\",\"@id\":\"https:\\\/\\\/www.persecution.com\\\/es\\\/historias\\\/#website\",\"url\":\"https:\\\/\\\/www.persecution.com\\\/es\\\/historias\\\/\",\"name\":\"Historias\",\"description\":\"La Voz de los M\u00e1rtires\",\"potentialAction\":[{\"@type\":\"SearchAction\",\"target\":{\"@type\":\"EntryPoint\",\"urlTemplate\":\"https:\\\/\\\/www.persecution.com\\\/es\\\/historias\\\/?s={search_term_string}\"},\"query-input\":{\"@type\":\"PropertyValueSpecification\",\"valueRequired\":true,\"valueName\":\"search_term_string\"}}],\"inLanguage\":\"es\"},{\"@type\":\"Person\",\"@id\":\"https:\\\/\\\/www.persecution.com\\\/es\\\/historias\\\/#\\\/schema\\\/person\\\/84a330c40fa81a990a92a431cd1d79fa\",\"name\":\"vomtechsupport@ncol.com\",\"image\":{\"@type\":\"ImageObject\",\"inLanguage\":\"es\",\"@id\":\"https:\\\/\\\/secure.gravatar.com\\\/avatar\\\/56abf41aaad92dceb4cfa25e0a29cb1f744b86aceb206be3435e6e45da62f65a?s=96&d=mm&r=g\",\"url\":\"https:\\\/\\\/secure.gravatar.com\\\/avatar\\\/56abf41aaad92dceb4cfa25e0a29cb1f744b86aceb206be3435e6e45da62f65a?s=96&d=mm&r=g\",\"contentUrl\":\"https:\\\/\\\/secure.gravatar.com\\\/avatar\\\/56abf41aaad92dceb4cfa25e0a29cb1f744b86aceb206be3435e6e45da62f65a?s=96&d=mm&r=g\",\"caption\":\"vomtechsupport@ncol.com\"},\"url\":\"https:\\\/\\\/www.persecution.com\\\/es\\\/historias\\\/author\\\/vomtechsupportncol-com\\\/\"}]}<\/script>\n<!-- \/ Yoast SEO plugin. -->","yoast_head_json":{"title":"Tres familias enfrentan la c\u00e1rcel por seguir a Jes\u00fas - Historias","description":"Las tres familias, las cuales est\u00e1n emparentadas, decidieron seguir a Jes\u00fas despu\u00e9s de que uno de los familiares experimentara una sanidad...","robots":{"index":"index","follow":"follow","max-snippet":"max-snippet:-1","max-image-preview":"max-image-preview:large","max-video-preview":"max-video-preview:-1"},"canonical":"https:\/\/www.persecution.com\/es\/historias\/tres-familias-enfrentan-la-carcel-por-seguir-a-jesus\/","og_locale":"es_MX","og_type":"article","og_title":"Tres familias enfrentan la c\u00e1rcel por seguir a Jes\u00fas - Historias","og_description":"Las tres familias, las cuales est\u00e1n emparentadas, decidieron seguir a Jes\u00fas despu\u00e9s de que uno de los familiares experimentara una sanidad...","og_url":"https:\/\/www.persecution.com\/es\/historias\/tres-familias-enfrentan-la-carcel-por-seguir-a-jesus\/","og_site_name":"Historias","article_published_time":"2021-06-24T07:07:02+00:00","article_modified_time":"2022-03-24T05:05:28+00:00","og_image":[{"width":978,"height":640,"url":"https:\/\/assets.persecution.com\/es\/historias\/wp-content\/uploads\/2021\/05\/VOM-Stories-iCommit-PlaceholderV2.jpg","type":"image\/jpeg"}],"author":"vomtechsupport@ncol.com","twitter_card":"summary_large_image","twitter_misc":{"Escrito por":"vomtechsupport@ncol.com","Tiempo de lectura":"1 minuto"},"schema":{"@context":"https:\/\/schema.org","@graph":[{"@type":"Article","@id":"https:\/\/www.persecution.com\/es\/historias\/tres-familias-enfrentan-la-carcel-por-seguir-a-jesus\/#article","isPartOf":{"@id":"https:\/\/www.persecution.com\/es\/historias\/tres-familias-enfrentan-la-carcel-por-seguir-a-jesus\/"},"author":{"name":"vomtechsupport@ncol.com","@id":"https:\/\/www.persecution.com\/es\/historias\/#\/schema\/person\/84a330c40fa81a990a92a431cd1d79fa"},"headline":"Tres familias enfrentan la c\u00e1rcel por seguir a Jes\u00fas","datePublished":"2021-06-24T07:07:02+00:00","dateModified":"2022-03-24T05:05:28+00:00","mainEntityOfPage":{"@id":"https:\/\/www.persecution.com\/es\/historias\/tres-familias-enfrentan-la-carcel-por-seguir-a-jesus\/"},"wordCount":211,"image":{"@id":"https:\/\/www.persecution.com\/es\/historias\/tres-familias-enfrentan-la-carcel-por-seguir-a-jesus\/#primaryimage"},"thumbnailUrl":"https:\/\/assets.persecution.com\/es\/historias\/wp-content\/uploads\/2021\/05\/VOM-Stories-iCommit-PlaceholderV2.jpg","keywords":["Laos"],"articleSection":["Oraci\u00f3n"],"inLanguage":"es"},{"@type":"WebPage","@id":"https:\/\/www.persecution.com\/es\/historias\/tres-familias-enfrentan-la-carcel-por-seguir-a-jesus\/","url":"https:\/\/www.persecution.com\/es\/historias\/tres-familias-enfrentan-la-carcel-por-seguir-a-jesus\/","name":"Tres familias enfrentan la c\u00e1rcel por seguir a Jes\u00fas - Historias","isPartOf":{"@id":"https:\/\/www.persecution.com\/es\/historias\/#website"},"primaryImageOfPage":{"@id":"https:\/\/www.persecution.com\/es\/historias\/tres-familias-enfrentan-la-carcel-por-seguir-a-jesus\/#primaryimage"},"image":{"@id":"https:\/\/www.persecution.com\/es\/historias\/tres-familias-enfrentan-la-carcel-por-seguir-a-jesus\/#primaryimage"},"thumbnailUrl":"https:\/\/assets.persecution.com\/es\/historias\/wp-content\/uploads\/2021\/05\/VOM-Stories-iCommit-PlaceholderV2.jpg","datePublished":"2021-06-24T07:07:02+00:00","dateModified":"2022-03-24T05:05:28+00:00","author":{"@id":"https:\/\/www.persecution.com\/es\/historias\/#\/schema\/person\/84a330c40fa81a990a92a431cd1d79fa"},"description":"Las tres familias, las cuales est\u00e1n emparentadas, decidieron seguir a Jes\u00fas despu\u00e9s de que uno de los familiares experimentara una sanidad...","breadcrumb":{"@id":"https:\/\/www.persecution.com\/es\/historias\/tres-familias-enfrentan-la-carcel-por-seguir-a-jesus\/#breadcrumb"},"inLanguage":"es","potentialAction":[{"@type":"ReadAction","target":["https:\/\/www.persecution.com\/es\/historias\/tres-familias-enfrentan-la-carcel-por-seguir-a-jesus\/"]}]},{"@type":"ImageObject","inLanguage":"es","@id":"https:\/\/www.persecution.com\/es\/historias\/tres-familias-enfrentan-la-carcel-por-seguir-a-jesus\/#primaryimage","url":"https:\/\/assets.persecution.com\/es\/historias\/wp-content\/uploads\/2021\/05\/VOM-Stories-iCommit-PlaceholderV2.jpg","contentUrl":"https:\/\/assets.persecution.com\/es\/historias\/wp-content\/uploads\/2021\/05\/VOM-Stories-iCommit-PlaceholderV2.jpg","width":978,"height":640},{"@type":"BreadcrumbList","@id":"https:\/\/www.persecution.com\/es\/historias\/tres-familias-enfrentan-la-carcel-por-seguir-a-jesus\/#breadcrumb","itemListElement":[{"@type":"ListItem","position":1,"name":"Inicio","item":"https:\/\/www.persecution.com\/es\/historias\/"},{"@type":"ListItem","position":2,"name":"Tres familias enfrentan la c\u00e1rcel por seguir a Jes\u00fas"}]},{"@type":"WebSite","@id":"https:\/\/www.persecution.com\/es\/historias\/#website","url":"https:\/\/www.persecution.com\/es\/historias\/","name":"Historias","description":"La Voz de los M\u00e1rtires","potentialAction":[{"@type":"SearchAction","target":{"@type":"EntryPoint","urlTemplate":"https:\/\/www.persecution.com\/es\/historias\/?s={search_term_string}"},"query-input":{"@type":"PropertyValueSpecification","valueRequired":true,"valueName":"search_term_string"}}],"inLanguage":"es"},{"@type":"Person","@id":"https:\/\/www.persecution.com\/es\/historias\/#\/schema\/person\/84a330c40fa81a990a92a431cd1d79fa","name":"vomtechsupport@ncol.com","image":{"@type":"ImageObject","inLanguage":"es","@id":"https:\/\/secure.gravatar.com\/avatar\/56abf41aaad92dceb4cfa25e0a29cb1f744b86aceb206be3435e6e45da62f65a?s=96&d=mm&r=g","url":"https:\/\/secure.gravatar.com\/avatar\/56abf41aaad92dceb4cfa25e0a29cb1f744b86aceb206be3435e6e45da62f65a?s=96&d=mm&r=g","contentUrl":"https:\/\/secure.gravatar.com\/avatar\/56abf41aaad92dceb4cfa25e0a29cb1f744b86aceb206be3435e6e45da62f65a?s=96&d=mm&r=g","caption":"vomtechsupport@ncol.com"},"url":"https:\/\/www.persecution.com\/es\/historias\/author\/vomtechsupportncol-com\/"}]}},"_links":{"self":[{"href":"https:\/\/www.persecution.com\/es\/historias\/wp-json\/wp\/v2\/posts\/1573","targetHints":{"allow":["GET"]}}],"collection":[{"href":"https:\/\/www.persecution.com\/es\/historias\/wp-json\/wp\/v2\/posts"}],"about":[{"href":"https:\/\/www.persecution.com\/es\/historias\/wp-json\/wp\/v2\/types\/post"}],"author":[{"embeddable":true,"href":"https:\/\/www.persecution.com\/es\/historias\/wp-json\/wp\/v2\/users\/4"}],"replies":[{"embeddable":true,"href":"https:\/\/www.persecution.com\/es\/historias\/wp-json\/wp\/v2\/comments?post=1573"}],"version-history":[{"count":1,"href":"https:\/\/www.persecution.com\/es\/historias\/wp-json\/wp\/v2\/posts\/1573\/revisions"}],"predecessor-version":[{"id":3735,"href":"https:\/\/www.persecution.com\/es\/historias\/wp-json\/wp\/v2\/posts\/1573\/revisions\/3735"}],"wp:featuredmedia":[{"embeddable":true,"href":"https:\/\/www.persecution.com\/es\/historias\/wp-json\/wp\/v2\/media\/181"}],"wp:attachment":[{"href":"https:\/\/www.persecution.com\/es\/historias\/wp-json\/wp\/v2\/media?parent=1573"}],"wp:term":[{"taxonomy":"category","embeddable":true,"href":"https:\/\/www.persecution.com\/es\/historias\/wp-json\/wp\/v2\/categories?post=1573"},{"taxonomy":"post_tag","embeddable":true,"href":"https:\/\/www.persecution.com\/es\/historias\/wp-json\/wp\/v2\/tags?post=1573"}],"curies":[{"name":"wp","href":"https:\/\/api.w.org\/{rel}","templated":true}]}}