{"id":1342,"date":"2021-06-23T18:59:28","date_gmt":"2021-06-23T18:59:28","guid":{"rendered":"https:\/\/www.persecution.com\/es\/historias\/?p=1342"},"modified":"2022-04-25T16:38:19","modified_gmt":"2022-04-25T16:38:19","slug":"antiguo-terrorista-islamico-ahora-es-un-pastor-fiel","status":"publish","type":"post","link":"https:\/\/www.persecution.com\/es\/historias\/antiguo-terrorista-islamico-ahora-es-un-pastor-fiel\/","title":{"rendered":"Antiguo terrorista isl\u00e1mico ahora es un pastor fiel"},"content":{"rendered":"\n<p><em><em>\u00abEn cierto momento, me era m\u00e1s f\u00e1cil matar a una persona que un pollo\u00bb, dijo Alejandro. Entonces, era un terrorista con una organizaci\u00f3n isl\u00e1mica militante en Mindanao. Hab\u00eda atacado con bombas a civiles, soldados del gobierno, infantes de marina de los EE. UU. y casas de cristianos. Ni siquiera sab\u00eda cu\u00e1nta gente hab\u00eda matado. \u00abNo ten\u00eda miedo de matar a nadie por la gloria de Al\u00e1\u00bb, dijo.<\/em><\/em><\/p>\n\n\n\n<p>Alejandro era el \u00fanico hijo var\u00f3n de una familia musulmana estricta. Hab\u00eda tra\u00eddo honor a su padre por medio de unirse a los rebeldes islamistas y era considerado un heredero digno. Pero despu\u00e9s de varios a\u00f1os de matanzas indiscriminadas, la conciencia de Alejandro comenz\u00f3 a molestarlo. Dej\u00f3 el grupo militante y se fue a trabajar de manera secular, pero permaneci\u00f3 comprometido con su fe musulmana y su familia.<\/p>\n\n\n\n<p>El trabajo de Alejandro requer\u00eda que viajara por toda la isla de <a href=\"https:\/\/www.persecution.com\/es\/guiadeoracionglobal\/filipinas\/\">Mindanao<\/a>, y en 2009 conoci\u00f3 a un cristiano que lo invit\u00f3 a la iglesia. Al principio Alejandro rechaz\u00f3 la invitaci\u00f3n; no estaba interesado en el cristianismo. Pero el cristiano persisti\u00f3, y despu\u00e9s de cinco invitaciones, Alejandro finalmente accedi\u00f3 a visitar la iglesia del hombre.<\/p>\n\n\n\n<p>Durante el servicio de la iglesia, Alejandro de repente se encontr\u00f3 llorando y caminando hacia el frente de la iglesia. \u00abYo era un militar duro, un asesino isl\u00e1mico \u2014dijo\u2014. Nunca lloraba, nunca. Ese d\u00eda, decid\u00ed dejar el islam y seguir a Jesucristo\u00bb.<\/p>\n\n\n\n<p>Alejandro sab\u00eda que nunca m\u00e1s podr\u00eda volver a poner bombas en nombre del islam. Le cont\u00f3 a su padre todo lo que hab\u00eda sucedido, mientras oraba para que lo entendiera. Pero cuando el padre de Alejandro se enter\u00f3 de que se hab\u00eda convertido en cristiano, explot\u00f3 y comenz\u00f3 a golpearlo.<\/p>\n\n\n\n<p>Como Alejandro era m\u00e1s fuerte y joven fue capaz de repeler el ataque. Su padre luego tom\u00f3 un machete, pronunci\u00f3 una maldici\u00f3n sobre su hijo ap\u00f3stata y le dijo que lo matar\u00eda. Alejandro sali\u00f3 de la casa y no ha visto a sus padres desde entonces. Todav\u00eda habla por tel\u00e9fono con sus hermanas, quienes le dicen que sus devotos padres musulmanes siguen profundamente enojados con \u00e9l.<\/p>\n\n\n\n<p>El mismo a\u00f1o en que Alejandro se convirti\u00f3 en cristiano decidi\u00f3 que quer\u00eda entrar en el ministerio a tiempo completo. Pronto renunci\u00f3 a su trabajo y se inscribi\u00f3 en una escuela <a href=\"https:\/\/www.persecution.com\/es\/biblias\/\">b\u00edblica<\/a>. Las instalaciones son sencillas y los estudiantes cocinan, hacen el mantenimiento y la limpieza del edificio. Cuando VOM distribuye literatura o <a href=\"https:\/\/www.persecution.com\/es\/biblias\/\">Biblias<\/a> tanto en las escuelas <a href=\"https:\/\/www.persecution.com\/es\/biblias\/\">b\u00edblicas<\/a> como en las escuelas seculares de la regi\u00f3n, los estudiantes quedan muy agradecidos por los materiales. En una distribuci\u00f3n, un obrero de VOM vio a los estudiantes abrazando y besando las <a href=\"https:\/\/www.persecution.com\/es\/biblias\/\">Biblias<\/a> que hab\u00edan recibido.<\/p>\n\n\n\n<div class=\"wp-block-image\"><figure class=\"alignright size-large is-resized\"><img loading=\"lazy\" decoding=\"async\" src=\"https:\/\/assets.persecution.com\/es\/historias\/wp-content\/uploads\/2021\/06\/DSC02127_Alejandro.jpg\" alt=\"man sits at a table to read and study the bible \" class=\"wp-image-1345\" width=\"416\" height=\"276\" srcset=\"https:\/\/assets.persecution.com\/es\/historias\/wp-content\/uploads\/2021\/06\/DSC02127_Alejandro.jpg 1024w, https:\/\/assets.persecution.com\/es\/historias\/wp-content\/uploads\/2021\/06\/DSC02127_Alejandro-300x200.jpg 300w, https:\/\/assets.persecution.com\/es\/historias\/wp-content\/uploads\/2021\/06\/DSC02127_Alejandro-768x511.jpg 768w\" sizes=\"auto, (max-width: 416px) 100vw, 416px\" \/><\/figure><\/div>\n\n\n\n<p>Cuando Alejandro complet\u00f3 sus estudios de cuatro a\u00f1os, la denominaci\u00f3n de su iglesia lo asign\u00f3 a una ubicaci\u00f3n ministerial. Los graduados son asignados a posiciones ministeriales donde exista la necesidad, y algunos de los ministros que VOM alienta son asignados a \u00e1reas remotas. La asignaci\u00f3n de Alejandro era una iglesia que una vez hab\u00eda contado con la asistencia de ciento treinta familias. Sin embargo, despu\u00e9s de a\u00f1os de presi\u00f3n y ataques musulmanes, el edificio fue abandonado; no se hab\u00eda utilizado durante varios a\u00f1os cuando lleg\u00f3 Alejandro.<\/p>\n\n\n\n<p>Los conflictos entre las fuerzas militares del gobierno y los soldados isl\u00e1micos eran comunes en el \u00e1rea donde Alejandro fue asignado. Durante algunas noches, us\u00f3 tapones para los o\u00eddos para bloquear el sonido de los disparos y la explosi\u00f3n de las granadas para poder dormir.<\/p>\n\n\n\n<p>Al principio, fue capaz de reclutar solo cinco familias para que lo ayudaran a revivir la iglesia. Pero en 2014, despu\u00e9s de meses de arduo trabajo en la comunidad, la iglesia comenz\u00f3 a crecer. Alejandro tambi\u00e9n realiza viajes de evangelismo a las aldeas vecinas cada semana, ya sea a pie o montado en un b\u00fafalo de agua. Su vida est\u00e1 en riesgo todos los d\u00edas. Cualquiera que entra al \u00e1rea sabe que existe la posibilidad de que pueda ser asesinado. Pero Alejandro dice que est\u00e1 dispuesto a ser usado por Dios, incluso si eso significa tener que morir.<\/p>\n\n\n\n<p>A finales de 2013, Alejandro asisti\u00f3 a una conferencia de pastores patrocinada por VOM, la cual reuni\u00f3 a pastores de toda la regi\u00f3n de Mindanao para un momento de revitalizaci\u00f3n y aliento. Alejandro trajo consigo a un exmusulm\u00e1n a quien hab\u00eda llevado a Cristo.<\/p>\n\n\n\n<div class=\"wp-block-image\"><figure class=\"alignright size-large is-resized\"><img loading=\"lazy\" decoding=\"async\" src=\"https:\/\/assets.persecution.com\/es\/historias\/wp-content\/uploads\/2021\/06\/160-0040-Anchor-Bay-Bible-School-01_Alejandro-1024x768.jpg\" alt=\"a group of men sit inside a church and smile at the camera \" class=\"wp-image-1346\" width=\"441\" height=\"331\" \/><\/figure><\/div>\n\n\n\n<p>Despu\u00e9s de la \u00faltima noche de la conferencia, un obrero de VOM vio a Alejandro sentado en una mesa en una conversaci\u00f3n profunda con otro asistente a la conferencia: el pariente de un pastor que hab\u00eda sido asesinado junto con su esposa e hijos por militantes musulmanes solo unos meses antes. \u00abMe impact\u00f3 la evidencia de que el Esp\u00edritu de Dios es capaz de reconciliar a un antiguo musulm\u00e1n asesino de cristianos con uno que recientemente ha experimentado el dolor de la muerte de miembros de la familia a manos de musulmanes\u00bb, dijo el trabajador de VOM.<\/p>\n\n\n\n<p>Alejandro, quien lleg\u00f3 a colocar bombas para matar cristianos para la gloria de Al\u00e1, hoy, sigue la invitaci\u00f3n de Cristo de ser un pescador de hombres. Despu\u00e9s de haber sacrificado las relaciones con su familia, est\u00e1 dispuesto a arriesgar su vida por el Se\u00f1or. Alejandro le pide a Dios mayor sabidur\u00eda y conocimiento para ayudarlo a penetrar los lugares donde el islam es m\u00e1s fuerte en <a href=\"https:\/\/www.persecution.com\/es\/guiadeoracionglobal\/filipinas\/\">Mindanao<\/a><a href=\"https:\/\/www.persecution.com\/globalprayerguide\/philippines\/?_source_code=VSLEG02P2\">.<\/a><\/p>\n","protected":false},"excerpt":{"rendered":"<p>\u00abEn cierto momento, me era m\u00e1s f\u00e1cil matar a una persona que un pollo\u00bb, dijo Alejandro. Entonces, era un terrorista con una organizaci\u00f3n isl\u00e1mica militante en Mindanao. Hab\u00eda atacado con bombas a civiles, soldados del gobierno, infantes de marina de los EE. UU. y casas de cristianos. Ni siquiera sab\u00eda cu\u00e1nta gente hab\u00eda matado. \u00abNo ten\u00eda miedo de matar a nadie por la gloria de Al\u00e1\u00bb, dijo. Alejandro era el \u00fanico hijo var\u00f3n de una familia musulmana estricta. Hab\u00eda tra\u00eddo honor a su padre por medio de unirse a los rebeldes islamistas y era considerado un heredero digno. Pero despu\u00e9s de varios a\u00f1os de matanzas indiscriminadas, la conciencia de Alejandro comenz\u00f3 a molestarlo. Dej\u00f3 el grupo militante y se fue a trabajar de manera secular, pero permaneci\u00f3 comprometido con su fe musulmana y su familia. El trabajo de Alejandro requer\u00eda que viajara por toda la isla de Mindanao, y en 2009 conoci\u00f3 a un cristiano que lo invit\u00f3 a la iglesia. Al principio Alejandro rechaz\u00f3 la invitaci\u00f3n; no estaba interesado en el cristianismo. Pero el cristiano persisti\u00f3, y despu\u00e9s de cinco invitaciones, Alejandro finalmente accedi\u00f3 a visitar la iglesia del hombre. Durante el servicio de la iglesia, Alejandro de repente<\/p>\n","protected":false},"author":12,"featured_media":1347,"comment_status":"closed","ping_status":"closed","sticky":false,"template":"","format":"standard","meta":{"footnotes":""},"categories":[6],"tags":[5],"class_list":["post-1342","post","type-post","status-publish","format-standard","has-post-thumbnail","hentry","category-historia","tag-filipinas","","tg-column-two"],"yoast_head":"<!-- This site is optimized with the Yoast SEO plugin v27.5 - https:\/\/yoast.com\/product\/yoast-seo-wordpress\/ -->\n<title>Antiguo terrorista isl\u00e1mico ahora es un pastor fiel - Historias<\/title>\n<meta name=\"description\" content=\"Antiguo terrorista isl\u00e1mico, Alejandro, lleg\u00f3 a colocar bombas para matar cristianos para la gloria de Al\u00e1.\" \/>\n<meta name=\"robots\" content=\"index, follow, max-snippet:-1, max-image-preview:large, max-video-preview:-1\" \/>\n<link rel=\"canonical\" href=\"https:\/\/www.persecution.com\/es\/historias\/antiguo-terrorista-islamico-ahora-es-un-pastor-fiel\/\" \/>\n<meta property=\"og:locale\" content=\"es_MX\" \/>\n<meta property=\"og:type\" content=\"article\" \/>\n<meta property=\"og:title\" content=\"Antiguo terrorista isl\u00e1mico ahora es un pastor fiel - Historias\" \/>\n<meta property=\"og:description\" content=\"Antiguo terrorista isl\u00e1mico, Alejandro, lleg\u00f3 a colocar bombas para matar cristianos para la gloria de Al\u00e1.\" \/>\n<meta property=\"og:url\" content=\"https:\/\/www.persecution.com\/es\/historias\/antiguo-terrorista-islamico-ahora-es-un-pastor-fiel\/\" \/>\n<meta property=\"og:site_name\" content=\"Historias\" \/>\n<meta property=\"article:published_time\" content=\"2021-06-23T18:59:28+00:00\" \/>\n<meta property=\"article:modified_time\" content=\"2022-04-25T16:38:19+00:00\" \/>\n<meta property=\"og:image\" content=\"https:\/\/assets.persecution.com\/es\/historias\/wp-content\/uploads\/2021\/06\/img004_Alejandro-scaled-1.jpg\" \/>\n\t<meta property=\"og:image:width\" content=\"2560\" \/>\n\t<meta property=\"og:image:height\" content=\"1666\" \/>\n\t<meta property=\"og:image:type\" content=\"image\/jpeg\" \/>\n<meta name=\"author\" content=\"E Valenzuela\" \/>\n<meta name=\"twitter:card\" content=\"summary_large_image\" \/>\n<meta name=\"twitter:label1\" content=\"Escrito por\" \/>\n\t<meta name=\"twitter:data1\" content=\"E Valenzuela\" \/>\n\t<meta name=\"twitter:label2\" content=\"Tiempo de lectura\" \/>\n\t<meta name=\"twitter:data2\" content=\"5 minutos\" \/>\n<script type=\"application\/ld+json\" class=\"yoast-schema-graph\">{\"@context\":\"https:\\\/\\\/schema.org\",\"@graph\":[{\"@type\":\"Article\",\"@id\":\"https:\\\/\\\/www.persecution.com\\\/es\\\/historias\\\/antiguo-terrorista-islamico-ahora-es-un-pastor-fiel\\\/#article\",\"isPartOf\":{\"@id\":\"https:\\\/\\\/www.persecution.com\\\/es\\\/historias\\\/antiguo-terrorista-islamico-ahora-es-un-pastor-fiel\\\/\"},\"author\":{\"name\":\"E Valenzuela\",\"@id\":\"https:\\\/\\\/www.persecution.com\\\/es\\\/historias\\\/#\\\/schema\\\/person\\\/ae000ea52969cef1249f5afb05ccb961\"},\"headline\":\"Antiguo terrorista isl\u00e1mico ahora es un pastor fiel\",\"datePublished\":\"2021-06-23T18:59:28+00:00\",\"dateModified\":\"2022-04-25T16:38:19+00:00\",\"mainEntityOfPage\":{\"@id\":\"https:\\\/\\\/www.persecution.com\\\/es\\\/historias\\\/antiguo-terrorista-islamico-ahora-es-un-pastor-fiel\\\/\"},\"wordCount\":954,\"image\":{\"@id\":\"https:\\\/\\\/www.persecution.com\\\/es\\\/historias\\\/antiguo-terrorista-islamico-ahora-es-un-pastor-fiel\\\/#primaryimage\"},\"thumbnailUrl\":\"https:\\\/\\\/www.persecution.com\\\/es\\\/historias\\\/wp-content\\\/uploads\\\/2021\\\/06\\\/img004_Alejandro-scaled-1.jpg\",\"keywords\":[\"Filipinas (Mindanao)\"],\"articleSection\":[\"Historia\"],\"inLanguage\":\"es\"},{\"@type\":\"WebPage\",\"@id\":\"https:\\\/\\\/www.persecution.com\\\/es\\\/historias\\\/antiguo-terrorista-islamico-ahora-es-un-pastor-fiel\\\/\",\"url\":\"https:\\\/\\\/www.persecution.com\\\/es\\\/historias\\\/antiguo-terrorista-islamico-ahora-es-un-pastor-fiel\\\/\",\"name\":\"Antiguo terrorista isl\u00e1mico ahora es un pastor fiel - Historias\",\"isPartOf\":{\"@id\":\"https:\\\/\\\/www.persecution.com\\\/es\\\/historias\\\/#website\"},\"primaryImageOfPage\":{\"@id\":\"https:\\\/\\\/www.persecution.com\\\/es\\\/historias\\\/antiguo-terrorista-islamico-ahora-es-un-pastor-fiel\\\/#primaryimage\"},\"image\":{\"@id\":\"https:\\\/\\\/www.persecution.com\\\/es\\\/historias\\\/antiguo-terrorista-islamico-ahora-es-un-pastor-fiel\\\/#primaryimage\"},\"thumbnailUrl\":\"https:\\\/\\\/www.persecution.com\\\/es\\\/historias\\\/wp-content\\\/uploads\\\/2021\\\/06\\\/img004_Alejandro-scaled-1.jpg\",\"datePublished\":\"2021-06-23T18:59:28+00:00\",\"dateModified\":\"2022-04-25T16:38:19+00:00\",\"author\":{\"@id\":\"https:\\\/\\\/www.persecution.com\\\/es\\\/historias\\\/#\\\/schema\\\/person\\\/ae000ea52969cef1249f5afb05ccb961\"},\"description\":\"Antiguo terrorista isl\u00e1mico, Alejandro, lleg\u00f3 a colocar bombas para matar cristianos para la gloria de Al\u00e1.\",\"breadcrumb\":{\"@id\":\"https:\\\/\\\/www.persecution.com\\\/es\\\/historias\\\/antiguo-terrorista-islamico-ahora-es-un-pastor-fiel\\\/#breadcrumb\"},\"inLanguage\":\"es\",\"potentialAction\":[{\"@type\":\"ReadAction\",\"target\":[\"https:\\\/\\\/www.persecution.com\\\/es\\\/historias\\\/antiguo-terrorista-islamico-ahora-es-un-pastor-fiel\\\/\"]}]},{\"@type\":\"ImageObject\",\"inLanguage\":\"es\",\"@id\":\"https:\\\/\\\/www.persecution.com\\\/es\\\/historias\\\/antiguo-terrorista-islamico-ahora-es-un-pastor-fiel\\\/#primaryimage\",\"url\":\"https:\\\/\\\/www.persecution.com\\\/es\\\/historias\\\/wp-content\\\/uploads\\\/2021\\\/06\\\/img004_Alejandro-scaled-1.jpg\",\"contentUrl\":\"https:\\\/\\\/www.persecution.com\\\/es\\\/historias\\\/wp-content\\\/uploads\\\/2021\\\/06\\\/img004_Alejandro-scaled-1.jpg\",\"width\":2560,\"height\":1666,\"caption\":\"a man reads the bible to a group of men outside in their village\"},{\"@type\":\"BreadcrumbList\",\"@id\":\"https:\\\/\\\/www.persecution.com\\\/es\\\/historias\\\/antiguo-terrorista-islamico-ahora-es-un-pastor-fiel\\\/#breadcrumb\",\"itemListElement\":[{\"@type\":\"ListItem\",\"position\":1,\"name\":\"Inicio\",\"item\":\"https:\\\/\\\/www.persecution.com\\\/es\\\/historias\\\/\"},{\"@type\":\"ListItem\",\"position\":2,\"name\":\"Antiguo terrorista isl\u00e1mico ahora es un pastor fiel\"}]},{\"@type\":\"WebSite\",\"@id\":\"https:\\\/\\\/www.persecution.com\\\/es\\\/historias\\\/#website\",\"url\":\"https:\\\/\\\/www.persecution.com\\\/es\\\/historias\\\/\",\"name\":\"Historias\",\"description\":\"La Voz de los M\u00e1rtires\",\"potentialAction\":[{\"@type\":\"SearchAction\",\"target\":{\"@type\":\"EntryPoint\",\"urlTemplate\":\"https:\\\/\\\/www.persecution.com\\\/es\\\/historias\\\/?s={search_term_string}\"},\"query-input\":{\"@type\":\"PropertyValueSpecification\",\"valueRequired\":true,\"valueName\":\"search_term_string\"}}],\"inLanguage\":\"es\"},{\"@type\":\"Person\",\"@id\":\"https:\\\/\\\/www.persecution.com\\\/es\\\/historias\\\/#\\\/schema\\\/person\\\/ae000ea52969cef1249f5afb05ccb961\",\"name\":\"E Valenzuela\",\"image\":{\"@type\":\"ImageObject\",\"inLanguage\":\"es\",\"@id\":\"https:\\\/\\\/secure.gravatar.com\\\/avatar\\\/72e02a942ef259240205425b9749482f07b1b2fb64225b038b4531b157d191a7?s=96&d=mm&r=g\",\"url\":\"https:\\\/\\\/secure.gravatar.com\\\/avatar\\\/72e02a942ef259240205425b9749482f07b1b2fb64225b038b4531b157d191a7?s=96&d=mm&r=g\",\"contentUrl\":\"https:\\\/\\\/secure.gravatar.com\\\/avatar\\\/72e02a942ef259240205425b9749482f07b1b2fb64225b038b4531b157d191a7?s=96&d=mm&r=g\",\"caption\":\"E Valenzuela\"},\"url\":\"https:\\\/\\\/www.persecution.com\\\/es\\\/historias\\\/author\\\/evalenzuelavom-org\\\/\"}]}<\/script>\n<!-- \/ Yoast SEO plugin. -->","yoast_head_json":{"title":"Antiguo terrorista isl\u00e1mico ahora es un pastor fiel - Historias","description":"Antiguo terrorista isl\u00e1mico, Alejandro, lleg\u00f3 a colocar bombas para matar cristianos para la gloria de Al\u00e1.","robots":{"index":"index","follow":"follow","max-snippet":"max-snippet:-1","max-image-preview":"max-image-preview:large","max-video-preview":"max-video-preview:-1"},"canonical":"https:\/\/www.persecution.com\/es\/historias\/antiguo-terrorista-islamico-ahora-es-un-pastor-fiel\/","og_locale":"es_MX","og_type":"article","og_title":"Antiguo terrorista isl\u00e1mico ahora es un pastor fiel - Historias","og_description":"Antiguo terrorista isl\u00e1mico, Alejandro, lleg\u00f3 a colocar bombas para matar cristianos para la gloria de Al\u00e1.","og_url":"https:\/\/www.persecution.com\/es\/historias\/antiguo-terrorista-islamico-ahora-es-un-pastor-fiel\/","og_site_name":"Historias","article_published_time":"2021-06-23T18:59:28+00:00","article_modified_time":"2022-04-25T16:38:19+00:00","og_image":[{"width":2560,"height":1666,"url":"https:\/\/assets.persecution.com\/es\/historias\/wp-content\/uploads\/2021\/06\/img004_Alejandro-scaled-1.jpg","type":"image\/jpeg"}],"author":"E Valenzuela","twitter_card":"summary_large_image","twitter_misc":{"Escrito por":"E Valenzuela","Tiempo de lectura":"5 minutos"},"schema":{"@context":"https:\/\/schema.org","@graph":[{"@type":"Article","@id":"https:\/\/www.persecution.com\/es\/historias\/antiguo-terrorista-islamico-ahora-es-un-pastor-fiel\/#article","isPartOf":{"@id":"https:\/\/www.persecution.com\/es\/historias\/antiguo-terrorista-islamico-ahora-es-un-pastor-fiel\/"},"author":{"name":"E Valenzuela","@id":"https:\/\/www.persecution.com\/es\/historias\/#\/schema\/person\/ae000ea52969cef1249f5afb05ccb961"},"headline":"Antiguo terrorista isl\u00e1mico ahora es un pastor fiel","datePublished":"2021-06-23T18:59:28+00:00","dateModified":"2022-04-25T16:38:19+00:00","mainEntityOfPage":{"@id":"https:\/\/www.persecution.com\/es\/historias\/antiguo-terrorista-islamico-ahora-es-un-pastor-fiel\/"},"wordCount":954,"image":{"@id":"https:\/\/www.persecution.com\/es\/historias\/antiguo-terrorista-islamico-ahora-es-un-pastor-fiel\/#primaryimage"},"thumbnailUrl":"https:\/\/assets.persecution.com\/es\/historias\/wp-content\/uploads\/2021\/06\/img004_Alejandro-scaled-1.jpg","keywords":["Filipinas (Mindanao)"],"articleSection":["Historia"],"inLanguage":"es"},{"@type":"WebPage","@id":"https:\/\/www.persecution.com\/es\/historias\/antiguo-terrorista-islamico-ahora-es-un-pastor-fiel\/","url":"https:\/\/www.persecution.com\/es\/historias\/antiguo-terrorista-islamico-ahora-es-un-pastor-fiel\/","name":"Antiguo terrorista isl\u00e1mico ahora es un pastor fiel - Historias","isPartOf":{"@id":"https:\/\/www.persecution.com\/es\/historias\/#website"},"primaryImageOfPage":{"@id":"https:\/\/www.persecution.com\/es\/historias\/antiguo-terrorista-islamico-ahora-es-un-pastor-fiel\/#primaryimage"},"image":{"@id":"https:\/\/www.persecution.com\/es\/historias\/antiguo-terrorista-islamico-ahora-es-un-pastor-fiel\/#primaryimage"},"thumbnailUrl":"https:\/\/assets.persecution.com\/es\/historias\/wp-content\/uploads\/2021\/06\/img004_Alejandro-scaled-1.jpg","datePublished":"2021-06-23T18:59:28+00:00","dateModified":"2022-04-25T16:38:19+00:00","author":{"@id":"https:\/\/www.persecution.com\/es\/historias\/#\/schema\/person\/ae000ea52969cef1249f5afb05ccb961"},"description":"Antiguo terrorista isl\u00e1mico, Alejandro, lleg\u00f3 a colocar bombas para matar cristianos para la gloria de Al\u00e1.","breadcrumb":{"@id":"https:\/\/www.persecution.com\/es\/historias\/antiguo-terrorista-islamico-ahora-es-un-pastor-fiel\/#breadcrumb"},"inLanguage":"es","potentialAction":[{"@type":"ReadAction","target":["https:\/\/www.persecution.com\/es\/historias\/antiguo-terrorista-islamico-ahora-es-un-pastor-fiel\/"]}]},{"@type":"ImageObject","inLanguage":"es","@id":"https:\/\/www.persecution.com\/es\/historias\/antiguo-terrorista-islamico-ahora-es-un-pastor-fiel\/#primaryimage","url":"https:\/\/assets.persecution.com\/es\/historias\/wp-content\/uploads\/2021\/06\/img004_Alejandro-scaled-1.jpg","contentUrl":"https:\/\/assets.persecution.com\/es\/historias\/wp-content\/uploads\/2021\/06\/img004_Alejandro-scaled-1.jpg","width":2560,"height":1666,"caption":"a man reads the bible to a group of men outside in their village"},{"@type":"BreadcrumbList","@id":"https:\/\/www.persecution.com\/es\/historias\/antiguo-terrorista-islamico-ahora-es-un-pastor-fiel\/#breadcrumb","itemListElement":[{"@type":"ListItem","position":1,"name":"Inicio","item":"https:\/\/www.persecution.com\/es\/historias\/"},{"@type":"ListItem","position":2,"name":"Antiguo terrorista isl\u00e1mico ahora es un pastor fiel"}]},{"@type":"WebSite","@id":"https:\/\/www.persecution.com\/es\/historias\/#website","url":"https:\/\/www.persecution.com\/es\/historias\/","name":"Historias","description":"La Voz de los M\u00e1rtires","potentialAction":[{"@type":"SearchAction","target":{"@type":"EntryPoint","urlTemplate":"https:\/\/www.persecution.com\/es\/historias\/?s={search_term_string}"},"query-input":{"@type":"PropertyValueSpecification","valueRequired":true,"valueName":"search_term_string"}}],"inLanguage":"es"},{"@type":"Person","@id":"https:\/\/www.persecution.com\/es\/historias\/#\/schema\/person\/ae000ea52969cef1249f5afb05ccb961","name":"E Valenzuela","image":{"@type":"ImageObject","inLanguage":"es","@id":"https:\/\/secure.gravatar.com\/avatar\/72e02a942ef259240205425b9749482f07b1b2fb64225b038b4531b157d191a7?s=96&d=mm&r=g","url":"https:\/\/secure.gravatar.com\/avatar\/72e02a942ef259240205425b9749482f07b1b2fb64225b038b4531b157d191a7?s=96&d=mm&r=g","contentUrl":"https:\/\/secure.gravatar.com\/avatar\/72e02a942ef259240205425b9749482f07b1b2fb64225b038b4531b157d191a7?s=96&d=mm&r=g","caption":"E Valenzuela"},"url":"https:\/\/www.persecution.com\/es\/historias\/author\/evalenzuelavom-org\/"}]}},"_links":{"self":[{"href":"https:\/\/www.persecution.com\/es\/historias\/wp-json\/wp\/v2\/posts\/1342","targetHints":{"allow":["GET"]}}],"collection":[{"href":"https:\/\/www.persecution.com\/es\/historias\/wp-json\/wp\/v2\/posts"}],"about":[{"href":"https:\/\/www.persecution.com\/es\/historias\/wp-json\/wp\/v2\/types\/post"}],"author":[{"embeddable":true,"href":"https:\/\/www.persecution.com\/es\/historias\/wp-json\/wp\/v2\/users\/12"}],"replies":[{"embeddable":true,"href":"https:\/\/www.persecution.com\/es\/historias\/wp-json\/wp\/v2\/comments?post=1342"}],"version-history":[{"count":1,"href":"https:\/\/www.persecution.com\/es\/historias\/wp-json\/wp\/v2\/posts\/1342\/revisions"}],"predecessor-version":[{"id":3844,"href":"https:\/\/www.persecution.com\/es\/historias\/wp-json\/wp\/v2\/posts\/1342\/revisions\/3844"}],"wp:featuredmedia":[{"embeddable":true,"href":"https:\/\/www.persecution.com\/es\/historias\/wp-json\/wp\/v2\/media\/1347"}],"wp:attachment":[{"href":"https:\/\/www.persecution.com\/es\/historias\/wp-json\/wp\/v2\/media?parent=1342"}],"wp:term":[{"taxonomy":"category","embeddable":true,"href":"https:\/\/www.persecution.com\/es\/historias\/wp-json\/wp\/v2\/categories?post=1342"},{"taxonomy":"post_tag","embeddable":true,"href":"https:\/\/www.persecution.com\/es\/historias\/wp-json\/wp\/v2\/tags?post=1342"}],"curies":[{"name":"wp","href":"https:\/\/api.w.org\/{rel}","templated":true}]}}