{"id":1335,"date":"2021-10-15T09:15:00","date_gmt":"2021-10-15T09:15:00","guid":{"rendered":"https:\/\/www.persecution.com\/es\/historias\/?p=1335"},"modified":"2022-10-25T22:45:26","modified_gmt":"2022-10-25T22:45:26","slug":"aldea-de-mindanao-es-atacada-repetidamente-los-cristianos-no-se-van","status":"publish","type":"post","link":"https:\/\/www.persecution.com\/es\/historias\/aldea-de-mindanao-es-atacada-repetidamente-los-cristianos-no-se-van\/","title":{"rendered":"Aldea de Mindanao es atacada repetidamente; los cristianos no se van"},"content":{"rendered":"\n<p>A las 10 p.m., Ruth se despert\u00f3 sobresaltada por el sonido de las explosiones cercanas. Ella y su familia viv\u00edan en una peque\u00f1a aldea en el centro de Mindanao,&nbsp;<a href=\"https:\/\/www.persecution.com\/globalprayerguide\/philippines\/?_source_code=VSLEG02P2\">Filipinas<\/a>, un \u00e1rea donde los insurgentes musulmanes hab\u00edan estado luchando contra fuerzas gubernamentales&nbsp;<a href=\"https:\/\/www.persecution.com\/globalprayerguide\/philippines\/?_source_code=VSLEG02P2\">filipinas<\/a>&nbsp;durante d\u00e9cadas. Pero en los 18 a\u00f1os que hab\u00edan vivido all\u00ed, Ruth nunca hab\u00eda escuchado combates tan cerca de su casa.<\/p>\n\n\n\n<p>Ella y su esposo, Armando, se mudaron a la aldea en 1990 para comenzar una iglesia, que con los a\u00f1os hab\u00eda crecido a 20 familias. Su aldea de unos 800 hogares estaba dividida en partes iguales entre musulmanes y cristianos, pero los rebeldes musulmanes esperaban establecer el dominio musulm\u00e1n en Mindanao y expulsar a todos los cristianos.<\/p>\n\n\n\n<p>Esa noche de 2008, Ruth estaba aterrorizada por el sonido de los combates cercanos. Ella, Armando y sus tres hijos corrieron detr\u00e1s de su casa, buscando en su propiedad un lugar para esconderse. Al no ver nada mejor que la peque\u00f1a pasarela que cruzaba un canal turbio detr\u00e1s de su casa, r\u00e1pidamente se arrastraron debajo de ella. Sab\u00edan que hab\u00eda serpientes en el agua, pero prefirieron el peligro de las serpientes sobre el de los rebeldes musulmanes que pod\u00edan escuchar avanzar en la aldea.<\/p>\n\n\n\n<p>La pareja trat\u00f3 de mantener a las chicas calladas, pero estaban asustadas y llorando. \u00abLe est\u00e1bamos pidiendo al Se\u00f1or que nos cubriera con Su preciosa sangre, y que nos protegiera porque estamos en el ministerio\u00bb, dijo Ruth. Pasaron las siguientes ocho horas hasta la luz del d\u00eda orando, cantando y hablando en voz baja.<\/p>\n\n\n\n<p>Al amanecer a la ma\u00f1ana siguiente, la familia sali\u00f3 arrastr\u00e1ndose de debajo del puente, embarrada y adolorida, pero ilesa de las serpientes o de los rebeldes musulmanes. Sab\u00edan que los combates se reanudar\u00edan durante la noche, por lo que reunieron algunas cosas de su casa antes de unirse a sus vecinos en una caminata hasta la carretera principal. Acamparon en tiendas de campa\u00f1a durante varias semanas antes de que el capit\u00e1n de su aldea les dijera que las fuerzas gubernamentales hab\u00edan repelido a los rebeldes y que su aldea de Cotabato del Norte estaba a salvo nuevamente.<\/p>\n\n\n<div class=\"wp-block-image\">\n<figure class=\"alignright size-large is-resized\"><img loading=\"lazy\" decoding=\"async\" src=\"https:\/\/assets.persecution.com\/es\/historias\/wp-content\/uploads\/2021\/06\/DSC_0593_Ruth-Armando-1024x683.jpg\" alt=\"refugees getting supplies from VOM\" class=\"wp-image-1338\" width=\"388\" height=\"259\" \/><\/figure>\n<\/div>\n\n\n<p>Durante los siguientes cinco a\u00f1os, Ruth y su familia se vieron obligados a evacuar su aldea debido a los combates de cada a\u00f1o. VOM inform\u00f3 sobre c\u00f3mo ayudamos a los creyentes despu\u00e9s de dos ataques importantes en la regi\u00f3n en 2009, incluido un ataque en el que murieron cuatro cristianos y seis resultaron gravemente heridos por armas de fuego y morteros. M\u00e1s de doscientos cristianos se quedaron temporalmente sin hogar debido a cada ataque, y VOM los ayud\u00f3 proporcion\u00e1ndoles materiales de socorro. Mientras que los rebeldes a veces son expulsados por las fuerzas del gobierno, otras veces entran y ocupan las casas y las tierras de los cristianos.<\/p>\n\n\n\n<p>Los principales ataques ocurrieron nuevamente en 2013, en junio, julio y septiembre, incluido uno en la aldea de Ruth y Armando. Durante este ataque m\u00e1s reciente, los rebeldes secuestraron a varios aldeanos para usarlos como escudos humanos mientras hu\u00edan del ej\u00e9rcito.<\/p>\n\n\n\n<p>Ruth y Armando pasaron un mes, de septiembre a octubre, acampando con otros evacuados de la aldea, viviendo en tiendas de campa\u00f1a hechas de lonas y viejos sacos de arroz seco. Durante el d\u00eda, pod\u00edan regresar con seguridad a sus hogares y cuidar su ganado y jardines, pero todas las noches dorm\u00edan en las tiendas de campa\u00f1a.<\/p>\n\n\n\n<p>Ruth y Armando pasaron un mes, de septiembre a octubre, acampando con otros evacuados de la aldea, viviendo en tiendas de campa\u00f1a hechas de lonas y viejos sacos de arroz seco. Durante el d\u00eda, pod\u00edan regresar con seguridad a sus hogares y cuidar su ganado y jardines, pero todas las noches dorm\u00edan en las tiendas de campa\u00f1a.<\/p>\n\n\n\n<p>Ruth y Armando decidieron quedarse en el pueblo a pesar de la constante amenaza de ataques y repetidas evacuaciones y de que sus hijos ahora est\u00e1n todos lejos estudiando y que nada mantiene a la pareja en el pueblo excepto su iglesia. \u00abHay una gran obra en este lugar \u2014dijo Ruth\u2014. Sigamos sirviendo al Se\u00f1or a pesar de experimentar este tipo de persecuci\u00f3n. Todas estas cosas nos est\u00e1n sucediendo, pero Dios sigue siendo grande\u00bb.<\/p>\n\n\n<div class=\"wp-block-image\">\n<figure class=\"alignleft size-large is-resized\"><img loading=\"lazy\" decoding=\"async\" src=\"https:\/\/assets.persecution.com\/es\/historias\/wp-content\/uploads\/2021\/06\/ChristianEEvacuees12_Ruth-Armando.jpg\" alt=\"a mother and son getting the supplies they need \" class=\"wp-image-1339\" width=\"422\" height=\"280\" srcset=\"https:\/\/assets.persecution.com\/es\/historias\/wp-content\/uploads\/2021\/06\/ChristianEEvacuees12_Ruth-Armando.jpg 800w, https:\/\/assets.persecution.com\/es\/historias\/wp-content\/uploads\/2021\/06\/ChristianEEvacuees12_Ruth-Armando-300x200.jpg 300w, https:\/\/assets.persecution.com\/es\/historias\/wp-content\/uploads\/2021\/06\/ChristianEEvacuees12_Ruth-Armando-768x512.jpg 768w\" sizes=\"auto, (max-width: 422px) 100vw, 422px\" \/><\/figure>\n<\/div>\n\n\n<p>En respuesta a los tres ataques de las aldeas, los obreros de campo de VOM proporcionaron asistencia de emergencia y aliento a los creyentes desplazados temporalmente. Un equipo de obreros distribuy\u00f3 alimentos, medicinas, colchonetas, mosquiteros y mantas para ayudar a satisfacer sus necesidades inmediatas. \u00abAntes de distribuirles los art\u00edculos, les habl\u00e9 del amor de Dios, dici\u00e9ndoles que en los tiempos oscuros de la vida Dios est\u00e1 buscando a Su pueblo, haci\u00e9ndoles saber que los suministros son la provisi\u00f3n de Dios a partir de Su gran amor por ellos y que deben ser fuertes en el Se\u00f1or \u2014dijo un obrero de campo de VOM\u2014. Nos unimos para orar por todos ellos por Su protecci\u00f3n y providencia, y luego les dimos los suministros\u00bb.<\/p>\n\n\n\n<p>Ruth y Armando estaban entre los destinatarios de estos regalos, y tambi\u00e9n usaron su tiempo en el campo de evacuaci\u00f3n para ministrar a otros. Algunos de los incr\u00e9dulos estaban tristes o frustrados, culpando a Dios por sus problemas. Rut comparti\u00f3 el evangelio con ellos y los alent\u00f3 a confiar en Dios.<\/p>\n\n\n\n<p>Rut est\u00e1 firmemente comprometida con servir a Dios, incluso en circunstancias dif\u00edciles. El sufrimiento no es una idea nueva para ella. \u00abDesde que acept\u00e9 a Cristo lo supe \u2014dijo\u2014. As\u00ed es como podemos quedarnos aqu\u00ed; Dios no nos abandonar\u00e1\u00bb. Su familia recibi\u00f3 una motocicleta de VOM en junio de 2013 para ayudar a promover su trabajo ministerial, y en octubre de 2013 asistieron a una conferencia patrocinada por VOM para pastores en la regi\u00f3n.<\/p>\n\n\n\n<p>Ruth y Armando esperan quedarse en el pueblo \u00abhasta que el Se\u00f1or regrese. No tenemos planeando salir de este lugar \u2014dijo\u2014. Dios nos ha llamado aqu\u00ed. Si morimos, morimos\u00bb.<\/p>\n","protected":false},"excerpt":{"rendered":"<p>A las 10 p.m., Ruth se despert\u00f3 sobresaltada por el sonido de las explosiones cercanas. Ella y su familia viv\u00edan en una peque\u00f1a aldea en el centro de Mindanao,&nbsp;Filipinas, un \u00e1rea donde los insurgentes musulmanes hab\u00edan estado luchando contra fuerzas gubernamentales&nbsp;filipinas&nbsp;durante d\u00e9cadas. Pero en los 18 a\u00f1os que hab\u00edan vivido all\u00ed, Ruth nunca hab\u00eda escuchado combates tan cerca de su casa. Ella y su esposo, Armando, se mudaron a la aldea en 1990 para comenzar una iglesia, que con los a\u00f1os hab\u00eda crecido a 20 familias. Su aldea de unos 800 hogares estaba dividida en partes iguales entre musulmanes y cristianos, pero los rebeldes musulmanes esperaban establecer el dominio musulm\u00e1n en Mindanao y expulsar a todos los cristianos. Esa noche de 2008, Ruth estaba aterrorizada por el sonido de los combates cercanos. Ella, Armando y sus tres hijos corrieron detr\u00e1s de su casa, buscando en su propiedad un lugar para esconderse. Al no ver nada mejor que la peque\u00f1a pasarela que cruzaba un canal turbio detr\u00e1s de su casa, r\u00e1pidamente se arrastraron debajo de ella. Sab\u00edan que hab\u00eda serpientes en el agua, pero prefirieron el peligro de las serpientes sobre el de los rebeldes musulmanes que pod\u00edan escuchar avanzar en<\/p>\n","protected":false},"author":12,"featured_media":1340,"comment_status":"closed","ping_status":"closed","sticky":false,"template":"","format":"standard","meta":{"footnotes":""},"categories":[6],"tags":[5],"class_list":["post-1335","post","type-post","status-publish","format-standard","has-post-thumbnail","hentry","category-historia","tag-filipinas","","tg-column-two"],"yoast_head":"<!-- This site is optimized with the Yoast SEO plugin v27.5 - https:\/\/yoast.com\/product\/yoast-seo-wordpress\/ -->\n<title>Aldea de Mindanao es atacada repetidamente; los cristianos no se van - Historias<\/title>\n<meta name=\"description\" content=\"\u00abLe est\u00e1bamos pidiendo al Se\u00f1or que nos cubriera con Su preciosa sangre, y que nos protegiera porque estamos en el ministerio\u00bb, dijo Ruth.\" \/>\n<meta name=\"robots\" content=\"index, follow, max-snippet:-1, max-image-preview:large, max-video-preview:-1\" \/>\n<link rel=\"canonical\" href=\"https:\/\/www.persecution.com\/es\/historias\/aldea-de-mindanao-es-atacada-repetidamente-los-cristianos-no-se-van\/\" \/>\n<meta property=\"og:locale\" content=\"es_MX\" \/>\n<meta property=\"og:type\" content=\"article\" \/>\n<meta property=\"og:title\" content=\"Aldea de Mindanao es atacada repetidamente; los cristianos no se van - Historias\" \/>\n<meta property=\"og:description\" content=\"\u00abLe est\u00e1bamos pidiendo al Se\u00f1or que nos cubriera con Su preciosa sangre, y que nos protegiera porque estamos en el ministerio\u00bb, dijo Ruth.\" \/>\n<meta property=\"og:url\" content=\"https:\/\/www.persecution.com\/es\/historias\/aldea-de-mindanao-es-atacada-repetidamente-los-cristianos-no-se-van\/\" \/>\n<meta property=\"og:site_name\" content=\"Historias\" \/>\n<meta property=\"article:published_time\" content=\"2021-10-15T09:15:00+00:00\" \/>\n<meta property=\"article:modified_time\" content=\"2022-10-25T22:45:26+00:00\" \/>\n<meta property=\"og:image\" content=\"https:\/\/assets.persecution.com\/es\/historias\/wp-content\/uploads\/2021\/06\/DSC09539_Ruth-Armando-scaled-1.jpg\" \/>\n\t<meta property=\"og:image:width\" content=\"2560\" \/>\n\t<meta property=\"og:image:height\" content=\"1920\" \/>\n\t<meta property=\"og:image:type\" content=\"image\/jpeg\" \/>\n<meta name=\"author\" content=\"E Valenzuela\" \/>\n<meta name=\"twitter:card\" content=\"summary_large_image\" \/>\n<meta name=\"twitter:label1\" content=\"Escrito por\" \/>\n\t<meta name=\"twitter:data1\" content=\"E Valenzuela\" \/>\n\t<meta name=\"twitter:label2\" content=\"Tiempo de lectura\" \/>\n\t<meta name=\"twitter:data2\" content=\"5 minutos\" \/>\n<script type=\"application\/ld+json\" class=\"yoast-schema-graph\">{\"@context\":\"https:\\\/\\\/schema.org\",\"@graph\":[{\"@type\":\"Article\",\"@id\":\"https:\\\/\\\/www.persecution.com\\\/es\\\/historias\\\/aldea-de-mindanao-es-atacada-repetidamente-los-cristianos-no-se-van\\\/#article\",\"isPartOf\":{\"@id\":\"https:\\\/\\\/www.persecution.com\\\/es\\\/historias\\\/aldea-de-mindanao-es-atacada-repetidamente-los-cristianos-no-se-van\\\/\"},\"author\":{\"name\":\"E Valenzuela\",\"@id\":\"https:\\\/\\\/www.persecution.com\\\/es\\\/historias\\\/#\\\/schema\\\/person\\\/ae000ea52969cef1249f5afb05ccb961\"},\"headline\":\"Aldea de Mindanao es atacada repetidamente; los cristianos no se van\",\"datePublished\":\"2021-10-15T09:15:00+00:00\",\"dateModified\":\"2022-10-25T22:45:26+00:00\",\"mainEntityOfPage\":{\"@id\":\"https:\\\/\\\/www.persecution.com\\\/es\\\/historias\\\/aldea-de-mindanao-es-atacada-repetidamente-los-cristianos-no-se-van\\\/\"},\"wordCount\":1036,\"image\":{\"@id\":\"https:\\\/\\\/www.persecution.com\\\/es\\\/historias\\\/aldea-de-mindanao-es-atacada-repetidamente-los-cristianos-no-se-van\\\/#primaryimage\"},\"thumbnailUrl\":\"https:\\\/\\\/www.persecution.com\\\/es\\\/historias\\\/wp-content\\\/uploads\\\/2021\\\/06\\\/DSC09539_Ruth-Armando-scaled-1.jpg\",\"keywords\":[\"Filipinas (Mindanao)\"],\"articleSection\":[\"Historia\"],\"inLanguage\":\"es\"},{\"@type\":\"WebPage\",\"@id\":\"https:\\\/\\\/www.persecution.com\\\/es\\\/historias\\\/aldea-de-mindanao-es-atacada-repetidamente-los-cristianos-no-se-van\\\/\",\"url\":\"https:\\\/\\\/www.persecution.com\\\/es\\\/historias\\\/aldea-de-mindanao-es-atacada-repetidamente-los-cristianos-no-se-van\\\/\",\"name\":\"Aldea de Mindanao es atacada repetidamente; los cristianos no se van - Historias\",\"isPartOf\":{\"@id\":\"https:\\\/\\\/www.persecution.com\\\/es\\\/historias\\\/#website\"},\"primaryImageOfPage\":{\"@id\":\"https:\\\/\\\/www.persecution.com\\\/es\\\/historias\\\/aldea-de-mindanao-es-atacada-repetidamente-los-cristianos-no-se-van\\\/#primaryimage\"},\"image\":{\"@id\":\"https:\\\/\\\/www.persecution.com\\\/es\\\/historias\\\/aldea-de-mindanao-es-atacada-repetidamente-los-cristianos-no-se-van\\\/#primaryimage\"},\"thumbnailUrl\":\"https:\\\/\\\/www.persecution.com\\\/es\\\/historias\\\/wp-content\\\/uploads\\\/2021\\\/06\\\/DSC09539_Ruth-Armando-scaled-1.jpg\",\"datePublished\":\"2021-10-15T09:15:00+00:00\",\"dateModified\":\"2022-10-25T22:45:26+00:00\",\"author\":{\"@id\":\"https:\\\/\\\/www.persecution.com\\\/es\\\/historias\\\/#\\\/schema\\\/person\\\/ae000ea52969cef1249f5afb05ccb961\"},\"description\":\"\u00abLe est\u00e1bamos pidiendo al Se\u00f1or que nos cubriera con Su preciosa sangre, y que nos protegiera porque estamos en el ministerio\u00bb, dijo Ruth.\",\"breadcrumb\":{\"@id\":\"https:\\\/\\\/www.persecution.com\\\/es\\\/historias\\\/aldea-de-mindanao-es-atacada-repetidamente-los-cristianos-no-se-van\\\/#breadcrumb\"},\"inLanguage\":\"es\",\"potentialAction\":[{\"@type\":\"ReadAction\",\"target\":[\"https:\\\/\\\/www.persecution.com\\\/es\\\/historias\\\/aldea-de-mindanao-es-atacada-repetidamente-los-cristianos-no-se-van\\\/\"]}]},{\"@type\":\"ImageObject\",\"inLanguage\":\"es\",\"@id\":\"https:\\\/\\\/www.persecution.com\\\/es\\\/historias\\\/aldea-de-mindanao-es-atacada-repetidamente-los-cristianos-no-se-van\\\/#primaryimage\",\"url\":\"https:\\\/\\\/www.persecution.com\\\/es\\\/historias\\\/wp-content\\\/uploads\\\/2021\\\/06\\\/DSC09539_Ruth-Armando-scaled-1.jpg\",\"contentUrl\":\"https:\\\/\\\/www.persecution.com\\\/es\\\/historias\\\/wp-content\\\/uploads\\\/2021\\\/06\\\/DSC09539_Ruth-Armando-scaled-1.jpg\",\"width\":2560,\"height\":1920,\"caption\":\"a dirt road with tents on the side\"},{\"@type\":\"BreadcrumbList\",\"@id\":\"https:\\\/\\\/www.persecution.com\\\/es\\\/historias\\\/aldea-de-mindanao-es-atacada-repetidamente-los-cristianos-no-se-van\\\/#breadcrumb\",\"itemListElement\":[{\"@type\":\"ListItem\",\"position\":1,\"name\":\"Inicio\",\"item\":\"https:\\\/\\\/www.persecution.com\\\/es\\\/historias\\\/\"},{\"@type\":\"ListItem\",\"position\":2,\"name\":\"Aldea de Mindanao es atacada repetidamente; los cristianos no se van\"}]},{\"@type\":\"WebSite\",\"@id\":\"https:\\\/\\\/www.persecution.com\\\/es\\\/historias\\\/#website\",\"url\":\"https:\\\/\\\/www.persecution.com\\\/es\\\/historias\\\/\",\"name\":\"Historias\",\"description\":\"La Voz de los M\u00e1rtires\",\"potentialAction\":[{\"@type\":\"SearchAction\",\"target\":{\"@type\":\"EntryPoint\",\"urlTemplate\":\"https:\\\/\\\/www.persecution.com\\\/es\\\/historias\\\/?s={search_term_string}\"},\"query-input\":{\"@type\":\"PropertyValueSpecification\",\"valueRequired\":true,\"valueName\":\"search_term_string\"}}],\"inLanguage\":\"es\"},{\"@type\":\"Person\",\"@id\":\"https:\\\/\\\/www.persecution.com\\\/es\\\/historias\\\/#\\\/schema\\\/person\\\/ae000ea52969cef1249f5afb05ccb961\",\"name\":\"E Valenzuela\",\"image\":{\"@type\":\"ImageObject\",\"inLanguage\":\"es\",\"@id\":\"https:\\\/\\\/secure.gravatar.com\\\/avatar\\\/72e02a942ef259240205425b9749482f07b1b2fb64225b038b4531b157d191a7?s=96&d=mm&r=g\",\"url\":\"https:\\\/\\\/secure.gravatar.com\\\/avatar\\\/72e02a942ef259240205425b9749482f07b1b2fb64225b038b4531b157d191a7?s=96&d=mm&r=g\",\"contentUrl\":\"https:\\\/\\\/secure.gravatar.com\\\/avatar\\\/72e02a942ef259240205425b9749482f07b1b2fb64225b038b4531b157d191a7?s=96&d=mm&r=g\",\"caption\":\"E Valenzuela\"},\"url\":\"https:\\\/\\\/www.persecution.com\\\/es\\\/historias\\\/author\\\/evalenzuelavom-org\\\/\"}]}<\/script>\n<!-- \/ Yoast SEO plugin. -->","yoast_head_json":{"title":"Aldea de Mindanao es atacada repetidamente; los cristianos no se van - Historias","description":"\u00abLe est\u00e1bamos pidiendo al Se\u00f1or que nos cubriera con Su preciosa sangre, y que nos protegiera porque estamos en el ministerio\u00bb, dijo Ruth.","robots":{"index":"index","follow":"follow","max-snippet":"max-snippet:-1","max-image-preview":"max-image-preview:large","max-video-preview":"max-video-preview:-1"},"canonical":"https:\/\/www.persecution.com\/es\/historias\/aldea-de-mindanao-es-atacada-repetidamente-los-cristianos-no-se-van\/","og_locale":"es_MX","og_type":"article","og_title":"Aldea de Mindanao es atacada repetidamente; los cristianos no se van - Historias","og_description":"\u00abLe est\u00e1bamos pidiendo al Se\u00f1or que nos cubriera con Su preciosa sangre, y que nos protegiera porque estamos en el ministerio\u00bb, dijo Ruth.","og_url":"https:\/\/www.persecution.com\/es\/historias\/aldea-de-mindanao-es-atacada-repetidamente-los-cristianos-no-se-van\/","og_site_name":"Historias","article_published_time":"2021-10-15T09:15:00+00:00","article_modified_time":"2022-10-25T22:45:26+00:00","og_image":[{"width":2560,"height":1920,"url":"https:\/\/assets.persecution.com\/es\/historias\/wp-content\/uploads\/2021\/06\/DSC09539_Ruth-Armando-scaled-1.jpg","type":"image\/jpeg"}],"author":"E Valenzuela","twitter_card":"summary_large_image","twitter_misc":{"Escrito por":"E Valenzuela","Tiempo de lectura":"5 minutos"},"schema":{"@context":"https:\/\/schema.org","@graph":[{"@type":"Article","@id":"https:\/\/www.persecution.com\/es\/historias\/aldea-de-mindanao-es-atacada-repetidamente-los-cristianos-no-se-van\/#article","isPartOf":{"@id":"https:\/\/www.persecution.com\/es\/historias\/aldea-de-mindanao-es-atacada-repetidamente-los-cristianos-no-se-van\/"},"author":{"name":"E Valenzuela","@id":"https:\/\/www.persecution.com\/es\/historias\/#\/schema\/person\/ae000ea52969cef1249f5afb05ccb961"},"headline":"Aldea de Mindanao es atacada repetidamente; los cristianos no se van","datePublished":"2021-10-15T09:15:00+00:00","dateModified":"2022-10-25T22:45:26+00:00","mainEntityOfPage":{"@id":"https:\/\/www.persecution.com\/es\/historias\/aldea-de-mindanao-es-atacada-repetidamente-los-cristianos-no-se-van\/"},"wordCount":1036,"image":{"@id":"https:\/\/www.persecution.com\/es\/historias\/aldea-de-mindanao-es-atacada-repetidamente-los-cristianos-no-se-van\/#primaryimage"},"thumbnailUrl":"https:\/\/assets.persecution.com\/es\/historias\/wp-content\/uploads\/2021\/06\/DSC09539_Ruth-Armando-scaled-1.jpg","keywords":["Filipinas (Mindanao)"],"articleSection":["Historia"],"inLanguage":"es"},{"@type":"WebPage","@id":"https:\/\/www.persecution.com\/es\/historias\/aldea-de-mindanao-es-atacada-repetidamente-los-cristianos-no-se-van\/","url":"https:\/\/www.persecution.com\/es\/historias\/aldea-de-mindanao-es-atacada-repetidamente-los-cristianos-no-se-van\/","name":"Aldea de Mindanao es atacada repetidamente; los cristianos no se van - Historias","isPartOf":{"@id":"https:\/\/www.persecution.com\/es\/historias\/#website"},"primaryImageOfPage":{"@id":"https:\/\/www.persecution.com\/es\/historias\/aldea-de-mindanao-es-atacada-repetidamente-los-cristianos-no-se-van\/#primaryimage"},"image":{"@id":"https:\/\/www.persecution.com\/es\/historias\/aldea-de-mindanao-es-atacada-repetidamente-los-cristianos-no-se-van\/#primaryimage"},"thumbnailUrl":"https:\/\/assets.persecution.com\/es\/historias\/wp-content\/uploads\/2021\/06\/DSC09539_Ruth-Armando-scaled-1.jpg","datePublished":"2021-10-15T09:15:00+00:00","dateModified":"2022-10-25T22:45:26+00:00","author":{"@id":"https:\/\/www.persecution.com\/es\/historias\/#\/schema\/person\/ae000ea52969cef1249f5afb05ccb961"},"description":"\u00abLe est\u00e1bamos pidiendo al Se\u00f1or que nos cubriera con Su preciosa sangre, y que nos protegiera porque estamos en el ministerio\u00bb, dijo Ruth.","breadcrumb":{"@id":"https:\/\/www.persecution.com\/es\/historias\/aldea-de-mindanao-es-atacada-repetidamente-los-cristianos-no-se-van\/#breadcrumb"},"inLanguage":"es","potentialAction":[{"@type":"ReadAction","target":["https:\/\/www.persecution.com\/es\/historias\/aldea-de-mindanao-es-atacada-repetidamente-los-cristianos-no-se-van\/"]}]},{"@type":"ImageObject","inLanguage":"es","@id":"https:\/\/www.persecution.com\/es\/historias\/aldea-de-mindanao-es-atacada-repetidamente-los-cristianos-no-se-van\/#primaryimage","url":"https:\/\/assets.persecution.com\/es\/historias\/wp-content\/uploads\/2021\/06\/DSC09539_Ruth-Armando-scaled-1.jpg","contentUrl":"https:\/\/assets.persecution.com\/es\/historias\/wp-content\/uploads\/2021\/06\/DSC09539_Ruth-Armando-scaled-1.jpg","width":2560,"height":1920,"caption":"a dirt road with tents on the side"},{"@type":"BreadcrumbList","@id":"https:\/\/www.persecution.com\/es\/historias\/aldea-de-mindanao-es-atacada-repetidamente-los-cristianos-no-se-van\/#breadcrumb","itemListElement":[{"@type":"ListItem","position":1,"name":"Inicio","item":"https:\/\/www.persecution.com\/es\/historias\/"},{"@type":"ListItem","position":2,"name":"Aldea de Mindanao es atacada repetidamente; los cristianos no se van"}]},{"@type":"WebSite","@id":"https:\/\/www.persecution.com\/es\/historias\/#website","url":"https:\/\/www.persecution.com\/es\/historias\/","name":"Historias","description":"La Voz de los M\u00e1rtires","potentialAction":[{"@type":"SearchAction","target":{"@type":"EntryPoint","urlTemplate":"https:\/\/www.persecution.com\/es\/historias\/?s={search_term_string}"},"query-input":{"@type":"PropertyValueSpecification","valueRequired":true,"valueName":"search_term_string"}}],"inLanguage":"es"},{"@type":"Person","@id":"https:\/\/www.persecution.com\/es\/historias\/#\/schema\/person\/ae000ea52969cef1249f5afb05ccb961","name":"E Valenzuela","image":{"@type":"ImageObject","inLanguage":"es","@id":"https:\/\/secure.gravatar.com\/avatar\/72e02a942ef259240205425b9749482f07b1b2fb64225b038b4531b157d191a7?s=96&d=mm&r=g","url":"https:\/\/secure.gravatar.com\/avatar\/72e02a942ef259240205425b9749482f07b1b2fb64225b038b4531b157d191a7?s=96&d=mm&r=g","contentUrl":"https:\/\/secure.gravatar.com\/avatar\/72e02a942ef259240205425b9749482f07b1b2fb64225b038b4531b157d191a7?s=96&d=mm&r=g","caption":"E Valenzuela"},"url":"https:\/\/www.persecution.com\/es\/historias\/author\/evalenzuelavom-org\/"}]}},"_links":{"self":[{"href":"https:\/\/www.persecution.com\/es\/historias\/wp-json\/wp\/v2\/posts\/1335","targetHints":{"allow":["GET"]}}],"collection":[{"href":"https:\/\/www.persecution.com\/es\/historias\/wp-json\/wp\/v2\/posts"}],"about":[{"href":"https:\/\/www.persecution.com\/es\/historias\/wp-json\/wp\/v2\/types\/post"}],"author":[{"embeddable":true,"href":"https:\/\/www.persecution.com\/es\/historias\/wp-json\/wp\/v2\/users\/12"}],"replies":[{"embeddable":true,"href":"https:\/\/www.persecution.com\/es\/historias\/wp-json\/wp\/v2\/comments?post=1335"}],"version-history":[{"count":2,"href":"https:\/\/www.persecution.com\/es\/historias\/wp-json\/wp\/v2\/posts\/1335\/revisions"}],"predecessor-version":[{"id":4350,"href":"https:\/\/www.persecution.com\/es\/historias\/wp-json\/wp\/v2\/posts\/1335\/revisions\/4350"}],"wp:featuredmedia":[{"embeddable":true,"href":"https:\/\/www.persecution.com\/es\/historias\/wp-json\/wp\/v2\/media\/1340"}],"wp:attachment":[{"href":"https:\/\/www.persecution.com\/es\/historias\/wp-json\/wp\/v2\/media?parent=1335"}],"wp:term":[{"taxonomy":"category","embeddable":true,"href":"https:\/\/www.persecution.com\/es\/historias\/wp-json\/wp\/v2\/categories?post=1335"},{"taxonomy":"post_tag","embeddable":true,"href":"https:\/\/www.persecution.com\/es\/historias\/wp-json\/wp\/v2\/tags?post=1335"}],"curies":[{"name":"wp","href":"https:\/\/api.w.org\/{rel}","templated":true}]}}