{"id":1269,"date":"2021-07-20T21:04:18","date_gmt":"2021-07-20T21:04:18","guid":{"rendered":"https:\/\/www.persecution.com\/es\/historias\/?p=1269"},"modified":"2022-10-18T20:44:00","modified_gmt":"2022-10-18T20:44:00","slug":"tres-cristianos-fueron-condenados-a-cinco-anos-de-prision-segun-nueva-ley-2","status":"publish","type":"post","link":"https:\/\/www.persecution.com\/es\/historias\/tres-cristianos-fueron-condenados-a-cinco-anos-de-prision-segun-nueva-ley-2\/","title":{"rendered":"Tres cristianos fueron condenados a cinco a\u00f1os de prisi\u00f3n seg\u00fan nueva ley"},"content":{"rendered":"\n<p>Cada ma\u00f1ana, el pastor Navid y su esposa, Shadi, se despiertan sabiendo que podr\u00edan estar tras las rejas al anochecer. En&nbsp;<a href=\"https:\/\/www.persecution.com\/es\/guiadeoracionglobal\/iran\/?_source_code=WBPGGPG20B\">Ir\u00e1n<\/a>, donde las autoridades se infiltran en las iglesias y escuchan los tel\u00e9fonos de los creyentes, los cristianos siempre deben estar preparados para la posibilidad de ser arrestados y encarcelados.<\/p>\n\n\n\n<p>Sin embargo, para Navid y Shadi la amenaza de encarcelamiento significa poco en comparaci\u00f3n con su carga por aquellos a su alrededor que no conocen a Cristo. Afortunadamente, cuanto m\u00e1s comparten en secreto a Cristo en&nbsp;<a href=\"https:\/\/www.persecution.com\/es\/guiadeoracionglobal\/iran\/?_source_code=WBPGGPG20B\">Ir\u00e1n<\/a>, encuentran que m\u00e1s personas est\u00e1n listas para escuchar.<\/p>\n\n\n\n<p>Antes de que la pareja se casara, Navid fue testigo de primera mano de la persecuci\u00f3n de los cristianos por parte del r\u00e9gimen autoritario isl\u00e1mico de&nbsp;<a href=\"https:\/\/www.persecution.com\/es\/guiadeoracionglobal\/iran\/?_source_code=WBPGGPG20B\">Ir\u00e1n<\/a>. Mientras serv\u00eda en siete ciudades diferentes, incluyendo la capital, Teher\u00e1n, vio a m\u00e1s de 40 cristianos ser arrestados.<\/p>\n\n\n\n<p>En una ciudad, varios cristianos fueron arrestados despu\u00e9s de que la agencia de inteligencia intervino el tel\u00e9fono de una mujer para identificar a los creyentes locales. En otra ciudad, los cristianos fueron arrestados despu\u00e9s de que un vecino llam\u00f3 a la polic\u00eda para informar que escuchaba m\u00fasica de adoraci\u00f3n cristiana. En otra parte, alguien fingi\u00f3 ser cristiano para infiltrarse en una iglesia casera. Y en otro lugar, un libro con los nombres de los cristianos y las ubicaciones de las iglesias fue robado y entregado a la polic\u00eda.<\/p>\n\n\n\n<p>Navid dijo que los cristianos que conoce no han negado su fe al ser confrontados por las autoridades. La mayor\u00eda de ellos est\u00e1n menos de un a\u00f1o en prisi\u00f3n, firman un documento comprometi\u00e9ndose a no difundir el cristianismo y luego son monitoreados por las autoridades.<\/p>\n\n\n<div class=\"wp-block-image\">\n<figure class=\"alignright size-large is-resized\"><img loading=\"lazy\" decoding=\"async\" src=\"https:\/\/assets.persecution.com\/es\/historias\/wp-content\/uploads\/2021\/06\/3-K_NavidShadi.jpg\" alt=\"a man sitting in prison talking to someone on the phone and smiling \" class=\"wp-image-1273\" width=\"275\" height=\"367\" srcset=\"https:\/\/assets.persecution.com\/es\/historias\/wp-content\/uploads\/2021\/06\/3-K_NavidShadi.jpg 375w, https:\/\/assets.persecution.com\/es\/historias\/wp-content\/uploads\/2021\/06\/3-K_NavidShadi-225x300.jpg 225w\" sizes=\"auto, (max-width: 275px) 100vw, 275px\" \/><\/figure>\n<\/div>\n\n\n<p>El Ministerio de Inteligencia y Seguridad de&nbsp;<a href=\"https:\/\/www.persecution.com\/es\/guiadeoracionglobal\/iran\/?_source_code=WBPGGPG20B\">Ir\u00e1n<\/a>, una agencia de treinta mil personas dirigida por el L\u00edder Supremo de&nbsp;<a href=\"https:\/\/www.persecution.com\/es\/guiadeoracionglobal\/iran\/?_source_code=WBPGGPG20B\">Ir\u00e1n<\/a>, supervisa la actividad de los cristianos y arresta a quienes dirigen iglesias caseras. La polic\u00eda, la Guardia Revolucionaria y los Basij, un grupo de voluntarios al servicio de la Guardia Revolucionaria, ayudan a imponer restricciones al cristianismo.<\/p>\n\n\n\n<p>En la c\u00e1rcel, los cristianos a menudo son torturados tanto f\u00edsica como psicol\u00f3gicamente durante las primeras semanas despu\u00e9s de su arresto. Luego, pueden ser encarcelados junto con delincuentes violentos e incluso se les puede negar la atenci\u00f3n m\u00e9dica.<\/p>\n\n\n\n<p>La mayor\u00eda de los l\u00edderes cristianos que conoci\u00f3 Navid en las siete ciudades donde trabajaba todav\u00eda son creyentes, pero ya no est\u00e1n activos en el servicio de la iglesia debido al riesgo.<\/p>\n\n\n\n<p>\u00abSi sirven, la polic\u00eda los atrapa muy pronto \u2014dijo Navid\u2014. Est\u00e1n bajo control. Mi hermano y mi padre deben ir a la polic\u00eda de inteligencia cada semana y firmar un compromiso de que no servir\u00e1n m\u00e1s\u00bb.<\/p>\n\n\n\n<h2 class=\"wp-block-heading\" id=\"covertly-sharing-the-gospel-in-iran\"><strong>Compartir el evangelio de manera encubierta en Ir\u00e1n<\/strong><\/h2>\n\n\n\n<p><a href=\"https:\/\/www.persecution.com\/es\/guiadeoracionglobal\/iran\/\"><\/a><a href=\"https:\/\/www.persecution.com\/es\/guiadeoracionglobal\/iran\/?_source_code=WBPGGPG20B\">Ir\u00e1n<\/a>&nbsp;se convirti\u00f3 en una Rep\u00fablica Isl\u00e1mica en 1979, despu\u00e9s de la Revoluci\u00f3n&nbsp;<a href=\"https:\/\/www.persecution.com\/es\/guiadeoracionglobal\/iran\/?_source_code=WBPGGPG20B\">Iran\u00ed<\/a>. Como teocracia, su gobierno est\u00e1 gobernado por la autoridad del islam. Hoy, casi el 99% de los ciudadanos&nbsp;<a href=\"https:\/\/www.persecution.com\/es\/guiadeoracionglobal\/iran\/?_source_code=WBPGGPG20B\">iran\u00edes<\/a>&nbsp;se identifican como musulmanes, con menos del 1% que se identifican como cristianos. Sin embargo, el experimento del pa\u00eds con el gobierno isl\u00e1mico ha causado que muchos&nbsp;<a href=\"https:\/\/www.persecution.com\/es\/guiadeoracionglobal\/iran\/?_source_code=WBPGGPG20B\">iran\u00edes<\/a>&nbsp;miren m\u00e1s all\u00e1 del islam para obtener satisfacci\u00f3n.<\/p>\n\n\n\n<p>Despu\u00e9s de a\u00f1os de dificultades, incluyendo sanciones econ\u00f3micas, libertades restringidas y guerra, muchos \u2014en especial los nacidos desde la revoluci\u00f3n\u2014 se han desilusionado de la clase dirigente y est\u00e1n cada vez m\u00e1s abiertos al evangelio.<\/p>\n\n\n\n<p>\u00abLe decimos a la gente que Dios [&#8230;] quiere amarte y mostrarte Su misericordia \u2014dijo Navid\u2014. \u00c9l te ama y, luego, paso a paso, te ayuda a ser justo, y eso es atractivo para ellos. En el islam, dicen: \u201cDios dice que hagas esto, pero no lo hagas\u201d. Pero este Dios no es como ese dios. No es Al\u00e1. \u00c9l te ama primero, y todo lo que ha hecho es por amor a ti\u00bb.<\/p>\n\n\n\n<p>Adem\u00e1s de arriesgar su libertad e incluso su vida por el evangelio, Navid y Shadi deben conducirse con cuidado a lo largo de los procesos de construir relaciones y trabajar a trav\u00e9s de valores sociales que contradicen el evangelio.<\/p>\n\n\n<div class=\"wp-block-image\">\n<figure class=\"alignright size-large is-resized\"><img loading=\"lazy\" decoding=\"async\" src=\"https:\/\/assets.persecution.com\/es\/historias\/wp-content\/uploads\/2021\/06\/IMG_1583_pub_NavidShadi-1024x771.jpg\" alt=\"a man plays his guitar outside to a group of people \" class=\"wp-image-1271\" width=\"385\" height=\"289\" \/><\/figure>\n<\/div>\n\n\n<p>Uno de esos obst\u00e1culos sociales es el valor relativamente bajo de la mujer y su papel percibido en&nbsp;<a href=\"https:\/\/www.persecution.com\/es\/guiadeoracionglobal\/iran\/?_source_code=WBPGGPG20B\">Ir\u00e1n<\/a>.&nbsp;<\/p>\n\n\n\n<p>\u00abEn el islam, las mujeres no son valiosas \u2014dijo Shadi\u2014. Los hombres son m\u00e1s valiosos que las mujeres. Incluso en las familias, las mujeres son menos especiales que los hombres, por lo cual las mujeres en&nbsp;<a href=\"https:\/\/www.persecution.com\/es\/guiadeoracionglobal\/iran\/?_source_code=WBPGGPG20B\">Ir\u00e1n<\/a>&nbsp;son rechazadas. Tienen el coraz\u00f3n roto\u00bb.<\/p>\n\n\n\n<p>En Cristo, tanto las mujeres como los hombres encuentran su verdadero valor. Shadi a menudo comparte Juan 3:17 con ellos: \u00abPorque no envi\u00f3 Dios a su Hijo al mundo para condenar al mundo, sino para que el mundo sea salvo por \u00e9l\u00bb.<\/p>\n\n\n\n<p>\u00abCuando ven esta diferencia con el islam y lo que decimos sobre Dios, se sienten atra\u00eddos por el Dios del que les estamos hablando\u00bb, dijo Shadi.<\/p>\n\n\n\n<h3 class=\"wp-block-heading\" id=\"equipping-front-line-workers\">EQUIPAMIENTO DE LOS OBREROS DE PRIMERA L\u00cdNEA<\/h3>\n\n\n<div class=\"wp-block-image\">\n<figure class=\"alignright size-large is-resized\"><img loading=\"lazy\" decoding=\"async\" src=\"https:\/\/assets.persecution.com\/es\/historias\/wp-content\/uploads\/2021\/06\/reporte-de-biblias-27_pub_NavidShadi-532x1024.jpg\" alt=\"a man carrying a box of supplies \" class=\"wp-image-1272\" width=\"281\" height=\"541\" srcset=\"https:\/\/assets.persecution.com\/es\/historias\/wp-content\/uploads\/2021\/06\/reporte-de-biblias-27_pub_NavidShadi-532x1024.jpg 532w, https:\/\/assets.persecution.com\/es\/historias\/wp-content\/uploads\/2021\/06\/reporte-de-biblias-27_pub_NavidShadi-156x300.jpg 156w, https:\/\/assets.persecution.com\/es\/historias\/wp-content\/uploads\/2021\/06\/reporte-de-biblias-27_pub_NavidShadi-768x1477.jpg 768w, https:\/\/assets.persecution.com\/es\/historias\/wp-content\/uploads\/2021\/06\/reporte-de-biblias-27_pub_NavidShadi-799x1536.jpg 799w, https:\/\/assets.persecution.com\/es\/historias\/wp-content\/uploads\/2021\/06\/reporte-de-biblias-27_pub_NavidShadi.jpg 836w\" sizes=\"auto, (max-width: 281px) 100vw, 281px\" \/><\/figure>\n<\/div>\n\n\n<p>VOM apoya a m\u00e1s de 40&nbsp;000&nbsp;<a href=\"https:\/\/www.persecution.com\/flw\/?_source_code=VSLEG06\">obreros de primera l\u00ednea<\/a>&nbsp;en 68 pa\u00edses. Proporcionamos transporte, literatura cristiana, material de apoyo de adoraci\u00f3n (como himnarios e instrumentos musicales) y otros art\u00edculos adaptados a necesidades y ubicaciones espec\u00edficas.<\/p>\n\n\n\n<p>VOM est\u00e1 apoyando a Navid y Shadi y a su red de iglesias con&nbsp;<a href=\"https:\/\/www.persecution.com\/es\/biblias\/?utm_campaign=bibles_es&amp;utm_source=ESSTORIES\">Biblias<\/a>, herramientas de evangelizaci\u00f3n y literatura cristiana. Mientras ellos contin\u00faan compartiendo el evangelio, Shadi les pide a los que apoyan a VOM que oren por los&nbsp;<a href=\"https:\/\/www.persecution.com\/es\/guiadeoracionglobal\/iran\/?_source_code=WBPGGPG20B\">iran\u00edes<\/a>.<\/p>\n\n\n\n<p>\u00abEl cautiverio del islam sobre el pueblo de Ir\u00e1n: por favor, oren para que esta esclavitud sea rota \u2014dijo Shadi\u2014. Descubrimos este cautiverio cuando leemos las historias [<a href=\"https:\/\/www.persecution.com\/es\/biblias\/?utm_campaign=bibles_es&amp;utm_source=ESSTORIES\">b\u00edblicas<\/a>] con las personas. Cuando leemos las historias con ellos, vemos que [&#8230;] no pueden pensar bien\u00bb.<\/p>\n\n\n\n<p>Navid y Shadi siguen comprometidos con servir en la primera l\u00ednea en&nbsp;<a href=\"https:\/\/www.persecution.com\/es\/guiadeoracionglobal\/iran\/?_source_code=WBPGGPG20B\">Ir\u00e1n<\/a>&nbsp;y con ayudar a liberar a los&nbsp;<a href=\"https:\/\/www.persecution.com\/es\/guiadeoracionglobal\/iran\/?_source_code=WBPGGPG20B\">iran\u00edes<\/a> de la esclavitud por medio de guiarlos a Cristo.<\/p>\n","protected":false},"excerpt":{"rendered":"<p>Cada ma\u00f1ana, el pastor Navid y su esposa, Shadi, se despiertan sabiendo que podr\u00edan estar tras las rejas al anochecer. En&nbsp;Ir\u00e1n, donde las autoridades se infiltran en las iglesias y escuchan los tel\u00e9fonos de los creyentes, los cristianos siempre deben estar preparados para la posibilidad de ser arrestados y encarcelados. Sin embargo, para Navid y Shadi la amenaza de encarcelamiento significa poco en comparaci\u00f3n con su carga por aquellos a su alrededor que no conocen a Cristo. Afortunadamente, cuanto m\u00e1s comparten en secreto a Cristo en&nbsp;Ir\u00e1n, encuentran que m\u00e1s personas est\u00e1n listas para escuchar. Antes de que la pareja se casara, Navid fue testigo de primera mano de la persecuci\u00f3n de los cristianos por parte del r\u00e9gimen autoritario isl\u00e1mico de&nbsp;Ir\u00e1n. Mientras serv\u00eda en siete ciudades diferentes, incluyendo la capital, Teher\u00e1n, vio a m\u00e1s de 40 cristianos ser arrestados. En una ciudad, varios cristianos fueron arrestados despu\u00e9s de que la agencia de inteligencia intervino el tel\u00e9fono de una mujer para identificar a los creyentes locales. En otra ciudad, los cristianos fueron arrestados despu\u00e9s de que un vecino llam\u00f3 a la polic\u00eda para informar que escuchaba m\u00fasica de adoraci\u00f3n cristiana. En otra parte, alguien fingi\u00f3 ser cristiano para infiltrarse en una iglesia<\/p>\n","protected":false},"author":12,"featured_media":1274,"comment_status":"closed","ping_status":"closed","sticky":false,"template":"","format":"standard","meta":{"footnotes":""},"categories":[6],"tags":[3],"class_list":["post-1269","post","type-post","status-publish","format-standard","has-post-thumbnail","hentry","category-historia","tag-iran","","tg-column-two"],"yoast_head":"<!-- This site is optimized with the Yoast SEO plugin v27.5 - https:\/\/yoast.com\/product\/yoast-seo-wordpress\/ -->\n<title>Tres cristianos fueron condenados a cinco a\u00f1os de prisi\u00f3n seg\u00fan nueva ley - Historias<\/title>\n<meta name=\"description\" content=\"Las autoridades se infiltran en las iglesias y escuchan los tel\u00e9fonos de los creyentes, los cristianos para la posibilidad de ser arrestados.\" \/>\n<meta name=\"robots\" content=\"index, follow, max-snippet:-1, max-image-preview:large, max-video-preview:-1\" \/>\n<link rel=\"canonical\" href=\"https:\/\/www.persecution.com\/es\/historias\/tres-cristianos-fueron-condenados-a-cinco-anos-de-prision-segun-nueva-ley-2\/\" \/>\n<meta property=\"og:locale\" content=\"es_MX\" \/>\n<meta property=\"og:type\" content=\"article\" \/>\n<meta property=\"og:title\" content=\"Tres cristianos fueron condenados a cinco a\u00f1os de prisi\u00f3n seg\u00fan nueva ley - Historias\" \/>\n<meta property=\"og:description\" content=\"Las autoridades se infiltran en las iglesias y escuchan los tel\u00e9fonos de los creyentes, los cristianos para la posibilidad de ser arrestados.\" \/>\n<meta property=\"og:url\" content=\"https:\/\/www.persecution.com\/es\/historias\/tres-cristianos-fueron-condenados-a-cinco-anos-de-prision-segun-nueva-ley-2\/\" \/>\n<meta property=\"og:site_name\" content=\"Historias\" \/>\n<meta property=\"article:published_time\" content=\"2021-07-20T21:04:18+00:00\" \/>\n<meta property=\"article:modified_time\" content=\"2022-10-18T20:44:00+00:00\" \/>\n<meta property=\"og:image\" content=\"https:\/\/assets.persecution.com\/es\/historias\/wp-content\/uploads\/2021\/06\/IMG_1619_pub_NavidShadi.jpg\" \/>\n\t<meta property=\"og:image:width\" content=\"1980\" \/>\n\t<meta property=\"og:image:height\" content=\"1435\" \/>\n\t<meta property=\"og:image:type\" content=\"image\/jpeg\" \/>\n<meta name=\"author\" content=\"E Valenzuela\" \/>\n<meta name=\"twitter:card\" content=\"summary_large_image\" \/>\n<meta name=\"twitter:label1\" content=\"Escrito por\" \/>\n\t<meta name=\"twitter:data1\" content=\"E Valenzuela\" \/>\n\t<meta name=\"twitter:label2\" content=\"Tiempo de lectura\" \/>\n\t<meta name=\"twitter:data2\" content=\"5 minutos\" \/>\n<script type=\"application\/ld+json\" class=\"yoast-schema-graph\">{\"@context\":\"https:\\\/\\\/schema.org\",\"@graph\":[{\"@type\":\"Article\",\"@id\":\"https:\\\/\\\/www.persecution.com\\\/es\\\/historias\\\/tres-cristianos-fueron-condenados-a-cinco-anos-de-prision-segun-nueva-ley-2\\\/#article\",\"isPartOf\":{\"@id\":\"https:\\\/\\\/www.persecution.com\\\/es\\\/historias\\\/tres-cristianos-fueron-condenados-a-cinco-anos-de-prision-segun-nueva-ley-2\\\/\"},\"author\":{\"name\":\"E Valenzuela\",\"@id\":\"https:\\\/\\\/www.persecution.com\\\/es\\\/historias\\\/#\\\/schema\\\/person\\\/ae000ea52969cef1249f5afb05ccb961\"},\"headline\":\"Tres cristianos fueron condenados a cinco a\u00f1os de prisi\u00f3n seg\u00fan nueva ley\",\"datePublished\":\"2021-07-20T21:04:18+00:00\",\"dateModified\":\"2022-10-18T20:44:00+00:00\",\"mainEntityOfPage\":{\"@id\":\"https:\\\/\\\/www.persecution.com\\\/es\\\/historias\\\/tres-cristianos-fueron-condenados-a-cinco-anos-de-prision-segun-nueva-ley-2\\\/\"},\"wordCount\":1068,\"image\":{\"@id\":\"https:\\\/\\\/www.persecution.com\\\/es\\\/historias\\\/tres-cristianos-fueron-condenados-a-cinco-anos-de-prision-segun-nueva-ley-2\\\/#primaryimage\"},\"thumbnailUrl\":\"https:\\\/\\\/www.persecution.com\\\/es\\\/historias\\\/wp-content\\\/uploads\\\/2021\\\/06\\\/IMG_1619_pub_NavidShadi.jpg\",\"keywords\":[\"Ir\u00e1n\"],\"articleSection\":[\"Historia\"],\"inLanguage\":\"es\"},{\"@type\":\"WebPage\",\"@id\":\"https:\\\/\\\/www.persecution.com\\\/es\\\/historias\\\/tres-cristianos-fueron-condenados-a-cinco-anos-de-prision-segun-nueva-ley-2\\\/\",\"url\":\"https:\\\/\\\/www.persecution.com\\\/es\\\/historias\\\/tres-cristianos-fueron-condenados-a-cinco-anos-de-prision-segun-nueva-ley-2\\\/\",\"name\":\"Tres cristianos fueron condenados a cinco a\u00f1os de prisi\u00f3n seg\u00fan nueva ley - Historias\",\"isPartOf\":{\"@id\":\"https:\\\/\\\/www.persecution.com\\\/es\\\/historias\\\/#website\"},\"primaryImageOfPage\":{\"@id\":\"https:\\\/\\\/www.persecution.com\\\/es\\\/historias\\\/tres-cristianos-fueron-condenados-a-cinco-anos-de-prision-segun-nueva-ley-2\\\/#primaryimage\"},\"image\":{\"@id\":\"https:\\\/\\\/www.persecution.com\\\/es\\\/historias\\\/tres-cristianos-fueron-condenados-a-cinco-anos-de-prision-segun-nueva-ley-2\\\/#primaryimage\"},\"thumbnailUrl\":\"https:\\\/\\\/www.persecution.com\\\/es\\\/historias\\\/wp-content\\\/uploads\\\/2021\\\/06\\\/IMG_1619_pub_NavidShadi.jpg\",\"datePublished\":\"2021-07-20T21:04:18+00:00\",\"dateModified\":\"2022-10-18T20:44:00+00:00\",\"author\":{\"@id\":\"https:\\\/\\\/www.persecution.com\\\/es\\\/historias\\\/#\\\/schema\\\/person\\\/ae000ea52969cef1249f5afb05ccb961\"},\"description\":\"Las autoridades se infiltran en las iglesias y escuchan los tel\u00e9fonos de los creyentes, los cristianos para la posibilidad de ser arrestados.\",\"breadcrumb\":{\"@id\":\"https:\\\/\\\/www.persecution.com\\\/es\\\/historias\\\/tres-cristianos-fueron-condenados-a-cinco-anos-de-prision-segun-nueva-ley-2\\\/#breadcrumb\"},\"inLanguage\":\"es\",\"potentialAction\":[{\"@type\":\"ReadAction\",\"target\":[\"https:\\\/\\\/www.persecution.com\\\/es\\\/historias\\\/tres-cristianos-fueron-condenados-a-cinco-anos-de-prision-segun-nueva-ley-2\\\/\"]}]},{\"@type\":\"ImageObject\",\"inLanguage\":\"es\",\"@id\":\"https:\\\/\\\/www.persecution.com\\\/es\\\/historias\\\/tres-cristianos-fueron-condenados-a-cinco-anos-de-prision-segun-nueva-ley-2\\\/#primaryimage\",\"url\":\"https:\\\/\\\/www.persecution.com\\\/es\\\/historias\\\/wp-content\\\/uploads\\\/2021\\\/06\\\/IMG_1619_pub_NavidShadi.jpg\",\"contentUrl\":\"https:\\\/\\\/www.persecution.com\\\/es\\\/historias\\\/wp-content\\\/uploads\\\/2021\\\/06\\\/IMG_1619_pub_NavidShadi.jpg\",\"width\":1980,\"height\":1435,\"caption\":\"a group of women stand together outside talking with black boxes over their eyes\"},{\"@type\":\"BreadcrumbList\",\"@id\":\"https:\\\/\\\/www.persecution.com\\\/es\\\/historias\\\/tres-cristianos-fueron-condenados-a-cinco-anos-de-prision-segun-nueva-ley-2\\\/#breadcrumb\",\"itemListElement\":[{\"@type\":\"ListItem\",\"position\":1,\"name\":\"Inicio\",\"item\":\"https:\\\/\\\/www.persecution.com\\\/es\\\/historias\\\/\"},{\"@type\":\"ListItem\",\"position\":2,\"name\":\"Tres cristianos fueron condenados a cinco a\u00f1os de prisi\u00f3n seg\u00fan nueva ley\"}]},{\"@type\":\"WebSite\",\"@id\":\"https:\\\/\\\/www.persecution.com\\\/es\\\/historias\\\/#website\",\"url\":\"https:\\\/\\\/www.persecution.com\\\/es\\\/historias\\\/\",\"name\":\"Historias\",\"description\":\"La Voz de los M\u00e1rtires\",\"potentialAction\":[{\"@type\":\"SearchAction\",\"target\":{\"@type\":\"EntryPoint\",\"urlTemplate\":\"https:\\\/\\\/www.persecution.com\\\/es\\\/historias\\\/?s={search_term_string}\"},\"query-input\":{\"@type\":\"PropertyValueSpecification\",\"valueRequired\":true,\"valueName\":\"search_term_string\"}}],\"inLanguage\":\"es\"},{\"@type\":\"Person\",\"@id\":\"https:\\\/\\\/www.persecution.com\\\/es\\\/historias\\\/#\\\/schema\\\/person\\\/ae000ea52969cef1249f5afb05ccb961\",\"name\":\"E Valenzuela\",\"image\":{\"@type\":\"ImageObject\",\"inLanguage\":\"es\",\"@id\":\"https:\\\/\\\/secure.gravatar.com\\\/avatar\\\/72e02a942ef259240205425b9749482f07b1b2fb64225b038b4531b157d191a7?s=96&d=mm&r=g\",\"url\":\"https:\\\/\\\/secure.gravatar.com\\\/avatar\\\/72e02a942ef259240205425b9749482f07b1b2fb64225b038b4531b157d191a7?s=96&d=mm&r=g\",\"contentUrl\":\"https:\\\/\\\/secure.gravatar.com\\\/avatar\\\/72e02a942ef259240205425b9749482f07b1b2fb64225b038b4531b157d191a7?s=96&d=mm&r=g\",\"caption\":\"E Valenzuela\"},\"url\":\"https:\\\/\\\/www.persecution.com\\\/es\\\/historias\\\/author\\\/evalenzuelavom-org\\\/\"}]}<\/script>\n<!-- \/ Yoast SEO plugin. -->","yoast_head_json":{"title":"Tres cristianos fueron condenados a cinco a\u00f1os de prisi\u00f3n seg\u00fan nueva ley - Historias","description":"Las autoridades se infiltran en las iglesias y escuchan los tel\u00e9fonos de los creyentes, los cristianos para la posibilidad de ser arrestados.","robots":{"index":"index","follow":"follow","max-snippet":"max-snippet:-1","max-image-preview":"max-image-preview:large","max-video-preview":"max-video-preview:-1"},"canonical":"https:\/\/www.persecution.com\/es\/historias\/tres-cristianos-fueron-condenados-a-cinco-anos-de-prision-segun-nueva-ley-2\/","og_locale":"es_MX","og_type":"article","og_title":"Tres cristianos fueron condenados a cinco a\u00f1os de prisi\u00f3n seg\u00fan nueva ley - Historias","og_description":"Las autoridades se infiltran en las iglesias y escuchan los tel\u00e9fonos de los creyentes, los cristianos para la posibilidad de ser arrestados.","og_url":"https:\/\/www.persecution.com\/es\/historias\/tres-cristianos-fueron-condenados-a-cinco-anos-de-prision-segun-nueva-ley-2\/","og_site_name":"Historias","article_published_time":"2021-07-20T21:04:18+00:00","article_modified_time":"2022-10-18T20:44:00+00:00","og_image":[{"width":1980,"height":1435,"url":"https:\/\/assets.persecution.com\/es\/historias\/wp-content\/uploads\/2021\/06\/IMG_1619_pub_NavidShadi.jpg","type":"image\/jpeg"}],"author":"E Valenzuela","twitter_card":"summary_large_image","twitter_misc":{"Escrito por":"E Valenzuela","Tiempo de lectura":"5 minutos"},"schema":{"@context":"https:\/\/schema.org","@graph":[{"@type":"Article","@id":"https:\/\/www.persecution.com\/es\/historias\/tres-cristianos-fueron-condenados-a-cinco-anos-de-prision-segun-nueva-ley-2\/#article","isPartOf":{"@id":"https:\/\/www.persecution.com\/es\/historias\/tres-cristianos-fueron-condenados-a-cinco-anos-de-prision-segun-nueva-ley-2\/"},"author":{"name":"E Valenzuela","@id":"https:\/\/www.persecution.com\/es\/historias\/#\/schema\/person\/ae000ea52969cef1249f5afb05ccb961"},"headline":"Tres cristianos fueron condenados a cinco a\u00f1os de prisi\u00f3n seg\u00fan nueva ley","datePublished":"2021-07-20T21:04:18+00:00","dateModified":"2022-10-18T20:44:00+00:00","mainEntityOfPage":{"@id":"https:\/\/www.persecution.com\/es\/historias\/tres-cristianos-fueron-condenados-a-cinco-anos-de-prision-segun-nueva-ley-2\/"},"wordCount":1068,"image":{"@id":"https:\/\/www.persecution.com\/es\/historias\/tres-cristianos-fueron-condenados-a-cinco-anos-de-prision-segun-nueva-ley-2\/#primaryimage"},"thumbnailUrl":"https:\/\/assets.persecution.com\/es\/historias\/wp-content\/uploads\/2021\/06\/IMG_1619_pub_NavidShadi.jpg","keywords":["Ir\u00e1n"],"articleSection":["Historia"],"inLanguage":"es"},{"@type":"WebPage","@id":"https:\/\/www.persecution.com\/es\/historias\/tres-cristianos-fueron-condenados-a-cinco-anos-de-prision-segun-nueva-ley-2\/","url":"https:\/\/www.persecution.com\/es\/historias\/tres-cristianos-fueron-condenados-a-cinco-anos-de-prision-segun-nueva-ley-2\/","name":"Tres cristianos fueron condenados a cinco a\u00f1os de prisi\u00f3n seg\u00fan nueva ley - Historias","isPartOf":{"@id":"https:\/\/www.persecution.com\/es\/historias\/#website"},"primaryImageOfPage":{"@id":"https:\/\/www.persecution.com\/es\/historias\/tres-cristianos-fueron-condenados-a-cinco-anos-de-prision-segun-nueva-ley-2\/#primaryimage"},"image":{"@id":"https:\/\/www.persecution.com\/es\/historias\/tres-cristianos-fueron-condenados-a-cinco-anos-de-prision-segun-nueva-ley-2\/#primaryimage"},"thumbnailUrl":"https:\/\/assets.persecution.com\/es\/historias\/wp-content\/uploads\/2021\/06\/IMG_1619_pub_NavidShadi.jpg","datePublished":"2021-07-20T21:04:18+00:00","dateModified":"2022-10-18T20:44:00+00:00","author":{"@id":"https:\/\/www.persecution.com\/es\/historias\/#\/schema\/person\/ae000ea52969cef1249f5afb05ccb961"},"description":"Las autoridades se infiltran en las iglesias y escuchan los tel\u00e9fonos de los creyentes, los cristianos para la posibilidad de ser arrestados.","breadcrumb":{"@id":"https:\/\/www.persecution.com\/es\/historias\/tres-cristianos-fueron-condenados-a-cinco-anos-de-prision-segun-nueva-ley-2\/#breadcrumb"},"inLanguage":"es","potentialAction":[{"@type":"ReadAction","target":["https:\/\/www.persecution.com\/es\/historias\/tres-cristianos-fueron-condenados-a-cinco-anos-de-prision-segun-nueva-ley-2\/"]}]},{"@type":"ImageObject","inLanguage":"es","@id":"https:\/\/www.persecution.com\/es\/historias\/tres-cristianos-fueron-condenados-a-cinco-anos-de-prision-segun-nueva-ley-2\/#primaryimage","url":"https:\/\/assets.persecution.com\/es\/historias\/wp-content\/uploads\/2021\/06\/IMG_1619_pub_NavidShadi.jpg","contentUrl":"https:\/\/assets.persecution.com\/es\/historias\/wp-content\/uploads\/2021\/06\/IMG_1619_pub_NavidShadi.jpg","width":1980,"height":1435,"caption":"a group of women stand together outside talking with black boxes over their eyes"},{"@type":"BreadcrumbList","@id":"https:\/\/www.persecution.com\/es\/historias\/tres-cristianos-fueron-condenados-a-cinco-anos-de-prision-segun-nueva-ley-2\/#breadcrumb","itemListElement":[{"@type":"ListItem","position":1,"name":"Inicio","item":"https:\/\/www.persecution.com\/es\/historias\/"},{"@type":"ListItem","position":2,"name":"Tres cristianos fueron condenados a cinco a\u00f1os de prisi\u00f3n seg\u00fan nueva ley"}]},{"@type":"WebSite","@id":"https:\/\/www.persecution.com\/es\/historias\/#website","url":"https:\/\/www.persecution.com\/es\/historias\/","name":"Historias","description":"La Voz de los M\u00e1rtires","potentialAction":[{"@type":"SearchAction","target":{"@type":"EntryPoint","urlTemplate":"https:\/\/www.persecution.com\/es\/historias\/?s={search_term_string}"},"query-input":{"@type":"PropertyValueSpecification","valueRequired":true,"valueName":"search_term_string"}}],"inLanguage":"es"},{"@type":"Person","@id":"https:\/\/www.persecution.com\/es\/historias\/#\/schema\/person\/ae000ea52969cef1249f5afb05ccb961","name":"E Valenzuela","image":{"@type":"ImageObject","inLanguage":"es","@id":"https:\/\/secure.gravatar.com\/avatar\/72e02a942ef259240205425b9749482f07b1b2fb64225b038b4531b157d191a7?s=96&d=mm&r=g","url":"https:\/\/secure.gravatar.com\/avatar\/72e02a942ef259240205425b9749482f07b1b2fb64225b038b4531b157d191a7?s=96&d=mm&r=g","contentUrl":"https:\/\/secure.gravatar.com\/avatar\/72e02a942ef259240205425b9749482f07b1b2fb64225b038b4531b157d191a7?s=96&d=mm&r=g","caption":"E Valenzuela"},"url":"https:\/\/www.persecution.com\/es\/historias\/author\/evalenzuelavom-org\/"}]}},"_links":{"self":[{"href":"https:\/\/www.persecution.com\/es\/historias\/wp-json\/wp\/v2\/posts\/1269","targetHints":{"allow":["GET"]}}],"collection":[{"href":"https:\/\/www.persecution.com\/es\/historias\/wp-json\/wp\/v2\/posts"}],"about":[{"href":"https:\/\/www.persecution.com\/es\/historias\/wp-json\/wp\/v2\/types\/post"}],"author":[{"embeddable":true,"href":"https:\/\/www.persecution.com\/es\/historias\/wp-json\/wp\/v2\/users\/12"}],"replies":[{"embeddable":true,"href":"https:\/\/www.persecution.com\/es\/historias\/wp-json\/wp\/v2\/comments?post=1269"}],"version-history":[{"count":4,"href":"https:\/\/www.persecution.com\/es\/historias\/wp-json\/wp\/v2\/posts\/1269\/revisions"}],"predecessor-version":[{"id":4289,"href":"https:\/\/www.persecution.com\/es\/historias\/wp-json\/wp\/v2\/posts\/1269\/revisions\/4289"}],"wp:featuredmedia":[{"embeddable":true,"href":"https:\/\/www.persecution.com\/es\/historias\/wp-json\/wp\/v2\/media\/1274"}],"wp:attachment":[{"href":"https:\/\/www.persecution.com\/es\/historias\/wp-json\/wp\/v2\/media?parent=1269"}],"wp:term":[{"taxonomy":"category","embeddable":true,"href":"https:\/\/www.persecution.com\/es\/historias\/wp-json\/wp\/v2\/categories?post=1269"},{"taxonomy":"post_tag","embeddable":true,"href":"https:\/\/www.persecution.com\/es\/historias\/wp-json\/wp\/v2\/tags?post=1269"}],"curies":[{"name":"wp","href":"https:\/\/api.w.org\/{rel}","templated":true}]}}