{"id":1202,"date":"2021-06-17T07:07:02","date_gmt":"2021-06-17T07:07:02","guid":{"rendered":"https:\/\/www.persecution.com\/es\/historias\/christmas-care-pack-strengthens-faith-in-god\/"},"modified":"2022-06-16T18:05:14","modified_gmt":"2022-06-16T18:05:14","slug":"paquete-de-ayuda-navideno-fortalece-fe-en-dios","status":"publish","type":"post","link":"https:\/\/www.persecution.com\/es\/historias\/paquete-de-ayuda-navideno-fortalece-fe-en-dios\/","title":{"rendered":"Paquete de ayuda navide\u00f1o fortalece fe en Dios"},"content":{"rendered":"<div><span lang=\"ES-TRAD\">Anila es una joven que vive con su hermana mayor, su madre y su padre alcoh\u00f3lico quien gasta todo el dinero de la familia en su adicci\u00f3n. La familia ha experimentado un gran trauma emocional debido a su alcoholismo, y la madre de Anila ha intentado suicidarse. Anila est\u00e1 en cuarto grado, y tiene que llevar sus libros a la escuela en un saco. Tambi\u00e9n ha estado asistiendo a la escuela dominical a trav\u00e9s de la influencia de su vecino, ansiosa por estudiar las Escrituras y memorizar los vers\u00edculos de la <a href=\"https:\/\/www.persecution.com\/es\/biblias\/?utm_campaign=bibles_es&amp;utm_source=ESSTORIES\">Biblia<\/a>, y ha estado orando para que Jes\u00fas cambie el coraz\u00f3n de su padre. Recientemente, Anila recibi\u00f3 una mochila en el \u00abPaquete de Ayuda\u00bb de parte de los trabajadores de VOM. Estaba encantada de no tener que llevar sus libros a la escuela en un saco, y estaba feliz de recibir una <a href=\"https:\/\/www.persecution.com\/es\/biblias\/?utm_campaign=bibles_es&amp;utm_source=ESSTORIES\">Biblia<\/a> para ni\u00f1os. A trav\u00e9s del \u00abPaquete de Ayuda\u00bb navide\u00f1o, la esperanza de Anila en Dios ha crecido. \u00abDespu\u00e9s de recibir la mochila del \u201cPaquete de Ayuda\u201d, ahora cree que un d\u00eda su padre ser\u00e1 cambiado por la gracia de Dios y el gozo de su familia ser\u00e1 restaurado\u00bb, dijo una trabajadora de VOM. Oremos por que Anila contin\u00fae creciendo en su fe. Oremos por que el padre de Anila conozca a Jes\u00fas como Se\u00f1or a trav\u00e9s del ejemplo de su hija. <\/span><\/div>\n<p><a href=\"https:\/\/www.persecution.com\/es\/guiadeoracionglobal\/pakistan\/\">Haz click aqu\u00ed<\/a> para informarte de la persecuci\u00f3n cristiana en <a href=\"https:\/\/www.persecution.com\/es\/guiadeoracionglobal\/pakistan\/?_source_code=WBPGGPG20B\">Pakist\u00e1n<\/a> y aprender a rezar.<\/p>\n","protected":false},"excerpt":{"rendered":"<p>Anila es una joven que vive con su hermana mayor, su madre y su padre alcoh\u00f3lico quien gasta todo el dinero de la familia en su adicci\u00f3n. La familia ha experimentado un gran trauma emocional debido a su alcoholismo, y la madre de Anila ha intentado suicidarse. Anila est\u00e1 en cuarto grado, y tiene que llevar sus libros a la escuela en un saco. Tambi\u00e9n ha estado asistiendo a la escuela dominical a trav\u00e9s de la influencia de su vecino, ansiosa por estudiar las Escrituras y memorizar los vers\u00edculos de la Biblia, y ha estado orando para que Jes\u00fas cambie el coraz\u00f3n de su padre. Recientemente, Anila recibi\u00f3 una mochila en el \u00abPaquete de Ayuda\u00bb de parte de los trabajadores de VOM. Estaba encantada de no tener que llevar sus libros a la escuela en un saco, y estaba feliz de recibir una Biblia para ni\u00f1os. A trav\u00e9s del \u00abPaquete de Ayuda\u00bb navide\u00f1o, la esperanza de Anila en Dios ha crecido. \u00abDespu\u00e9s de recibir la mochila del \u201cPaquete de Ayuda\u201d, ahora cree que un d\u00eda su padre ser\u00e1 cambiado por la gracia de Dios y el gozo de su familia ser\u00e1 restaurado\u00bb, dijo una trabajadora de VOM. Oremos por que<\/p>\n","protected":false},"author":4,"featured_media":181,"comment_status":"closed","ping_status":"closed","sticky":false,"template":"","format":"standard","meta":{"footnotes":""},"categories":[79],"tags":[50],"class_list":["post-1202","post","type-post","status-publish","format-standard","has-post-thumbnail","hentry","category-oracion","tag-pakistan","","tg-column-two"],"yoast_head":"<!-- This site is optimized with the Yoast SEO plugin v27.5 - https:\/\/yoast.com\/product\/yoast-seo-wordpress\/ -->\n<title>Paquete de ayuda navide\u00f1o fortalece fe en Dios - Historias<\/title>\n<meta name=\"description\" content=\"A trav\u00e9s del \u00abPaquete de Ayuda\u00bb navide\u00f1o, la esperanza de Anila en Dios ha crecido.\" \/>\n<meta name=\"robots\" content=\"index, follow, max-snippet:-1, max-image-preview:large, max-video-preview:-1\" \/>\n<link rel=\"canonical\" href=\"https:\/\/www.persecution.com\/es\/historias\/paquete-de-ayuda-navideno-fortalece-fe-en-dios\/\" \/>\n<meta property=\"og:locale\" content=\"es_MX\" \/>\n<meta property=\"og:type\" content=\"article\" \/>\n<meta property=\"og:title\" content=\"Paquete de ayuda navide\u00f1o fortalece fe en Dios - Historias\" \/>\n<meta property=\"og:description\" content=\"A trav\u00e9s del \u00abPaquete de Ayuda\u00bb navide\u00f1o, la esperanza de Anila en Dios ha crecido.\" \/>\n<meta property=\"og:url\" content=\"https:\/\/www.persecution.com\/es\/historias\/paquete-de-ayuda-navideno-fortalece-fe-en-dios\/\" \/>\n<meta property=\"og:site_name\" content=\"Historias\" \/>\n<meta property=\"article:published_time\" content=\"2021-06-17T07:07:02+00:00\" \/>\n<meta property=\"article:modified_time\" content=\"2022-06-16T18:05:14+00:00\" \/>\n<meta property=\"og:image\" content=\"https:\/\/assets.persecution.com\/es\/historias\/wp-content\/uploads\/2021\/05\/VOM-Stories-iCommit-PlaceholderV2.jpg\" \/>\n\t<meta property=\"og:image:width\" content=\"978\" \/>\n\t<meta property=\"og:image:height\" content=\"640\" \/>\n\t<meta property=\"og:image:type\" content=\"image\/jpeg\" \/>\n<meta name=\"author\" content=\"vomtechsupport@ncol.com\" \/>\n<meta name=\"twitter:card\" content=\"summary_large_image\" \/>\n<meta name=\"twitter:label1\" content=\"Escrito por\" \/>\n\t<meta name=\"twitter:data1\" content=\"vomtechsupport@ncol.com\" \/>\n\t<meta name=\"twitter:label2\" content=\"Tiempo de lectura\" \/>\n\t<meta name=\"twitter:data2\" content=\"2 minutos\" \/>\n<script type=\"application\/ld+json\" class=\"yoast-schema-graph\">{\"@context\":\"https:\\\/\\\/schema.org\",\"@graph\":[{\"@type\":\"Article\",\"@id\":\"https:\\\/\\\/www.persecution.com\\\/es\\\/historias\\\/paquete-de-ayuda-navideno-fortalece-fe-en-dios\\\/#article\",\"isPartOf\":{\"@id\":\"https:\\\/\\\/www.persecution.com\\\/es\\\/historias\\\/paquete-de-ayuda-navideno-fortalece-fe-en-dios\\\/\"},\"author\":{\"name\":\"vomtechsupport@ncol.com\",\"@id\":\"https:\\\/\\\/www.persecution.com\\\/es\\\/historias\\\/#\\\/schema\\\/person\\\/84a330c40fa81a990a92a431cd1d79fa\"},\"headline\":\"Paquete de ayuda navide\u00f1o fortalece fe en Dios\",\"datePublished\":\"2021-06-17T07:07:02+00:00\",\"dateModified\":\"2022-06-16T18:05:14+00:00\",\"mainEntityOfPage\":{\"@id\":\"https:\\\/\\\/www.persecution.com\\\/es\\\/historias\\\/paquete-de-ayuda-navideno-fortalece-fe-en-dios\\\/\"},\"wordCount\":267,\"image\":{\"@id\":\"https:\\\/\\\/www.persecution.com\\\/es\\\/historias\\\/paquete-de-ayuda-navideno-fortalece-fe-en-dios\\\/#primaryimage\"},\"thumbnailUrl\":\"https:\\\/\\\/www.persecution.com\\\/es\\\/historias\\\/wp-content\\\/uploads\\\/2021\\\/05\\\/VOM-Stories-iCommit-PlaceholderV2.jpg\",\"keywords\":[\"Pakistan\"],\"articleSection\":[\"Oraci\u00f3n\"],\"inLanguage\":\"es\"},{\"@type\":\"WebPage\",\"@id\":\"https:\\\/\\\/www.persecution.com\\\/es\\\/historias\\\/paquete-de-ayuda-navideno-fortalece-fe-en-dios\\\/\",\"url\":\"https:\\\/\\\/www.persecution.com\\\/es\\\/historias\\\/paquete-de-ayuda-navideno-fortalece-fe-en-dios\\\/\",\"name\":\"Paquete de ayuda navide\u00f1o fortalece fe en Dios - Historias\",\"isPartOf\":{\"@id\":\"https:\\\/\\\/www.persecution.com\\\/es\\\/historias\\\/#website\"},\"primaryImageOfPage\":{\"@id\":\"https:\\\/\\\/www.persecution.com\\\/es\\\/historias\\\/paquete-de-ayuda-navideno-fortalece-fe-en-dios\\\/#primaryimage\"},\"image\":{\"@id\":\"https:\\\/\\\/www.persecution.com\\\/es\\\/historias\\\/paquete-de-ayuda-navideno-fortalece-fe-en-dios\\\/#primaryimage\"},\"thumbnailUrl\":\"https:\\\/\\\/www.persecution.com\\\/es\\\/historias\\\/wp-content\\\/uploads\\\/2021\\\/05\\\/VOM-Stories-iCommit-PlaceholderV2.jpg\",\"datePublished\":\"2021-06-17T07:07:02+00:00\",\"dateModified\":\"2022-06-16T18:05:14+00:00\",\"author\":{\"@id\":\"https:\\\/\\\/www.persecution.com\\\/es\\\/historias\\\/#\\\/schema\\\/person\\\/84a330c40fa81a990a92a431cd1d79fa\"},\"description\":\"A trav\u00e9s del \u00abPaquete de Ayuda\u00bb navide\u00f1o, la esperanza de Anila en Dios ha crecido.\",\"breadcrumb\":{\"@id\":\"https:\\\/\\\/www.persecution.com\\\/es\\\/historias\\\/paquete-de-ayuda-navideno-fortalece-fe-en-dios\\\/#breadcrumb\"},\"inLanguage\":\"es\",\"potentialAction\":[{\"@type\":\"ReadAction\",\"target\":[\"https:\\\/\\\/www.persecution.com\\\/es\\\/historias\\\/paquete-de-ayuda-navideno-fortalece-fe-en-dios\\\/\"]}]},{\"@type\":\"ImageObject\",\"inLanguage\":\"es\",\"@id\":\"https:\\\/\\\/www.persecution.com\\\/es\\\/historias\\\/paquete-de-ayuda-navideno-fortalece-fe-en-dios\\\/#primaryimage\",\"url\":\"https:\\\/\\\/www.persecution.com\\\/es\\\/historias\\\/wp-content\\\/uploads\\\/2021\\\/05\\\/VOM-Stories-iCommit-PlaceholderV2.jpg\",\"contentUrl\":\"https:\\\/\\\/www.persecution.com\\\/es\\\/historias\\\/wp-content\\\/uploads\\\/2021\\\/05\\\/VOM-Stories-iCommit-PlaceholderV2.jpg\",\"width\":978,\"height\":640},{\"@type\":\"BreadcrumbList\",\"@id\":\"https:\\\/\\\/www.persecution.com\\\/es\\\/historias\\\/paquete-de-ayuda-navideno-fortalece-fe-en-dios\\\/#breadcrumb\",\"itemListElement\":[{\"@type\":\"ListItem\",\"position\":1,\"name\":\"Inicio\",\"item\":\"https:\\\/\\\/www.persecution.com\\\/es\\\/historias\\\/\"},{\"@type\":\"ListItem\",\"position\":2,\"name\":\"Paquete de ayuda navide\u00f1o fortalece fe en Dios\"}]},{\"@type\":\"WebSite\",\"@id\":\"https:\\\/\\\/www.persecution.com\\\/es\\\/historias\\\/#website\",\"url\":\"https:\\\/\\\/www.persecution.com\\\/es\\\/historias\\\/\",\"name\":\"Historias\",\"description\":\"La Voz de los M\u00e1rtires\",\"potentialAction\":[{\"@type\":\"SearchAction\",\"target\":{\"@type\":\"EntryPoint\",\"urlTemplate\":\"https:\\\/\\\/www.persecution.com\\\/es\\\/historias\\\/?s={search_term_string}\"},\"query-input\":{\"@type\":\"PropertyValueSpecification\",\"valueRequired\":true,\"valueName\":\"search_term_string\"}}],\"inLanguage\":\"es\"},{\"@type\":\"Person\",\"@id\":\"https:\\\/\\\/www.persecution.com\\\/es\\\/historias\\\/#\\\/schema\\\/person\\\/84a330c40fa81a990a92a431cd1d79fa\",\"name\":\"vomtechsupport@ncol.com\",\"image\":{\"@type\":\"ImageObject\",\"inLanguage\":\"es\",\"@id\":\"https:\\\/\\\/secure.gravatar.com\\\/avatar\\\/56abf41aaad92dceb4cfa25e0a29cb1f744b86aceb206be3435e6e45da62f65a?s=96&d=mm&r=g\",\"url\":\"https:\\\/\\\/secure.gravatar.com\\\/avatar\\\/56abf41aaad92dceb4cfa25e0a29cb1f744b86aceb206be3435e6e45da62f65a?s=96&d=mm&r=g\",\"contentUrl\":\"https:\\\/\\\/secure.gravatar.com\\\/avatar\\\/56abf41aaad92dceb4cfa25e0a29cb1f744b86aceb206be3435e6e45da62f65a?s=96&d=mm&r=g\",\"caption\":\"vomtechsupport@ncol.com\"},\"url\":\"https:\\\/\\\/www.persecution.com\\\/es\\\/historias\\\/author\\\/vomtechsupportncol-com\\\/\"}]}<\/script>\n<!-- \/ Yoast SEO plugin. -->","yoast_head_json":{"title":"Paquete de ayuda navide\u00f1o fortalece fe en Dios - Historias","description":"A trav\u00e9s del \u00abPaquete de Ayuda\u00bb navide\u00f1o, la esperanza de Anila en Dios ha crecido.","robots":{"index":"index","follow":"follow","max-snippet":"max-snippet:-1","max-image-preview":"max-image-preview:large","max-video-preview":"max-video-preview:-1"},"canonical":"https:\/\/www.persecution.com\/es\/historias\/paquete-de-ayuda-navideno-fortalece-fe-en-dios\/","og_locale":"es_MX","og_type":"article","og_title":"Paquete de ayuda navide\u00f1o fortalece fe en Dios - Historias","og_description":"A trav\u00e9s del \u00abPaquete de Ayuda\u00bb navide\u00f1o, la esperanza de Anila en Dios ha crecido.","og_url":"https:\/\/www.persecution.com\/es\/historias\/paquete-de-ayuda-navideno-fortalece-fe-en-dios\/","og_site_name":"Historias","article_published_time":"2021-06-17T07:07:02+00:00","article_modified_time":"2022-06-16T18:05:14+00:00","og_image":[{"width":978,"height":640,"url":"https:\/\/assets.persecution.com\/es\/historias\/wp-content\/uploads\/2021\/05\/VOM-Stories-iCommit-PlaceholderV2.jpg","type":"image\/jpeg"}],"author":"vomtechsupport@ncol.com","twitter_card":"summary_large_image","twitter_misc":{"Escrito por":"vomtechsupport@ncol.com","Tiempo de lectura":"2 minutos"},"schema":{"@context":"https:\/\/schema.org","@graph":[{"@type":"Article","@id":"https:\/\/www.persecution.com\/es\/historias\/paquete-de-ayuda-navideno-fortalece-fe-en-dios\/#article","isPartOf":{"@id":"https:\/\/www.persecution.com\/es\/historias\/paquete-de-ayuda-navideno-fortalece-fe-en-dios\/"},"author":{"name":"vomtechsupport@ncol.com","@id":"https:\/\/www.persecution.com\/es\/historias\/#\/schema\/person\/84a330c40fa81a990a92a431cd1d79fa"},"headline":"Paquete de ayuda navide\u00f1o fortalece fe en Dios","datePublished":"2021-06-17T07:07:02+00:00","dateModified":"2022-06-16T18:05:14+00:00","mainEntityOfPage":{"@id":"https:\/\/www.persecution.com\/es\/historias\/paquete-de-ayuda-navideno-fortalece-fe-en-dios\/"},"wordCount":267,"image":{"@id":"https:\/\/www.persecution.com\/es\/historias\/paquete-de-ayuda-navideno-fortalece-fe-en-dios\/#primaryimage"},"thumbnailUrl":"https:\/\/assets.persecution.com\/es\/historias\/wp-content\/uploads\/2021\/05\/VOM-Stories-iCommit-PlaceholderV2.jpg","keywords":["Pakistan"],"articleSection":["Oraci\u00f3n"],"inLanguage":"es"},{"@type":"WebPage","@id":"https:\/\/www.persecution.com\/es\/historias\/paquete-de-ayuda-navideno-fortalece-fe-en-dios\/","url":"https:\/\/www.persecution.com\/es\/historias\/paquete-de-ayuda-navideno-fortalece-fe-en-dios\/","name":"Paquete de ayuda navide\u00f1o fortalece fe en Dios - Historias","isPartOf":{"@id":"https:\/\/www.persecution.com\/es\/historias\/#website"},"primaryImageOfPage":{"@id":"https:\/\/www.persecution.com\/es\/historias\/paquete-de-ayuda-navideno-fortalece-fe-en-dios\/#primaryimage"},"image":{"@id":"https:\/\/www.persecution.com\/es\/historias\/paquete-de-ayuda-navideno-fortalece-fe-en-dios\/#primaryimage"},"thumbnailUrl":"https:\/\/assets.persecution.com\/es\/historias\/wp-content\/uploads\/2021\/05\/VOM-Stories-iCommit-PlaceholderV2.jpg","datePublished":"2021-06-17T07:07:02+00:00","dateModified":"2022-06-16T18:05:14+00:00","author":{"@id":"https:\/\/www.persecution.com\/es\/historias\/#\/schema\/person\/84a330c40fa81a990a92a431cd1d79fa"},"description":"A trav\u00e9s del \u00abPaquete de Ayuda\u00bb navide\u00f1o, la esperanza de Anila en Dios ha crecido.","breadcrumb":{"@id":"https:\/\/www.persecution.com\/es\/historias\/paquete-de-ayuda-navideno-fortalece-fe-en-dios\/#breadcrumb"},"inLanguage":"es","potentialAction":[{"@type":"ReadAction","target":["https:\/\/www.persecution.com\/es\/historias\/paquete-de-ayuda-navideno-fortalece-fe-en-dios\/"]}]},{"@type":"ImageObject","inLanguage":"es","@id":"https:\/\/www.persecution.com\/es\/historias\/paquete-de-ayuda-navideno-fortalece-fe-en-dios\/#primaryimage","url":"https:\/\/assets.persecution.com\/es\/historias\/wp-content\/uploads\/2021\/05\/VOM-Stories-iCommit-PlaceholderV2.jpg","contentUrl":"https:\/\/assets.persecution.com\/es\/historias\/wp-content\/uploads\/2021\/05\/VOM-Stories-iCommit-PlaceholderV2.jpg","width":978,"height":640},{"@type":"BreadcrumbList","@id":"https:\/\/www.persecution.com\/es\/historias\/paquete-de-ayuda-navideno-fortalece-fe-en-dios\/#breadcrumb","itemListElement":[{"@type":"ListItem","position":1,"name":"Inicio","item":"https:\/\/www.persecution.com\/es\/historias\/"},{"@type":"ListItem","position":2,"name":"Paquete de ayuda navide\u00f1o fortalece fe en Dios"}]},{"@type":"WebSite","@id":"https:\/\/www.persecution.com\/es\/historias\/#website","url":"https:\/\/www.persecution.com\/es\/historias\/","name":"Historias","description":"La Voz de los M\u00e1rtires","potentialAction":[{"@type":"SearchAction","target":{"@type":"EntryPoint","urlTemplate":"https:\/\/www.persecution.com\/es\/historias\/?s={search_term_string}"},"query-input":{"@type":"PropertyValueSpecification","valueRequired":true,"valueName":"search_term_string"}}],"inLanguage":"es"},{"@type":"Person","@id":"https:\/\/www.persecution.com\/es\/historias\/#\/schema\/person\/84a330c40fa81a990a92a431cd1d79fa","name":"vomtechsupport@ncol.com","image":{"@type":"ImageObject","inLanguage":"es","@id":"https:\/\/secure.gravatar.com\/avatar\/56abf41aaad92dceb4cfa25e0a29cb1f744b86aceb206be3435e6e45da62f65a?s=96&d=mm&r=g","url":"https:\/\/secure.gravatar.com\/avatar\/56abf41aaad92dceb4cfa25e0a29cb1f744b86aceb206be3435e6e45da62f65a?s=96&d=mm&r=g","contentUrl":"https:\/\/secure.gravatar.com\/avatar\/56abf41aaad92dceb4cfa25e0a29cb1f744b86aceb206be3435e6e45da62f65a?s=96&d=mm&r=g","caption":"vomtechsupport@ncol.com"},"url":"https:\/\/www.persecution.com\/es\/historias\/author\/vomtechsupportncol-com\/"}]}},"_links":{"self":[{"href":"https:\/\/www.persecution.com\/es\/historias\/wp-json\/wp\/v2\/posts\/1202","targetHints":{"allow":["GET"]}}],"collection":[{"href":"https:\/\/www.persecution.com\/es\/historias\/wp-json\/wp\/v2\/posts"}],"about":[{"href":"https:\/\/www.persecution.com\/es\/historias\/wp-json\/wp\/v2\/types\/post"}],"author":[{"embeddable":true,"href":"https:\/\/www.persecution.com\/es\/historias\/wp-json\/wp\/v2\/users\/4"}],"replies":[{"embeddable":true,"href":"https:\/\/www.persecution.com\/es\/historias\/wp-json\/wp\/v2\/comments?post=1202"}],"version-history":[{"count":3,"href":"https:\/\/www.persecution.com\/es\/historias\/wp-json\/wp\/v2\/posts\/1202\/revisions"}],"predecessor-version":[{"id":3869,"href":"https:\/\/www.persecution.com\/es\/historias\/wp-json\/wp\/v2\/posts\/1202\/revisions\/3869"}],"wp:featuredmedia":[{"embeddable":true,"href":"https:\/\/www.persecution.com\/es\/historias\/wp-json\/wp\/v2\/media\/181"}],"wp:attachment":[{"href":"https:\/\/www.persecution.com\/es\/historias\/wp-json\/wp\/v2\/media?parent=1202"}],"wp:term":[{"taxonomy":"category","embeddable":true,"href":"https:\/\/www.persecution.com\/es\/historias\/wp-json\/wp\/v2\/categories?post=1202"},{"taxonomy":"post_tag","embeddable":true,"href":"https:\/\/www.persecution.com\/es\/historias\/wp-json\/wp\/v2\/tags?post=1202"}],"curies":[{"name":"wp","href":"https:\/\/api.w.org\/{rel}","templated":true}]}}