{"id":1201,"date":"2021-06-17T07:07:01","date_gmt":"2021-06-17T07:07:01","guid":{"rendered":"https:\/\/www.persecution.com\/es\/historias\/sowing-gospel-seeds-through-street-ministry\/"},"modified":"2022-06-16T18:08:24","modified_gmt":"2022-06-16T18:08:24","slug":"siembran-semillas-del-evangelio-a-traves-de-ministerio-callejero","status":"publish","type":"post","link":"https:\/\/www.persecution.com\/es\/historias\/siembran-semillas-del-evangelio-a-traves-de-ministerio-callejero\/","title":{"rendered":"Siembran semillas del evangelio a trav\u00e9s de ministerio callejero"},"content":{"rendered":"<p>Las condiciones econ\u00f3micas en <a href=\"https:\/\/www.persecution.com\/es\/guiadeoracionglobal\/iran\/\">Ir\u00e1n<\/a> han llevado a una inflaci\u00f3n extremadamente alta y a un aumento del desempleo. Muchos de los que han perdido su trabajo y la estabilidad financiera viven en las calles, y los obreros de primera l\u00ednea han visto a ni\u00f1os buscando comida en los contenedores de basura para aliviar su hambre. Como resultado, pastores y obreros de la red de iglesias caseras iran\u00edes han comenzado a ministrar a los que est\u00e1n en las calles. A trav\u00e9s de esfuerzos deliberados, intencionales y cuidadosos, estos obreros est\u00e1n proveyendo para sus necesidades f\u00edsicas al tiempo que les presentan la verdad del evangelio a los ni\u00f1os que viven en la calle. En cuanto los ni\u00f1os demuestran un hambre espiritual de saber m\u00e1s, los obreros de primera l\u00ednea les proporcionan <a href=\"https:\/\/www.persecution.com\/es\/biblias\/?utm_campaign=bibles_es&amp;utm_source=ESSTORIES\">Biblias<\/a> para que los ni\u00f1os puedan entender claramente el evangelio y decidir seguir a Cristo. A trav\u00e9s de este ministerio, varios ni\u00f1os han expresado el deseo de saber m\u00e1s acerca de Cristo, y muchos otros han respondido favorablemente a los esfuerzos del ministerio. \u00abOremos por que este ministerio sea fruct\u00edfero en la expansi\u00f3n del Reino de Dios\u00bb, dijo un obrero de primera l\u00ednea.<\/p>\n<p><a href=\"https:\/\/www.persecution.com\/es\/guiadeoracionglobal\/iran\/\">Haz click aqu\u00ed<\/a> para informarte sobre la persecuci\u00f3n de los cristianos en <a href=\"https:\/\/www.persecution.com\/es\/guiadeoracionglobal\/iran\/?_source_code=WBPGGPG20B\">Ir\u00e1n<\/a> y saber c\u00f3mo orar.<\/p>\n","protected":false},"excerpt":{"rendered":"<p>Las condiciones econ\u00f3micas en Ir\u00e1n han llevado a una inflaci\u00f3n extremadamente alta y a un aumento del desempleo. Muchos de los que han perdido su trabajo y la estabilidad financiera viven en las calles, y los obreros de primera l\u00ednea han visto a ni\u00f1os buscando comida en los contenedores de basura para aliviar su hambre. Como resultado, pastores y obreros de la red de iglesias caseras iran\u00edes han comenzado a ministrar a los que est\u00e1n en las calles. A trav\u00e9s de esfuerzos deliberados, intencionales y cuidadosos, estos obreros est\u00e1n proveyendo para sus necesidades f\u00edsicas al tiempo que les presentan la verdad del evangelio a los ni\u00f1os que viven en la calle. En cuanto los ni\u00f1os demuestran un hambre espiritual de saber m\u00e1s, los obreros de primera l\u00ednea les proporcionan Biblias para que los ni\u00f1os puedan entender claramente el evangelio y decidir seguir a Cristo. A trav\u00e9s de este ministerio, varios ni\u00f1os han expresado el deseo de saber m\u00e1s acerca de Cristo, y muchos otros han respondido favorablemente a los esfuerzos del ministerio. \u00abOremos por que este ministerio sea fruct\u00edfero en la expansi\u00f3n del Reino de Dios\u00bb, dijo un obrero de primera l\u00ednea. Haz click aqu\u00ed para informarte sobre la persecuci\u00f3n<\/p>\n","protected":false},"author":4,"featured_media":181,"comment_status":"closed","ping_status":"closed","sticky":false,"template":"","format":"standard","meta":{"footnotes":""},"categories":[79],"tags":[3],"class_list":["post-1201","post","type-post","status-publish","format-standard","has-post-thumbnail","hentry","category-oracion","tag-iran","","tg-column-two"],"yoast_head":"<!-- This site is optimized with the Yoast SEO plugin v27.5 - https:\/\/yoast.com\/product\/yoast-seo-wordpress\/ -->\n<title>Siembran semillas del evangelio a trav\u00e9s de ministerio callejero - Historias<\/title>\n<meta name=\"description\" content=\"Las condiciones econ\u00f3micas en Ir\u00e1n han llevado a una inflaci\u00f3n extremadamente alta y a un aumento del desempleo.\" \/>\n<meta name=\"robots\" content=\"index, follow, max-snippet:-1, max-image-preview:large, max-video-preview:-1\" \/>\n<link rel=\"canonical\" href=\"https:\/\/www.persecution.com\/es\/historias\/siembran-semillas-del-evangelio-a-traves-de-ministerio-callejero\/\" \/>\n<meta property=\"og:locale\" content=\"es_MX\" \/>\n<meta property=\"og:type\" content=\"article\" \/>\n<meta property=\"og:title\" content=\"Siembran semillas del evangelio a trav\u00e9s de ministerio callejero - Historias\" \/>\n<meta property=\"og:description\" content=\"Las condiciones econ\u00f3micas en Ir\u00e1n han llevado a una inflaci\u00f3n extremadamente alta y a un aumento del desempleo.\" \/>\n<meta property=\"og:url\" content=\"https:\/\/www.persecution.com\/es\/historias\/siembran-semillas-del-evangelio-a-traves-de-ministerio-callejero\/\" \/>\n<meta property=\"og:site_name\" content=\"Historias\" \/>\n<meta property=\"article:published_time\" content=\"2021-06-17T07:07:01+00:00\" \/>\n<meta property=\"article:modified_time\" content=\"2022-06-16T18:08:24+00:00\" \/>\n<meta property=\"og:image\" content=\"https:\/\/assets.persecution.com\/es\/historias\/wp-content\/uploads\/2021\/05\/VOM-Stories-iCommit-PlaceholderV2.jpg\" \/>\n\t<meta property=\"og:image:width\" content=\"978\" \/>\n\t<meta property=\"og:image:height\" content=\"640\" \/>\n\t<meta property=\"og:image:type\" content=\"image\/jpeg\" \/>\n<meta name=\"author\" content=\"vomtechsupport@ncol.com\" \/>\n<meta name=\"twitter:card\" content=\"summary_large_image\" \/>\n<meta name=\"twitter:label1\" content=\"Escrito por\" \/>\n\t<meta name=\"twitter:data1\" content=\"vomtechsupport@ncol.com\" \/>\n\t<meta name=\"twitter:label2\" content=\"Tiempo de lectura\" \/>\n\t<meta name=\"twitter:data2\" content=\"1 minuto\" \/>\n<script type=\"application\/ld+json\" class=\"yoast-schema-graph\">{\"@context\":\"https:\\\/\\\/schema.org\",\"@graph\":[{\"@type\":\"Article\",\"@id\":\"https:\\\/\\\/www.persecution.com\\\/es\\\/historias\\\/siembran-semillas-del-evangelio-a-traves-de-ministerio-callejero\\\/#article\",\"isPartOf\":{\"@id\":\"https:\\\/\\\/www.persecution.com\\\/es\\\/historias\\\/siembran-semillas-del-evangelio-a-traves-de-ministerio-callejero\\\/\"},\"author\":{\"name\":\"vomtechsupport@ncol.com\",\"@id\":\"https:\\\/\\\/www.persecution.com\\\/es\\\/historias\\\/#\\\/schema\\\/person\\\/84a330c40fa81a990a92a431cd1d79fa\"},\"headline\":\"Siembran semillas del evangelio a trav\u00e9s de ministerio callejero\",\"datePublished\":\"2021-06-17T07:07:01+00:00\",\"dateModified\":\"2022-06-16T18:08:24+00:00\",\"mainEntityOfPage\":{\"@id\":\"https:\\\/\\\/www.persecution.com\\\/es\\\/historias\\\/siembran-semillas-del-evangelio-a-traves-de-ministerio-callejero\\\/\"},\"wordCount\":243,\"image\":{\"@id\":\"https:\\\/\\\/www.persecution.com\\\/es\\\/historias\\\/siembran-semillas-del-evangelio-a-traves-de-ministerio-callejero\\\/#primaryimage\"},\"thumbnailUrl\":\"https:\\\/\\\/www.persecution.com\\\/es\\\/historias\\\/wp-content\\\/uploads\\\/2021\\\/05\\\/VOM-Stories-iCommit-PlaceholderV2.jpg\",\"keywords\":[\"Ir\u00e1n\"],\"articleSection\":[\"Oraci\u00f3n\"],\"inLanguage\":\"es\"},{\"@type\":\"WebPage\",\"@id\":\"https:\\\/\\\/www.persecution.com\\\/es\\\/historias\\\/siembran-semillas-del-evangelio-a-traves-de-ministerio-callejero\\\/\",\"url\":\"https:\\\/\\\/www.persecution.com\\\/es\\\/historias\\\/siembran-semillas-del-evangelio-a-traves-de-ministerio-callejero\\\/\",\"name\":\"Siembran semillas del evangelio a trav\u00e9s de ministerio callejero - Historias\",\"isPartOf\":{\"@id\":\"https:\\\/\\\/www.persecution.com\\\/es\\\/historias\\\/#website\"},\"primaryImageOfPage\":{\"@id\":\"https:\\\/\\\/www.persecution.com\\\/es\\\/historias\\\/siembran-semillas-del-evangelio-a-traves-de-ministerio-callejero\\\/#primaryimage\"},\"image\":{\"@id\":\"https:\\\/\\\/www.persecution.com\\\/es\\\/historias\\\/siembran-semillas-del-evangelio-a-traves-de-ministerio-callejero\\\/#primaryimage\"},\"thumbnailUrl\":\"https:\\\/\\\/www.persecution.com\\\/es\\\/historias\\\/wp-content\\\/uploads\\\/2021\\\/05\\\/VOM-Stories-iCommit-PlaceholderV2.jpg\",\"datePublished\":\"2021-06-17T07:07:01+00:00\",\"dateModified\":\"2022-06-16T18:08:24+00:00\",\"author\":{\"@id\":\"https:\\\/\\\/www.persecution.com\\\/es\\\/historias\\\/#\\\/schema\\\/person\\\/84a330c40fa81a990a92a431cd1d79fa\"},\"description\":\"Las condiciones econ\u00f3micas en Ir\u00e1n han llevado a una inflaci\u00f3n extremadamente alta y a un aumento del desempleo.\",\"breadcrumb\":{\"@id\":\"https:\\\/\\\/www.persecution.com\\\/es\\\/historias\\\/siembran-semillas-del-evangelio-a-traves-de-ministerio-callejero\\\/#breadcrumb\"},\"inLanguage\":\"es\",\"potentialAction\":[{\"@type\":\"ReadAction\",\"target\":[\"https:\\\/\\\/www.persecution.com\\\/es\\\/historias\\\/siembran-semillas-del-evangelio-a-traves-de-ministerio-callejero\\\/\"]}]},{\"@type\":\"ImageObject\",\"inLanguage\":\"es\",\"@id\":\"https:\\\/\\\/www.persecution.com\\\/es\\\/historias\\\/siembran-semillas-del-evangelio-a-traves-de-ministerio-callejero\\\/#primaryimage\",\"url\":\"https:\\\/\\\/www.persecution.com\\\/es\\\/historias\\\/wp-content\\\/uploads\\\/2021\\\/05\\\/VOM-Stories-iCommit-PlaceholderV2.jpg\",\"contentUrl\":\"https:\\\/\\\/www.persecution.com\\\/es\\\/historias\\\/wp-content\\\/uploads\\\/2021\\\/05\\\/VOM-Stories-iCommit-PlaceholderV2.jpg\",\"width\":978,\"height\":640},{\"@type\":\"BreadcrumbList\",\"@id\":\"https:\\\/\\\/www.persecution.com\\\/es\\\/historias\\\/siembran-semillas-del-evangelio-a-traves-de-ministerio-callejero\\\/#breadcrumb\",\"itemListElement\":[{\"@type\":\"ListItem\",\"position\":1,\"name\":\"Inicio\",\"item\":\"https:\\\/\\\/www.persecution.com\\\/es\\\/historias\\\/\"},{\"@type\":\"ListItem\",\"position\":2,\"name\":\"Siembran semillas del evangelio a trav\u00e9s de ministerio callejero\"}]},{\"@type\":\"WebSite\",\"@id\":\"https:\\\/\\\/www.persecution.com\\\/es\\\/historias\\\/#website\",\"url\":\"https:\\\/\\\/www.persecution.com\\\/es\\\/historias\\\/\",\"name\":\"Historias\",\"description\":\"La Voz de los M\u00e1rtires\",\"potentialAction\":[{\"@type\":\"SearchAction\",\"target\":{\"@type\":\"EntryPoint\",\"urlTemplate\":\"https:\\\/\\\/www.persecution.com\\\/es\\\/historias\\\/?s={search_term_string}\"},\"query-input\":{\"@type\":\"PropertyValueSpecification\",\"valueRequired\":true,\"valueName\":\"search_term_string\"}}],\"inLanguage\":\"es\"},{\"@type\":\"Person\",\"@id\":\"https:\\\/\\\/www.persecution.com\\\/es\\\/historias\\\/#\\\/schema\\\/person\\\/84a330c40fa81a990a92a431cd1d79fa\",\"name\":\"vomtechsupport@ncol.com\",\"image\":{\"@type\":\"ImageObject\",\"inLanguage\":\"es\",\"@id\":\"https:\\\/\\\/secure.gravatar.com\\\/avatar\\\/56abf41aaad92dceb4cfa25e0a29cb1f744b86aceb206be3435e6e45da62f65a?s=96&d=mm&r=g\",\"url\":\"https:\\\/\\\/secure.gravatar.com\\\/avatar\\\/56abf41aaad92dceb4cfa25e0a29cb1f744b86aceb206be3435e6e45da62f65a?s=96&d=mm&r=g\",\"contentUrl\":\"https:\\\/\\\/secure.gravatar.com\\\/avatar\\\/56abf41aaad92dceb4cfa25e0a29cb1f744b86aceb206be3435e6e45da62f65a?s=96&d=mm&r=g\",\"caption\":\"vomtechsupport@ncol.com\"},\"url\":\"https:\\\/\\\/www.persecution.com\\\/es\\\/historias\\\/author\\\/vomtechsupportncol-com\\\/\"}]}<\/script>\n<!-- \/ Yoast SEO plugin. -->","yoast_head_json":{"title":"Siembran semillas del evangelio a trav\u00e9s de ministerio callejero - Historias","description":"Las condiciones econ\u00f3micas en Ir\u00e1n han llevado a una inflaci\u00f3n extremadamente alta y a un aumento del desempleo.","robots":{"index":"index","follow":"follow","max-snippet":"max-snippet:-1","max-image-preview":"max-image-preview:large","max-video-preview":"max-video-preview:-1"},"canonical":"https:\/\/www.persecution.com\/es\/historias\/siembran-semillas-del-evangelio-a-traves-de-ministerio-callejero\/","og_locale":"es_MX","og_type":"article","og_title":"Siembran semillas del evangelio a trav\u00e9s de ministerio callejero - Historias","og_description":"Las condiciones econ\u00f3micas en Ir\u00e1n han llevado a una inflaci\u00f3n extremadamente alta y a un aumento del desempleo.","og_url":"https:\/\/www.persecution.com\/es\/historias\/siembran-semillas-del-evangelio-a-traves-de-ministerio-callejero\/","og_site_name":"Historias","article_published_time":"2021-06-17T07:07:01+00:00","article_modified_time":"2022-06-16T18:08:24+00:00","og_image":[{"width":978,"height":640,"url":"https:\/\/assets.persecution.com\/es\/historias\/wp-content\/uploads\/2021\/05\/VOM-Stories-iCommit-PlaceholderV2.jpg","type":"image\/jpeg"}],"author":"vomtechsupport@ncol.com","twitter_card":"summary_large_image","twitter_misc":{"Escrito por":"vomtechsupport@ncol.com","Tiempo de lectura":"1 minuto"},"schema":{"@context":"https:\/\/schema.org","@graph":[{"@type":"Article","@id":"https:\/\/www.persecution.com\/es\/historias\/siembran-semillas-del-evangelio-a-traves-de-ministerio-callejero\/#article","isPartOf":{"@id":"https:\/\/www.persecution.com\/es\/historias\/siembran-semillas-del-evangelio-a-traves-de-ministerio-callejero\/"},"author":{"name":"vomtechsupport@ncol.com","@id":"https:\/\/www.persecution.com\/es\/historias\/#\/schema\/person\/84a330c40fa81a990a92a431cd1d79fa"},"headline":"Siembran semillas del evangelio a trav\u00e9s de ministerio callejero","datePublished":"2021-06-17T07:07:01+00:00","dateModified":"2022-06-16T18:08:24+00:00","mainEntityOfPage":{"@id":"https:\/\/www.persecution.com\/es\/historias\/siembran-semillas-del-evangelio-a-traves-de-ministerio-callejero\/"},"wordCount":243,"image":{"@id":"https:\/\/www.persecution.com\/es\/historias\/siembran-semillas-del-evangelio-a-traves-de-ministerio-callejero\/#primaryimage"},"thumbnailUrl":"https:\/\/assets.persecution.com\/es\/historias\/wp-content\/uploads\/2021\/05\/VOM-Stories-iCommit-PlaceholderV2.jpg","keywords":["Ir\u00e1n"],"articleSection":["Oraci\u00f3n"],"inLanguage":"es"},{"@type":"WebPage","@id":"https:\/\/www.persecution.com\/es\/historias\/siembran-semillas-del-evangelio-a-traves-de-ministerio-callejero\/","url":"https:\/\/www.persecution.com\/es\/historias\/siembran-semillas-del-evangelio-a-traves-de-ministerio-callejero\/","name":"Siembran semillas del evangelio a trav\u00e9s de ministerio callejero - Historias","isPartOf":{"@id":"https:\/\/www.persecution.com\/es\/historias\/#website"},"primaryImageOfPage":{"@id":"https:\/\/www.persecution.com\/es\/historias\/siembran-semillas-del-evangelio-a-traves-de-ministerio-callejero\/#primaryimage"},"image":{"@id":"https:\/\/www.persecution.com\/es\/historias\/siembran-semillas-del-evangelio-a-traves-de-ministerio-callejero\/#primaryimage"},"thumbnailUrl":"https:\/\/assets.persecution.com\/es\/historias\/wp-content\/uploads\/2021\/05\/VOM-Stories-iCommit-PlaceholderV2.jpg","datePublished":"2021-06-17T07:07:01+00:00","dateModified":"2022-06-16T18:08:24+00:00","author":{"@id":"https:\/\/www.persecution.com\/es\/historias\/#\/schema\/person\/84a330c40fa81a990a92a431cd1d79fa"},"description":"Las condiciones econ\u00f3micas en Ir\u00e1n han llevado a una inflaci\u00f3n extremadamente alta y a un aumento del desempleo.","breadcrumb":{"@id":"https:\/\/www.persecution.com\/es\/historias\/siembran-semillas-del-evangelio-a-traves-de-ministerio-callejero\/#breadcrumb"},"inLanguage":"es","potentialAction":[{"@type":"ReadAction","target":["https:\/\/www.persecution.com\/es\/historias\/siembran-semillas-del-evangelio-a-traves-de-ministerio-callejero\/"]}]},{"@type":"ImageObject","inLanguage":"es","@id":"https:\/\/www.persecution.com\/es\/historias\/siembran-semillas-del-evangelio-a-traves-de-ministerio-callejero\/#primaryimage","url":"https:\/\/assets.persecution.com\/es\/historias\/wp-content\/uploads\/2021\/05\/VOM-Stories-iCommit-PlaceholderV2.jpg","contentUrl":"https:\/\/assets.persecution.com\/es\/historias\/wp-content\/uploads\/2021\/05\/VOM-Stories-iCommit-PlaceholderV2.jpg","width":978,"height":640},{"@type":"BreadcrumbList","@id":"https:\/\/www.persecution.com\/es\/historias\/siembran-semillas-del-evangelio-a-traves-de-ministerio-callejero\/#breadcrumb","itemListElement":[{"@type":"ListItem","position":1,"name":"Inicio","item":"https:\/\/www.persecution.com\/es\/historias\/"},{"@type":"ListItem","position":2,"name":"Siembran semillas del evangelio a trav\u00e9s de ministerio callejero"}]},{"@type":"WebSite","@id":"https:\/\/www.persecution.com\/es\/historias\/#website","url":"https:\/\/www.persecution.com\/es\/historias\/","name":"Historias","description":"La Voz de los M\u00e1rtires","potentialAction":[{"@type":"SearchAction","target":{"@type":"EntryPoint","urlTemplate":"https:\/\/www.persecution.com\/es\/historias\/?s={search_term_string}"},"query-input":{"@type":"PropertyValueSpecification","valueRequired":true,"valueName":"search_term_string"}}],"inLanguage":"es"},{"@type":"Person","@id":"https:\/\/www.persecution.com\/es\/historias\/#\/schema\/person\/84a330c40fa81a990a92a431cd1d79fa","name":"vomtechsupport@ncol.com","image":{"@type":"ImageObject","inLanguage":"es","@id":"https:\/\/secure.gravatar.com\/avatar\/56abf41aaad92dceb4cfa25e0a29cb1f744b86aceb206be3435e6e45da62f65a?s=96&d=mm&r=g","url":"https:\/\/secure.gravatar.com\/avatar\/56abf41aaad92dceb4cfa25e0a29cb1f744b86aceb206be3435e6e45da62f65a?s=96&d=mm&r=g","contentUrl":"https:\/\/secure.gravatar.com\/avatar\/56abf41aaad92dceb4cfa25e0a29cb1f744b86aceb206be3435e6e45da62f65a?s=96&d=mm&r=g","caption":"vomtechsupport@ncol.com"},"url":"https:\/\/www.persecution.com\/es\/historias\/author\/vomtechsupportncol-com\/"}]}},"_links":{"self":[{"href":"https:\/\/www.persecution.com\/es\/historias\/wp-json\/wp\/v2\/posts\/1201","targetHints":{"allow":["GET"]}}],"collection":[{"href":"https:\/\/www.persecution.com\/es\/historias\/wp-json\/wp\/v2\/posts"}],"about":[{"href":"https:\/\/www.persecution.com\/es\/historias\/wp-json\/wp\/v2\/types\/post"}],"author":[{"embeddable":true,"href":"https:\/\/www.persecution.com\/es\/historias\/wp-json\/wp\/v2\/users\/4"}],"replies":[{"embeddable":true,"href":"https:\/\/www.persecution.com\/es\/historias\/wp-json\/wp\/v2\/comments?post=1201"}],"version-history":[{"count":2,"href":"https:\/\/www.persecution.com\/es\/historias\/wp-json\/wp\/v2\/posts\/1201\/revisions"}],"predecessor-version":[{"id":3871,"href":"https:\/\/www.persecution.com\/es\/historias\/wp-json\/wp\/v2\/posts\/1201\/revisions\/3871"}],"wp:featuredmedia":[{"embeddable":true,"href":"https:\/\/www.persecution.com\/es\/historias\/wp-json\/wp\/v2\/media\/181"}],"wp:attachment":[{"href":"https:\/\/www.persecution.com\/es\/historias\/wp-json\/wp\/v2\/media?parent=1201"}],"wp:term":[{"taxonomy":"category","embeddable":true,"href":"https:\/\/www.persecution.com\/es\/historias\/wp-json\/wp\/v2\/categories?post=1201"},{"taxonomy":"post_tag","embeddable":true,"href":"https:\/\/www.persecution.com\/es\/historias\/wp-json\/wp\/v2\/tags?post=1201"}],"curies":[{"name":"wp","href":"https:\/\/api.w.org\/{rel}","templated":true}]}}