{"id":1051,"date":"2021-06-23T19:05:43","date_gmt":"2021-06-23T19:05:43","guid":{"rendered":"https:\/\/www.persecution.com\/es\/historias\/?p=1051"},"modified":"2022-04-11T15:34:29","modified_gmt":"2022-04-11T15:34:29","slug":"mujer-defiende-su-fe-quemennos-eso-no-nos-da-miedo","status":"publish","type":"post","link":"https:\/\/www.persecution.com\/es\/historias\/mujer-defiende-su-fe-quemennos-eso-no-nos-da-miedo\/","title":{"rendered":"Mujer defiende su fe: \u00abQu\u00e9mennos. Eso no nos da miedo\u00bb"},"content":{"rendered":"\n<p><em><em>Cuando el Pastor Yoshi abri\u00f3 la puerta de su casa para ver qui\u00e9n la estaba golpeando, de inmediato reconoci\u00f3 al grupo de hombres que estaba frente a \u00e9l. Sus bandas color azafr\u00e1n en la cabeza junto con los palos y barras de hierro en sus pu\u00f1os identificaron claramente a los 10 hombres como miembros del Vishva Hindu Parishad<\/em> (<em>VHP), un grupo nacionalista militante hind\u00fa conocido por golpear y acosar a los cristianos. Yoshi se prepar\u00f3 para la paliza que seguramente vendr\u00eda.<\/em><\/em><\/p>\n\n\n\n<p>Su visita esa noche a finales de 2009 no fue totalmente inesperada, pero el pastor no los esperaba tan pronto. Cada aldea <a href=\"https:\/\/www.persecution.com\/es\/guiadeoracionglobal\/india\/\">india<\/a> tiene un informante que reporta actividades antihind\u00faes al Rashtriya Swayamsevak Sangh (RSS), un grupo militar extremista, y el informante del VHP de la aldea hab\u00eda visitado su hogar en el norte\u00f1o estado de Uttar Pradesh ese mismo d\u00eda en busca de Yoshi. La esposa de Yoshi, \u00abAja\u00bb, le dijo al hombre que su esposo no estaba en casa porque hab\u00eda salido a predicar.<\/p>\n\n\n\n<p>Los activistas hind\u00faes estaban molestos porque un par de semanas antes Yoshi les hab\u00eda mostrado <em>La pel\u00edcula de JES\u00daS<\/em> a unas 400 personas en un pueblo rural de Uttar Pradesh. Despu\u00e9s, los l\u00edderes hind\u00faes acusaron a Yoshi de ser \u00abantinacional\u00bb y un agente estadounidense, las cuales son acusaciones serias de grupos cuyos objetivos declarados son limpiar la India y convertirla en una sociedad <a href=\"https:\/\/www.persecution.com\/es\/guiadeoracionglobal\/india\/\">india<\/a> pura.<\/p>\n\n\n\n<p>Aunque ahora es visto como una amenaza para los grupos nacionalistas hind\u00faes, Yoshi fue criado en una familia hind\u00fa que se cree desciende de la deidad hind\u00fa Krishna, tambi\u00e9n conocido como el Ser Supremo. Sin embargo, de joven, Yoshi encontr\u00f3 paz al escuchar programas de radio cristianos, y le dio su vida a Cristo a los 19 a\u00f1os. Fue el primero en convertirse al cristianismo en su familia. Llev\u00f3 a su esposa al Se\u00f1or en 2004 y entr\u00f3 al ministerio a tiempo completo en 2006.<\/p>\n\n\n\n<p>Cuando Yoshi reconoci\u00f3 a Santhram Singh, el infame l\u00edder de distrito del VHP, en su puerta principal, se pregunt\u00f3 si estaba a punto de dar su vida por Jesucristo.<\/p>\n\n\n\n<h3 class=\"wp-block-heading\">\u00abLO QUEMAREMOS\u00bb<\/h3>\n\n\n\n<p>Santhram tom\u00f3 a Yoshi y lo arrastr\u00f3 unos 46 metros por la carretera. \u00abMe estaban atacando verbalmente y usando lenguaje vulgar sobre mi madre y mi hermana\u00bb, record\u00f3 Yoshi.<\/p>\n\n\n\n<p>Cuando el hijo de Yoshi, de 3 a\u00f1os, corri\u00f3 llorando tras su padre, Aja fue alertada de lo que estaba sucediendo y fue a ponerse de pie junto a su marido.<\/p>\n\n\n\n<p>Yoshi discuti\u00f3 con los hombres dici\u00e9ndoles que bajo la constituci\u00f3n india \u00e9l era libre de compartir su religi\u00f3n con otros. Santhram le dio una bofetada en la cara.<\/p>\n\n\n\n<p>\u00abNo estoy criticando al hinduismo \u2014le dijo Yoshi\u2014. Le estoy contando a la gente sobre Jes\u00fas\u00bb. Yoshi les dijo m\u00e1s tarde a los trabajadores de VOM que, si bien no ten\u00eda miedo, sab\u00eda que su situaci\u00f3n era grave. \u00abMi coraz\u00f3n no temblaba \u2014dijo\u2014, pero sab\u00eda que solo Dios pod\u00eda ayudarme\u00bb.<\/p>\n\n\n\n<p>La esposa de Yoshi, Aja, se interpuso entre su marido y Santhram, y los hombres entonces volvieron su ira hacia ella, dici\u00e9ndole que hiciera que su marido dejara de predicar. La atacaron verbalmente durante otros 30 minutos. Sin embargo, sus amenazas no conmovieron a Aja. \u00abNos encontraron solos aqu\u00ed \u2014los rega\u00f1\u00f3\u2014. \u00bfQu\u00e9 tal si vienen donde mi marido est\u00e1 predicando si son tan valientes? \u00a1Vean si la gente est\u00e1 a su favor o a favor de \u00e9l!\u00bb.<\/p>\n\n\n\n<p>Mientras Aja discut\u00eda con los hombres, Yoshi recibi\u00f3 una llamada telef\u00f3nica de un amigo y se hizo a un lado para responder a la llamada.<\/p>\n\n\n\n<p>Los activistas hind\u00faes continuaron amenazando a Aja y presion\u00e1ndola para que Yoshi dejara de predicar. \u00ab\u00a1Lo quemaremos como en Odisha! \u2014gritaban\u2014. Sabes lo que le hicimos en Odisha a ese tipo y a sus hijos\u00bb. Se refer\u00edan a un incidente ocurrido en 1999 en el que activistas hind\u00faes quemaron al misionero australiano Graham Staines y a sus dos hijos mientras dorm\u00edan en su coche.<\/p>\n\n\n\n<p>La diminuta Aja de voz suave solo respondi\u00f3: \u00abQu\u00e9mennos. Eso no nos da miedo\u00bb. Estaba segura de que iban a matarlos a todos.<\/p>\n\n\n\n<p>De repente, alguien se dio cuenta de que Yoshi estaba al tel\u00e9fono. \u00abEst\u00e1 llamando a la polic\u00eda\u00bb, dijeron. En menos de un minuto, los hombres se hab\u00edan apilado en un jeep y se hab\u00edan ido.<\/p>\n\n\n\n<h3 class=\"wp-block-heading\">IMPARABLE<\/h3>\n\n\n\n<div class=\"wp-block-image\"><figure class=\"alignright size-large is-resized\"><img loading=\"lazy\" decoding=\"async\" src=\"https:\/\/assets.persecution.com\/es\/historias\/wp-content\/uploads\/2021\/06\/Yadav_2G8A9212_Yoshi-1024x683.jpg\" alt=\"a group of people surround man while he preaches \" class=\"wp-image-1052\" width=\"415\" height=\"277\" \/><\/figure><\/div>\n\n\n\n<p>Poco despu\u00e9s, el pastor y su familia fueron expulsados de su casa alquilada. Los activistas hab\u00edan presionado a su casero para que los desalojara. En los a\u00f1os transcurridos desde su encuentro con el VHP se han visto obligados a mudarse ocho veces porque los activistas hind\u00faes amenazan a sus caseros cada vez que se mudan. Incluso algunos cristianos tienen miedo de asociarse con la familia p\u00fablicamente.<\/p>\n\n\n\n<p>Sin embargo, a trav\u00e9s de todo esto, la luz contin\u00faa brillando en los ojos del pastor Yoshi. Su confianza est\u00e1 en un futuro con Cristo. Contin\u00faa compartiendo el evangelio y sigue dirigiendo una iglesia casera de 150 personas mientras supervisa otras 300 iglesias caseras en el \u00e1rea. Yoshi es uno de los cientos de <a href=\"https:\/\/www.persecution.com\/es\/delfrente\/?utm_campaign=adopt_es&amp;utm_source=ESSTORIES\">trabajadores del frente<\/a> que VOM est\u00e1 apoyando en la <a href=\"https:\/\/www.persecution.com\/es\/guiadeoracionglobal\/india\/\">India<\/a> con kits del evangelio, herramientas de transporte, Biblias y otros materiales para ayudarlos a compartir el evangelio.<\/p>\n","protected":false},"excerpt":{"rendered":"<p>Cuando el Pastor Yoshi abri\u00f3 la puerta de su casa para ver qui\u00e9n la estaba golpeando, de inmediato reconoci\u00f3 al grupo de hombres que estaba frente a \u00e9l. Sus bandas color azafr\u00e1n en la cabeza junto con los palos y barras de hierro en sus pu\u00f1os identificaron claramente a los 10 hombres como miembros del Vishva Hindu Parishad (VHP), un grupo nacionalista militante hind\u00fa conocido por golpear y acosar a los cristianos. Yoshi se prepar\u00f3 para la paliza que seguramente vendr\u00eda. Su visita esa noche a finales de 2009 no fue totalmente inesperada, pero el pastor no los esperaba tan pronto. Cada aldea india tiene un informante que reporta actividades antihind\u00faes al Rashtriya Swayamsevak Sangh (RSS), un grupo militar extremista, y el informante del VHP de la aldea hab\u00eda visitado su hogar en el norte\u00f1o estado de Uttar Pradesh ese mismo d\u00eda en busca de Yoshi. La esposa de Yoshi, \u00abAja\u00bb, le dijo al hombre que su esposo no estaba en casa porque hab\u00eda salido a predicar. Los activistas hind\u00faes estaban molestos porque un par de semanas antes Yoshi les hab\u00eda mostrado La pel\u00edcula de JES\u00daS a unas 400 personas en un pueblo rural de Uttar Pradesh. Despu\u00e9s, los l\u00edderes<\/p>\n","protected":false},"author":12,"featured_media":1053,"comment_status":"closed","ping_status":"closed","sticky":false,"template":"","format":"standard","meta":{"footnotes":""},"categories":[6],"tags":[28],"class_list":["post-1051","post","type-post","status-publish","format-standard","has-post-thumbnail","hentry","category-historia","tag-india","","tg-column-two"],"yoast_head":"<!-- This site is optimized with the Yoast SEO plugin v27.5 - https:\/\/yoast.com\/product\/yoast-seo-wordpress\/ -->\n<title>Mujer defiende su fe: \u00abQu\u00e9mennos. Eso no nos da miedo\u00bb - Historias<\/title>\n<meta name=\"description\" content=\"Cuando el Pastor Yoshi abri\u00f3 la puerta de su casa para ver qui\u00e9n la estaba golpeando, de inmediato los reconoci\u00f3.\" \/>\n<meta name=\"robots\" content=\"index, follow, max-snippet:-1, max-image-preview:large, max-video-preview:-1\" \/>\n<link rel=\"canonical\" href=\"https:\/\/www.persecution.com\/es\/historias\/mujer-defiende-su-fe-quemennos-eso-no-nos-da-miedo\/\" \/>\n<meta property=\"og:locale\" content=\"es_MX\" \/>\n<meta property=\"og:type\" content=\"article\" \/>\n<meta property=\"og:title\" content=\"Mujer defiende su fe: \u00abQu\u00e9mennos. Eso no nos da miedo\u00bb - Historias\" \/>\n<meta property=\"og:description\" content=\"Cuando el Pastor Yoshi abri\u00f3 la puerta de su casa para ver qui\u00e9n la estaba golpeando, de inmediato los reconoci\u00f3.\" \/>\n<meta property=\"og:url\" content=\"https:\/\/www.persecution.com\/es\/historias\/mujer-defiende-su-fe-quemennos-eso-no-nos-da-miedo\/\" \/>\n<meta property=\"og:site_name\" content=\"Historias\" \/>\n<meta property=\"article:published_time\" content=\"2021-06-23T19:05:43+00:00\" \/>\n<meta property=\"article:modified_time\" content=\"2022-04-11T15:34:29+00:00\" \/>\n<meta property=\"og:image\" content=\"https:\/\/assets.persecution.com\/es\/historias\/wp-content\/uploads\/2021\/06\/Yadav_pastor-photos-3_Yoshi-scaled-1.jpg\" \/>\n\t<meta property=\"og:image:width\" content=\"2560\" \/>\n\t<meta property=\"og:image:height\" content=\"2048\" \/>\n\t<meta property=\"og:image:type\" content=\"image\/jpeg\" \/>\n<meta name=\"author\" content=\"E Valenzuela\" \/>\n<meta name=\"twitter:card\" content=\"summary_large_image\" \/>\n<meta name=\"twitter:label1\" content=\"Escrito por\" \/>\n\t<meta name=\"twitter:data1\" content=\"E Valenzuela\" \/>\n\t<meta name=\"twitter:label2\" content=\"Tiempo de lectura\" \/>\n\t<meta name=\"twitter:data2\" content=\"5 minutos\" \/>\n<script type=\"application\/ld+json\" class=\"yoast-schema-graph\">{\"@context\":\"https:\\\/\\\/schema.org\",\"@graph\":[{\"@type\":\"Article\",\"@id\":\"https:\\\/\\\/www.persecution.com\\\/es\\\/historias\\\/mujer-defiende-su-fe-quemennos-eso-no-nos-da-miedo\\\/#article\",\"isPartOf\":{\"@id\":\"https:\\\/\\\/www.persecution.com\\\/es\\\/historias\\\/mujer-defiende-su-fe-quemennos-eso-no-nos-da-miedo\\\/\"},\"author\":{\"name\":\"E Valenzuela\",\"@id\":\"https:\\\/\\\/www.persecution.com\\\/es\\\/historias\\\/#\\\/schema\\\/person\\\/ae000ea52969cef1249f5afb05ccb961\"},\"headline\":\"Mujer defiende su fe: \u00abQu\u00e9mennos. Eso no nos da miedo\u00bb\",\"datePublished\":\"2021-06-23T19:05:43+00:00\",\"dateModified\":\"2022-04-11T15:34:29+00:00\",\"mainEntityOfPage\":{\"@id\":\"https:\\\/\\\/www.persecution.com\\\/es\\\/historias\\\/mujer-defiende-su-fe-quemennos-eso-no-nos-da-miedo\\\/\"},\"wordCount\":911,\"image\":{\"@id\":\"https:\\\/\\\/www.persecution.com\\\/es\\\/historias\\\/mujer-defiende-su-fe-quemennos-eso-no-nos-da-miedo\\\/#primaryimage\"},\"thumbnailUrl\":\"https:\\\/\\\/www.persecution.com\\\/es\\\/historias\\\/wp-content\\\/uploads\\\/2021\\\/06\\\/Yadav_pastor-photos-3_Yoshi-scaled-1.jpg\",\"keywords\":[\"India\"],\"articleSection\":[\"Historia\"],\"inLanguage\":\"es\"},{\"@type\":\"WebPage\",\"@id\":\"https:\\\/\\\/www.persecution.com\\\/es\\\/historias\\\/mujer-defiende-su-fe-quemennos-eso-no-nos-da-miedo\\\/\",\"url\":\"https:\\\/\\\/www.persecution.com\\\/es\\\/historias\\\/mujer-defiende-su-fe-quemennos-eso-no-nos-da-miedo\\\/\",\"name\":\"Mujer defiende su fe: \u00abQu\u00e9mennos. Eso no nos da miedo\u00bb - Historias\",\"isPartOf\":{\"@id\":\"https:\\\/\\\/www.persecution.com\\\/es\\\/historias\\\/#website\"},\"primaryImageOfPage\":{\"@id\":\"https:\\\/\\\/www.persecution.com\\\/es\\\/historias\\\/mujer-defiende-su-fe-quemennos-eso-no-nos-da-miedo\\\/#primaryimage\"},\"image\":{\"@id\":\"https:\\\/\\\/www.persecution.com\\\/es\\\/historias\\\/mujer-defiende-su-fe-quemennos-eso-no-nos-da-miedo\\\/#primaryimage\"},\"thumbnailUrl\":\"https:\\\/\\\/www.persecution.com\\\/es\\\/historias\\\/wp-content\\\/uploads\\\/2021\\\/06\\\/Yadav_pastor-photos-3_Yoshi-scaled-1.jpg\",\"datePublished\":\"2021-06-23T19:05:43+00:00\",\"dateModified\":\"2022-04-11T15:34:29+00:00\",\"author\":{\"@id\":\"https:\\\/\\\/www.persecution.com\\\/es\\\/historias\\\/#\\\/schema\\\/person\\\/ae000ea52969cef1249f5afb05ccb961\"},\"description\":\"Cuando el Pastor Yoshi abri\u00f3 la puerta de su casa para ver qui\u00e9n la estaba golpeando, de inmediato los reconoci\u00f3.\",\"breadcrumb\":{\"@id\":\"https:\\\/\\\/www.persecution.com\\\/es\\\/historias\\\/mujer-defiende-su-fe-quemennos-eso-no-nos-da-miedo\\\/#breadcrumb\"},\"inLanguage\":\"es\",\"potentialAction\":[{\"@type\":\"ReadAction\",\"target\":[\"https:\\\/\\\/www.persecution.com\\\/es\\\/historias\\\/mujer-defiende-su-fe-quemennos-eso-no-nos-da-miedo\\\/\"]}]},{\"@type\":\"ImageObject\",\"inLanguage\":\"es\",\"@id\":\"https:\\\/\\\/www.persecution.com\\\/es\\\/historias\\\/mujer-defiende-su-fe-quemennos-eso-no-nos-da-miedo\\\/#primaryimage\",\"url\":\"https:\\\/\\\/www.persecution.com\\\/es\\\/historias\\\/wp-content\\\/uploads\\\/2021\\\/06\\\/Yadav_pastor-photos-3_Yoshi-scaled-1.jpg\",\"contentUrl\":\"https:\\\/\\\/www.persecution.com\\\/es\\\/historias\\\/wp-content\\\/uploads\\\/2021\\\/06\\\/Yadav_pastor-photos-3_Yoshi-scaled-1.jpg\",\"width\":2560,\"height\":2048,\"caption\":\"a family of 4 sits on a couch together\"},{\"@type\":\"BreadcrumbList\",\"@id\":\"https:\\\/\\\/www.persecution.com\\\/es\\\/historias\\\/mujer-defiende-su-fe-quemennos-eso-no-nos-da-miedo\\\/#breadcrumb\",\"itemListElement\":[{\"@type\":\"ListItem\",\"position\":1,\"name\":\"Inicio\",\"item\":\"https:\\\/\\\/www.persecution.com\\\/es\\\/historias\\\/\"},{\"@type\":\"ListItem\",\"position\":2,\"name\":\"Mujer defiende su fe: \u00abQu\u00e9mennos. Eso no nos da miedo\u00bb\"}]},{\"@type\":\"WebSite\",\"@id\":\"https:\\\/\\\/www.persecution.com\\\/es\\\/historias\\\/#website\",\"url\":\"https:\\\/\\\/www.persecution.com\\\/es\\\/historias\\\/\",\"name\":\"Historias\",\"description\":\"La Voz de los M\u00e1rtires\",\"potentialAction\":[{\"@type\":\"SearchAction\",\"target\":{\"@type\":\"EntryPoint\",\"urlTemplate\":\"https:\\\/\\\/www.persecution.com\\\/es\\\/historias\\\/?s={search_term_string}\"},\"query-input\":{\"@type\":\"PropertyValueSpecification\",\"valueRequired\":true,\"valueName\":\"search_term_string\"}}],\"inLanguage\":\"es\"},{\"@type\":\"Person\",\"@id\":\"https:\\\/\\\/www.persecution.com\\\/es\\\/historias\\\/#\\\/schema\\\/person\\\/ae000ea52969cef1249f5afb05ccb961\",\"name\":\"E Valenzuela\",\"image\":{\"@type\":\"ImageObject\",\"inLanguage\":\"es\",\"@id\":\"https:\\\/\\\/secure.gravatar.com\\\/avatar\\\/72e02a942ef259240205425b9749482f07b1b2fb64225b038b4531b157d191a7?s=96&d=mm&r=g\",\"url\":\"https:\\\/\\\/secure.gravatar.com\\\/avatar\\\/72e02a942ef259240205425b9749482f07b1b2fb64225b038b4531b157d191a7?s=96&d=mm&r=g\",\"contentUrl\":\"https:\\\/\\\/secure.gravatar.com\\\/avatar\\\/72e02a942ef259240205425b9749482f07b1b2fb64225b038b4531b157d191a7?s=96&d=mm&r=g\",\"caption\":\"E Valenzuela\"},\"url\":\"https:\\\/\\\/www.persecution.com\\\/es\\\/historias\\\/author\\\/evalenzuelavom-org\\\/\"}]}<\/script>\n<!-- \/ Yoast SEO plugin. -->","yoast_head_json":{"title":"Mujer defiende su fe: \u00abQu\u00e9mennos. Eso no nos da miedo\u00bb - Historias","description":"Cuando el Pastor Yoshi abri\u00f3 la puerta de su casa para ver qui\u00e9n la estaba golpeando, de inmediato los reconoci\u00f3.","robots":{"index":"index","follow":"follow","max-snippet":"max-snippet:-1","max-image-preview":"max-image-preview:large","max-video-preview":"max-video-preview:-1"},"canonical":"https:\/\/www.persecution.com\/es\/historias\/mujer-defiende-su-fe-quemennos-eso-no-nos-da-miedo\/","og_locale":"es_MX","og_type":"article","og_title":"Mujer defiende su fe: \u00abQu\u00e9mennos. Eso no nos da miedo\u00bb - Historias","og_description":"Cuando el Pastor Yoshi abri\u00f3 la puerta de su casa para ver qui\u00e9n la estaba golpeando, de inmediato los reconoci\u00f3.","og_url":"https:\/\/www.persecution.com\/es\/historias\/mujer-defiende-su-fe-quemennos-eso-no-nos-da-miedo\/","og_site_name":"Historias","article_published_time":"2021-06-23T19:05:43+00:00","article_modified_time":"2022-04-11T15:34:29+00:00","og_image":[{"width":2560,"height":2048,"url":"https:\/\/assets.persecution.com\/es\/historias\/wp-content\/uploads\/2021\/06\/Yadav_pastor-photos-3_Yoshi-scaled-1.jpg","type":"image\/jpeg"}],"author":"E Valenzuela","twitter_card":"summary_large_image","twitter_misc":{"Escrito por":"E Valenzuela","Tiempo de lectura":"5 minutos"},"schema":{"@context":"https:\/\/schema.org","@graph":[{"@type":"Article","@id":"https:\/\/www.persecution.com\/es\/historias\/mujer-defiende-su-fe-quemennos-eso-no-nos-da-miedo\/#article","isPartOf":{"@id":"https:\/\/www.persecution.com\/es\/historias\/mujer-defiende-su-fe-quemennos-eso-no-nos-da-miedo\/"},"author":{"name":"E Valenzuela","@id":"https:\/\/www.persecution.com\/es\/historias\/#\/schema\/person\/ae000ea52969cef1249f5afb05ccb961"},"headline":"Mujer defiende su fe: \u00abQu\u00e9mennos. Eso no nos da miedo\u00bb","datePublished":"2021-06-23T19:05:43+00:00","dateModified":"2022-04-11T15:34:29+00:00","mainEntityOfPage":{"@id":"https:\/\/www.persecution.com\/es\/historias\/mujer-defiende-su-fe-quemennos-eso-no-nos-da-miedo\/"},"wordCount":911,"image":{"@id":"https:\/\/www.persecution.com\/es\/historias\/mujer-defiende-su-fe-quemennos-eso-no-nos-da-miedo\/#primaryimage"},"thumbnailUrl":"https:\/\/assets.persecution.com\/es\/historias\/wp-content\/uploads\/2021\/06\/Yadav_pastor-photos-3_Yoshi-scaled-1.jpg","keywords":["India"],"articleSection":["Historia"],"inLanguage":"es"},{"@type":"WebPage","@id":"https:\/\/www.persecution.com\/es\/historias\/mujer-defiende-su-fe-quemennos-eso-no-nos-da-miedo\/","url":"https:\/\/www.persecution.com\/es\/historias\/mujer-defiende-su-fe-quemennos-eso-no-nos-da-miedo\/","name":"Mujer defiende su fe: \u00abQu\u00e9mennos. Eso no nos da miedo\u00bb - Historias","isPartOf":{"@id":"https:\/\/www.persecution.com\/es\/historias\/#website"},"primaryImageOfPage":{"@id":"https:\/\/www.persecution.com\/es\/historias\/mujer-defiende-su-fe-quemennos-eso-no-nos-da-miedo\/#primaryimage"},"image":{"@id":"https:\/\/www.persecution.com\/es\/historias\/mujer-defiende-su-fe-quemennos-eso-no-nos-da-miedo\/#primaryimage"},"thumbnailUrl":"https:\/\/assets.persecution.com\/es\/historias\/wp-content\/uploads\/2021\/06\/Yadav_pastor-photos-3_Yoshi-scaled-1.jpg","datePublished":"2021-06-23T19:05:43+00:00","dateModified":"2022-04-11T15:34:29+00:00","author":{"@id":"https:\/\/www.persecution.com\/es\/historias\/#\/schema\/person\/ae000ea52969cef1249f5afb05ccb961"},"description":"Cuando el Pastor Yoshi abri\u00f3 la puerta de su casa para ver qui\u00e9n la estaba golpeando, de inmediato los reconoci\u00f3.","breadcrumb":{"@id":"https:\/\/www.persecution.com\/es\/historias\/mujer-defiende-su-fe-quemennos-eso-no-nos-da-miedo\/#breadcrumb"},"inLanguage":"es","potentialAction":[{"@type":"ReadAction","target":["https:\/\/www.persecution.com\/es\/historias\/mujer-defiende-su-fe-quemennos-eso-no-nos-da-miedo\/"]}]},{"@type":"ImageObject","inLanguage":"es","@id":"https:\/\/www.persecution.com\/es\/historias\/mujer-defiende-su-fe-quemennos-eso-no-nos-da-miedo\/#primaryimage","url":"https:\/\/assets.persecution.com\/es\/historias\/wp-content\/uploads\/2021\/06\/Yadav_pastor-photos-3_Yoshi-scaled-1.jpg","contentUrl":"https:\/\/assets.persecution.com\/es\/historias\/wp-content\/uploads\/2021\/06\/Yadav_pastor-photos-3_Yoshi-scaled-1.jpg","width":2560,"height":2048,"caption":"a family of 4 sits on a couch together"},{"@type":"BreadcrumbList","@id":"https:\/\/www.persecution.com\/es\/historias\/mujer-defiende-su-fe-quemennos-eso-no-nos-da-miedo\/#breadcrumb","itemListElement":[{"@type":"ListItem","position":1,"name":"Inicio","item":"https:\/\/www.persecution.com\/es\/historias\/"},{"@type":"ListItem","position":2,"name":"Mujer defiende su fe: \u00abQu\u00e9mennos. Eso no nos da miedo\u00bb"}]},{"@type":"WebSite","@id":"https:\/\/www.persecution.com\/es\/historias\/#website","url":"https:\/\/www.persecution.com\/es\/historias\/","name":"Historias","description":"La Voz de los M\u00e1rtires","potentialAction":[{"@type":"SearchAction","target":{"@type":"EntryPoint","urlTemplate":"https:\/\/www.persecution.com\/es\/historias\/?s={search_term_string}"},"query-input":{"@type":"PropertyValueSpecification","valueRequired":true,"valueName":"search_term_string"}}],"inLanguage":"es"},{"@type":"Person","@id":"https:\/\/www.persecution.com\/es\/historias\/#\/schema\/person\/ae000ea52969cef1249f5afb05ccb961","name":"E Valenzuela","image":{"@type":"ImageObject","inLanguage":"es","@id":"https:\/\/secure.gravatar.com\/avatar\/72e02a942ef259240205425b9749482f07b1b2fb64225b038b4531b157d191a7?s=96&d=mm&r=g","url":"https:\/\/secure.gravatar.com\/avatar\/72e02a942ef259240205425b9749482f07b1b2fb64225b038b4531b157d191a7?s=96&d=mm&r=g","contentUrl":"https:\/\/secure.gravatar.com\/avatar\/72e02a942ef259240205425b9749482f07b1b2fb64225b038b4531b157d191a7?s=96&d=mm&r=g","caption":"E Valenzuela"},"url":"https:\/\/www.persecution.com\/es\/historias\/author\/evalenzuelavom-org\/"}]}},"_links":{"self":[{"href":"https:\/\/www.persecution.com\/es\/historias\/wp-json\/wp\/v2\/posts\/1051","targetHints":{"allow":["GET"]}}],"collection":[{"href":"https:\/\/www.persecution.com\/es\/historias\/wp-json\/wp\/v2\/posts"}],"about":[{"href":"https:\/\/www.persecution.com\/es\/historias\/wp-json\/wp\/v2\/types\/post"}],"author":[{"embeddable":true,"href":"https:\/\/www.persecution.com\/es\/historias\/wp-json\/wp\/v2\/users\/12"}],"replies":[{"embeddable":true,"href":"https:\/\/www.persecution.com\/es\/historias\/wp-json\/wp\/v2\/comments?post=1051"}],"version-history":[{"count":1,"href":"https:\/\/www.persecution.com\/es\/historias\/wp-json\/wp\/v2\/posts\/1051\/revisions"}],"predecessor-version":[{"id":3834,"href":"https:\/\/www.persecution.com\/es\/historias\/wp-json\/wp\/v2\/posts\/1051\/revisions\/3834"}],"wp:featuredmedia":[{"embeddable":true,"href":"https:\/\/www.persecution.com\/es\/historias\/wp-json\/wp\/v2\/media\/1053"}],"wp:attachment":[{"href":"https:\/\/www.persecution.com\/es\/historias\/wp-json\/wp\/v2\/media?parent=1051"}],"wp:term":[{"taxonomy":"category","embeddable":true,"href":"https:\/\/www.persecution.com\/es\/historias\/wp-json\/wp\/v2\/categories?post=1051"},{"taxonomy":"post_tag","embeddable":true,"href":"https:\/\/www.persecution.com\/es\/historias\/wp-json\/wp\/v2\/tags?post=1051"}],"curies":[{"name":"wp","href":"https:\/\/api.w.org\/{rel}","templated":true}]}}